{"id":71635,"date":"2021-11-12T13:15:33","date_gmt":"2021-11-12T16:15:33","guid":{"rendered":"https:\/\/www.gaveanews.com\/?p=71635"},"modified":"2021-11-12T13:15:36","modified_gmt":"2021-11-12T16:15:36","slug":"flamengo-podera-ter-ate-7-desfalques-para-partida-contra-o-sao-paulo","status":"publish","type":"post","link":"https:\/\/www.gaveanews.com\/index.php\/2021\/11\/12\/flamengo-podera-ter-ate-7-desfalques-para-partida-contra-o-sao-paulo\/","title":{"rendered":"Flamengo poder\u00e1 ter at\u00e9 7 desfalques para partida contra o S\u00e3o Paulo"},"content":{"rendered":"\n<p>Ap\u00f3s vencer o Bahia por 3 a 0 na \u00faltima quinta-feira (11), o Flamengo inicia suas prepara\u00e7\u00f5es para seu pr\u00f3ximo compromisso pelo Campeonato Brasileiro. O clube visitar\u00e1 o S\u00e3o Paulo no pr\u00f3ximo domingo (14), em duelo v\u00e1lido pela 32\u00aa rodada do torneio nacional.<\/p>\n\n\n\n<p>Assim como atuou contra o tricolor baiano, o Mais Querido dever\u00e1 comparecer a seu pr\u00f3ximo compromisso escalado de forma alternativa, visando o preparo e a preserva\u00e7\u00e3o do elenco. Desta forma, a equipe dever\u00e1 contar novamente com uma lista extensa de desfalques, parte deles n\u00e3o por op\u00e7\u00e3o de Renato Ga\u00facho.<\/p>\n\n\n\n<p>No momento, o clube possui baixas que fogem ao controle da equipe t\u00e9cnica. Quatro jogadores se recuperam de les\u00e3o, um est\u00e1 convocado e outro cumpre suspens\u00e3o. Al\u00e9m disso, a equipe deixou o Maracan\u00e3 na \u00faltima quinta com uma d\u00favida para o jogo contra o S\u00e3o Paulo.<\/p>\n\n\n\n<p>A princ\u00edpio, Arrascaeta e Pedro seguem a programa\u00e7\u00e3o do clube para retorno ap\u00f3s les\u00f5es e n\u00e3o s\u00e3o esperados no duelo do fim de semana. Outros nomes que dever\u00e3o ser descartados s\u00e3o Diego Alves e Filipe Lu\u00eds, ambos se recuperando de quest\u00f5es mais brandas, mas sendo preparados para a final da Libertadores.<\/p>\n\n\n\n<p>Isla segue em isolamento no Chile, onde est\u00e1 \u00e0 servi\u00e7o de sua sele\u00e7\u00e3o para as Datas FIFA de novembro. O lateral esteve em contato com uma pessoa infectada por Covid-19 e cumpre o per\u00edodo obrigat\u00f3rio de quarentena. Cabe destacar que o jogador testou negativo para o v\u00edrus em todas as testagens e dever\u00e1 atuar no pr\u00f3ximo jogo da Sele\u00e7\u00e3o Chilena.<\/p>\n\n\n\n<p>Capit\u00e3o do Flamengo, Diego Ribas \u00e9 outra aus\u00eancia confirmada. O camisa 10 foi expulso na partida contra o Bahia ap\u00f3s ter sofrido falta dura e ter apertado o pesco\u00e7o do jogador advers\u00e1rio.<\/p>\n\n\n\n<p>A d\u00favida rubro-negra ser\u00e1 Kenedy, que foi escalado por Renato no \u00faltimo jogo mas precisou ser substitu\u00eddo ap\u00f3s sentir dores no tornozelo esquerdo. Vale lembrar que este foi o mesmo local onde o jogador sofreu uma pancada em um dos treinos do time e precisou ficar de fora de alguns jogos para se recuperar.<\/p>\n\n\n\n<p>Neste contexto, o Flamengo inicia as prepara\u00e7\u00f5es para enfrentar o S\u00e3o Paulo j\u00e1 nesta sexta-feira (12). A partida contra o Tricolor Paulista ocorrer\u00e1 \u00e0s 16h (hor\u00e1rio de Bras\u00edlia), no Morumbi.<\/p>\n","protected":false},"excerpt":{"rendered":"<p>Ap\u00f3s vencer o Bahia por 3 a 0 na \u00faltima quinta-feira (11), o Flamengo inicia suas prepara\u00e7\u00f5es para seu pr\u00f3ximo compromisso pelo Campeonato Brasileiro. O clube visitar\u00e1 o S\u00e3o Paulo no pr\u00f3ximo domingo (14), em duelo v\u00e1lido pela 32\u00aa rodada do torneio nacional. Assim como atuou contra o tricolor baiano, o Mais Querido dever\u00e1 comparecer [&hellip;]<\/p>\n","protected":false},"author":4,"featured_media":64806,"comment_status":"open","ping_status":"closed","sticky":false,"template":"","format":"standard","meta":{"footnotes":""},"categories":[1],"tags":[],"class_list":["post-71635","post","type-post","status-publish","format-standard","has-post-thumbnail","hentry","category-flamengo"],"yoast_head":"<!-- This site is optimized with the Yoast SEO Premium plugin v24.2 (Yoast SEO v26.9) - https:\/\/yoast.com\/product\/yoast-seo-premium-wordpress\/ -->\n<title>Flamengo poder\u00e1 ter at\u00e9 7 desfalques para partida contra o S\u00e3o Paulo<\/title>\n<meta name=\"robots\" content=\"index, follow, max-snippet:-1, max-image-preview:large, max-video-preview:-1\" \/>\n<link rel=\"canonical\" href=\"https:\/\/www.gaveanews.com\/index.php\/2021\/11\/12\/flamengo-podera-ter-ate-7-desfalques-para-partida-contra-o-sao-paulo\/\" \/>\n<meta property=\"og:locale\" content=\"pt_BR\" \/>\n<meta property=\"og:type\" content=\"article\" \/>\n<meta property=\"og:title\" content=\"Flamengo poder\u00e1 ter at\u00e9 7 desfalques para partida contra o S\u00e3o Paulo\" \/>\n<meta property=\"og:description\" content=\"Ap\u00f3s vencer o Bahia por 3 a 0 na \u00faltima quinta-feira (11), o Flamengo inicia suas prepara\u00e7\u00f5es para seu pr\u00f3ximo compromisso pelo Campeonato Brasileiro. O clube visitar\u00e1 o S\u00e3o Paulo no pr\u00f3ximo domingo (14), em duelo v\u00e1lido pela 32\u00aa rodada do torneio nacional. Assim como atuou contra o tricolor baiano, o Mais Querido dever\u00e1 comparecer [&hellip;]\" \/>\n<meta property=\"og:url\" content=\"https:\/\/www.gaveanews.com\/index.php\/2021\/11\/12\/flamengo-podera-ter-ate-7-desfalques-para-partida-contra-o-sao-paulo\/\" \/>\n<meta property=\"og:site_name\" content=\"G\u00e1vea News\" \/>\n<meta property=\"article:publisher\" content=\"https:\/\/facebook.com\/gaveaNews\/\" \/>\n<meta property=\"article:published_time\" content=\"2021-11-12T16:15:33+00:00\" \/>\n<meta property=\"article:modified_time\" content=\"2021-11-12T16:15:36+00:00\" \/>\n<meta property=\"og:image\" content=\"https:\/\/www.gaveanews.com\/wp-content\/uploads\/Diego-Ribas-em-acao-pelo-Flamengo-durante-o-jogo-contra-o-Sao-Paulo-pelo-Brasileirao-da-temporada-de-2021.webp\" \/>\n\t<meta property=\"og:image:width\" content=\"799\" \/>\n\t<meta property=\"og:image:height\" content=\"533\" \/>\n\t<meta property=\"og:image:type\" content=\"image\/jpeg\" \/>\n<meta name=\"author\" content=\"Let\u00edcia Gerheim\" \/>\n<meta name=\"twitter:card\" content=\"summary_large_image\" \/>\n<meta name=\"twitter:label1\" content=\"Escrito por\" \/>\n\t<meta name=\"twitter:data1\" content=\"Let\u00edcia Gerheim\" \/>\n\t<meta name=\"twitter:label2\" content=\"Est. tempo de leitura\" \/>\n\t<meta name=\"twitter:data2\" content=\"2 minutos\" \/>\n<script type=\"application\/ld+json\" class=\"yoast-schema-graph\">{\"@context\":\"https:\/\/schema.org\",\"@graph\":[{\"@type\":\"NewsArticle\",\"@id\":\"https:\/\/www.gaveanews.com\/index.php\/2021\/11\/12\/flamengo-podera-ter-ate-7-desfalques-para-partida-contra-o-sao-paulo\/#article\",\"isPartOf\":{\"@id\":\"https:\/\/www.gaveanews.com\/index.php\/2021\/11\/12\/flamengo-podera-ter-ate-7-desfalques-para-partida-contra-o-sao-paulo\/\"},\"author\":{\"name\":\"Let\u00edcia Gerheim\",\"@id\":\"https:\/\/www.gaveanews.com\/#\/schema\/person\/714c67050b836198af2450ba1c142a67\"},\"headline\":\"Flamengo poder\u00e1 ter at\u00e9 7 desfalques para partida contra o S\u00e3o Paulo\",\"datePublished\":\"2021-11-12T16:15:33+00:00\",\"dateModified\":\"2021-11-12T16:15:36+00:00\",\"mainEntityOfPage\":{\"@id\":\"https:\/\/www.gaveanews.com\/index.php\/2021\/11\/12\/flamengo-podera-ter-ate-7-desfalques-para-partida-contra-o-sao-paulo\/\"},\"wordCount\":414,\"commentCount\":6,\"image\":{\"@id\":\"https:\/\/www.gaveanews.com\/index.php\/2021\/11\/12\/flamengo-podera-ter-ate-7-desfalques-para-partida-contra-o-sao-paulo\/#primaryimage\"},\"thumbnailUrl\":\"https:\/\/www.gaveanews.com\/wp-content\/uploads\/Diego-Ribas-em-acao-pelo-Flamengo-durante-o-jogo-contra-o-Sao-Paulo-pelo-Brasileirao-da-temporada-de-2021.webp\",\"articleSection\":[\"Flamengo\"],\"inLanguage\":\"pt-BR\",\"potentialAction\":[{\"@type\":\"CommentAction\",\"name\":\"Comment\",\"target\":[\"https:\/\/www.gaveanews.com\/index.php\/2021\/11\/12\/flamengo-podera-ter-ate-7-desfalques-para-partida-contra-o-sao-paulo\/#respond\"]}],\"copyrightYear\":\"2021\",\"copyrightHolder\":{\"@id\":\"https:\/\/www.gaveanews.com\/#organization\"}},{\"@type\":\"WebPage\",\"@id\":\"https:\/\/www.gaveanews.com\/index.php\/2021\/11\/12\/flamengo-podera-ter-ate-7-desfalques-para-partida-contra-o-sao-paulo\/\",\"url\":\"https:\/\/www.gaveanews.com\/index.php\/2021\/11\/12\/flamengo-podera-ter-ate-7-desfalques-para-partida-contra-o-sao-paulo\/\",\"name\":\"Flamengo poder\u00e1 ter at\u00e9 7 desfalques para partida contra o S\u00e3o Paulo\",\"isPartOf\":{\"@id\":\"https:\/\/www.gaveanews.com\/#website\"},\"primaryImageOfPage\":{\"@id\":\"https:\/\/www.gaveanews.com\/index.php\/2021\/11\/12\/flamengo-podera-ter-ate-7-desfalques-para-partida-contra-o-sao-paulo\/#primaryimage\"},\"image\":{\"@id\":\"https:\/\/www.gaveanews.com\/index.php\/2021\/11\/12\/flamengo-podera-ter-ate-7-desfalques-para-partida-contra-o-sao-paulo\/#primaryimage\"},\"thumbnailUrl\":\"https:\/\/www.gaveanews.com\/wp-content\/uploads\/Diego-Ribas-em-acao-pelo-Flamengo-durante-o-jogo-contra-o-Sao-Paulo-pelo-Brasileirao-da-temporada-de-2021.webp\",\"datePublished\":\"2021-11-12T16:15:33+00:00\",\"dateModified\":\"2021-11-12T16:15:36+00:00\",\"author\":{\"@id\":\"https:\/\/www.gaveanews.com\/#\/schema\/person\/714c67050b836198af2450ba1c142a67\"},\"breadcrumb\":{\"@id\":\"https:\/\/www.gaveanews.com\/index.php\/2021\/11\/12\/flamengo-podera-ter-ate-7-desfalques-para-partida-contra-o-sao-paulo\/#breadcrumb\"},\"inLanguage\":\"pt-BR\",\"potentialAction\":[{\"@type\":\"ReadAction\",\"target\":[\"https:\/\/www.gaveanews.com\/index.php\/2021\/11\/12\/flamengo-podera-ter-ate-7-desfalques-para-partida-contra-o-sao-paulo\/\"]}]},{\"@type\":\"ImageObject\",\"inLanguage\":\"pt-BR\",\"@id\":\"https:\/\/www.gaveanews.com\/index.php\/2021\/11\/12\/flamengo-podera-ter-ate-7-desfalques-para-partida-contra-o-sao-paulo\/#primaryimage\",\"url\":\"https:\/\/www.gaveanews.com\/wp-content\/uploads\/Diego-Ribas-em-acao-pelo-Flamengo-durante-o-jogo-contra-o-Sao-Paulo-pelo-Brasileirao-da-temporada-de-2021.webp\",\"contentUrl\":\"https:\/\/www.gaveanews.com\/wp-content\/uploads\/Diego-Ribas-em-acao-pelo-Flamengo-durante-o-jogo-contra-o-Sao-Paulo-pelo-Brasileirao-da-temporada-de-2021.webp\",\"width\":799,\"height\":533,\"caption\":\"Diego Ribas em a\u00e7\u00e3o pelo Flamengo durante o jogo contra o S\u00e3o Paulo pelo Brasileir\u00e3o da temporada de 2021 (Foto: Alexandre Vidal\/Flamengo)\"},{\"@type\":\"BreadcrumbList\",\"@id\":\"https:\/\/www.gaveanews.com\/index.php\/2021\/11\/12\/flamengo-podera-ter-ate-7-desfalques-para-partida-contra-o-sao-paulo\/#breadcrumb\",\"itemListElement\":[{\"@type\":\"ListItem\",\"position\":1,\"name\":\"Home\",\"item\":\"https:\/\/www.gaveanews.com\/\"},{\"@type\":\"ListItem\",\"position\":2,\"name\":\"Flamengo poder\u00e1 ter at\u00e9 7 desfalques para partida contra o S\u00e3o Paulo\"}]},{\"@type\":\"WebSite\",\"@id\":\"https:\/\/www.gaveanews.com\/#website\",\"url\":\"https:\/\/www.gaveanews.com\/\",\"name\":\"G\u00e1vea News\",\"description\":\"Veja todas as not\u00edcias sobre o Flamengo: Contrata\u00e7\u00f5es, categorias de base, resultados das partidas, tabela de classifica\u00e7\u00e3o, pr\u00f3ximos jogos!\",\"potentialAction\":[{\"@type\":\"SearchAction\",\"target\":{\"@type\":\"EntryPoint\",\"urlTemplate\":\"https:\/\/www.gaveanews.com\/?s={search_term_string}\"},\"query-input\":{\"@type\":\"PropertyValueSpecification\",\"valueRequired\":true,\"valueName\":\"search_term_string\"}}],\"inLanguage\":\"pt-BR\"},{\"@type\":\"Person\",\"@id\":\"https:\/\/www.gaveanews.com\/#\/schema\/person\/714c67050b836198af2450ba1c142a67\",\"name\":\"Let\u00edcia Gerheim\",\"image\":{\"@type\":\"ImageObject\",\"inLanguage\":\"pt-BR\",\"@id\":\"https:\/\/www.gaveanews.com\/#\/schema\/person\/image\/\",\"url\":\"https:\/\/secure.gravatar.com\/avatar\/60734739c50fcebfbac509e2a826ccd0ff405c019bc73aab9354f19ecad1dcb4?s=96&d=mm&r=g\",\"contentUrl\":\"https:\/\/secure.gravatar.com\/avatar\/60734739c50fcebfbac509e2a826ccd0ff405c019bc73aab9354f19ecad1dcb4?s=96&d=mm&r=g\",\"caption\":\"Let\u00edcia Gerheim\"}}]}<\/script>\n<!-- \/ Yoast SEO Premium plugin. -->","yoast_head_json":{"title":"Flamengo poder\u00e1 ter at\u00e9 7 desfalques para partida contra o S\u00e3o Paulo","robots":{"index":"index","follow":"follow","max-snippet":"max-snippet:-1","max-image-preview":"max-image-preview:large","max-video-preview":"max-video-preview:-1"},"canonical":"https:\/\/www.gaveanews.com\/index.php\/2021\/11\/12\/flamengo-podera-ter-ate-7-desfalques-para-partida-contra-o-sao-paulo\/","og_locale":"pt_BR","og_type":"article","og_title":"Flamengo poder\u00e1 ter at\u00e9 7 desfalques para partida contra o S\u00e3o Paulo","og_description":"Ap\u00f3s vencer o Bahia por 3 a 0 na \u00faltima quinta-feira (11), o Flamengo inicia suas prepara\u00e7\u00f5es para seu pr\u00f3ximo compromisso pelo Campeonato Brasileiro. O clube visitar\u00e1 o S\u00e3o Paulo no pr\u00f3ximo domingo (14), em duelo v\u00e1lido pela 32\u00aa rodada do torneio nacional. Assim como atuou contra o tricolor baiano, o Mais Querido dever\u00e1 comparecer [&hellip;]","og_url":"https:\/\/www.gaveanews.com\/index.php\/2021\/11\/12\/flamengo-podera-ter-ate-7-desfalques-para-partida-contra-o-sao-paulo\/","og_site_name":"G\u00e1vea News","article_publisher":"https:\/\/facebook.com\/gaveaNews\/","article_published_time":"2021-11-12T16:15:33+00:00","article_modified_time":"2021-11-12T16:15:36+00:00","og_image":[{"width":799,"height":533,"url":"https:\/\/www.gaveanews.com\/wp-content\/uploads\/Diego-Ribas-em-acao-pelo-Flamengo-durante-o-jogo-contra-o-Sao-Paulo-pelo-Brasileirao-da-temporada-de-2021.webp","type":"image\/jpeg"}],"author":"Let\u00edcia Gerheim","twitter_card":"summary_large_image","twitter_misc":{"Escrito por":"Let\u00edcia Gerheim","Est. tempo de leitura":"2 minutos"},"schema":{"@context":"https:\/\/schema.org","@graph":[{"@type":"NewsArticle","@id":"https:\/\/www.gaveanews.com\/index.php\/2021\/11\/12\/flamengo-podera-ter-ate-7-desfalques-para-partida-contra-o-sao-paulo\/#article","isPartOf":{"@id":"https:\/\/www.gaveanews.com\/index.php\/2021\/11\/12\/flamengo-podera-ter-ate-7-desfalques-para-partida-contra-o-sao-paulo\/"},"author":{"name":"Let\u00edcia Gerheim","@id":"https:\/\/www.gaveanews.com\/#\/schema\/person\/714c67050b836198af2450ba1c142a67"},"headline":"Flamengo poder\u00e1 ter at\u00e9 7 desfalques para partida contra o S\u00e3o Paulo","datePublished":"2021-11-12T16:15:33+00:00","dateModified":"2021-11-12T16:15:36+00:00","mainEntityOfPage":{"@id":"https:\/\/www.gaveanews.com\/index.php\/2021\/11\/12\/flamengo-podera-ter-ate-7-desfalques-para-partida-contra-o-sao-paulo\/"},"wordCount":414,"commentCount":6,"image":{"@id":"https:\/\/www.gaveanews.com\/index.php\/2021\/11\/12\/flamengo-podera-ter-ate-7-desfalques-para-partida-contra-o-sao-paulo\/#primaryimage"},"thumbnailUrl":"https:\/\/www.gaveanews.com\/wp-content\/uploads\/Diego-Ribas-em-acao-pelo-Flamengo-durante-o-jogo-contra-o-Sao-Paulo-pelo-Brasileirao-da-temporada-de-2021.webp","articleSection":["Flamengo"],"inLanguage":"pt-BR","potentialAction":[{"@type":"CommentAction","name":"Comment","target":["https:\/\/www.gaveanews.com\/index.php\/2021\/11\/12\/flamengo-podera-ter-ate-7-desfalques-para-partida-contra-o-sao-paulo\/#respond"]}],"copyrightYear":"2021","copyrightHolder":{"@id":"https:\/\/www.gaveanews.com\/#organization"}},{"@type":"WebPage","@id":"https:\/\/www.gaveanews.com\/index.php\/2021\/11\/12\/flamengo-podera-ter-ate-7-desfalques-para-partida-contra-o-sao-paulo\/","url":"https:\/\/www.gaveanews.com\/index.php\/2021\/11\/12\/flamengo-podera-ter-ate-7-desfalques-para-partida-contra-o-sao-paulo\/","name":"Flamengo poder\u00e1 ter at\u00e9 7 desfalques para partida contra o S\u00e3o Paulo","isPartOf":{"@id":"https:\/\/www.gaveanews.com\/#website"},"primaryImageOfPage":{"@id":"https:\/\/www.gaveanews.com\/index.php\/2021\/11\/12\/flamengo-podera-ter-ate-7-desfalques-para-partida-contra-o-sao-paulo\/#primaryimage"},"image":{"@id":"https:\/\/www.gaveanews.com\/index.php\/2021\/11\/12\/flamengo-podera-ter-ate-7-desfalques-para-partida-contra-o-sao-paulo\/#primaryimage"},"thumbnailUrl":"https:\/\/www.gaveanews.com\/wp-content\/uploads\/Diego-Ribas-em-acao-pelo-Flamengo-durante-o-jogo-contra-o-Sao-Paulo-pelo-Brasileirao-da-temporada-de-2021.webp","datePublished":"2021-11-12T16:15:33+00:00","dateModified":"2021-11-12T16:15:36+00:00","author":{"@id":"https:\/\/www.gaveanews.com\/#\/schema\/person\/714c67050b836198af2450ba1c142a67"},"breadcrumb":{"@id":"https:\/\/www.gaveanews.com\/index.php\/2021\/11\/12\/flamengo-podera-ter-ate-7-desfalques-para-partida-contra-o-sao-paulo\/#breadcrumb"},"inLanguage":"pt-BR","potentialAction":[{"@type":"ReadAction","target":["https:\/\/www.gaveanews.com\/index.php\/2021\/11\/12\/flamengo-podera-ter-ate-7-desfalques-para-partida-contra-o-sao-paulo\/"]}]},{"@type":"ImageObject","inLanguage":"pt-BR","@id":"https:\/\/www.gaveanews.com\/index.php\/2021\/11\/12\/flamengo-podera-ter-ate-7-desfalques-para-partida-contra-o-sao-paulo\/#primaryimage","url":"https:\/\/www.gaveanews.com\/wp-content\/uploads\/Diego-Ribas-em-acao-pelo-Flamengo-durante-o-jogo-contra-o-Sao-Paulo-pelo-Brasileirao-da-temporada-de-2021.webp","contentUrl":"https:\/\/www.gaveanews.com\/wp-content\/uploads\/Diego-Ribas-em-acao-pelo-Flamengo-durante-o-jogo-contra-o-Sao-Paulo-pelo-Brasileirao-da-temporada-de-2021.webp","width":799,"height":533,"caption":"Diego Ribas em a\u00e7\u00e3o pelo Flamengo durante o jogo contra o S\u00e3o Paulo pelo Brasileir\u00e3o da temporada de 2021 (Foto: Alexandre Vidal\/Flamengo)"},{"@type":"BreadcrumbList","@id":"https:\/\/www.gaveanews.com\/index.php\/2021\/11\/12\/flamengo-podera-ter-ate-7-desfalques-para-partida-contra-o-sao-paulo\/#breadcrumb","itemListElement":[{"@type":"ListItem","position":1,"name":"Home","item":"https:\/\/www.gaveanews.com\/"},{"@type":"ListItem","position":2,"name":"Flamengo poder\u00e1 ter at\u00e9 7 desfalques para partida contra o S\u00e3o Paulo"}]},{"@type":"WebSite","@id":"https:\/\/www.gaveanews.com\/#website","url":"https:\/\/www.gaveanews.com\/","name":"G\u00e1vea News","description":"Veja todas as not\u00edcias sobre o Flamengo: Contrata\u00e7\u00f5es, categorias de base, resultados das partidas, tabela de classifica\u00e7\u00e3o, pr\u00f3ximos jogos!","potentialAction":[{"@type":"SearchAction","target":{"@type":"EntryPoint","urlTemplate":"https:\/\/www.gaveanews.com\/?s={search_term_string}"},"query-input":{"@type":"PropertyValueSpecification","valueRequired":true,"valueName":"search_term_string"}}],"inLanguage":"pt-BR"},{"@type":"Person","@id":"https:\/\/www.gaveanews.com\/#\/schema\/person\/714c67050b836198af2450ba1c142a67","name":"Let\u00edcia Gerheim","image":{"@type":"ImageObject","inLanguage":"pt-BR","@id":"https:\/\/www.gaveanews.com\/#\/schema\/person\/image\/","url":"https:\/\/secure.gravatar.com\/avatar\/60734739c50fcebfbac509e2a826ccd0ff405c019bc73aab9354f19ecad1dcb4?s=96&d=mm&r=g","contentUrl":"https:\/\/secure.gravatar.com\/avatar\/60734739c50fcebfbac509e2a826ccd0ff405c019bc73aab9354f19ecad1dcb4?s=96&d=mm&r=g","caption":"Let\u00edcia Gerheim"}}]}},"_links":{"self":[{"href":"https:\/\/www.gaveanews.com\/index.php\/wp-json\/wp\/v2\/posts\/71635","targetHints":{"allow":["GET"]}}],"collection":[{"href":"https:\/\/www.gaveanews.com\/index.php\/wp-json\/wp\/v2\/posts"}],"about":[{"href":"https:\/\/www.gaveanews.com\/index.php\/wp-json\/wp\/v2\/types\/post"}],"author":[{"embeddable":true,"href":"https:\/\/www.gaveanews.com\/index.php\/wp-json\/wp\/v2\/users\/4"}],"replies":[{"embeddable":true,"href":"https:\/\/www.gaveanews.com\/index.php\/wp-json\/wp\/v2\/comments?post=71635"}],"version-history":[{"count":0,"href":"https:\/\/www.gaveanews.com\/index.php\/wp-json\/wp\/v2\/posts\/71635\/revisions"}],"wp:featuredmedia":[{"embeddable":true,"href":"https:\/\/www.gaveanews.com\/index.php\/wp-json\/wp\/v2\/media\/64806"}],"wp:attachment":[{"href":"https:\/\/www.gaveanews.com\/index.php\/wp-json\/wp\/v2\/media?parent=71635"}],"wp:term":[{"taxonomy":"category","embeddable":true,"href":"https:\/\/www.gaveanews.com\/index.php\/wp-json\/wp\/v2\/categories?post=71635"},{"taxonomy":"post_tag","embeddable":true,"href":"https:\/\/www.gaveanews.com\/index.php\/wp-json\/wp\/v2\/tags?post=71635"}],"curies":[{"name":"wp","href":"https:\/\/api.w.org\/{rel}","templated":true}]}}