{"id":71649,"date":"2021-11-12T16:14:42","date_gmt":"2021-11-12T19:14:42","guid":{"rendered":"https:\/\/www.gaveanews.com\/?p=71649"},"modified":"2021-11-12T16:14:45","modified_gmt":"2021-11-12T19:14:45","slug":"cbf-divulga-audio-do-var-do-jogo-do-flamengo","status":"publish","type":"post","link":"https:\/\/www.gaveanews.com\/index.php\/2021\/11\/12\/cbf-divulga-audio-do-var-do-jogo-do-flamengo\/","title":{"rendered":"CBF divulga \u00e1udio do VAR do jogo do Flamengo"},"content":{"rendered":"\n<p>A Confedera\u00e7\u00e3o Brasileira de Futebol (CBF) divulgou, na tarde desta sexta-feira, o \u00e1udio da revis\u00e3o do VAR para o lance do p\u00eanalti marcado a favor do Flamengo &#8211; e que gerou muita reclama\u00e7\u00e3o por parte do Bahia. Gabriel Barbosa converteu a cobran\u00e7a e abriu caminho para a vit\u00f3ria da equipe carioca por 3 a 0 em partida disputada na noite da \u00faltima quinta, no Maracan\u00e3, pela 31\u00aa rdada do Brasileir\u00e3o.<\/p>\n\n\n\n<p>Em conversa com a equipe do VAR, o \u00e1rbitro Vin\u00edcius Gon\u00e7alves afirma que viu a bola atingir o b\u00edceps de Conti e decide manter a decis\u00e3o de campo. Para o comentarista Sandro Meira Ricci, o profissional errou ao marcar p\u00eanalti contra o Bahia.<\/p>\n\n\n\n<p><strong>Veja como foi o di\u00e1logo entre os \u00e1rbitros ap\u00f3s a marca\u00e7\u00e3o do p\u00eanalti:<\/strong><\/p>\n\n\n\n<p>\u2014 Vin\u00edcius, narra o que voc\u00ea viu &#8211; diz o \u00e1rbitro de v\u00eddeo Elmo Alves Resende Cunha.<\/p>\n\n\n\n<p>\u2014 Eu vejo um bloqueio com a m\u00e3o, mais alto que ombro. Eu vejo pegar na m\u00e3o &#8211; responde Vin\u00edcius Gon\u00e7alves.<\/p>\n\n\n\n<p>\u2014 Recomendo revis\u00e3o porque a bola bate no peito do jogador e vai no bra\u00e7o. O bra\u00e7o que est\u00e1 aberto n\u00e3o tem toque, est\u00e1 ok? &#8211; afirma Elmo Alves Resende Cunha.<\/p>\n\n\n\n<p>O \u00e1rbitro vai ent\u00e3o at\u00e9 a cabine do VAR revisar a marca\u00e7\u00e3o do p\u00eanalti.<\/p>\n\n\n\n<p>\u2014 Parei no ponto de contato quando a bola bate no peito e segue no bra\u00e7o. No bra\u00e7o que est\u00e1 esticado para cima n\u00e3o tem toque com a m\u00e3o na bola, t\u00e1 ok? &#8211; afirma o \u00e1rbitro de v\u00eddeo Elmo Alves Resende Cunha.<\/p>\n\n\n\n<p>\u2014 Eu vejo a bola pegar no b\u00edceps dele, est\u00e1 vendo? &#8211; responde Vin\u00edcius Gon\u00e7alves ainda no campo.<\/p>\n\n\n\n<p>\u2014 Tem outra c\u00e2mera? &#8211; Pergunta Vin\u00edcius Gon\u00e7alves.<\/p>\n\n\n\n<p>\u2014 Vou te mostrar que n\u00e3o tem outro toque. Qual bra\u00e7o voc\u00ea est\u00e1 falando? O direito ou o esquerdo? &#8211; Pergunta o \u00e1rbitro de v\u00eddeo.<\/p>\n\n\n\n<p>\u2014 O direito &#8211; responde Vin\u00edcius.<\/p>\n\n\n\n<p>\u2014 Ela bate no peito e vai no b\u00edceps &#8211; continua Elmo Alves Resende Cunha.<\/p>\n\n\n\n<p>\u2014 Concordo com o que voc\u00ea fala, mas ele est\u00e1 em uma a\u00e7\u00e3o de bloqueio. Ele corre o risco, e pega no bra\u00e7o. Vou manter a penalidade, est\u00e1 bom?<\/p>\n\n\n\n<p>\u2014 Ok &#8211; finaliza Elmo Alves.<\/p>\n\n\n\n<p>O lance gerou indigna\u00e7\u00e3o imediata de jogadores e comiss\u00e3o t\u00e9cnica do Bahia, que cogitaram n\u00e3o voltar a campo. O t\u00e9cnico Guto Ferreira explicou, em entrevista concedida ap\u00f3s o jogo, que o atraso no intervalo foi uma forma de protesto.<\/p>\n\n\n\n<p>Nas redes sociais, o presidente Guilherme Bellintani considerou o epis\u00f3dio como um assalto. A revolta foi compartilhada por Vitor Ferraz, vice-presidente do clube, que esbravejou contra a CBF e contra Leonardo Gaciba, ent\u00e3o presidente da comiss\u00e3o de arbitragem.<\/p>\n\n\n\n<p>Em entrevista ao Reda\u00e7\u00e3o SporTV desta sexta-feira, Guilherme Bellintani afirmou que houve m\u00e1-f\u00e9 do \u00e1rbitro Vin\u00edcius Gon\u00e7alves e disse que Leonardo Gaciba n\u00e3o tinha capacidade cognitiva para comandar a arbitragem no Brasil.<\/p>\n\n\n\n<p><strong><em>\u2014 O que houve foi uma briga com o fato. O \u00e1rbitro colocou uma m\u00e3o pendurada no peito do jogador. Em nenhum lugar do mundo eu vi um ser humano nascer com a m\u00e3o no peito. E, para mim, houve n\u00e3o s\u00f3 erro, houve m\u00e1-f\u00e9. Houve vontade de fazer equivocadamente procedimento <\/em><\/strong>&#8211; disse.<\/p>\n\n\n\n<p><strong><em>\u2014 Ele n\u00e3o tem condi\u00e7\u00e3o cognitiva. Tem pessoas que n\u00e3o t\u00eam preparo para determinadas fun\u00e7\u00f5es. Isso \u00e9 um fato da vida. Ele n\u00e3o tem condi\u00e7\u00e3o cognitiva de comandar a arbitragem brasileira<\/em><\/strong>, afirmou Bellintani.<\/p>\n\n\n\n<p>Al\u00e9m do p\u00eanalti marcado a favor do Flamengo, o Bahia tamb\u00e9m reclama de outros lances nas \u00faltimas duas partidas, contra Juventude e S\u00e3o Paulo. A Ouvidoria de Arbitragem deu raz\u00e3o ao Tricolor em ambas as ocasi\u00f5es.<\/p>\n\n\n\n<p>Retirado de: Globo Esporte <\/p>\n","protected":false},"excerpt":{"rendered":"<p>A Confedera\u00e7\u00e3o Brasileira de Futebol (CBF) divulgou, na tarde desta sexta-feira, o \u00e1udio da revis\u00e3o do VAR para o lance do p\u00eanalti marcado a favor do Flamengo &#8211; e que gerou muita reclama\u00e7\u00e3o por parte do Bahia. Gabriel Barbosa converteu a cobran\u00e7a e abriu caminho para a vit\u00f3ria da equipe carioca por 3 a 0 [&hellip;]<\/p>\n","protected":false},"author":1,"featured_media":23225,"comment_status":"open","ping_status":"closed","sticky":false,"template":"","format":"standard","meta":{"footnotes":""},"categories":[1],"tags":[],"class_list":["post-71649","post","type-post","status-publish","format-standard","has-post-thumbnail","hentry","category-flamengo"],"yoast_head":"<!-- This site is optimized with the Yoast SEO Premium plugin v24.2 (Yoast SEO v26.9) - https:\/\/yoast.com\/product\/yoast-seo-premium-wordpress\/ -->\n<title>CBF divulga \u00e1udio do VAR do jogo do Flamengo<\/title>\n<meta name=\"robots\" content=\"index, follow, max-snippet:-1, max-image-preview:large, max-video-preview:-1\" \/>\n<link rel=\"canonical\" href=\"https:\/\/www.gaveanews.com\/index.php\/2021\/11\/12\/cbf-divulga-audio-do-var-do-jogo-do-flamengo\/\" \/>\n<meta property=\"og:locale\" content=\"pt_BR\" \/>\n<meta property=\"og:type\" content=\"article\" \/>\n<meta property=\"og:title\" content=\"CBF divulga \u00e1udio do VAR do jogo do Flamengo\" \/>\n<meta property=\"og:description\" content=\"A Confedera\u00e7\u00e3o Brasileira de Futebol (CBF) divulgou, na tarde desta sexta-feira, o \u00e1udio da revis\u00e3o do VAR para o lance do p\u00eanalti marcado a favor do Flamengo &#8211; e que gerou muita reclama\u00e7\u00e3o por parte do Bahia. Gabriel Barbosa converteu a cobran\u00e7a e abriu caminho para a vit\u00f3ria da equipe carioca por 3 a 0 [&hellip;]\" \/>\n<meta property=\"og:url\" content=\"https:\/\/www.gaveanews.com\/index.php\/2021\/11\/12\/cbf-divulga-audio-do-var-do-jogo-do-flamengo\/\" \/>\n<meta property=\"og:site_name\" content=\"G\u00e1vea News\" \/>\n<meta property=\"article:publisher\" content=\"https:\/\/facebook.com\/gaveaNews\/\" \/>\n<meta property=\"article:published_time\" content=\"2021-11-12T19:14:42+00:00\" \/>\n<meta property=\"article:modified_time\" content=\"2021-11-12T19:14:45+00:00\" \/>\n<meta property=\"og:image\" content=\"https:\/\/www.gaveanews.com\/wp-content\/uploads\/2019\/07\/Cabine-do-VAR-no-Maracana.webp\" \/>\n\t<meta property=\"og:image:width\" content=\"1\" \/>\n\t<meta property=\"og:image:height\" content=\"1\" \/>\n\t<meta property=\"og:image:type\" content=\"image\/jpeg\" \/>\n<meta name=\"author\" content=\"Equipe G\u00e1vea News\" \/>\n<meta name=\"twitter:card\" content=\"summary_large_image\" \/>\n<meta name=\"twitter:label1\" content=\"Escrito por\" \/>\n\t<meta name=\"twitter:data1\" content=\"Equipe G\u00e1vea News\" \/>\n\t<meta name=\"twitter:label2\" content=\"Est. tempo de leitura\" \/>\n\t<meta name=\"twitter:data2\" content=\"3 minutos\" \/>\n<script type=\"application\/ld+json\" class=\"yoast-schema-graph\">{\"@context\":\"https:\/\/schema.org\",\"@graph\":[{\"@type\":\"NewsArticle\",\"@id\":\"https:\/\/www.gaveanews.com\/index.php\/2021\/11\/12\/cbf-divulga-audio-do-var-do-jogo-do-flamengo\/#article\",\"isPartOf\":{\"@id\":\"https:\/\/www.gaveanews.com\/index.php\/2021\/11\/12\/cbf-divulga-audio-do-var-do-jogo-do-flamengo\/\"},\"author\":{\"name\":\"Equipe G\u00e1vea News\",\"@id\":\"https:\/\/www.gaveanews.com\/#\/schema\/person\/2ec14f73fb96be2caf28f91afb14749d\"},\"headline\":\"CBF divulga \u00e1udio do VAR do jogo do Flamengo\",\"datePublished\":\"2021-11-12T19:14:42+00:00\",\"dateModified\":\"2021-11-12T19:14:45+00:00\",\"mainEntityOfPage\":{\"@id\":\"https:\/\/www.gaveanews.com\/index.php\/2021\/11\/12\/cbf-divulga-audio-do-var-do-jogo-do-flamengo\/\"},\"wordCount\":664,\"commentCount\":27,\"image\":{\"@id\":\"https:\/\/www.gaveanews.com\/index.php\/2021\/11\/12\/cbf-divulga-audio-do-var-do-jogo-do-flamengo\/#primaryimage\"},\"thumbnailUrl\":\"https:\/\/www.gaveanews.com\/wp-content\/uploads\/2019\/07\/Cabine-do-VAR-no-Maracana.webp\",\"articleSection\":[\"Flamengo\"],\"inLanguage\":\"pt-BR\",\"potentialAction\":[{\"@type\":\"CommentAction\",\"name\":\"Comment\",\"target\":[\"https:\/\/www.gaveanews.com\/index.php\/2021\/11\/12\/cbf-divulga-audio-do-var-do-jogo-do-flamengo\/#respond\"]}],\"copyrightYear\":\"2021\",\"copyrightHolder\":{\"@id\":\"https:\/\/www.gaveanews.com\/#organization\"}},{\"@type\":\"WebPage\",\"@id\":\"https:\/\/www.gaveanews.com\/index.php\/2021\/11\/12\/cbf-divulga-audio-do-var-do-jogo-do-flamengo\/\",\"url\":\"https:\/\/www.gaveanews.com\/index.php\/2021\/11\/12\/cbf-divulga-audio-do-var-do-jogo-do-flamengo\/\",\"name\":\"CBF divulga \u00e1udio do VAR do jogo do Flamengo\",\"isPartOf\":{\"@id\":\"https:\/\/www.gaveanews.com\/#website\"},\"primaryImageOfPage\":{\"@id\":\"https:\/\/www.gaveanews.com\/index.php\/2021\/11\/12\/cbf-divulga-audio-do-var-do-jogo-do-flamengo\/#primaryimage\"},\"image\":{\"@id\":\"https:\/\/www.gaveanews.com\/index.php\/2021\/11\/12\/cbf-divulga-audio-do-var-do-jogo-do-flamengo\/#primaryimage\"},\"thumbnailUrl\":\"https:\/\/www.gaveanews.com\/wp-content\/uploads\/2019\/07\/Cabine-do-VAR-no-Maracana.webp\",\"datePublished\":\"2021-11-12T19:14:42+00:00\",\"dateModified\":\"2021-11-12T19:14:45+00:00\",\"author\":{\"@id\":\"https:\/\/www.gaveanews.com\/#\/schema\/person\/2ec14f73fb96be2caf28f91afb14749d\"},\"breadcrumb\":{\"@id\":\"https:\/\/www.gaveanews.com\/index.php\/2021\/11\/12\/cbf-divulga-audio-do-var-do-jogo-do-flamengo\/#breadcrumb\"},\"inLanguage\":\"pt-BR\",\"potentialAction\":[{\"@type\":\"ReadAction\",\"target\":[\"https:\/\/www.gaveanews.com\/index.php\/2021\/11\/12\/cbf-divulga-audio-do-var-do-jogo-do-flamengo\/\"]}]},{\"@type\":\"ImageObject\",\"inLanguage\":\"pt-BR\",\"@id\":\"https:\/\/www.gaveanews.com\/index.php\/2021\/11\/12\/cbf-divulga-audio-do-var-do-jogo-do-flamengo\/#primaryimage\",\"url\":\"https:\/\/www.gaveanews.com\/wp-content\/uploads\/2019\/07\/Cabine-do-VAR-no-Maracana.webp\",\"contentUrl\":\"https:\/\/www.gaveanews.com\/wp-content\/uploads\/2019\/07\/Cabine-do-VAR-no-Maracana.webp\",\"width\":645,\"height\":388,\"caption\":\"Cabine do VAR no Maracan\u00e3 (Foto: Marcelo Theobald)\"},{\"@type\":\"BreadcrumbList\",\"@id\":\"https:\/\/www.gaveanews.com\/index.php\/2021\/11\/12\/cbf-divulga-audio-do-var-do-jogo-do-flamengo\/#breadcrumb\",\"itemListElement\":[{\"@type\":\"ListItem\",\"position\":1,\"name\":\"Home\",\"item\":\"https:\/\/www.gaveanews.com\/\"},{\"@type\":\"ListItem\",\"position\":2,\"name\":\"CBF divulga \u00e1udio do VAR do jogo do Flamengo\"}]},{\"@type\":\"WebSite\",\"@id\":\"https:\/\/www.gaveanews.com\/#website\",\"url\":\"https:\/\/www.gaveanews.com\/\",\"name\":\"G\u00e1vea News\",\"description\":\"Veja todas as not\u00edcias sobre o Flamengo: Contrata\u00e7\u00f5es, categorias de base, resultados das partidas, tabela de classifica\u00e7\u00e3o, pr\u00f3ximos jogos!\",\"potentialAction\":[{\"@type\":\"SearchAction\",\"target\":{\"@type\":\"EntryPoint\",\"urlTemplate\":\"https:\/\/www.gaveanews.com\/?s={search_term_string}\"},\"query-input\":{\"@type\":\"PropertyValueSpecification\",\"valueRequired\":true,\"valueName\":\"search_term_string\"}}],\"inLanguage\":\"pt-BR\"},{\"@type\":\"Person\",\"@id\":\"https:\/\/www.gaveanews.com\/#\/schema\/person\/2ec14f73fb96be2caf28f91afb14749d\",\"name\":\"Equipe G\u00e1vea News\",\"image\":{\"@type\":\"ImageObject\",\"inLanguage\":\"pt-BR\",\"@id\":\"https:\/\/www.gaveanews.com\/#\/schema\/person\/image\/\",\"url\":\"https:\/\/secure.gravatar.com\/avatar\/1e1956f1facbffd3f8fa53a326721950116b3b9dc9bd44939c01180fd4a745a9?s=96&d=mm&r=g\",\"contentUrl\":\"https:\/\/secure.gravatar.com\/avatar\/1e1956f1facbffd3f8fa53a326721950116b3b9dc9bd44939c01180fd4a745a9?s=96&d=mm&r=g\",\"caption\":\"Equipe G\u00e1vea News\"}}]}<\/script>\n<!-- \/ Yoast SEO Premium plugin. -->","yoast_head_json":{"title":"CBF divulga \u00e1udio do VAR do jogo do Flamengo","robots":{"index":"index","follow":"follow","max-snippet":"max-snippet:-1","max-image-preview":"max-image-preview:large","max-video-preview":"max-video-preview:-1"},"canonical":"https:\/\/www.gaveanews.com\/index.php\/2021\/11\/12\/cbf-divulga-audio-do-var-do-jogo-do-flamengo\/","og_locale":"pt_BR","og_type":"article","og_title":"CBF divulga \u00e1udio do VAR do jogo do Flamengo","og_description":"A Confedera\u00e7\u00e3o Brasileira de Futebol (CBF) divulgou, na tarde desta sexta-feira, o \u00e1udio da revis\u00e3o do VAR para o lance do p\u00eanalti marcado a favor do Flamengo &#8211; e que gerou muita reclama\u00e7\u00e3o por parte do Bahia. Gabriel Barbosa converteu a cobran\u00e7a e abriu caminho para a vit\u00f3ria da equipe carioca por 3 a 0 [&hellip;]","og_url":"https:\/\/www.gaveanews.com\/index.php\/2021\/11\/12\/cbf-divulga-audio-do-var-do-jogo-do-flamengo\/","og_site_name":"G\u00e1vea News","article_publisher":"https:\/\/facebook.com\/gaveaNews\/","article_published_time":"2021-11-12T19:14:42+00:00","article_modified_time":"2021-11-12T19:14:45+00:00","og_image":[{"url":"https:\/\/www.gaveanews.com\/wp-content\/uploads\/2019\/07\/Cabine-do-VAR-no-Maracana.webp","width":1,"height":1,"type":"image\/jpeg"}],"author":"Equipe G\u00e1vea News","twitter_card":"summary_large_image","twitter_misc":{"Escrito por":"Equipe G\u00e1vea News","Est. tempo de leitura":"3 minutos"},"schema":{"@context":"https:\/\/schema.org","@graph":[{"@type":"NewsArticle","@id":"https:\/\/www.gaveanews.com\/index.php\/2021\/11\/12\/cbf-divulga-audio-do-var-do-jogo-do-flamengo\/#article","isPartOf":{"@id":"https:\/\/www.gaveanews.com\/index.php\/2021\/11\/12\/cbf-divulga-audio-do-var-do-jogo-do-flamengo\/"},"author":{"name":"Equipe G\u00e1vea News","@id":"https:\/\/www.gaveanews.com\/#\/schema\/person\/2ec14f73fb96be2caf28f91afb14749d"},"headline":"CBF divulga \u00e1udio do VAR do jogo do Flamengo","datePublished":"2021-11-12T19:14:42+00:00","dateModified":"2021-11-12T19:14:45+00:00","mainEntityOfPage":{"@id":"https:\/\/www.gaveanews.com\/index.php\/2021\/11\/12\/cbf-divulga-audio-do-var-do-jogo-do-flamengo\/"},"wordCount":664,"commentCount":27,"image":{"@id":"https:\/\/www.gaveanews.com\/index.php\/2021\/11\/12\/cbf-divulga-audio-do-var-do-jogo-do-flamengo\/#primaryimage"},"thumbnailUrl":"https:\/\/www.gaveanews.com\/wp-content\/uploads\/2019\/07\/Cabine-do-VAR-no-Maracana.webp","articleSection":["Flamengo"],"inLanguage":"pt-BR","potentialAction":[{"@type":"CommentAction","name":"Comment","target":["https:\/\/www.gaveanews.com\/index.php\/2021\/11\/12\/cbf-divulga-audio-do-var-do-jogo-do-flamengo\/#respond"]}],"copyrightYear":"2021","copyrightHolder":{"@id":"https:\/\/www.gaveanews.com\/#organization"}},{"@type":"WebPage","@id":"https:\/\/www.gaveanews.com\/index.php\/2021\/11\/12\/cbf-divulga-audio-do-var-do-jogo-do-flamengo\/","url":"https:\/\/www.gaveanews.com\/index.php\/2021\/11\/12\/cbf-divulga-audio-do-var-do-jogo-do-flamengo\/","name":"CBF divulga \u00e1udio do VAR do jogo do Flamengo","isPartOf":{"@id":"https:\/\/www.gaveanews.com\/#website"},"primaryImageOfPage":{"@id":"https:\/\/www.gaveanews.com\/index.php\/2021\/11\/12\/cbf-divulga-audio-do-var-do-jogo-do-flamengo\/#primaryimage"},"image":{"@id":"https:\/\/www.gaveanews.com\/index.php\/2021\/11\/12\/cbf-divulga-audio-do-var-do-jogo-do-flamengo\/#primaryimage"},"thumbnailUrl":"https:\/\/www.gaveanews.com\/wp-content\/uploads\/2019\/07\/Cabine-do-VAR-no-Maracana.webp","datePublished":"2021-11-12T19:14:42+00:00","dateModified":"2021-11-12T19:14:45+00:00","author":{"@id":"https:\/\/www.gaveanews.com\/#\/schema\/person\/2ec14f73fb96be2caf28f91afb14749d"},"breadcrumb":{"@id":"https:\/\/www.gaveanews.com\/index.php\/2021\/11\/12\/cbf-divulga-audio-do-var-do-jogo-do-flamengo\/#breadcrumb"},"inLanguage":"pt-BR","potentialAction":[{"@type":"ReadAction","target":["https:\/\/www.gaveanews.com\/index.php\/2021\/11\/12\/cbf-divulga-audio-do-var-do-jogo-do-flamengo\/"]}]},{"@type":"ImageObject","inLanguage":"pt-BR","@id":"https:\/\/www.gaveanews.com\/index.php\/2021\/11\/12\/cbf-divulga-audio-do-var-do-jogo-do-flamengo\/#primaryimage","url":"https:\/\/www.gaveanews.com\/wp-content\/uploads\/2019\/07\/Cabine-do-VAR-no-Maracana.webp","contentUrl":"https:\/\/www.gaveanews.com\/wp-content\/uploads\/2019\/07\/Cabine-do-VAR-no-Maracana.webp","width":645,"height":388,"caption":"Cabine do VAR no Maracan\u00e3 (Foto: Marcelo Theobald)"},{"@type":"BreadcrumbList","@id":"https:\/\/www.gaveanews.com\/index.php\/2021\/11\/12\/cbf-divulga-audio-do-var-do-jogo-do-flamengo\/#breadcrumb","itemListElement":[{"@type":"ListItem","position":1,"name":"Home","item":"https:\/\/www.gaveanews.com\/"},{"@type":"ListItem","position":2,"name":"CBF divulga \u00e1udio do VAR do jogo do Flamengo"}]},{"@type":"WebSite","@id":"https:\/\/www.gaveanews.com\/#website","url":"https:\/\/www.gaveanews.com\/","name":"G\u00e1vea News","description":"Veja todas as not\u00edcias sobre o Flamengo: Contrata\u00e7\u00f5es, categorias de base, resultados das partidas, tabela de classifica\u00e7\u00e3o, pr\u00f3ximos jogos!","potentialAction":[{"@type":"SearchAction","target":{"@type":"EntryPoint","urlTemplate":"https:\/\/www.gaveanews.com\/?s={search_term_string}"},"query-input":{"@type":"PropertyValueSpecification","valueRequired":true,"valueName":"search_term_string"}}],"inLanguage":"pt-BR"},{"@type":"Person","@id":"https:\/\/www.gaveanews.com\/#\/schema\/person\/2ec14f73fb96be2caf28f91afb14749d","name":"Equipe G\u00e1vea News","image":{"@type":"ImageObject","inLanguage":"pt-BR","@id":"https:\/\/www.gaveanews.com\/#\/schema\/person\/image\/","url":"https:\/\/secure.gravatar.com\/avatar\/1e1956f1facbffd3f8fa53a326721950116b3b9dc9bd44939c01180fd4a745a9?s=96&d=mm&r=g","contentUrl":"https:\/\/secure.gravatar.com\/avatar\/1e1956f1facbffd3f8fa53a326721950116b3b9dc9bd44939c01180fd4a745a9?s=96&d=mm&r=g","caption":"Equipe G\u00e1vea News"}}]}},"_links":{"self":[{"href":"https:\/\/www.gaveanews.com\/index.php\/wp-json\/wp\/v2\/posts\/71649","targetHints":{"allow":["GET"]}}],"collection":[{"href":"https:\/\/www.gaveanews.com\/index.php\/wp-json\/wp\/v2\/posts"}],"about":[{"href":"https:\/\/www.gaveanews.com\/index.php\/wp-json\/wp\/v2\/types\/post"}],"author":[{"embeddable":true,"href":"https:\/\/www.gaveanews.com\/index.php\/wp-json\/wp\/v2\/users\/1"}],"replies":[{"embeddable":true,"href":"https:\/\/www.gaveanews.com\/index.php\/wp-json\/wp\/v2\/comments?post=71649"}],"version-history":[{"count":0,"href":"https:\/\/www.gaveanews.com\/index.php\/wp-json\/wp\/v2\/posts\/71649\/revisions"}],"wp:featuredmedia":[{"embeddable":true,"href":"https:\/\/www.gaveanews.com\/index.php\/wp-json\/wp\/v2\/media\/23225"}],"wp:attachment":[{"href":"https:\/\/www.gaveanews.com\/index.php\/wp-json\/wp\/v2\/media?parent=71649"}],"wp:term":[{"taxonomy":"category","embeddable":true,"href":"https:\/\/www.gaveanews.com\/index.php\/wp-json\/wp\/v2\/categories?post=71649"},{"taxonomy":"post_tag","embeddable":true,"href":"https:\/\/www.gaveanews.com\/index.php\/wp-json\/wp\/v2\/tags?post=71649"}],"curies":[{"name":"wp","href":"https:\/\/api.w.org\/{rel}","templated":true}]}}