{"id":72150,"date":"2021-11-22T16:15:06","date_gmt":"2021-11-22T19:15:06","guid":{"rendered":"https:\/\/www.gaveanews.com\/?p=72150"},"modified":"2021-11-22T16:15:09","modified_gmt":"2021-11-22T19:15:09","slug":"jornalista-critica-declaracao-de-renato-sobre-o-atletico-mg-e-manda-recado-ao-tecnico-do-flamengo","status":"publish","type":"post","link":"https:\/\/www.gaveanews.com\/index.php\/2021\/11\/22\/jornalista-critica-declaracao-de-renato-sobre-o-atletico-mg-e-manda-recado-ao-tecnico-do-flamengo\/","title":{"rendered":"Jornalista critica declara\u00e7\u00e3o de Renato sobre o Atl\u00e9tico-MG e manda recado ao t\u00e9cnico do Flamengo"},"content":{"rendered":"\n<p>O t\u00e9cnico Renato Ga\u00facho voltou a reclamar da arbitragem ap\u00f3s a vit\u00f3ria do Flamengo sobre o Internacional, no \u00faltimo s\u00e1bado. Na sua vis\u00e3o, o Rubro-Negro estaria disputando o t\u00edtulo do Brasileir\u00e3o n\u00e3o fossem tantos erros do apito contra os cariocas. Hoje, o Atl\u00e9tico lidera a competi\u00e7\u00e3o com 74 pontos, oito a mais que o vice-l\u00edder.<\/p>\n\n\n\n<p><strong><em>\u2014 O Flamengo hoje n\u00e3o est\u00e1 disputando o t\u00edtulo justamente pelos erros de arbitragem clar\u00edssimos<\/em><\/strong> \u2013 reclamou Renato.<\/p>\n\n\n\n<p>Durante o programa Linha de Passe, da ESPN Brasil, Leonardo Bertozzi criticou a fala de Renato Ga\u00facho. Para ele, n\u00e3o \u00e9 nada justo qualquer tentativa de minimizar os n\u00fameros do Atl\u00e9tico na S\u00e9rie A.<\/p>\n\n\n\n<p><strong><em>\u2014 Qualquer pessoa que tente atribuir a diferen\u00e7a do Atl\u00e9tico na lideran\u00e7a para a arbitragem, como o Renato Ga\u00facho tentou fazer na coletiva, est\u00e1 bem desconexa da realidade. 74 pontos \u00e9 a segunda melhor campanha da hist\u00f3ria e s\u00f3 perde para o Flamengo de 2019, que \u00e9 um time hist\u00f3rico. Qualquer pessoa que tente minimizar o campeonato do Atl\u00e9tico tem uma desconex\u00e3o da realidade que n\u00e3o tem nem nome<\/em><\/strong>, disse Bertozzi.<\/p>\n\n\n\n<p>Nesta ter\u00e7a, o Atl\u00e9tico ter\u00e1 mais um compromisso dif\u00edcil pela frente. A partida contra o Palmeiras est\u00e1 marcada para \u00e0s 21h30 (de Bras\u00edlia) no Allianz Parque, pela 35\u00aa rodada. O zagueiro Junior Alonso e o atacante Eduardo Vargas, desfalques diante do Juventude, treinaram normalmente e ficam \u00e0 disposi\u00e7\u00e3o de Cuca.<\/p>\n\n\n\n<p>Por outro lado, R\u00e9ver ainda \u00e9 considerado d\u00favida. Por conta de um inc\u00f4modo muscular, precisou ser substitu\u00eddo ainda na primeira etapa frente os ga\u00fachos. Ele ser\u00e1 reavaliado pelo departamento m\u00e9dico. No mais, Cuca ter\u00e1 for\u00e7a m\u00e1xima na capital paulista.<\/p>\n\n\n\n<p>Retirado de: Torcedores<\/p>\n","protected":false},"excerpt":{"rendered":"<p>O t\u00e9cnico Renato Ga\u00facho voltou a reclamar da arbitragem ap\u00f3s a vit\u00f3ria do Flamengo sobre o Internacional, no \u00faltimo s\u00e1bado. Na sua vis\u00e3o, o Rubro-Negro estaria disputando o t\u00edtulo do Brasileir\u00e3o n\u00e3o fossem tantos erros do apito contra os cariocas. Hoje, o Atl\u00e9tico lidera a competi\u00e7\u00e3o com 74 pontos, oito a mais que o vice-l\u00edder. [&hellip;]<\/p>\n","protected":false},"author":1,"featured_media":71432,"comment_status":"open","ping_status":"closed","sticky":false,"template":"","format":"standard","meta":{"footnotes":""},"categories":[1],"tags":[],"class_list":["post-72150","post","type-post","status-publish","format-standard","has-post-thumbnail","hentry","category-flamengo"],"yoast_head":"<!-- This site is optimized with the Yoast SEO Premium plugin v24.2 (Yoast SEO v26.9) - https:\/\/yoast.com\/product\/yoast-seo-premium-wordpress\/ -->\n<title>Jornalista critica declara\u00e7\u00e3o de Renato sobre o Atl\u00e9tico e manda recado ao t\u00e9cnico<\/title>\n<meta name=\"robots\" content=\"index, follow, max-snippet:-1, max-image-preview:large, max-video-preview:-1\" \/>\n<link rel=\"canonical\" href=\"https:\/\/www.gaveanews.com\/index.php\/2021\/11\/22\/jornalista-critica-declaracao-de-renato-sobre-o-atletico-mg-e-manda-recado-ao-tecnico-do-flamengo\/\" \/>\n<meta property=\"og:locale\" content=\"pt_BR\" \/>\n<meta property=\"og:type\" content=\"article\" \/>\n<meta property=\"og:title\" content=\"Jornalista critica declara\u00e7\u00e3o de Renato sobre o Atl\u00e9tico-MG e manda recado ao t\u00e9cnico do Flamengo\" \/>\n<meta property=\"og:description\" content=\"O t\u00e9cnico Renato Ga\u00facho voltou a reclamar da arbitragem ap\u00f3s a vit\u00f3ria do Flamengo sobre o Internacional, no \u00faltimo s\u00e1bado. Na sua vis\u00e3o, o Rubro-Negro estaria disputando o t\u00edtulo do Brasileir\u00e3o n\u00e3o fossem tantos erros do apito contra os cariocas. Hoje, o Atl\u00e9tico lidera a competi\u00e7\u00e3o com 74 pontos, oito a mais que o vice-l\u00edder. [&hellip;]\" \/>\n<meta property=\"og:url\" content=\"https:\/\/www.gaveanews.com\/index.php\/2021\/11\/22\/jornalista-critica-declaracao-de-renato-sobre-o-atletico-mg-e-manda-recado-ao-tecnico-do-flamengo\/\" \/>\n<meta property=\"og:site_name\" content=\"G\u00e1vea News\" \/>\n<meta property=\"article:publisher\" content=\"https:\/\/facebook.com\/gaveaNews\/\" \/>\n<meta property=\"article:published_time\" content=\"2021-11-22T19:15:06+00:00\" \/>\n<meta property=\"article:modified_time\" content=\"2021-11-22T19:15:09+00:00\" \/>\n<meta property=\"og:image\" content=\"https:\/\/www.gaveanews.com\/wp-content\/uploads\/Renato-Gaucho-coordenando-treinamento-do-Flamengo-no-Ninho-do-Urubu.webp\" \/>\n\t<meta property=\"og:image:width\" content=\"799\" \/>\n\t<meta property=\"og:image:height\" content=\"532\" \/>\n\t<meta property=\"og:image:type\" content=\"image\/jpeg\" \/>\n<meta name=\"author\" content=\"Equipe G\u00e1vea News\" \/>\n<meta name=\"twitter:card\" content=\"summary_large_image\" \/>\n<meta name=\"twitter:label1\" content=\"Escrito por\" \/>\n\t<meta name=\"twitter:data1\" content=\"Equipe G\u00e1vea News\" \/>\n\t<meta name=\"twitter:label2\" content=\"Est. tempo de leitura\" \/>\n\t<meta name=\"twitter:data2\" content=\"2 minutos\" \/>\n<script type=\"application\/ld+json\" class=\"yoast-schema-graph\">{\"@context\":\"https:\/\/schema.org\",\"@graph\":[{\"@type\":\"NewsArticle\",\"@id\":\"https:\/\/www.gaveanews.com\/index.php\/2021\/11\/22\/jornalista-critica-declaracao-de-renato-sobre-o-atletico-mg-e-manda-recado-ao-tecnico-do-flamengo\/#article\",\"isPartOf\":{\"@id\":\"https:\/\/www.gaveanews.com\/index.php\/2021\/11\/22\/jornalista-critica-declaracao-de-renato-sobre-o-atletico-mg-e-manda-recado-ao-tecnico-do-flamengo\/\"},\"author\":{\"name\":\"Equipe G\u00e1vea News\",\"@id\":\"https:\/\/www.gaveanews.com\/#\/schema\/person\/2ec14f73fb96be2caf28f91afb14749d\"},\"headline\":\"Jornalista critica declara\u00e7\u00e3o de Renato sobre o Atl\u00e9tico-MG e manda recado ao t\u00e9cnico do Flamengo\",\"datePublished\":\"2021-11-22T19:15:06+00:00\",\"dateModified\":\"2021-11-22T19:15:09+00:00\",\"mainEntityOfPage\":{\"@id\":\"https:\/\/www.gaveanews.com\/index.php\/2021\/11\/22\/jornalista-critica-declaracao-de-renato-sobre-o-atletico-mg-e-manda-recado-ao-tecnico-do-flamengo\/\"},\"wordCount\":318,\"commentCount\":41,\"image\":{\"@id\":\"https:\/\/www.gaveanews.com\/index.php\/2021\/11\/22\/jornalista-critica-declaracao-de-renato-sobre-o-atletico-mg-e-manda-recado-ao-tecnico-do-flamengo\/#primaryimage\"},\"thumbnailUrl\":\"https:\/\/www.gaveanews.com\/wp-content\/uploads\/Renato-Gaucho-coordenando-treinamento-do-Flamengo-no-Ninho-do-Urubu.webp\",\"articleSection\":[\"Flamengo\"],\"inLanguage\":\"pt-BR\",\"potentialAction\":[{\"@type\":\"CommentAction\",\"name\":\"Comment\",\"target\":[\"https:\/\/www.gaveanews.com\/index.php\/2021\/11\/22\/jornalista-critica-declaracao-de-renato-sobre-o-atletico-mg-e-manda-recado-ao-tecnico-do-flamengo\/#respond\"]}],\"copyrightYear\":\"2021\",\"copyrightHolder\":{\"@id\":\"https:\/\/www.gaveanews.com\/#organization\"}},{\"@type\":\"WebPage\",\"@id\":\"https:\/\/www.gaveanews.com\/index.php\/2021\/11\/22\/jornalista-critica-declaracao-de-renato-sobre-o-atletico-mg-e-manda-recado-ao-tecnico-do-flamengo\/\",\"url\":\"https:\/\/www.gaveanews.com\/index.php\/2021\/11\/22\/jornalista-critica-declaracao-de-renato-sobre-o-atletico-mg-e-manda-recado-ao-tecnico-do-flamengo\/\",\"name\":\"Jornalista critica declara\u00e7\u00e3o de Renato sobre o Atl\u00e9tico e manda recado ao t\u00e9cnico\",\"isPartOf\":{\"@id\":\"https:\/\/www.gaveanews.com\/#website\"},\"primaryImageOfPage\":{\"@id\":\"https:\/\/www.gaveanews.com\/index.php\/2021\/11\/22\/jornalista-critica-declaracao-de-renato-sobre-o-atletico-mg-e-manda-recado-ao-tecnico-do-flamengo\/#primaryimage\"},\"image\":{\"@id\":\"https:\/\/www.gaveanews.com\/index.php\/2021\/11\/22\/jornalista-critica-declaracao-de-renato-sobre-o-atletico-mg-e-manda-recado-ao-tecnico-do-flamengo\/#primaryimage\"},\"thumbnailUrl\":\"https:\/\/www.gaveanews.com\/wp-content\/uploads\/Renato-Gaucho-coordenando-treinamento-do-Flamengo-no-Ninho-do-Urubu.webp\",\"datePublished\":\"2021-11-22T19:15:06+00:00\",\"dateModified\":\"2021-11-22T19:15:09+00:00\",\"author\":{\"@id\":\"https:\/\/www.gaveanews.com\/#\/schema\/person\/2ec14f73fb96be2caf28f91afb14749d\"},\"breadcrumb\":{\"@id\":\"https:\/\/www.gaveanews.com\/index.php\/2021\/11\/22\/jornalista-critica-declaracao-de-renato-sobre-o-atletico-mg-e-manda-recado-ao-tecnico-do-flamengo\/#breadcrumb\"},\"inLanguage\":\"pt-BR\",\"potentialAction\":[{\"@type\":\"ReadAction\",\"target\":[\"https:\/\/www.gaveanews.com\/index.php\/2021\/11\/22\/jornalista-critica-declaracao-de-renato-sobre-o-atletico-mg-e-manda-recado-ao-tecnico-do-flamengo\/\"]}]},{\"@type\":\"ImageObject\",\"inLanguage\":\"pt-BR\",\"@id\":\"https:\/\/www.gaveanews.com\/index.php\/2021\/11\/22\/jornalista-critica-declaracao-de-renato-sobre-o-atletico-mg-e-manda-recado-ao-tecnico-do-flamengo\/#primaryimage\",\"url\":\"https:\/\/www.gaveanews.com\/wp-content\/uploads\/Renato-Gaucho-coordenando-treinamento-do-Flamengo-no-Ninho-do-Urubu.webp\",\"contentUrl\":\"https:\/\/www.gaveanews.com\/wp-content\/uploads\/Renato-Gaucho-coordenando-treinamento-do-Flamengo-no-Ninho-do-Urubu.webp\",\"width\":799,\"height\":532,\"caption\":\"Renato Ga\u00facho coordenando treinamento do Flamengo no Ninho do Urubu (Foto: Alexandre Vidal\/Flamengo)\"},{\"@type\":\"BreadcrumbList\",\"@id\":\"https:\/\/www.gaveanews.com\/index.php\/2021\/11\/22\/jornalista-critica-declaracao-de-renato-sobre-o-atletico-mg-e-manda-recado-ao-tecnico-do-flamengo\/#breadcrumb\",\"itemListElement\":[{\"@type\":\"ListItem\",\"position\":1,\"name\":\"Home\",\"item\":\"https:\/\/www.gaveanews.com\/\"},{\"@type\":\"ListItem\",\"position\":2,\"name\":\"Jornalista critica declara\u00e7\u00e3o de Renato sobre o Atl\u00e9tico-MG e manda recado ao t\u00e9cnico do Flamengo\"}]},{\"@type\":\"WebSite\",\"@id\":\"https:\/\/www.gaveanews.com\/#website\",\"url\":\"https:\/\/www.gaveanews.com\/\",\"name\":\"G\u00e1vea News\",\"description\":\"Veja todas as not\u00edcias sobre o Flamengo: Contrata\u00e7\u00f5es, categorias de base, resultados das partidas, tabela de classifica\u00e7\u00e3o, pr\u00f3ximos jogos!\",\"potentialAction\":[{\"@type\":\"SearchAction\",\"target\":{\"@type\":\"EntryPoint\",\"urlTemplate\":\"https:\/\/www.gaveanews.com\/?s={search_term_string}\"},\"query-input\":{\"@type\":\"PropertyValueSpecification\",\"valueRequired\":true,\"valueName\":\"search_term_string\"}}],\"inLanguage\":\"pt-BR\"},{\"@type\":\"Person\",\"@id\":\"https:\/\/www.gaveanews.com\/#\/schema\/person\/2ec14f73fb96be2caf28f91afb14749d\",\"name\":\"Equipe G\u00e1vea News\",\"image\":{\"@type\":\"ImageObject\",\"inLanguage\":\"pt-BR\",\"@id\":\"https:\/\/www.gaveanews.com\/#\/schema\/person\/image\/\",\"url\":\"https:\/\/secure.gravatar.com\/avatar\/1e1956f1facbffd3f8fa53a326721950116b3b9dc9bd44939c01180fd4a745a9?s=96&d=mm&r=g\",\"contentUrl\":\"https:\/\/secure.gravatar.com\/avatar\/1e1956f1facbffd3f8fa53a326721950116b3b9dc9bd44939c01180fd4a745a9?s=96&d=mm&r=g\",\"caption\":\"Equipe G\u00e1vea News\"}}]}<\/script>\n<!-- \/ Yoast SEO Premium plugin. -->","yoast_head_json":{"title":"Jornalista critica declara\u00e7\u00e3o de Renato sobre o Atl\u00e9tico e manda recado ao t\u00e9cnico","robots":{"index":"index","follow":"follow","max-snippet":"max-snippet:-1","max-image-preview":"max-image-preview:large","max-video-preview":"max-video-preview:-1"},"canonical":"https:\/\/www.gaveanews.com\/index.php\/2021\/11\/22\/jornalista-critica-declaracao-de-renato-sobre-o-atletico-mg-e-manda-recado-ao-tecnico-do-flamengo\/","og_locale":"pt_BR","og_type":"article","og_title":"Jornalista critica declara\u00e7\u00e3o de Renato sobre o Atl\u00e9tico-MG e manda recado ao t\u00e9cnico do Flamengo","og_description":"O t\u00e9cnico Renato Ga\u00facho voltou a reclamar da arbitragem ap\u00f3s a vit\u00f3ria do Flamengo sobre o Internacional, no \u00faltimo s\u00e1bado. Na sua vis\u00e3o, o Rubro-Negro estaria disputando o t\u00edtulo do Brasileir\u00e3o n\u00e3o fossem tantos erros do apito contra os cariocas. Hoje, o Atl\u00e9tico lidera a competi\u00e7\u00e3o com 74 pontos, oito a mais que o vice-l\u00edder. [&hellip;]","og_url":"https:\/\/www.gaveanews.com\/index.php\/2021\/11\/22\/jornalista-critica-declaracao-de-renato-sobre-o-atletico-mg-e-manda-recado-ao-tecnico-do-flamengo\/","og_site_name":"G\u00e1vea News","article_publisher":"https:\/\/facebook.com\/gaveaNews\/","article_published_time":"2021-11-22T19:15:06+00:00","article_modified_time":"2021-11-22T19:15:09+00:00","og_image":[{"width":799,"height":532,"url":"https:\/\/www.gaveanews.com\/wp-content\/uploads\/Renato-Gaucho-coordenando-treinamento-do-Flamengo-no-Ninho-do-Urubu.webp","type":"image\/jpeg"}],"author":"Equipe G\u00e1vea News","twitter_card":"summary_large_image","twitter_misc":{"Escrito por":"Equipe G\u00e1vea News","Est. tempo de leitura":"2 minutos"},"schema":{"@context":"https:\/\/schema.org","@graph":[{"@type":"NewsArticle","@id":"https:\/\/www.gaveanews.com\/index.php\/2021\/11\/22\/jornalista-critica-declaracao-de-renato-sobre-o-atletico-mg-e-manda-recado-ao-tecnico-do-flamengo\/#article","isPartOf":{"@id":"https:\/\/www.gaveanews.com\/index.php\/2021\/11\/22\/jornalista-critica-declaracao-de-renato-sobre-o-atletico-mg-e-manda-recado-ao-tecnico-do-flamengo\/"},"author":{"name":"Equipe G\u00e1vea News","@id":"https:\/\/www.gaveanews.com\/#\/schema\/person\/2ec14f73fb96be2caf28f91afb14749d"},"headline":"Jornalista critica declara\u00e7\u00e3o de Renato sobre o Atl\u00e9tico-MG e manda recado ao t\u00e9cnico do Flamengo","datePublished":"2021-11-22T19:15:06+00:00","dateModified":"2021-11-22T19:15:09+00:00","mainEntityOfPage":{"@id":"https:\/\/www.gaveanews.com\/index.php\/2021\/11\/22\/jornalista-critica-declaracao-de-renato-sobre-o-atletico-mg-e-manda-recado-ao-tecnico-do-flamengo\/"},"wordCount":318,"commentCount":41,"image":{"@id":"https:\/\/www.gaveanews.com\/index.php\/2021\/11\/22\/jornalista-critica-declaracao-de-renato-sobre-o-atletico-mg-e-manda-recado-ao-tecnico-do-flamengo\/#primaryimage"},"thumbnailUrl":"https:\/\/www.gaveanews.com\/wp-content\/uploads\/Renato-Gaucho-coordenando-treinamento-do-Flamengo-no-Ninho-do-Urubu.webp","articleSection":["Flamengo"],"inLanguage":"pt-BR","potentialAction":[{"@type":"CommentAction","name":"Comment","target":["https:\/\/www.gaveanews.com\/index.php\/2021\/11\/22\/jornalista-critica-declaracao-de-renato-sobre-o-atletico-mg-e-manda-recado-ao-tecnico-do-flamengo\/#respond"]}],"copyrightYear":"2021","copyrightHolder":{"@id":"https:\/\/www.gaveanews.com\/#organization"}},{"@type":"WebPage","@id":"https:\/\/www.gaveanews.com\/index.php\/2021\/11\/22\/jornalista-critica-declaracao-de-renato-sobre-o-atletico-mg-e-manda-recado-ao-tecnico-do-flamengo\/","url":"https:\/\/www.gaveanews.com\/index.php\/2021\/11\/22\/jornalista-critica-declaracao-de-renato-sobre-o-atletico-mg-e-manda-recado-ao-tecnico-do-flamengo\/","name":"Jornalista critica declara\u00e7\u00e3o de Renato sobre o Atl\u00e9tico e manda recado ao t\u00e9cnico","isPartOf":{"@id":"https:\/\/www.gaveanews.com\/#website"},"primaryImageOfPage":{"@id":"https:\/\/www.gaveanews.com\/index.php\/2021\/11\/22\/jornalista-critica-declaracao-de-renato-sobre-o-atletico-mg-e-manda-recado-ao-tecnico-do-flamengo\/#primaryimage"},"image":{"@id":"https:\/\/www.gaveanews.com\/index.php\/2021\/11\/22\/jornalista-critica-declaracao-de-renato-sobre-o-atletico-mg-e-manda-recado-ao-tecnico-do-flamengo\/#primaryimage"},"thumbnailUrl":"https:\/\/www.gaveanews.com\/wp-content\/uploads\/Renato-Gaucho-coordenando-treinamento-do-Flamengo-no-Ninho-do-Urubu.webp","datePublished":"2021-11-22T19:15:06+00:00","dateModified":"2021-11-22T19:15:09+00:00","author":{"@id":"https:\/\/www.gaveanews.com\/#\/schema\/person\/2ec14f73fb96be2caf28f91afb14749d"},"breadcrumb":{"@id":"https:\/\/www.gaveanews.com\/index.php\/2021\/11\/22\/jornalista-critica-declaracao-de-renato-sobre-o-atletico-mg-e-manda-recado-ao-tecnico-do-flamengo\/#breadcrumb"},"inLanguage":"pt-BR","potentialAction":[{"@type":"ReadAction","target":["https:\/\/www.gaveanews.com\/index.php\/2021\/11\/22\/jornalista-critica-declaracao-de-renato-sobre-o-atletico-mg-e-manda-recado-ao-tecnico-do-flamengo\/"]}]},{"@type":"ImageObject","inLanguage":"pt-BR","@id":"https:\/\/www.gaveanews.com\/index.php\/2021\/11\/22\/jornalista-critica-declaracao-de-renato-sobre-o-atletico-mg-e-manda-recado-ao-tecnico-do-flamengo\/#primaryimage","url":"https:\/\/www.gaveanews.com\/wp-content\/uploads\/Renato-Gaucho-coordenando-treinamento-do-Flamengo-no-Ninho-do-Urubu.webp","contentUrl":"https:\/\/www.gaveanews.com\/wp-content\/uploads\/Renato-Gaucho-coordenando-treinamento-do-Flamengo-no-Ninho-do-Urubu.webp","width":799,"height":532,"caption":"Renato Ga\u00facho coordenando treinamento do Flamengo no Ninho do Urubu (Foto: Alexandre Vidal\/Flamengo)"},{"@type":"BreadcrumbList","@id":"https:\/\/www.gaveanews.com\/index.php\/2021\/11\/22\/jornalista-critica-declaracao-de-renato-sobre-o-atletico-mg-e-manda-recado-ao-tecnico-do-flamengo\/#breadcrumb","itemListElement":[{"@type":"ListItem","position":1,"name":"Home","item":"https:\/\/www.gaveanews.com\/"},{"@type":"ListItem","position":2,"name":"Jornalista critica declara\u00e7\u00e3o de Renato sobre o Atl\u00e9tico-MG e manda recado ao t\u00e9cnico do Flamengo"}]},{"@type":"WebSite","@id":"https:\/\/www.gaveanews.com\/#website","url":"https:\/\/www.gaveanews.com\/","name":"G\u00e1vea News","description":"Veja todas as not\u00edcias sobre o Flamengo: Contrata\u00e7\u00f5es, categorias de base, resultados das partidas, tabela de classifica\u00e7\u00e3o, pr\u00f3ximos jogos!","potentialAction":[{"@type":"SearchAction","target":{"@type":"EntryPoint","urlTemplate":"https:\/\/www.gaveanews.com\/?s={search_term_string}"},"query-input":{"@type":"PropertyValueSpecification","valueRequired":true,"valueName":"search_term_string"}}],"inLanguage":"pt-BR"},{"@type":"Person","@id":"https:\/\/www.gaveanews.com\/#\/schema\/person\/2ec14f73fb96be2caf28f91afb14749d","name":"Equipe G\u00e1vea News","image":{"@type":"ImageObject","inLanguage":"pt-BR","@id":"https:\/\/www.gaveanews.com\/#\/schema\/person\/image\/","url":"https:\/\/secure.gravatar.com\/avatar\/1e1956f1facbffd3f8fa53a326721950116b3b9dc9bd44939c01180fd4a745a9?s=96&d=mm&r=g","contentUrl":"https:\/\/secure.gravatar.com\/avatar\/1e1956f1facbffd3f8fa53a326721950116b3b9dc9bd44939c01180fd4a745a9?s=96&d=mm&r=g","caption":"Equipe G\u00e1vea News"}}]}},"_links":{"self":[{"href":"https:\/\/www.gaveanews.com\/index.php\/wp-json\/wp\/v2\/posts\/72150","targetHints":{"allow":["GET"]}}],"collection":[{"href":"https:\/\/www.gaveanews.com\/index.php\/wp-json\/wp\/v2\/posts"}],"about":[{"href":"https:\/\/www.gaveanews.com\/index.php\/wp-json\/wp\/v2\/types\/post"}],"author":[{"embeddable":true,"href":"https:\/\/www.gaveanews.com\/index.php\/wp-json\/wp\/v2\/users\/1"}],"replies":[{"embeddable":true,"href":"https:\/\/www.gaveanews.com\/index.php\/wp-json\/wp\/v2\/comments?post=72150"}],"version-history":[{"count":0,"href":"https:\/\/www.gaveanews.com\/index.php\/wp-json\/wp\/v2\/posts\/72150\/revisions"}],"wp:featuredmedia":[{"embeddable":true,"href":"https:\/\/www.gaveanews.com\/index.php\/wp-json\/wp\/v2\/media\/71432"}],"wp:attachment":[{"href":"https:\/\/www.gaveanews.com\/index.php\/wp-json\/wp\/v2\/media?parent=72150"}],"wp:term":[{"taxonomy":"category","embeddable":true,"href":"https:\/\/www.gaveanews.com\/index.php\/wp-json\/wp\/v2\/categories?post=72150"},{"taxonomy":"post_tag","embeddable":true,"href":"https:\/\/www.gaveanews.com\/index.php\/wp-json\/wp\/v2\/tags?post=72150"}],"curies":[{"name":"wp","href":"https:\/\/api.w.org\/{rel}","templated":true}]}}