{"id":72182,"date":"2021-11-22T23:04:16","date_gmt":"2021-11-23T02:04:16","guid":{"rendered":"https:\/\/www.gaveanews.com\/?p=72182"},"modified":"2021-11-22T23:04:20","modified_gmt":"2021-11-23T02:04:20","slug":"everton-ribeiro-exalta-apoio-da-torcida-do-flamengo-no-aerofla-contagia-todo-mundo","status":"publish","type":"post","link":"https:\/\/www.gaveanews.com\/index.php\/2021\/11\/22\/everton-ribeiro-exalta-apoio-da-torcida-do-flamengo-no-aerofla-contagia-todo-mundo\/","title":{"rendered":"Everton Ribeiro exalta apoio da torcida do Flamengo no AeroFla: \u201cContagia todo mundo\u201d"},"content":{"rendered":"\n<p>O Flamengo vive a expectativa de um dos jogos mais importantes de sua hist\u00f3ria. Na \u00faltima sexta-feira (19), a torcida foi em peso no chamado \u201cAeroFla\u201d e apoiou o elenco, que viajou ao Rio Grande do Sul para os jogos contra Internacional e Gr\u00eamio e ir\u00e1 direto \u00e0 Montevid\u00e9u, local da grande final da Copa Libertadores da Am\u00e9rica, contra o Palmeiras de Abel Ferreira.<\/p>\n\n\n\n<p>Em entrevista \u00e0 Fla TV, Everton Ribeiro declarou o sentimento pelo apoio da torcida e relembrou o \u201cAeroFla\u201d de 2019, que foi realizado na semana da decis\u00e3o contra o River Plate.<\/p>\n\n\n\n<p><strong><em>\u2014 Foi sensacional. J\u00e1 t\u00ednhamos vivido isso em 2019. E a gente v\u00ea como foi maior, n\u00e9? Como aumentou o amor que a torcida tem por esse manto \u00e9 incr\u00edvel, contagia todo mundo. Alguns jogadores estavam passando pela primeira vez, ent\u00e3o, foi legal tamb\u00e9m v\u00ea-los assistindo essa torcida, abra\u00e7ando a equipe, nos levando\u2026 Foi emocionante. Ficava agradecendo a Deus por estar podendo viver esse momento mais uma vez porque \u00e9 o que nos motiva<\/em><\/strong>, disse o meio-campista do Flamengo, que completou:<\/p>\n\n\n\n<p>\u2014 <strong><em>Quando a gente v\u00ea aquela loucura de subir no \u00f4nibus, a gente d\u00e1 muita risada. L\u00e1 dentro, a gente come\u00e7a gritar. Ia subindo um, daqui a pouco ia subindo outro\u2026 Chega mensagem e foto, e, quando a gente v\u00ea, tem 50 cabe\u00e7as l\u00e1 em cima do \u00f4nibus. Ent\u00e3o, foi muito emocionante. A gente sabe que n\u00e3o s\u00e3o todos que podem estar com a gente em Montevid\u00e9u, mas s\u00f3 da Na\u00e7\u00e3o estar com a gente ali dentro do \u00f4nibus\u2026 A gente sabe que est\u00e3o torcendo e levando energia positiva para a grande final<\/em><\/strong>, concluiu Everton Ribeiro.<\/p>\n\n\n\n<p>A grande decis\u00e3o diante o Palmeiras acontece no pr\u00f3ximo s\u00e1bado (27), \u00e0s 17h (de Bras\u00edlia), no Uruguai. Antes disso, a equipe comandada por Renato Ga\u00facho enfrenta o Gr\u00eamio nesta ter\u00e7a-feira (23), pelo Brasileir\u00e3o.<\/p>\n\n\n\n<p>Retirado de: Torcedores<\/p>\n","protected":false},"excerpt":{"rendered":"<p>O Flamengo vive a expectativa de um dos jogos mais importantes de sua hist\u00f3ria. Na \u00faltima sexta-feira (19), a torcida foi em peso no chamado \u201cAeroFla\u201d e apoiou o elenco, que viajou ao Rio Grande do Sul para os jogos contra Internacional e Gr\u00eamio e ir\u00e1 direto \u00e0 Montevid\u00e9u, local da grande final da Copa [&hellip;]<\/p>\n","protected":false},"author":1,"featured_media":66919,"comment_status":"open","ping_status":"closed","sticky":false,"template":"","format":"standard","meta":{"footnotes":""},"categories":[1],"tags":[],"class_list":["post-72182","post","type-post","status-publish","format-standard","has-post-thumbnail","hentry","category-flamengo"],"yoast_head":"<!-- This site is optimized with the Yoast SEO Premium plugin v24.2 (Yoast SEO v26.9) - https:\/\/yoast.com\/product\/yoast-seo-premium-wordpress\/ -->\n<title>Everton Ribeiro exalta apoio da torcida do Flamengo no AeroFla<\/title>\n<meta name=\"robots\" content=\"index, follow, max-snippet:-1, max-image-preview:large, max-video-preview:-1\" \/>\n<link rel=\"canonical\" href=\"https:\/\/www.gaveanews.com\/index.php\/2021\/11\/22\/everton-ribeiro-exalta-apoio-da-torcida-do-flamengo-no-aerofla-contagia-todo-mundo\/\" \/>\n<meta property=\"og:locale\" content=\"pt_BR\" \/>\n<meta property=\"og:type\" content=\"article\" \/>\n<meta property=\"og:title\" content=\"Everton Ribeiro exalta apoio da torcida do Flamengo no AeroFla: \u201cContagia todo mundo\u201d\" \/>\n<meta property=\"og:description\" content=\"O Flamengo vive a expectativa de um dos jogos mais importantes de sua hist\u00f3ria. Na \u00faltima sexta-feira (19), a torcida foi em peso no chamado \u201cAeroFla\u201d e apoiou o elenco, que viajou ao Rio Grande do Sul para os jogos contra Internacional e Gr\u00eamio e ir\u00e1 direto \u00e0 Montevid\u00e9u, local da grande final da Copa [&hellip;]\" \/>\n<meta property=\"og:url\" content=\"https:\/\/www.gaveanews.com\/index.php\/2021\/11\/22\/everton-ribeiro-exalta-apoio-da-torcida-do-flamengo-no-aerofla-contagia-todo-mundo\/\" \/>\n<meta property=\"og:site_name\" content=\"G\u00e1vea News\" \/>\n<meta property=\"article:publisher\" content=\"https:\/\/facebook.com\/gaveaNews\/\" \/>\n<meta property=\"article:published_time\" content=\"2021-11-23T02:04:16+00:00\" \/>\n<meta property=\"article:modified_time\" content=\"2021-11-23T02:04:20+00:00\" \/>\n<meta property=\"og:image\" content=\"https:\/\/www.gaveanews.com\/wp-content\/uploads\/Everton-Ribeiro-em-acao-pelo-Flamengo-contra-o-Gremio-pela-Copa-do-Brasil-2021.webp\" \/>\n\t<meta property=\"og:image:width\" content=\"799\" \/>\n\t<meta property=\"og:image:height\" content=\"533\" \/>\n\t<meta property=\"og:image:type\" content=\"image\/jpeg\" \/>\n<meta name=\"author\" content=\"Equipe G\u00e1vea News\" \/>\n<meta name=\"twitter:card\" content=\"summary_large_image\" \/>\n<meta name=\"twitter:label1\" content=\"Escrito por\" \/>\n\t<meta name=\"twitter:data1\" content=\"Equipe G\u00e1vea News\" \/>\n\t<meta name=\"twitter:label2\" content=\"Est. tempo de leitura\" \/>\n\t<meta name=\"twitter:data2\" content=\"2 minutos\" \/>\n<script type=\"application\/ld+json\" class=\"yoast-schema-graph\">{\"@context\":\"https:\/\/schema.org\",\"@graph\":[{\"@type\":\"NewsArticle\",\"@id\":\"https:\/\/www.gaveanews.com\/index.php\/2021\/11\/22\/everton-ribeiro-exalta-apoio-da-torcida-do-flamengo-no-aerofla-contagia-todo-mundo\/#article\",\"isPartOf\":{\"@id\":\"https:\/\/www.gaveanews.com\/index.php\/2021\/11\/22\/everton-ribeiro-exalta-apoio-da-torcida-do-flamengo-no-aerofla-contagia-todo-mundo\/\"},\"author\":{\"name\":\"Equipe G\u00e1vea News\",\"@id\":\"https:\/\/www.gaveanews.com\/#\/schema\/person\/2ec14f73fb96be2caf28f91afb14749d\"},\"headline\":\"Everton Ribeiro exalta apoio da torcida do Flamengo no AeroFla: \u201cContagia todo mundo\u201d\",\"datePublished\":\"2021-11-23T02:04:16+00:00\",\"dateModified\":\"2021-11-23T02:04:20+00:00\",\"mainEntityOfPage\":{\"@id\":\"https:\/\/www.gaveanews.com\/index.php\/2021\/11\/22\/everton-ribeiro-exalta-apoio-da-torcida-do-flamengo-no-aerofla-contagia-todo-mundo\/\"},\"wordCount\":336,\"commentCount\":2,\"image\":{\"@id\":\"https:\/\/www.gaveanews.com\/index.php\/2021\/11\/22\/everton-ribeiro-exalta-apoio-da-torcida-do-flamengo-no-aerofla-contagia-todo-mundo\/#primaryimage\"},\"thumbnailUrl\":\"https:\/\/www.gaveanews.com\/wp-content\/uploads\/Everton-Ribeiro-em-acao-pelo-Flamengo-contra-o-Gremio-pela-Copa-do-Brasil-2021.webp\",\"articleSection\":[\"Flamengo\"],\"inLanguage\":\"pt-BR\",\"potentialAction\":[{\"@type\":\"CommentAction\",\"name\":\"Comment\",\"target\":[\"https:\/\/www.gaveanews.com\/index.php\/2021\/11\/22\/everton-ribeiro-exalta-apoio-da-torcida-do-flamengo-no-aerofla-contagia-todo-mundo\/#respond\"]}],\"copyrightYear\":\"2021\",\"copyrightHolder\":{\"@id\":\"https:\/\/www.gaveanews.com\/#organization\"}},{\"@type\":\"WebPage\",\"@id\":\"https:\/\/www.gaveanews.com\/index.php\/2021\/11\/22\/everton-ribeiro-exalta-apoio-da-torcida-do-flamengo-no-aerofla-contagia-todo-mundo\/\",\"url\":\"https:\/\/www.gaveanews.com\/index.php\/2021\/11\/22\/everton-ribeiro-exalta-apoio-da-torcida-do-flamengo-no-aerofla-contagia-todo-mundo\/\",\"name\":\"Everton Ribeiro exalta apoio da torcida do Flamengo no AeroFla\",\"isPartOf\":{\"@id\":\"https:\/\/www.gaveanews.com\/#website\"},\"primaryImageOfPage\":{\"@id\":\"https:\/\/www.gaveanews.com\/index.php\/2021\/11\/22\/everton-ribeiro-exalta-apoio-da-torcida-do-flamengo-no-aerofla-contagia-todo-mundo\/#primaryimage\"},\"image\":{\"@id\":\"https:\/\/www.gaveanews.com\/index.php\/2021\/11\/22\/everton-ribeiro-exalta-apoio-da-torcida-do-flamengo-no-aerofla-contagia-todo-mundo\/#primaryimage\"},\"thumbnailUrl\":\"https:\/\/www.gaveanews.com\/wp-content\/uploads\/Everton-Ribeiro-em-acao-pelo-Flamengo-contra-o-Gremio-pela-Copa-do-Brasil-2021.webp\",\"datePublished\":\"2021-11-23T02:04:16+00:00\",\"dateModified\":\"2021-11-23T02:04:20+00:00\",\"author\":{\"@id\":\"https:\/\/www.gaveanews.com\/#\/schema\/person\/2ec14f73fb96be2caf28f91afb14749d\"},\"breadcrumb\":{\"@id\":\"https:\/\/www.gaveanews.com\/index.php\/2021\/11\/22\/everton-ribeiro-exalta-apoio-da-torcida-do-flamengo-no-aerofla-contagia-todo-mundo\/#breadcrumb\"},\"inLanguage\":\"pt-BR\",\"potentialAction\":[{\"@type\":\"ReadAction\",\"target\":[\"https:\/\/www.gaveanews.com\/index.php\/2021\/11\/22\/everton-ribeiro-exalta-apoio-da-torcida-do-flamengo-no-aerofla-contagia-todo-mundo\/\"]}]},{\"@type\":\"ImageObject\",\"inLanguage\":\"pt-BR\",\"@id\":\"https:\/\/www.gaveanews.com\/index.php\/2021\/11\/22\/everton-ribeiro-exalta-apoio-da-torcida-do-flamengo-no-aerofla-contagia-todo-mundo\/#primaryimage\",\"url\":\"https:\/\/www.gaveanews.com\/wp-content\/uploads\/Everton-Ribeiro-em-acao-pelo-Flamengo-contra-o-Gremio-pela-Copa-do-Brasil-2021.webp\",\"contentUrl\":\"https:\/\/www.gaveanews.com\/wp-content\/uploads\/Everton-Ribeiro-em-acao-pelo-Flamengo-contra-o-Gremio-pela-Copa-do-Brasil-2021.webp\",\"width\":799,\"height\":533,\"caption\":\"Everton Ribeiro em a\u00e7\u00e3o pelo Flamengo contra o Gr\u00eamio pela Copa do Brasil 2021 (Foto: Alexandre Vidal\/Flamengo)\"},{\"@type\":\"BreadcrumbList\",\"@id\":\"https:\/\/www.gaveanews.com\/index.php\/2021\/11\/22\/everton-ribeiro-exalta-apoio-da-torcida-do-flamengo-no-aerofla-contagia-todo-mundo\/#breadcrumb\",\"itemListElement\":[{\"@type\":\"ListItem\",\"position\":1,\"name\":\"Home\",\"item\":\"https:\/\/www.gaveanews.com\/\"},{\"@type\":\"ListItem\",\"position\":2,\"name\":\"Everton Ribeiro exalta apoio da torcida do Flamengo no AeroFla: \u201cContagia todo mundo\u201d\"}]},{\"@type\":\"WebSite\",\"@id\":\"https:\/\/www.gaveanews.com\/#website\",\"url\":\"https:\/\/www.gaveanews.com\/\",\"name\":\"G\u00e1vea News\",\"description\":\"Veja todas as not\u00edcias sobre o Flamengo: Contrata\u00e7\u00f5es, categorias de base, resultados das partidas, tabela de classifica\u00e7\u00e3o, pr\u00f3ximos jogos!\",\"potentialAction\":[{\"@type\":\"SearchAction\",\"target\":{\"@type\":\"EntryPoint\",\"urlTemplate\":\"https:\/\/www.gaveanews.com\/?s={search_term_string}\"},\"query-input\":{\"@type\":\"PropertyValueSpecification\",\"valueRequired\":true,\"valueName\":\"search_term_string\"}}],\"inLanguage\":\"pt-BR\"},{\"@type\":\"Person\",\"@id\":\"https:\/\/www.gaveanews.com\/#\/schema\/person\/2ec14f73fb96be2caf28f91afb14749d\",\"name\":\"Equipe G\u00e1vea News\",\"image\":{\"@type\":\"ImageObject\",\"inLanguage\":\"pt-BR\",\"@id\":\"https:\/\/www.gaveanews.com\/#\/schema\/person\/image\/\",\"url\":\"https:\/\/secure.gravatar.com\/avatar\/1e1956f1facbffd3f8fa53a326721950116b3b9dc9bd44939c01180fd4a745a9?s=96&d=mm&r=g\",\"contentUrl\":\"https:\/\/secure.gravatar.com\/avatar\/1e1956f1facbffd3f8fa53a326721950116b3b9dc9bd44939c01180fd4a745a9?s=96&d=mm&r=g\",\"caption\":\"Equipe G\u00e1vea News\"}}]}<\/script>\n<!-- \/ Yoast SEO Premium plugin. -->","yoast_head_json":{"title":"Everton Ribeiro exalta apoio da torcida do Flamengo no AeroFla","robots":{"index":"index","follow":"follow","max-snippet":"max-snippet:-1","max-image-preview":"max-image-preview:large","max-video-preview":"max-video-preview:-1"},"canonical":"https:\/\/www.gaveanews.com\/index.php\/2021\/11\/22\/everton-ribeiro-exalta-apoio-da-torcida-do-flamengo-no-aerofla-contagia-todo-mundo\/","og_locale":"pt_BR","og_type":"article","og_title":"Everton Ribeiro exalta apoio da torcida do Flamengo no AeroFla: \u201cContagia todo mundo\u201d","og_description":"O Flamengo vive a expectativa de um dos jogos mais importantes de sua hist\u00f3ria. Na \u00faltima sexta-feira (19), a torcida foi em peso no chamado \u201cAeroFla\u201d e apoiou o elenco, que viajou ao Rio Grande do Sul para os jogos contra Internacional e Gr\u00eamio e ir\u00e1 direto \u00e0 Montevid\u00e9u, local da grande final da Copa [&hellip;]","og_url":"https:\/\/www.gaveanews.com\/index.php\/2021\/11\/22\/everton-ribeiro-exalta-apoio-da-torcida-do-flamengo-no-aerofla-contagia-todo-mundo\/","og_site_name":"G\u00e1vea News","article_publisher":"https:\/\/facebook.com\/gaveaNews\/","article_published_time":"2021-11-23T02:04:16+00:00","article_modified_time":"2021-11-23T02:04:20+00:00","og_image":[{"width":799,"height":533,"url":"https:\/\/www.gaveanews.com\/wp-content\/uploads\/Everton-Ribeiro-em-acao-pelo-Flamengo-contra-o-Gremio-pela-Copa-do-Brasil-2021.webp","type":"image\/jpeg"}],"author":"Equipe G\u00e1vea News","twitter_card":"summary_large_image","twitter_misc":{"Escrito por":"Equipe G\u00e1vea News","Est. tempo de leitura":"2 minutos"},"schema":{"@context":"https:\/\/schema.org","@graph":[{"@type":"NewsArticle","@id":"https:\/\/www.gaveanews.com\/index.php\/2021\/11\/22\/everton-ribeiro-exalta-apoio-da-torcida-do-flamengo-no-aerofla-contagia-todo-mundo\/#article","isPartOf":{"@id":"https:\/\/www.gaveanews.com\/index.php\/2021\/11\/22\/everton-ribeiro-exalta-apoio-da-torcida-do-flamengo-no-aerofla-contagia-todo-mundo\/"},"author":{"name":"Equipe G\u00e1vea News","@id":"https:\/\/www.gaveanews.com\/#\/schema\/person\/2ec14f73fb96be2caf28f91afb14749d"},"headline":"Everton Ribeiro exalta apoio da torcida do Flamengo no AeroFla: \u201cContagia todo mundo\u201d","datePublished":"2021-11-23T02:04:16+00:00","dateModified":"2021-11-23T02:04:20+00:00","mainEntityOfPage":{"@id":"https:\/\/www.gaveanews.com\/index.php\/2021\/11\/22\/everton-ribeiro-exalta-apoio-da-torcida-do-flamengo-no-aerofla-contagia-todo-mundo\/"},"wordCount":336,"commentCount":2,"image":{"@id":"https:\/\/www.gaveanews.com\/index.php\/2021\/11\/22\/everton-ribeiro-exalta-apoio-da-torcida-do-flamengo-no-aerofla-contagia-todo-mundo\/#primaryimage"},"thumbnailUrl":"https:\/\/www.gaveanews.com\/wp-content\/uploads\/Everton-Ribeiro-em-acao-pelo-Flamengo-contra-o-Gremio-pela-Copa-do-Brasil-2021.webp","articleSection":["Flamengo"],"inLanguage":"pt-BR","potentialAction":[{"@type":"CommentAction","name":"Comment","target":["https:\/\/www.gaveanews.com\/index.php\/2021\/11\/22\/everton-ribeiro-exalta-apoio-da-torcida-do-flamengo-no-aerofla-contagia-todo-mundo\/#respond"]}],"copyrightYear":"2021","copyrightHolder":{"@id":"https:\/\/www.gaveanews.com\/#organization"}},{"@type":"WebPage","@id":"https:\/\/www.gaveanews.com\/index.php\/2021\/11\/22\/everton-ribeiro-exalta-apoio-da-torcida-do-flamengo-no-aerofla-contagia-todo-mundo\/","url":"https:\/\/www.gaveanews.com\/index.php\/2021\/11\/22\/everton-ribeiro-exalta-apoio-da-torcida-do-flamengo-no-aerofla-contagia-todo-mundo\/","name":"Everton Ribeiro exalta apoio da torcida do Flamengo no AeroFla","isPartOf":{"@id":"https:\/\/www.gaveanews.com\/#website"},"primaryImageOfPage":{"@id":"https:\/\/www.gaveanews.com\/index.php\/2021\/11\/22\/everton-ribeiro-exalta-apoio-da-torcida-do-flamengo-no-aerofla-contagia-todo-mundo\/#primaryimage"},"image":{"@id":"https:\/\/www.gaveanews.com\/index.php\/2021\/11\/22\/everton-ribeiro-exalta-apoio-da-torcida-do-flamengo-no-aerofla-contagia-todo-mundo\/#primaryimage"},"thumbnailUrl":"https:\/\/www.gaveanews.com\/wp-content\/uploads\/Everton-Ribeiro-em-acao-pelo-Flamengo-contra-o-Gremio-pela-Copa-do-Brasil-2021.webp","datePublished":"2021-11-23T02:04:16+00:00","dateModified":"2021-11-23T02:04:20+00:00","author":{"@id":"https:\/\/www.gaveanews.com\/#\/schema\/person\/2ec14f73fb96be2caf28f91afb14749d"},"breadcrumb":{"@id":"https:\/\/www.gaveanews.com\/index.php\/2021\/11\/22\/everton-ribeiro-exalta-apoio-da-torcida-do-flamengo-no-aerofla-contagia-todo-mundo\/#breadcrumb"},"inLanguage":"pt-BR","potentialAction":[{"@type":"ReadAction","target":["https:\/\/www.gaveanews.com\/index.php\/2021\/11\/22\/everton-ribeiro-exalta-apoio-da-torcida-do-flamengo-no-aerofla-contagia-todo-mundo\/"]}]},{"@type":"ImageObject","inLanguage":"pt-BR","@id":"https:\/\/www.gaveanews.com\/index.php\/2021\/11\/22\/everton-ribeiro-exalta-apoio-da-torcida-do-flamengo-no-aerofla-contagia-todo-mundo\/#primaryimage","url":"https:\/\/www.gaveanews.com\/wp-content\/uploads\/Everton-Ribeiro-em-acao-pelo-Flamengo-contra-o-Gremio-pela-Copa-do-Brasil-2021.webp","contentUrl":"https:\/\/www.gaveanews.com\/wp-content\/uploads\/Everton-Ribeiro-em-acao-pelo-Flamengo-contra-o-Gremio-pela-Copa-do-Brasil-2021.webp","width":799,"height":533,"caption":"Everton Ribeiro em a\u00e7\u00e3o pelo Flamengo contra o Gr\u00eamio pela Copa do Brasil 2021 (Foto: Alexandre Vidal\/Flamengo)"},{"@type":"BreadcrumbList","@id":"https:\/\/www.gaveanews.com\/index.php\/2021\/11\/22\/everton-ribeiro-exalta-apoio-da-torcida-do-flamengo-no-aerofla-contagia-todo-mundo\/#breadcrumb","itemListElement":[{"@type":"ListItem","position":1,"name":"Home","item":"https:\/\/www.gaveanews.com\/"},{"@type":"ListItem","position":2,"name":"Everton Ribeiro exalta apoio da torcida do Flamengo no AeroFla: \u201cContagia todo mundo\u201d"}]},{"@type":"WebSite","@id":"https:\/\/www.gaveanews.com\/#website","url":"https:\/\/www.gaveanews.com\/","name":"G\u00e1vea News","description":"Veja todas as not\u00edcias sobre o Flamengo: Contrata\u00e7\u00f5es, categorias de base, resultados das partidas, tabela de classifica\u00e7\u00e3o, pr\u00f3ximos jogos!","potentialAction":[{"@type":"SearchAction","target":{"@type":"EntryPoint","urlTemplate":"https:\/\/www.gaveanews.com\/?s={search_term_string}"},"query-input":{"@type":"PropertyValueSpecification","valueRequired":true,"valueName":"search_term_string"}}],"inLanguage":"pt-BR"},{"@type":"Person","@id":"https:\/\/www.gaveanews.com\/#\/schema\/person\/2ec14f73fb96be2caf28f91afb14749d","name":"Equipe G\u00e1vea News","image":{"@type":"ImageObject","inLanguage":"pt-BR","@id":"https:\/\/www.gaveanews.com\/#\/schema\/person\/image\/","url":"https:\/\/secure.gravatar.com\/avatar\/1e1956f1facbffd3f8fa53a326721950116b3b9dc9bd44939c01180fd4a745a9?s=96&d=mm&r=g","contentUrl":"https:\/\/secure.gravatar.com\/avatar\/1e1956f1facbffd3f8fa53a326721950116b3b9dc9bd44939c01180fd4a745a9?s=96&d=mm&r=g","caption":"Equipe G\u00e1vea News"}}]}},"_links":{"self":[{"href":"https:\/\/www.gaveanews.com\/index.php\/wp-json\/wp\/v2\/posts\/72182","targetHints":{"allow":["GET"]}}],"collection":[{"href":"https:\/\/www.gaveanews.com\/index.php\/wp-json\/wp\/v2\/posts"}],"about":[{"href":"https:\/\/www.gaveanews.com\/index.php\/wp-json\/wp\/v2\/types\/post"}],"author":[{"embeddable":true,"href":"https:\/\/www.gaveanews.com\/index.php\/wp-json\/wp\/v2\/users\/1"}],"replies":[{"embeddable":true,"href":"https:\/\/www.gaveanews.com\/index.php\/wp-json\/wp\/v2\/comments?post=72182"}],"version-history":[{"count":0,"href":"https:\/\/www.gaveanews.com\/index.php\/wp-json\/wp\/v2\/posts\/72182\/revisions"}],"wp:featuredmedia":[{"embeddable":true,"href":"https:\/\/www.gaveanews.com\/index.php\/wp-json\/wp\/v2\/media\/66919"}],"wp:attachment":[{"href":"https:\/\/www.gaveanews.com\/index.php\/wp-json\/wp\/v2\/media?parent=72182"}],"wp:term":[{"taxonomy":"category","embeddable":true,"href":"https:\/\/www.gaveanews.com\/index.php\/wp-json\/wp\/v2\/categories?post=72182"},{"taxonomy":"post_tag","embeddable":true,"href":"https:\/\/www.gaveanews.com\/index.php\/wp-json\/wp\/v2\/tags?post=72182"}],"curies":[{"name":"wp","href":"https:\/\/api.w.org\/{rel}","templated":true}]}}