{"id":72204,"date":"2021-11-23T19:42:26","date_gmt":"2021-11-23T22:42:26","guid":{"rendered":"https:\/\/www.gaveanews.com\/?p=72204"},"modified":"2021-11-23T20:00:40","modified_gmt":"2021-11-23T23:00:40","slug":"saiu-confira-a-escalacao-oficial-do-flamengo-contra-o-gremio-5","status":"publish","type":"post","link":"https:\/\/www.gaveanews.com\/index.php\/2021\/11\/23\/saiu-confira-a-escalacao-oficial-do-flamengo-contra-o-gremio-5\/","title":{"rendered":"Saiu! Confira a escala\u00e7\u00e3o oficial do Flamengo contra o Gr\u00eamio"},"content":{"rendered":"\n<p>Daqui a pouco, \u00e0s 21h (hor\u00e1rio de Bras\u00edlia), o Flamengo entrar\u00e1 em campo em seu \u00faltimo compromisso antes da final da Libertadores. O Rubro-Negro enfrentar\u00e1 o Gr\u00eamio pela 2\u00aa rodada do Campeonato Brasileiro em Porto Alegre, sua \u00faltima parada antes de Montevid\u00e9u.<\/p>\n\n\n\n<p>Como esperado, o Fla vir\u00e1 para este jogo com muitas novidades. Grande parte do time titular foi poupado por Renato Ga\u00facho visando o jogo do fim de semana. Por isso, o elenco alternativo ficar\u00e1 com o dever de defender o Manto Sagrado nesta partida para manter o clube com chances, ainda que remotas, de conquistar o t\u00edtulo do Brasileir\u00e3o nesta temporada. <strong>Confira as principais informa\u00e7\u00f5es sobre o jogo abaixo:<\/strong><\/p>\n\n\n\n<h2 class=\"wp-block-heading\" id=\"h-transmiss-o\">Transmiss\u00e3o:<\/h2>\n\n\n\n<p>Assim como o jogo contra o Inter do \u00faltimo fim de semana, o confronto desta ter\u00e7a-feira ser\u00e1 disponibilizado exclusivamente pelo canal Premiere. Para este duelo, a Rede Globo escalou sua equipe de transmiss\u00e3o com Luiz Carlos Jr. na narra\u00e7\u00e3o, e Grafite e PVC nos coment\u00e1rios. As informa\u00e7\u00f5es locais ficar\u00e3o por conta de Fernanda Colombo.<\/p>\n\n\n\n<h2 class=\"wp-block-heading\" id=\"h-retrospecto\">Retrospecto:<\/h2>\n\n\n\n<p>Neste ano, Flamengo e Gr\u00eamio j\u00e1 se encontraram tr\u00eas vezes, duas pela Copa do Brasil e uma pelo Brasileiro. Nos confrontos pelo torneio eliminat\u00f3rio, o Mais Querido venceu por 4 a 0 (ida) e 2 a 0 (volta). J\u00e1 no Brasileir\u00e3o, o Tricolor levou a melhor e superou o Fla por 1 a 0 no Maracan\u00e3.<\/p>\n\n\n\n<h2 class=\"wp-block-heading\" id=\"h-desfalques\">Desfalques:<\/h2>\n\n\n\n<p>Gabigol cumpre suspens\u00e3o pelo excesso de cart\u00f5es amarelos. Os demais nomes cortados da lista de Renato Ga\u00facho aconteceram por escolha do treinador.<\/p>\n\n\n\n<h2 class=\"wp-block-heading\" id=\"h-pendurados\">Pendurados:<\/h2>\n\n\n\n<p>Everton Ribeiro, Rodinei, Matheuzinho, L\u00e9o Pereira e Bruno Viana j\u00e1 possuem dois cart\u00f5es amarelos e precisar\u00e3o adotar um pouco mais de cautela para n\u00e3o desfalcarem o Rubro-Negro contra o Cear\u00e1 na pr\u00f3xima semana.<\/p>\n\n\n\n<h2 class=\"wp-block-heading\" id=\"h-escala-o-oficial-do-flamengo\">Escala\u00e7\u00e3o oficial do Flamengo:<\/h2>\n\n\n\n<p>Hugo, Rodinei, Gustavo Henrique. L\u00e9o Pereira e Ren\u00ea; Jo\u00e3o Gomes, Thiago Maia, Diego e Kenedy; Vitinho e Vitor Gabriel.<\/p>\n\n\n\n<h2 class=\"wp-block-heading\" id=\"h-banco-de-reservas\">Banco de reservas:<\/h2>\n\n\n\n<p>Gabriel Batista, C\u00e9sar, Bruno Viana, Cleiton, Ramon, Piris da Motta, Thiaguinho, L\u00e1zaro, Matheus Fran\u00e7a, De Arrascaeta, Pedro e Andre Luiz.<\/p>\n\n\n\n<h2 class=\"wp-block-heading\" id=\"h-arbitragem\">Arbitragem:<\/h2>\n\n\n\n<ul class=\"wp-block-list\"><li><strong>\u00c1rbitro:<\/strong> Braulio da Silva Machado &#8211; SC (FIFA)<\/li><li><strong>\u00c1rbitro Assistente 1:<\/strong> Kleber Lucio Gil &#8211; SC (FIFA)<\/li><li><strong>\u00c1rbitro Assistente 2:<\/strong> Alex dos Santos &#8211; SC<\/li><li><strong>Quarto \u00c1rbitro:<\/strong> Jonathan Benkenstein Pinheiro &#8211; RS<\/li><li><strong>VAR:<\/strong> Rodrigo Dalonso Ferreira &#8211; SC<\/li><\/ul>\n\n\n\n<h2 class=\"wp-block-heading\" id=\"h-pr-ximo-compromisso\">Pr\u00f3ximo compromisso:<\/h2>\n\n\n\n<p>Ap\u00f3s este compromisso, o Flamengo voltar\u00e1 seu foco totalmente para a final da Libertadores. A equipe da G\u00e1vea enfrentar\u00e1 o Palmeiras neste s\u00e1bado (27), no Est\u00e1dio Centen\u00e1rio, em Montevid\u00e9u (URU). A final \u00fanica entre os clubes ser\u00e1 transmitida tanto pela TV aberta quanto pela fechada.<\/p>\n","protected":false},"excerpt":{"rendered":"<p>Daqui a pouco, \u00e0s 21h (hor\u00e1rio de Bras\u00edlia), o Flamengo entrar\u00e1 em campo em seu \u00faltimo compromisso antes da final da Libertadores. O Rubro-Negro enfrentar\u00e1 o Gr\u00eamio pela 2\u00aa rodada do Campeonato Brasileiro em Porto Alegre, sua \u00faltima parada antes de Montevid\u00e9u. Como esperado, o Fla vir\u00e1 para este jogo com muitas novidades. Grande parte [&hellip;]<\/p>\n","protected":false},"author":4,"featured_media":30000,"comment_status":"open","ping_status":"closed","sticky":false,"template":"","format":"standard","meta":{"footnotes":""},"categories":[1],"tags":[],"class_list":["post-72204","post","type-post","status-publish","format-standard","has-post-thumbnail","hentry","category-flamengo"],"yoast_head":"<!-- This site is optimized with the Yoast SEO Premium plugin v24.2 (Yoast SEO v26.9) - https:\/\/yoast.com\/product\/yoast-seo-premium-wordpress\/ -->\n<title>Saiu! Confira a escala\u00e7\u00e3o oficial do Flamengo contra o Gr\u00eamio<\/title>\n<meta name=\"robots\" content=\"index, follow, max-snippet:-1, max-image-preview:large, max-video-preview:-1\" \/>\n<link rel=\"canonical\" href=\"https:\/\/www.gaveanews.com\/index.php\/2021\/11\/23\/saiu-confira-a-escalacao-oficial-do-flamengo-contra-o-gremio-5\/\" \/>\n<meta property=\"og:locale\" content=\"pt_BR\" \/>\n<meta property=\"og:type\" content=\"article\" \/>\n<meta property=\"og:title\" content=\"Saiu! Confira a escala\u00e7\u00e3o oficial do Flamengo contra o Gr\u00eamio\" \/>\n<meta property=\"og:description\" content=\"Daqui a pouco, \u00e0s 21h (hor\u00e1rio de Bras\u00edlia), o Flamengo entrar\u00e1 em campo em seu \u00faltimo compromisso antes da final da Libertadores. O Rubro-Negro enfrentar\u00e1 o Gr\u00eamio pela 2\u00aa rodada do Campeonato Brasileiro em Porto Alegre, sua \u00faltima parada antes de Montevid\u00e9u. Como esperado, o Fla vir\u00e1 para este jogo com muitas novidades. Grande parte [&hellip;]\" \/>\n<meta property=\"og:url\" content=\"https:\/\/www.gaveanews.com\/index.php\/2021\/11\/23\/saiu-confira-a-escalacao-oficial-do-flamengo-contra-o-gremio-5\/\" \/>\n<meta property=\"og:site_name\" content=\"G\u00e1vea News\" \/>\n<meta property=\"article:publisher\" content=\"https:\/\/facebook.com\/gaveaNews\/\" \/>\n<meta property=\"article:published_time\" content=\"2021-11-23T22:42:26+00:00\" \/>\n<meta property=\"article:modified_time\" content=\"2021-11-23T23:00:40+00:00\" \/>\n<meta property=\"og:image\" content=\"https:\/\/www.gaveanews.com\/wp-content\/uploads\/Escalacao-oficial-do-Flamengo.webp\" \/>\n\t<meta property=\"og:image:width\" content=\"1\" \/>\n\t<meta property=\"og:image:height\" content=\"1\" \/>\n\t<meta property=\"og:image:type\" content=\"image\/jpeg\" \/>\n<meta name=\"author\" content=\"Let\u00edcia Gerheim\" \/>\n<meta name=\"twitter:card\" content=\"summary_large_image\" \/>\n<meta name=\"twitter:label1\" content=\"Escrito por\" \/>\n\t<meta name=\"twitter:data1\" content=\"Let\u00edcia Gerheim\" \/>\n\t<meta name=\"twitter:label2\" content=\"Est. tempo de leitura\" \/>\n\t<meta name=\"twitter:data2\" content=\"2 minutos\" \/>\n<script type=\"application\/ld+json\" class=\"yoast-schema-graph\">{\"@context\":\"https:\/\/schema.org\",\"@graph\":[{\"@type\":\"NewsArticle\",\"@id\":\"https:\/\/www.gaveanews.com\/index.php\/2021\/11\/23\/saiu-confira-a-escalacao-oficial-do-flamengo-contra-o-gremio-5\/#article\",\"isPartOf\":{\"@id\":\"https:\/\/www.gaveanews.com\/index.php\/2021\/11\/23\/saiu-confira-a-escalacao-oficial-do-flamengo-contra-o-gremio-5\/\"},\"author\":{\"name\":\"Let\u00edcia Gerheim\",\"@id\":\"https:\/\/www.gaveanews.com\/#\/schema\/person\/714c67050b836198af2450ba1c142a67\"},\"headline\":\"Saiu! Confira a escala\u00e7\u00e3o oficial do Flamengo contra o Gr\u00eamio\",\"datePublished\":\"2021-11-23T22:42:26+00:00\",\"dateModified\":\"2021-11-23T23:00:40+00:00\",\"mainEntityOfPage\":{\"@id\":\"https:\/\/www.gaveanews.com\/index.php\/2021\/11\/23\/saiu-confira-a-escalacao-oficial-do-flamengo-contra-o-gremio-5\/\"},\"wordCount\":454,\"commentCount\":57,\"image\":{\"@id\":\"https:\/\/www.gaveanews.com\/index.php\/2021\/11\/23\/saiu-confira-a-escalacao-oficial-do-flamengo-contra-o-gremio-5\/#primaryimage\"},\"thumbnailUrl\":\"https:\/\/www.gaveanews.com\/wp-content\/uploads\/Escalacao-oficial-do-Flamengo.webp\",\"articleSection\":[\"Flamengo\"],\"inLanguage\":\"pt-BR\",\"potentialAction\":[{\"@type\":\"CommentAction\",\"name\":\"Comment\",\"target\":[\"https:\/\/www.gaveanews.com\/index.php\/2021\/11\/23\/saiu-confira-a-escalacao-oficial-do-flamengo-contra-o-gremio-5\/#respond\"]}],\"copyrightYear\":\"2021\",\"copyrightHolder\":{\"@id\":\"https:\/\/www.gaveanews.com\/#organization\"}},{\"@type\":\"WebPage\",\"@id\":\"https:\/\/www.gaveanews.com\/index.php\/2021\/11\/23\/saiu-confira-a-escalacao-oficial-do-flamengo-contra-o-gremio-5\/\",\"url\":\"https:\/\/www.gaveanews.com\/index.php\/2021\/11\/23\/saiu-confira-a-escalacao-oficial-do-flamengo-contra-o-gremio-5\/\",\"name\":\"Saiu! Confira a escala\u00e7\u00e3o oficial do Flamengo contra o Gr\u00eamio\",\"isPartOf\":{\"@id\":\"https:\/\/www.gaveanews.com\/#website\"},\"primaryImageOfPage\":{\"@id\":\"https:\/\/www.gaveanews.com\/index.php\/2021\/11\/23\/saiu-confira-a-escalacao-oficial-do-flamengo-contra-o-gremio-5\/#primaryimage\"},\"image\":{\"@id\":\"https:\/\/www.gaveanews.com\/index.php\/2021\/11\/23\/saiu-confira-a-escalacao-oficial-do-flamengo-contra-o-gremio-5\/#primaryimage\"},\"thumbnailUrl\":\"https:\/\/www.gaveanews.com\/wp-content\/uploads\/Escalacao-oficial-do-Flamengo.webp\",\"datePublished\":\"2021-11-23T22:42:26+00:00\",\"dateModified\":\"2021-11-23T23:00:40+00:00\",\"author\":{\"@id\":\"https:\/\/www.gaveanews.com\/#\/schema\/person\/714c67050b836198af2450ba1c142a67\"},\"breadcrumb\":{\"@id\":\"https:\/\/www.gaveanews.com\/index.php\/2021\/11\/23\/saiu-confira-a-escalacao-oficial-do-flamengo-contra-o-gremio-5\/#breadcrumb\"},\"inLanguage\":\"pt-BR\",\"potentialAction\":[{\"@type\":\"ReadAction\",\"target\":[\"https:\/\/www.gaveanews.com\/index.php\/2021\/11\/23\/saiu-confira-a-escalacao-oficial-do-flamengo-contra-o-gremio-5\/\"]}]},{\"@type\":\"ImageObject\",\"inLanguage\":\"pt-BR\",\"@id\":\"https:\/\/www.gaveanews.com\/index.php\/2021\/11\/23\/saiu-confira-a-escalacao-oficial-do-flamengo-contra-o-gremio-5\/#primaryimage\",\"url\":\"https:\/\/www.gaveanews.com\/wp-content\/uploads\/Escalacao-oficial-do-Flamengo.webp\",\"contentUrl\":\"https:\/\/www.gaveanews.com\/wp-content\/uploads\/Escalacao-oficial-do-Flamengo.webp\",\"caption\":\"Confira a escala\u00e7\u00e3o oficial do Flamengo (Ilustra\u00e7\u00e3o: Editoria de Arte\/GaveaNews.com)\"},{\"@type\":\"BreadcrumbList\",\"@id\":\"https:\/\/www.gaveanews.com\/index.php\/2021\/11\/23\/saiu-confira-a-escalacao-oficial-do-flamengo-contra-o-gremio-5\/#breadcrumb\",\"itemListElement\":[{\"@type\":\"ListItem\",\"position\":1,\"name\":\"Home\",\"item\":\"https:\/\/www.gaveanews.com\/\"},{\"@type\":\"ListItem\",\"position\":2,\"name\":\"Saiu! Confira a escala\u00e7\u00e3o oficial do Flamengo contra o Gr\u00eamio\"}]},{\"@type\":\"WebSite\",\"@id\":\"https:\/\/www.gaveanews.com\/#website\",\"url\":\"https:\/\/www.gaveanews.com\/\",\"name\":\"G\u00e1vea News\",\"description\":\"Veja todas as not\u00edcias sobre o Flamengo: Contrata\u00e7\u00f5es, categorias de base, resultados das partidas, tabela de classifica\u00e7\u00e3o, pr\u00f3ximos jogos!\",\"potentialAction\":[{\"@type\":\"SearchAction\",\"target\":{\"@type\":\"EntryPoint\",\"urlTemplate\":\"https:\/\/www.gaveanews.com\/?s={search_term_string}\"},\"query-input\":{\"@type\":\"PropertyValueSpecification\",\"valueRequired\":true,\"valueName\":\"search_term_string\"}}],\"inLanguage\":\"pt-BR\"},{\"@type\":\"Person\",\"@id\":\"https:\/\/www.gaveanews.com\/#\/schema\/person\/714c67050b836198af2450ba1c142a67\",\"name\":\"Let\u00edcia Gerheim\",\"image\":{\"@type\":\"ImageObject\",\"inLanguage\":\"pt-BR\",\"@id\":\"https:\/\/www.gaveanews.com\/#\/schema\/person\/image\/\",\"url\":\"https:\/\/secure.gravatar.com\/avatar\/60734739c50fcebfbac509e2a826ccd0ff405c019bc73aab9354f19ecad1dcb4?s=96&d=mm&r=g\",\"contentUrl\":\"https:\/\/secure.gravatar.com\/avatar\/60734739c50fcebfbac509e2a826ccd0ff405c019bc73aab9354f19ecad1dcb4?s=96&d=mm&r=g\",\"caption\":\"Let\u00edcia Gerheim\"}}]}<\/script>\n<!-- \/ Yoast SEO Premium plugin. -->","yoast_head_json":{"title":"Saiu! Confira a escala\u00e7\u00e3o oficial do Flamengo contra o Gr\u00eamio","robots":{"index":"index","follow":"follow","max-snippet":"max-snippet:-1","max-image-preview":"max-image-preview:large","max-video-preview":"max-video-preview:-1"},"canonical":"https:\/\/www.gaveanews.com\/index.php\/2021\/11\/23\/saiu-confira-a-escalacao-oficial-do-flamengo-contra-o-gremio-5\/","og_locale":"pt_BR","og_type":"article","og_title":"Saiu! Confira a escala\u00e7\u00e3o oficial do Flamengo contra o Gr\u00eamio","og_description":"Daqui a pouco, \u00e0s 21h (hor\u00e1rio de Bras\u00edlia), o Flamengo entrar\u00e1 em campo em seu \u00faltimo compromisso antes da final da Libertadores. O Rubro-Negro enfrentar\u00e1 o Gr\u00eamio pela 2\u00aa rodada do Campeonato Brasileiro em Porto Alegre, sua \u00faltima parada antes de Montevid\u00e9u. Como esperado, o Fla vir\u00e1 para este jogo com muitas novidades. Grande parte [&hellip;]","og_url":"https:\/\/www.gaveanews.com\/index.php\/2021\/11\/23\/saiu-confira-a-escalacao-oficial-do-flamengo-contra-o-gremio-5\/","og_site_name":"G\u00e1vea News","article_publisher":"https:\/\/facebook.com\/gaveaNews\/","article_published_time":"2021-11-23T22:42:26+00:00","article_modified_time":"2021-11-23T23:00:40+00:00","og_image":[{"url":"https:\/\/www.gaveanews.com\/wp-content\/uploads\/Escalacao-oficial-do-Flamengo.webp","width":1,"height":1,"type":"image\/jpeg"}],"author":"Let\u00edcia Gerheim","twitter_card":"summary_large_image","twitter_misc":{"Escrito por":"Let\u00edcia Gerheim","Est. tempo de leitura":"2 minutos"},"schema":{"@context":"https:\/\/schema.org","@graph":[{"@type":"NewsArticle","@id":"https:\/\/www.gaveanews.com\/index.php\/2021\/11\/23\/saiu-confira-a-escalacao-oficial-do-flamengo-contra-o-gremio-5\/#article","isPartOf":{"@id":"https:\/\/www.gaveanews.com\/index.php\/2021\/11\/23\/saiu-confira-a-escalacao-oficial-do-flamengo-contra-o-gremio-5\/"},"author":{"name":"Let\u00edcia Gerheim","@id":"https:\/\/www.gaveanews.com\/#\/schema\/person\/714c67050b836198af2450ba1c142a67"},"headline":"Saiu! Confira a escala\u00e7\u00e3o oficial do Flamengo contra o Gr\u00eamio","datePublished":"2021-11-23T22:42:26+00:00","dateModified":"2021-11-23T23:00:40+00:00","mainEntityOfPage":{"@id":"https:\/\/www.gaveanews.com\/index.php\/2021\/11\/23\/saiu-confira-a-escalacao-oficial-do-flamengo-contra-o-gremio-5\/"},"wordCount":454,"commentCount":57,"image":{"@id":"https:\/\/www.gaveanews.com\/index.php\/2021\/11\/23\/saiu-confira-a-escalacao-oficial-do-flamengo-contra-o-gremio-5\/#primaryimage"},"thumbnailUrl":"https:\/\/www.gaveanews.com\/wp-content\/uploads\/Escalacao-oficial-do-Flamengo.webp","articleSection":["Flamengo"],"inLanguage":"pt-BR","potentialAction":[{"@type":"CommentAction","name":"Comment","target":["https:\/\/www.gaveanews.com\/index.php\/2021\/11\/23\/saiu-confira-a-escalacao-oficial-do-flamengo-contra-o-gremio-5\/#respond"]}],"copyrightYear":"2021","copyrightHolder":{"@id":"https:\/\/www.gaveanews.com\/#organization"}},{"@type":"WebPage","@id":"https:\/\/www.gaveanews.com\/index.php\/2021\/11\/23\/saiu-confira-a-escalacao-oficial-do-flamengo-contra-o-gremio-5\/","url":"https:\/\/www.gaveanews.com\/index.php\/2021\/11\/23\/saiu-confira-a-escalacao-oficial-do-flamengo-contra-o-gremio-5\/","name":"Saiu! Confira a escala\u00e7\u00e3o oficial do Flamengo contra o Gr\u00eamio","isPartOf":{"@id":"https:\/\/www.gaveanews.com\/#website"},"primaryImageOfPage":{"@id":"https:\/\/www.gaveanews.com\/index.php\/2021\/11\/23\/saiu-confira-a-escalacao-oficial-do-flamengo-contra-o-gremio-5\/#primaryimage"},"image":{"@id":"https:\/\/www.gaveanews.com\/index.php\/2021\/11\/23\/saiu-confira-a-escalacao-oficial-do-flamengo-contra-o-gremio-5\/#primaryimage"},"thumbnailUrl":"https:\/\/www.gaveanews.com\/wp-content\/uploads\/Escalacao-oficial-do-Flamengo.webp","datePublished":"2021-11-23T22:42:26+00:00","dateModified":"2021-11-23T23:00:40+00:00","author":{"@id":"https:\/\/www.gaveanews.com\/#\/schema\/person\/714c67050b836198af2450ba1c142a67"},"breadcrumb":{"@id":"https:\/\/www.gaveanews.com\/index.php\/2021\/11\/23\/saiu-confira-a-escalacao-oficial-do-flamengo-contra-o-gremio-5\/#breadcrumb"},"inLanguage":"pt-BR","potentialAction":[{"@type":"ReadAction","target":["https:\/\/www.gaveanews.com\/index.php\/2021\/11\/23\/saiu-confira-a-escalacao-oficial-do-flamengo-contra-o-gremio-5\/"]}]},{"@type":"ImageObject","inLanguage":"pt-BR","@id":"https:\/\/www.gaveanews.com\/index.php\/2021\/11\/23\/saiu-confira-a-escalacao-oficial-do-flamengo-contra-o-gremio-5\/#primaryimage","url":"https:\/\/www.gaveanews.com\/wp-content\/uploads\/Escalacao-oficial-do-Flamengo.webp","contentUrl":"https:\/\/www.gaveanews.com\/wp-content\/uploads\/Escalacao-oficial-do-Flamengo.webp","caption":"Confira a escala\u00e7\u00e3o oficial do Flamengo (Ilustra\u00e7\u00e3o: Editoria de Arte\/GaveaNews.com)"},{"@type":"BreadcrumbList","@id":"https:\/\/www.gaveanews.com\/index.php\/2021\/11\/23\/saiu-confira-a-escalacao-oficial-do-flamengo-contra-o-gremio-5\/#breadcrumb","itemListElement":[{"@type":"ListItem","position":1,"name":"Home","item":"https:\/\/www.gaveanews.com\/"},{"@type":"ListItem","position":2,"name":"Saiu! Confira a escala\u00e7\u00e3o oficial do Flamengo contra o Gr\u00eamio"}]},{"@type":"WebSite","@id":"https:\/\/www.gaveanews.com\/#website","url":"https:\/\/www.gaveanews.com\/","name":"G\u00e1vea News","description":"Veja todas as not\u00edcias sobre o Flamengo: Contrata\u00e7\u00f5es, categorias de base, resultados das partidas, tabela de classifica\u00e7\u00e3o, pr\u00f3ximos jogos!","potentialAction":[{"@type":"SearchAction","target":{"@type":"EntryPoint","urlTemplate":"https:\/\/www.gaveanews.com\/?s={search_term_string}"},"query-input":{"@type":"PropertyValueSpecification","valueRequired":true,"valueName":"search_term_string"}}],"inLanguage":"pt-BR"},{"@type":"Person","@id":"https:\/\/www.gaveanews.com\/#\/schema\/person\/714c67050b836198af2450ba1c142a67","name":"Let\u00edcia Gerheim","image":{"@type":"ImageObject","inLanguage":"pt-BR","@id":"https:\/\/www.gaveanews.com\/#\/schema\/person\/image\/","url":"https:\/\/secure.gravatar.com\/avatar\/60734739c50fcebfbac509e2a826ccd0ff405c019bc73aab9354f19ecad1dcb4?s=96&d=mm&r=g","contentUrl":"https:\/\/secure.gravatar.com\/avatar\/60734739c50fcebfbac509e2a826ccd0ff405c019bc73aab9354f19ecad1dcb4?s=96&d=mm&r=g","caption":"Let\u00edcia Gerheim"}}]}},"_links":{"self":[{"href":"https:\/\/www.gaveanews.com\/index.php\/wp-json\/wp\/v2\/posts\/72204","targetHints":{"allow":["GET"]}}],"collection":[{"href":"https:\/\/www.gaveanews.com\/index.php\/wp-json\/wp\/v2\/posts"}],"about":[{"href":"https:\/\/www.gaveanews.com\/index.php\/wp-json\/wp\/v2\/types\/post"}],"author":[{"embeddable":true,"href":"https:\/\/www.gaveanews.com\/index.php\/wp-json\/wp\/v2\/users\/4"}],"replies":[{"embeddable":true,"href":"https:\/\/www.gaveanews.com\/index.php\/wp-json\/wp\/v2\/comments?post=72204"}],"version-history":[{"count":0,"href":"https:\/\/www.gaveanews.com\/index.php\/wp-json\/wp\/v2\/posts\/72204\/revisions"}],"wp:featuredmedia":[{"embeddable":true,"href":"https:\/\/www.gaveanews.com\/index.php\/wp-json\/wp\/v2\/media\/30000"}],"wp:attachment":[{"href":"https:\/\/www.gaveanews.com\/index.php\/wp-json\/wp\/v2\/media?parent=72204"}],"wp:term":[{"taxonomy":"category","embeddable":true,"href":"https:\/\/www.gaveanews.com\/index.php\/wp-json\/wp\/v2\/categories?post=72204"},{"taxonomy":"post_tag","embeddable":true,"href":"https:\/\/www.gaveanews.com\/index.php\/wp-json\/wp\/v2\/tags?post=72204"}],"curies":[{"name":"wp","href":"https:\/\/api.w.org\/{rel}","templated":true}]}}