{"id":72218,"date":"2021-11-23T15:47:47","date_gmt":"2021-11-23T18:47:47","guid":{"rendered":"https:\/\/www.gaveanews.com\/?p=72218"},"modified":"2021-11-23T15:47:50","modified_gmt":"2021-11-23T18:47:50","slug":"david-luiz-fala-sobre-estrategia-para-enfrentar-o-palmeiras-na-libertadores","status":"publish","type":"post","link":"https:\/\/www.gaveanews.com\/index.php\/2021\/11\/23\/david-luiz-fala-sobre-estrategia-para-enfrentar-o-palmeiras-na-libertadores\/","title":{"rendered":"David Luiz fala sobre estrat\u00e9gia para enfrentar o Palmeiras na Libertadores"},"content":{"rendered":"\n<p>Desde sua chegada no Flamengo, David Luiz n\u00e3o esconde sua identifica\u00e7\u00e3o e alegria em defender o clube. O jogador, ainda que tenha passado por dias afastado da equipe por conta de les\u00e3o, teve um excelente in\u00edcio no Mais Querido e permanece nas gra\u00e7as da torcida.<\/p>\n\n\n\n<p>Empenhado em conquistar o t\u00edtulo da Libertadores com o Rubro-Negro, o zagueiro falou um pouco sobre os planos e ideias para enfrentar o Palmeiras neste s\u00e1bado (27). Quando questionado sobre prepara\u00e7\u00f5es especiais para enfrentar o ataque do Alviverde, o camisa 23 disse que trabalha da mesma forma na qual treinou em seus anos de Europa.<\/p>\n\n\n\n<p><strong><em>\u2014&nbsp;Da mesma maneira que sempre me preparei. A gente respeita muito o advers\u00e1rio, sabemos que do outro lado tem grandes jogadores. Ent\u00e3o me preparei como sempre, na Europa foram muitos anos disso e aqui n\u00e3o ser\u00e1 nem um pouco diferente.<\/em><\/strong><\/p>\n\n\n\n<p>Al\u00e9m de contar um pouco sobre suas previs\u00f5es para a Libertadores, David Luiz tamb\u00e9m aproveitou a deixa para ressaltar sua satisfa\u00e7\u00e3o em vestir o Manto Sagrado neste momento. Para o defensor, a oportunidade de retornar ao Brasil para refor\u00e7ar o Flamengo \u00e9 \u00fanica, e que ainda deseja fazer hist\u00f3ria no clube da G\u00e1vea.<\/p>\n\n\n\n<p><strong><em>\u2014&nbsp;Desde que eu cheguei eu sempre mencionei que eu sou um privilegiado, estive presente nos melhores momentos da competi\u00e7\u00e3o. \u00c9 o momento mais importante (a final da Libertadores), ent\u00e3o estou muito feliz com isso, por ter essa oportunidade. Tamb\u00e9m queria frisar minha felicidade de hoje estar representando o maior clube da Am\u00e9rica e por hoje estar construindo parte da minha carreira no meu pai.<\/em><\/strong><\/p>\n\n\n\n<p>Acumulando n\u00fameros impressionantes pelo Flamengo, David Luiz segue a programa\u00e7\u00e3o do clube e se prepara para o fim de semana. Ainda que n\u00e3o seja esperado em campo devido \u00e0s op\u00e7\u00f5es da comiss\u00e3o de Renato Ga\u00facho, o zagueiro certamente acompanhar\u00e1 e ficar\u00e1 na torcida pelo Fla nesta ter\u00e7a-feira (23), quando o Mais Querido visitar\u00e1 o Gr\u00eamio pelo Brasileir\u00e3o.<\/p>\n\n\n\n<p>A partida em quest\u00e3o, v\u00e1lida pela 2\u00aa rodada do torneio, ocorrer\u00e1 \u00e0s 21h (hor\u00e1rio de Bras\u00edlia), na Arena do Gr\u00eamio. A transmiss\u00e3o do evento ser\u00e1 feita exclusivamente pelo Premiere.<\/p>\n","protected":false},"excerpt":{"rendered":"<p>Desde sua chegada no Flamengo, David Luiz n\u00e3o esconde sua identifica\u00e7\u00e3o e alegria em defender o clube. O jogador, ainda que tenha passado por dias afastado da equipe por conta de les\u00e3o, teve um excelente in\u00edcio no Mais Querido e permanece nas gra\u00e7as da torcida. Empenhado em conquistar o t\u00edtulo da Libertadores com o Rubro-Negro, [&hellip;]<\/p>\n","protected":false},"author":4,"featured_media":71606,"comment_status":"open","ping_status":"closed","sticky":false,"template":"","format":"standard","meta":{"footnotes":""},"categories":[1],"tags":[],"class_list":["post-72218","post","type-post","status-publish","format-standard","has-post-thumbnail","hentry","category-flamengo"],"yoast_head":"<!-- This site is optimized with the Yoast SEO Premium plugin v24.2 (Yoast SEO v26.9) - https:\/\/yoast.com\/product\/yoast-seo-premium-wordpress\/ -->\n<title>David Luiz fala sobre treinos para enfrentar o Palmeiras na Libertadores<\/title>\n<meta name=\"robots\" content=\"index, follow, max-snippet:-1, max-image-preview:large, max-video-preview:-1\" \/>\n<link rel=\"canonical\" href=\"https:\/\/www.gaveanews.com\/index.php\/2021\/11\/23\/david-luiz-fala-sobre-estrategia-para-enfrentar-o-palmeiras-na-libertadores\/\" \/>\n<meta property=\"og:locale\" content=\"pt_BR\" \/>\n<meta property=\"og:type\" content=\"article\" \/>\n<meta property=\"og:title\" content=\"David Luiz fala sobre estrat\u00e9gia para enfrentar o Palmeiras na Libertadores\" \/>\n<meta property=\"og:description\" content=\"Desde sua chegada no Flamengo, David Luiz n\u00e3o esconde sua identifica\u00e7\u00e3o e alegria em defender o clube. O jogador, ainda que tenha passado por dias afastado da equipe por conta de les\u00e3o, teve um excelente in\u00edcio no Mais Querido e permanece nas gra\u00e7as da torcida. Empenhado em conquistar o t\u00edtulo da Libertadores com o Rubro-Negro, [&hellip;]\" \/>\n<meta property=\"og:url\" content=\"https:\/\/www.gaveanews.com\/index.php\/2021\/11\/23\/david-luiz-fala-sobre-estrategia-para-enfrentar-o-palmeiras-na-libertadores\/\" \/>\n<meta property=\"og:site_name\" content=\"G\u00e1vea News\" \/>\n<meta property=\"article:publisher\" content=\"https:\/\/facebook.com\/gaveaNews\/\" \/>\n<meta property=\"article:published_time\" content=\"2021-11-23T18:47:47+00:00\" \/>\n<meta property=\"article:modified_time\" content=\"2021-11-23T18:47:50+00:00\" \/>\n<meta property=\"og:image\" content=\"https:\/\/www.gaveanews.com\/wp-content\/uploads\/David-Luiz-durante-o-jogo-entre-Flamengo-e-Bahia-pelo-Campeonato-Brasileiro-de-2021.webp\" \/>\n\t<meta property=\"og:image:width\" content=\"799\" \/>\n\t<meta property=\"og:image:height\" content=\"533\" \/>\n\t<meta property=\"og:image:type\" content=\"image\/jpeg\" \/>\n<meta name=\"author\" content=\"Let\u00edcia Gerheim\" \/>\n<meta name=\"twitter:card\" content=\"summary_large_image\" \/>\n<meta name=\"twitter:label1\" content=\"Escrito por\" \/>\n\t<meta name=\"twitter:data1\" content=\"Let\u00edcia Gerheim\" \/>\n\t<meta name=\"twitter:label2\" content=\"Est. tempo de leitura\" \/>\n\t<meta name=\"twitter:data2\" content=\"2 minutos\" \/>\n<script type=\"application\/ld+json\" class=\"yoast-schema-graph\">{\"@context\":\"https:\/\/schema.org\",\"@graph\":[{\"@type\":\"NewsArticle\",\"@id\":\"https:\/\/www.gaveanews.com\/index.php\/2021\/11\/23\/david-luiz-fala-sobre-estrategia-para-enfrentar-o-palmeiras-na-libertadores\/#article\",\"isPartOf\":{\"@id\":\"https:\/\/www.gaveanews.com\/index.php\/2021\/11\/23\/david-luiz-fala-sobre-estrategia-para-enfrentar-o-palmeiras-na-libertadores\/\"},\"author\":{\"name\":\"Let\u00edcia Gerheim\",\"@id\":\"https:\/\/www.gaveanews.com\/#\/schema\/person\/714c67050b836198af2450ba1c142a67\"},\"headline\":\"David Luiz fala sobre estrat\u00e9gia para enfrentar o Palmeiras na Libertadores\",\"datePublished\":\"2021-11-23T18:47:47+00:00\",\"dateModified\":\"2021-11-23T18:47:50+00:00\",\"mainEntityOfPage\":{\"@id\":\"https:\/\/www.gaveanews.com\/index.php\/2021\/11\/23\/david-luiz-fala-sobre-estrategia-para-enfrentar-o-palmeiras-na-libertadores\/\"},\"wordCount\":388,\"commentCount\":3,\"image\":{\"@id\":\"https:\/\/www.gaveanews.com\/index.php\/2021\/11\/23\/david-luiz-fala-sobre-estrategia-para-enfrentar-o-palmeiras-na-libertadores\/#primaryimage\"},\"thumbnailUrl\":\"https:\/\/www.gaveanews.com\/wp-content\/uploads\/David-Luiz-durante-o-jogo-entre-Flamengo-e-Bahia-pelo-Campeonato-Brasileiro-de-2021.webp\",\"articleSection\":[\"Flamengo\"],\"inLanguage\":\"pt-BR\",\"potentialAction\":[{\"@type\":\"CommentAction\",\"name\":\"Comment\",\"target\":[\"https:\/\/www.gaveanews.com\/index.php\/2021\/11\/23\/david-luiz-fala-sobre-estrategia-para-enfrentar-o-palmeiras-na-libertadores\/#respond\"]}],\"copyrightYear\":\"2021\",\"copyrightHolder\":{\"@id\":\"https:\/\/www.gaveanews.com\/#organization\"}},{\"@type\":\"WebPage\",\"@id\":\"https:\/\/www.gaveanews.com\/index.php\/2021\/11\/23\/david-luiz-fala-sobre-estrategia-para-enfrentar-o-palmeiras-na-libertadores\/\",\"url\":\"https:\/\/www.gaveanews.com\/index.php\/2021\/11\/23\/david-luiz-fala-sobre-estrategia-para-enfrentar-o-palmeiras-na-libertadores\/\",\"name\":\"David Luiz fala sobre treinos para enfrentar o Palmeiras na Libertadores\",\"isPartOf\":{\"@id\":\"https:\/\/www.gaveanews.com\/#website\"},\"primaryImageOfPage\":{\"@id\":\"https:\/\/www.gaveanews.com\/index.php\/2021\/11\/23\/david-luiz-fala-sobre-estrategia-para-enfrentar-o-palmeiras-na-libertadores\/#primaryimage\"},\"image\":{\"@id\":\"https:\/\/www.gaveanews.com\/index.php\/2021\/11\/23\/david-luiz-fala-sobre-estrategia-para-enfrentar-o-palmeiras-na-libertadores\/#primaryimage\"},\"thumbnailUrl\":\"https:\/\/www.gaveanews.com\/wp-content\/uploads\/David-Luiz-durante-o-jogo-entre-Flamengo-e-Bahia-pelo-Campeonato-Brasileiro-de-2021.webp\",\"datePublished\":\"2021-11-23T18:47:47+00:00\",\"dateModified\":\"2021-11-23T18:47:50+00:00\",\"author\":{\"@id\":\"https:\/\/www.gaveanews.com\/#\/schema\/person\/714c67050b836198af2450ba1c142a67\"},\"breadcrumb\":{\"@id\":\"https:\/\/www.gaveanews.com\/index.php\/2021\/11\/23\/david-luiz-fala-sobre-estrategia-para-enfrentar-o-palmeiras-na-libertadores\/#breadcrumb\"},\"inLanguage\":\"pt-BR\",\"potentialAction\":[{\"@type\":\"ReadAction\",\"target\":[\"https:\/\/www.gaveanews.com\/index.php\/2021\/11\/23\/david-luiz-fala-sobre-estrategia-para-enfrentar-o-palmeiras-na-libertadores\/\"]}]},{\"@type\":\"ImageObject\",\"inLanguage\":\"pt-BR\",\"@id\":\"https:\/\/www.gaveanews.com\/index.php\/2021\/11\/23\/david-luiz-fala-sobre-estrategia-para-enfrentar-o-palmeiras-na-libertadores\/#primaryimage\",\"url\":\"https:\/\/www.gaveanews.com\/wp-content\/uploads\/David-Luiz-durante-o-jogo-entre-Flamengo-e-Bahia-pelo-Campeonato-Brasileiro-de-2021.webp\",\"contentUrl\":\"https:\/\/www.gaveanews.com\/wp-content\/uploads\/David-Luiz-durante-o-jogo-entre-Flamengo-e-Bahia-pelo-Campeonato-Brasileiro-de-2021.webp\",\"width\":799,\"height\":533,\"caption\":\"David Luiz durante o jogo entre Flamengo e Bahia pelo Campeonato Brasileiro de 2021 (Foto: Alexandre Vidal\/Flamengo)\"},{\"@type\":\"BreadcrumbList\",\"@id\":\"https:\/\/www.gaveanews.com\/index.php\/2021\/11\/23\/david-luiz-fala-sobre-estrategia-para-enfrentar-o-palmeiras-na-libertadores\/#breadcrumb\",\"itemListElement\":[{\"@type\":\"ListItem\",\"position\":1,\"name\":\"Home\",\"item\":\"https:\/\/www.gaveanews.com\/\"},{\"@type\":\"ListItem\",\"position\":2,\"name\":\"David Luiz fala sobre estrat\u00e9gia para enfrentar o Palmeiras na Libertadores\"}]},{\"@type\":\"WebSite\",\"@id\":\"https:\/\/www.gaveanews.com\/#website\",\"url\":\"https:\/\/www.gaveanews.com\/\",\"name\":\"G\u00e1vea News\",\"description\":\"Veja todas as not\u00edcias sobre o Flamengo: Contrata\u00e7\u00f5es, categorias de base, resultados das partidas, tabela de classifica\u00e7\u00e3o, pr\u00f3ximos jogos!\",\"potentialAction\":[{\"@type\":\"SearchAction\",\"target\":{\"@type\":\"EntryPoint\",\"urlTemplate\":\"https:\/\/www.gaveanews.com\/?s={search_term_string}\"},\"query-input\":{\"@type\":\"PropertyValueSpecification\",\"valueRequired\":true,\"valueName\":\"search_term_string\"}}],\"inLanguage\":\"pt-BR\"},{\"@type\":\"Person\",\"@id\":\"https:\/\/www.gaveanews.com\/#\/schema\/person\/714c67050b836198af2450ba1c142a67\",\"name\":\"Let\u00edcia Gerheim\",\"image\":{\"@type\":\"ImageObject\",\"inLanguage\":\"pt-BR\",\"@id\":\"https:\/\/www.gaveanews.com\/#\/schema\/person\/image\/\",\"url\":\"https:\/\/secure.gravatar.com\/avatar\/60734739c50fcebfbac509e2a826ccd0ff405c019bc73aab9354f19ecad1dcb4?s=96&d=mm&r=g\",\"contentUrl\":\"https:\/\/secure.gravatar.com\/avatar\/60734739c50fcebfbac509e2a826ccd0ff405c019bc73aab9354f19ecad1dcb4?s=96&d=mm&r=g\",\"caption\":\"Let\u00edcia Gerheim\"}}]}<\/script>\n<!-- \/ Yoast SEO Premium plugin. -->","yoast_head_json":{"title":"David Luiz fala sobre treinos para enfrentar o Palmeiras na Libertadores","robots":{"index":"index","follow":"follow","max-snippet":"max-snippet:-1","max-image-preview":"max-image-preview:large","max-video-preview":"max-video-preview:-1"},"canonical":"https:\/\/www.gaveanews.com\/index.php\/2021\/11\/23\/david-luiz-fala-sobre-estrategia-para-enfrentar-o-palmeiras-na-libertadores\/","og_locale":"pt_BR","og_type":"article","og_title":"David Luiz fala sobre estrat\u00e9gia para enfrentar o Palmeiras na Libertadores","og_description":"Desde sua chegada no Flamengo, David Luiz n\u00e3o esconde sua identifica\u00e7\u00e3o e alegria em defender o clube. O jogador, ainda que tenha passado por dias afastado da equipe por conta de les\u00e3o, teve um excelente in\u00edcio no Mais Querido e permanece nas gra\u00e7as da torcida. Empenhado em conquistar o t\u00edtulo da Libertadores com o Rubro-Negro, [&hellip;]","og_url":"https:\/\/www.gaveanews.com\/index.php\/2021\/11\/23\/david-luiz-fala-sobre-estrategia-para-enfrentar-o-palmeiras-na-libertadores\/","og_site_name":"G\u00e1vea News","article_publisher":"https:\/\/facebook.com\/gaveaNews\/","article_published_time":"2021-11-23T18:47:47+00:00","article_modified_time":"2021-11-23T18:47:50+00:00","og_image":[{"width":799,"height":533,"url":"https:\/\/www.gaveanews.com\/wp-content\/uploads\/David-Luiz-durante-o-jogo-entre-Flamengo-e-Bahia-pelo-Campeonato-Brasileiro-de-2021.webp","type":"image\/jpeg"}],"author":"Let\u00edcia Gerheim","twitter_card":"summary_large_image","twitter_misc":{"Escrito por":"Let\u00edcia Gerheim","Est. tempo de leitura":"2 minutos"},"schema":{"@context":"https:\/\/schema.org","@graph":[{"@type":"NewsArticle","@id":"https:\/\/www.gaveanews.com\/index.php\/2021\/11\/23\/david-luiz-fala-sobre-estrategia-para-enfrentar-o-palmeiras-na-libertadores\/#article","isPartOf":{"@id":"https:\/\/www.gaveanews.com\/index.php\/2021\/11\/23\/david-luiz-fala-sobre-estrategia-para-enfrentar-o-palmeiras-na-libertadores\/"},"author":{"name":"Let\u00edcia Gerheim","@id":"https:\/\/www.gaveanews.com\/#\/schema\/person\/714c67050b836198af2450ba1c142a67"},"headline":"David Luiz fala sobre estrat\u00e9gia para enfrentar o Palmeiras na Libertadores","datePublished":"2021-11-23T18:47:47+00:00","dateModified":"2021-11-23T18:47:50+00:00","mainEntityOfPage":{"@id":"https:\/\/www.gaveanews.com\/index.php\/2021\/11\/23\/david-luiz-fala-sobre-estrategia-para-enfrentar-o-palmeiras-na-libertadores\/"},"wordCount":388,"commentCount":3,"image":{"@id":"https:\/\/www.gaveanews.com\/index.php\/2021\/11\/23\/david-luiz-fala-sobre-estrategia-para-enfrentar-o-palmeiras-na-libertadores\/#primaryimage"},"thumbnailUrl":"https:\/\/www.gaveanews.com\/wp-content\/uploads\/David-Luiz-durante-o-jogo-entre-Flamengo-e-Bahia-pelo-Campeonato-Brasileiro-de-2021.webp","articleSection":["Flamengo"],"inLanguage":"pt-BR","potentialAction":[{"@type":"CommentAction","name":"Comment","target":["https:\/\/www.gaveanews.com\/index.php\/2021\/11\/23\/david-luiz-fala-sobre-estrategia-para-enfrentar-o-palmeiras-na-libertadores\/#respond"]}],"copyrightYear":"2021","copyrightHolder":{"@id":"https:\/\/www.gaveanews.com\/#organization"}},{"@type":"WebPage","@id":"https:\/\/www.gaveanews.com\/index.php\/2021\/11\/23\/david-luiz-fala-sobre-estrategia-para-enfrentar-o-palmeiras-na-libertadores\/","url":"https:\/\/www.gaveanews.com\/index.php\/2021\/11\/23\/david-luiz-fala-sobre-estrategia-para-enfrentar-o-palmeiras-na-libertadores\/","name":"David Luiz fala sobre treinos para enfrentar o Palmeiras na Libertadores","isPartOf":{"@id":"https:\/\/www.gaveanews.com\/#website"},"primaryImageOfPage":{"@id":"https:\/\/www.gaveanews.com\/index.php\/2021\/11\/23\/david-luiz-fala-sobre-estrategia-para-enfrentar-o-palmeiras-na-libertadores\/#primaryimage"},"image":{"@id":"https:\/\/www.gaveanews.com\/index.php\/2021\/11\/23\/david-luiz-fala-sobre-estrategia-para-enfrentar-o-palmeiras-na-libertadores\/#primaryimage"},"thumbnailUrl":"https:\/\/www.gaveanews.com\/wp-content\/uploads\/David-Luiz-durante-o-jogo-entre-Flamengo-e-Bahia-pelo-Campeonato-Brasileiro-de-2021.webp","datePublished":"2021-11-23T18:47:47+00:00","dateModified":"2021-11-23T18:47:50+00:00","author":{"@id":"https:\/\/www.gaveanews.com\/#\/schema\/person\/714c67050b836198af2450ba1c142a67"},"breadcrumb":{"@id":"https:\/\/www.gaveanews.com\/index.php\/2021\/11\/23\/david-luiz-fala-sobre-estrategia-para-enfrentar-o-palmeiras-na-libertadores\/#breadcrumb"},"inLanguage":"pt-BR","potentialAction":[{"@type":"ReadAction","target":["https:\/\/www.gaveanews.com\/index.php\/2021\/11\/23\/david-luiz-fala-sobre-estrategia-para-enfrentar-o-palmeiras-na-libertadores\/"]}]},{"@type":"ImageObject","inLanguage":"pt-BR","@id":"https:\/\/www.gaveanews.com\/index.php\/2021\/11\/23\/david-luiz-fala-sobre-estrategia-para-enfrentar-o-palmeiras-na-libertadores\/#primaryimage","url":"https:\/\/www.gaveanews.com\/wp-content\/uploads\/David-Luiz-durante-o-jogo-entre-Flamengo-e-Bahia-pelo-Campeonato-Brasileiro-de-2021.webp","contentUrl":"https:\/\/www.gaveanews.com\/wp-content\/uploads\/David-Luiz-durante-o-jogo-entre-Flamengo-e-Bahia-pelo-Campeonato-Brasileiro-de-2021.webp","width":799,"height":533,"caption":"David Luiz durante o jogo entre Flamengo e Bahia pelo Campeonato Brasileiro de 2021 (Foto: Alexandre Vidal\/Flamengo)"},{"@type":"BreadcrumbList","@id":"https:\/\/www.gaveanews.com\/index.php\/2021\/11\/23\/david-luiz-fala-sobre-estrategia-para-enfrentar-o-palmeiras-na-libertadores\/#breadcrumb","itemListElement":[{"@type":"ListItem","position":1,"name":"Home","item":"https:\/\/www.gaveanews.com\/"},{"@type":"ListItem","position":2,"name":"David Luiz fala sobre estrat\u00e9gia para enfrentar o Palmeiras na Libertadores"}]},{"@type":"WebSite","@id":"https:\/\/www.gaveanews.com\/#website","url":"https:\/\/www.gaveanews.com\/","name":"G\u00e1vea News","description":"Veja todas as not\u00edcias sobre o Flamengo: Contrata\u00e7\u00f5es, categorias de base, resultados das partidas, tabela de classifica\u00e7\u00e3o, pr\u00f3ximos jogos!","potentialAction":[{"@type":"SearchAction","target":{"@type":"EntryPoint","urlTemplate":"https:\/\/www.gaveanews.com\/?s={search_term_string}"},"query-input":{"@type":"PropertyValueSpecification","valueRequired":true,"valueName":"search_term_string"}}],"inLanguage":"pt-BR"},{"@type":"Person","@id":"https:\/\/www.gaveanews.com\/#\/schema\/person\/714c67050b836198af2450ba1c142a67","name":"Let\u00edcia Gerheim","image":{"@type":"ImageObject","inLanguage":"pt-BR","@id":"https:\/\/www.gaveanews.com\/#\/schema\/person\/image\/","url":"https:\/\/secure.gravatar.com\/avatar\/60734739c50fcebfbac509e2a826ccd0ff405c019bc73aab9354f19ecad1dcb4?s=96&d=mm&r=g","contentUrl":"https:\/\/secure.gravatar.com\/avatar\/60734739c50fcebfbac509e2a826ccd0ff405c019bc73aab9354f19ecad1dcb4?s=96&d=mm&r=g","caption":"Let\u00edcia Gerheim"}}]}},"_links":{"self":[{"href":"https:\/\/www.gaveanews.com\/index.php\/wp-json\/wp\/v2\/posts\/72218","targetHints":{"allow":["GET"]}}],"collection":[{"href":"https:\/\/www.gaveanews.com\/index.php\/wp-json\/wp\/v2\/posts"}],"about":[{"href":"https:\/\/www.gaveanews.com\/index.php\/wp-json\/wp\/v2\/types\/post"}],"author":[{"embeddable":true,"href":"https:\/\/www.gaveanews.com\/index.php\/wp-json\/wp\/v2\/users\/4"}],"replies":[{"embeddable":true,"href":"https:\/\/www.gaveanews.com\/index.php\/wp-json\/wp\/v2\/comments?post=72218"}],"version-history":[{"count":0,"href":"https:\/\/www.gaveanews.com\/index.php\/wp-json\/wp\/v2\/posts\/72218\/revisions"}],"wp:featuredmedia":[{"embeddable":true,"href":"https:\/\/www.gaveanews.com\/index.php\/wp-json\/wp\/v2\/media\/71606"}],"wp:attachment":[{"href":"https:\/\/www.gaveanews.com\/index.php\/wp-json\/wp\/v2\/media?parent=72218"}],"wp:term":[{"taxonomy":"category","embeddable":true,"href":"https:\/\/www.gaveanews.com\/index.php\/wp-json\/wp\/v2\/categories?post=72218"},{"taxonomy":"post_tag","embeddable":true,"href":"https:\/\/www.gaveanews.com\/index.php\/wp-json\/wp\/v2\/tags?post=72218"}],"curies":[{"name":"wp","href":"https:\/\/api.w.org\/{rel}","templated":true}]}}