{"id":72238,"date":"2021-11-23T23:17:57","date_gmt":"2021-11-24T02:17:57","guid":{"rendered":"https:\/\/www.gaveanews.com\/?p=72238"},"modified":"2021-11-23T23:17:59","modified_gmt":"2021-11-24T02:17:59","slug":"governo-do-uruguai-manda-recado-a-torcidas-de-flamengo-e-palmeiras","status":"publish","type":"post","link":"https:\/\/www.gaveanews.com\/index.php\/2021\/11\/23\/governo-do-uruguai-manda-recado-a-torcidas-de-flamengo-e-palmeiras\/","title":{"rendered":"Governo do Uruguai manda recado a torcidas de Flamengo e Palmeiras"},"content":{"rendered":"\n<p>O Uruguai j\u00e1 se prepara para receber a grande quantidade de torcedores de Flamengo e Palmeiras para decis\u00e3o da Libertadores. Nesta ter\u00e7a-feira, o Minist\u00e9rio do Interior do pa\u00eds promoveu uma coletiva de imprensa para esclarecer como est\u00e3o os preparativos para a final e como ser\u00e1 realizada a seguran\u00e7a na cidade, a fim de minimizar poss\u00edveis confrontos entre as torcidas.<\/p>\n\n\n\n<p>De acordo com o chefe de pol\u00edcia do Uruguai, Richard Cabral, 4.500 policiais ser\u00e3o mobilizados para trabalhar na opera\u00e7\u00e3o da final. Deste n\u00famero, 1.500 ser\u00e3o mobilizados para as duas Fan Fest na capital, no Parque Rod\u00f3, para os torcedores do Palmeiras, e Parque Roosevelt, para os Rubro-Negros. O in\u00edcio de toda a opera\u00e7\u00e3o policial ter\u00e1 in\u00edcio j\u00e1 \u00e0s 22h de sexta-feira. \u00c0s 6h de s\u00e1bado, a pol\u00edcia come\u00e7ar\u00e1 a isolar os arredores do est\u00e1dio e n\u00e3o ser\u00e1 permitida a presen\u00e7a de ambulantes. \u00c0s 13h, os port\u00f5es ser\u00e3o abertos.<\/p>\n\n\n\n<p><strong><em>\u2014 Qualquer situa\u00e7\u00e3o envolvendo confronto entre bares, a Pol\u00edcia atuar\u00e1 e esse tipo de situa\u00e7\u00e3o n\u00e3o ser\u00e1 permitida<\/em><\/strong>, disse Cabral. O governo brasileiro enviou para o Uruguai uma lista de torcedores que n\u00e3o podem ingressar no pa\u00eds vizinho por conta de problemas de confus\u00f5es em est\u00e1dios de futebol. O ministro do interior do Uruguai, Luis Alberto Heber, falou sobre o assunto.<\/p>\n\n\n\n<p>\u2014 <strong><em>Haver\u00e1 postos de controle ao longo das fronteiras para continuar identificando essas pessoas e n\u00e3o aceitar que entrem em nosso pa\u00eds. Vamos apertar os controles para que as pessoas que est\u00e3o nas listas n\u00e3o possam entrar em nosso pa\u00eds para fazer desta partida uma batalha campal que n\u00e3o estamos dispostos a tolerar<\/em><\/strong>, comentou Heber.<\/p>\n\n\n\n<p>Retirado de: Di\u00e1rio do Fla<\/p>\n","protected":false},"excerpt":{"rendered":"<p>O Uruguai j\u00e1 se prepara para receber a grande quantidade de torcedores de Flamengo e Palmeiras para decis\u00e3o da Libertadores. Nesta ter\u00e7a-feira, o Minist\u00e9rio do Interior do pa\u00eds promoveu uma coletiva de imprensa para esclarecer como est\u00e3o os preparativos para a final e como ser\u00e1 realizada a seguran\u00e7a na cidade, a fim de minimizar poss\u00edveis [&hellip;]<\/p>\n","protected":false},"author":1,"featured_media":71125,"comment_status":"open","ping_status":"closed","sticky":false,"template":"","format":"standard","meta":{"footnotes":""},"categories":[1],"tags":[],"class_list":["post-72238","post","type-post","status-publish","format-standard","has-post-thumbnail","hentry","category-flamengo"],"yoast_head":"<!-- This site is optimized with the Yoast SEO Premium plugin v24.2 (Yoast SEO v26.9) - https:\/\/yoast.com\/product\/yoast-seo-premium-wordpress\/ -->\n<title>Governo do Uruguai manda recado a torcidas de Flamengo e Palmeiras<\/title>\n<meta name=\"robots\" content=\"index, follow, max-snippet:-1, max-image-preview:large, max-video-preview:-1\" \/>\n<link rel=\"canonical\" href=\"https:\/\/www.gaveanews.com\/index.php\/2021\/11\/23\/governo-do-uruguai-manda-recado-a-torcidas-de-flamengo-e-palmeiras\/\" \/>\n<meta property=\"og:locale\" content=\"pt_BR\" \/>\n<meta property=\"og:type\" content=\"article\" \/>\n<meta property=\"og:title\" content=\"Governo do Uruguai manda recado a torcidas de Flamengo e Palmeiras\" \/>\n<meta property=\"og:description\" content=\"O Uruguai j\u00e1 se prepara para receber a grande quantidade de torcedores de Flamengo e Palmeiras para decis\u00e3o da Libertadores. Nesta ter\u00e7a-feira, o Minist\u00e9rio do Interior do pa\u00eds promoveu uma coletiva de imprensa para esclarecer como est\u00e3o os preparativos para a final e como ser\u00e1 realizada a seguran\u00e7a na cidade, a fim de minimizar poss\u00edveis [&hellip;]\" \/>\n<meta property=\"og:url\" content=\"https:\/\/www.gaveanews.com\/index.php\/2021\/11\/23\/governo-do-uruguai-manda-recado-a-torcidas-de-flamengo-e-palmeiras\/\" \/>\n<meta property=\"og:site_name\" content=\"G\u00e1vea News\" \/>\n<meta property=\"article:publisher\" content=\"https:\/\/facebook.com\/gaveaNews\/\" \/>\n<meta property=\"article:published_time\" content=\"2021-11-24T02:17:57+00:00\" \/>\n<meta property=\"article:modified_time\" content=\"2021-11-24T02:17:59+00:00\" \/>\n<meta property=\"og:image\" content=\"https:\/\/www.gaveanews.com\/wp-content\/uploads\/Anuncio-sobre-final-da-Libertadores-entre-Flamengo-e-Palmeiras.webp\" \/>\n\t<meta property=\"og:image:width\" content=\"846\" \/>\n\t<meta property=\"og:image:height\" content=\"1058\" \/>\n\t<meta property=\"og:image:type\" content=\"image\/jpeg\" \/>\n<meta name=\"author\" content=\"Equipe G\u00e1vea News\" \/>\n<meta name=\"twitter:card\" content=\"summary_large_image\" \/>\n<meta name=\"twitter:label1\" content=\"Escrito por\" \/>\n\t<meta name=\"twitter:data1\" content=\"Equipe G\u00e1vea News\" \/>\n\t<meta name=\"twitter:label2\" content=\"Est. tempo de leitura\" \/>\n\t<meta name=\"twitter:data2\" content=\"2 minutos\" \/>\n<script type=\"application\/ld+json\" class=\"yoast-schema-graph\">{\"@context\":\"https:\/\/schema.org\",\"@graph\":[{\"@type\":\"NewsArticle\",\"@id\":\"https:\/\/www.gaveanews.com\/index.php\/2021\/11\/23\/governo-do-uruguai-manda-recado-a-torcidas-de-flamengo-e-palmeiras\/#article\",\"isPartOf\":{\"@id\":\"https:\/\/www.gaveanews.com\/index.php\/2021\/11\/23\/governo-do-uruguai-manda-recado-a-torcidas-de-flamengo-e-palmeiras\/\"},\"author\":{\"name\":\"Equipe G\u00e1vea News\",\"@id\":\"https:\/\/www.gaveanews.com\/#\/schema\/person\/2ec14f73fb96be2caf28f91afb14749d\"},\"headline\":\"Governo do Uruguai manda recado a torcidas de Flamengo e Palmeiras\",\"datePublished\":\"2021-11-24T02:17:57+00:00\",\"dateModified\":\"2021-11-24T02:17:59+00:00\",\"mainEntityOfPage\":{\"@id\":\"https:\/\/www.gaveanews.com\/index.php\/2021\/11\/23\/governo-do-uruguai-manda-recado-a-torcidas-de-flamengo-e-palmeiras\/\"},\"wordCount\":313,\"commentCount\":0,\"image\":{\"@id\":\"https:\/\/www.gaveanews.com\/index.php\/2021\/11\/23\/governo-do-uruguai-manda-recado-a-torcidas-de-flamengo-e-palmeiras\/#primaryimage\"},\"thumbnailUrl\":\"https:\/\/www.gaveanews.com\/wp-content\/uploads\/Anuncio-sobre-final-da-Libertadores-entre-Flamengo-e-Palmeiras.webp\",\"articleSection\":[\"Flamengo\"],\"inLanguage\":\"pt-BR\",\"potentialAction\":[{\"@type\":\"CommentAction\",\"name\":\"Comment\",\"target\":[\"https:\/\/www.gaveanews.com\/index.php\/2021\/11\/23\/governo-do-uruguai-manda-recado-a-torcidas-de-flamengo-e-palmeiras\/#respond\"]}],\"copyrightYear\":\"2021\",\"copyrightHolder\":{\"@id\":\"https:\/\/www.gaveanews.com\/#organization\"}},{\"@type\":\"WebPage\",\"@id\":\"https:\/\/www.gaveanews.com\/index.php\/2021\/11\/23\/governo-do-uruguai-manda-recado-a-torcidas-de-flamengo-e-palmeiras\/\",\"url\":\"https:\/\/www.gaveanews.com\/index.php\/2021\/11\/23\/governo-do-uruguai-manda-recado-a-torcidas-de-flamengo-e-palmeiras\/\",\"name\":\"Governo do Uruguai manda recado a torcidas de Flamengo e Palmeiras\",\"isPartOf\":{\"@id\":\"https:\/\/www.gaveanews.com\/#website\"},\"primaryImageOfPage\":{\"@id\":\"https:\/\/www.gaveanews.com\/index.php\/2021\/11\/23\/governo-do-uruguai-manda-recado-a-torcidas-de-flamengo-e-palmeiras\/#primaryimage\"},\"image\":{\"@id\":\"https:\/\/www.gaveanews.com\/index.php\/2021\/11\/23\/governo-do-uruguai-manda-recado-a-torcidas-de-flamengo-e-palmeiras\/#primaryimage\"},\"thumbnailUrl\":\"https:\/\/www.gaveanews.com\/wp-content\/uploads\/Anuncio-sobre-final-da-Libertadores-entre-Flamengo-e-Palmeiras.webp\",\"datePublished\":\"2021-11-24T02:17:57+00:00\",\"dateModified\":\"2021-11-24T02:17:59+00:00\",\"author\":{\"@id\":\"https:\/\/www.gaveanews.com\/#\/schema\/person\/2ec14f73fb96be2caf28f91afb14749d\"},\"breadcrumb\":{\"@id\":\"https:\/\/www.gaveanews.com\/index.php\/2021\/11\/23\/governo-do-uruguai-manda-recado-a-torcidas-de-flamengo-e-palmeiras\/#breadcrumb\"},\"inLanguage\":\"pt-BR\",\"potentialAction\":[{\"@type\":\"ReadAction\",\"target\":[\"https:\/\/www.gaveanews.com\/index.php\/2021\/11\/23\/governo-do-uruguai-manda-recado-a-torcidas-de-flamengo-e-palmeiras\/\"]}]},{\"@type\":\"ImageObject\",\"inLanguage\":\"pt-BR\",\"@id\":\"https:\/\/www.gaveanews.com\/index.php\/2021\/11\/23\/governo-do-uruguai-manda-recado-a-torcidas-de-flamengo-e-palmeiras\/#primaryimage\",\"url\":\"https:\/\/www.gaveanews.com\/wp-content\/uploads\/Anuncio-sobre-final-da-Libertadores-entre-Flamengo-e-Palmeiras.webp\",\"contentUrl\":\"https:\/\/www.gaveanews.com\/wp-content\/uploads\/Anuncio-sobre-final-da-Libertadores-entre-Flamengo-e-Palmeiras.webp\",\"width\":846,\"height\":1058,\"caption\":\"An\u00fancio sobre final da Libertadores entre Flamengo e Palmeiras (Foto: Divulga\u00e7\u00e3o\/Twitter\/@ConmebolLibertadores)\"},{\"@type\":\"BreadcrumbList\",\"@id\":\"https:\/\/www.gaveanews.com\/index.php\/2021\/11\/23\/governo-do-uruguai-manda-recado-a-torcidas-de-flamengo-e-palmeiras\/#breadcrumb\",\"itemListElement\":[{\"@type\":\"ListItem\",\"position\":1,\"name\":\"Home\",\"item\":\"https:\/\/www.gaveanews.com\/\"},{\"@type\":\"ListItem\",\"position\":2,\"name\":\"Governo do Uruguai manda recado a torcidas de Flamengo e Palmeiras\"}]},{\"@type\":\"WebSite\",\"@id\":\"https:\/\/www.gaveanews.com\/#website\",\"url\":\"https:\/\/www.gaveanews.com\/\",\"name\":\"G\u00e1vea News\",\"description\":\"Veja todas as not\u00edcias sobre o Flamengo: Contrata\u00e7\u00f5es, categorias de base, resultados das partidas, tabela de classifica\u00e7\u00e3o, pr\u00f3ximos jogos!\",\"potentialAction\":[{\"@type\":\"SearchAction\",\"target\":{\"@type\":\"EntryPoint\",\"urlTemplate\":\"https:\/\/www.gaveanews.com\/?s={search_term_string}\"},\"query-input\":{\"@type\":\"PropertyValueSpecification\",\"valueRequired\":true,\"valueName\":\"search_term_string\"}}],\"inLanguage\":\"pt-BR\"},{\"@type\":\"Person\",\"@id\":\"https:\/\/www.gaveanews.com\/#\/schema\/person\/2ec14f73fb96be2caf28f91afb14749d\",\"name\":\"Equipe G\u00e1vea News\",\"image\":{\"@type\":\"ImageObject\",\"inLanguage\":\"pt-BR\",\"@id\":\"https:\/\/www.gaveanews.com\/#\/schema\/person\/image\/\",\"url\":\"https:\/\/secure.gravatar.com\/avatar\/1e1956f1facbffd3f8fa53a326721950116b3b9dc9bd44939c01180fd4a745a9?s=96&d=mm&r=g\",\"contentUrl\":\"https:\/\/secure.gravatar.com\/avatar\/1e1956f1facbffd3f8fa53a326721950116b3b9dc9bd44939c01180fd4a745a9?s=96&d=mm&r=g\",\"caption\":\"Equipe G\u00e1vea News\"}}]}<\/script>\n<!-- \/ Yoast SEO Premium plugin. -->","yoast_head_json":{"title":"Governo do Uruguai manda recado a torcidas de Flamengo e Palmeiras","robots":{"index":"index","follow":"follow","max-snippet":"max-snippet:-1","max-image-preview":"max-image-preview:large","max-video-preview":"max-video-preview:-1"},"canonical":"https:\/\/www.gaveanews.com\/index.php\/2021\/11\/23\/governo-do-uruguai-manda-recado-a-torcidas-de-flamengo-e-palmeiras\/","og_locale":"pt_BR","og_type":"article","og_title":"Governo do Uruguai manda recado a torcidas de Flamengo e Palmeiras","og_description":"O Uruguai j\u00e1 se prepara para receber a grande quantidade de torcedores de Flamengo e Palmeiras para decis\u00e3o da Libertadores. Nesta ter\u00e7a-feira, o Minist\u00e9rio do Interior do pa\u00eds promoveu uma coletiva de imprensa para esclarecer como est\u00e3o os preparativos para a final e como ser\u00e1 realizada a seguran\u00e7a na cidade, a fim de minimizar poss\u00edveis [&hellip;]","og_url":"https:\/\/www.gaveanews.com\/index.php\/2021\/11\/23\/governo-do-uruguai-manda-recado-a-torcidas-de-flamengo-e-palmeiras\/","og_site_name":"G\u00e1vea News","article_publisher":"https:\/\/facebook.com\/gaveaNews\/","article_published_time":"2021-11-24T02:17:57+00:00","article_modified_time":"2021-11-24T02:17:59+00:00","og_image":[{"width":846,"height":1058,"url":"https:\/\/www.gaveanews.com\/wp-content\/uploads\/Anuncio-sobre-final-da-Libertadores-entre-Flamengo-e-Palmeiras.webp","type":"image\/jpeg"}],"author":"Equipe G\u00e1vea News","twitter_card":"summary_large_image","twitter_misc":{"Escrito por":"Equipe G\u00e1vea News","Est. tempo de leitura":"2 minutos"},"schema":{"@context":"https:\/\/schema.org","@graph":[{"@type":"NewsArticle","@id":"https:\/\/www.gaveanews.com\/index.php\/2021\/11\/23\/governo-do-uruguai-manda-recado-a-torcidas-de-flamengo-e-palmeiras\/#article","isPartOf":{"@id":"https:\/\/www.gaveanews.com\/index.php\/2021\/11\/23\/governo-do-uruguai-manda-recado-a-torcidas-de-flamengo-e-palmeiras\/"},"author":{"name":"Equipe G\u00e1vea News","@id":"https:\/\/www.gaveanews.com\/#\/schema\/person\/2ec14f73fb96be2caf28f91afb14749d"},"headline":"Governo do Uruguai manda recado a torcidas de Flamengo e Palmeiras","datePublished":"2021-11-24T02:17:57+00:00","dateModified":"2021-11-24T02:17:59+00:00","mainEntityOfPage":{"@id":"https:\/\/www.gaveanews.com\/index.php\/2021\/11\/23\/governo-do-uruguai-manda-recado-a-torcidas-de-flamengo-e-palmeiras\/"},"wordCount":313,"commentCount":0,"image":{"@id":"https:\/\/www.gaveanews.com\/index.php\/2021\/11\/23\/governo-do-uruguai-manda-recado-a-torcidas-de-flamengo-e-palmeiras\/#primaryimage"},"thumbnailUrl":"https:\/\/www.gaveanews.com\/wp-content\/uploads\/Anuncio-sobre-final-da-Libertadores-entre-Flamengo-e-Palmeiras.webp","articleSection":["Flamengo"],"inLanguage":"pt-BR","potentialAction":[{"@type":"CommentAction","name":"Comment","target":["https:\/\/www.gaveanews.com\/index.php\/2021\/11\/23\/governo-do-uruguai-manda-recado-a-torcidas-de-flamengo-e-palmeiras\/#respond"]}],"copyrightYear":"2021","copyrightHolder":{"@id":"https:\/\/www.gaveanews.com\/#organization"}},{"@type":"WebPage","@id":"https:\/\/www.gaveanews.com\/index.php\/2021\/11\/23\/governo-do-uruguai-manda-recado-a-torcidas-de-flamengo-e-palmeiras\/","url":"https:\/\/www.gaveanews.com\/index.php\/2021\/11\/23\/governo-do-uruguai-manda-recado-a-torcidas-de-flamengo-e-palmeiras\/","name":"Governo do Uruguai manda recado a torcidas de Flamengo e Palmeiras","isPartOf":{"@id":"https:\/\/www.gaveanews.com\/#website"},"primaryImageOfPage":{"@id":"https:\/\/www.gaveanews.com\/index.php\/2021\/11\/23\/governo-do-uruguai-manda-recado-a-torcidas-de-flamengo-e-palmeiras\/#primaryimage"},"image":{"@id":"https:\/\/www.gaveanews.com\/index.php\/2021\/11\/23\/governo-do-uruguai-manda-recado-a-torcidas-de-flamengo-e-palmeiras\/#primaryimage"},"thumbnailUrl":"https:\/\/www.gaveanews.com\/wp-content\/uploads\/Anuncio-sobre-final-da-Libertadores-entre-Flamengo-e-Palmeiras.webp","datePublished":"2021-11-24T02:17:57+00:00","dateModified":"2021-11-24T02:17:59+00:00","author":{"@id":"https:\/\/www.gaveanews.com\/#\/schema\/person\/2ec14f73fb96be2caf28f91afb14749d"},"breadcrumb":{"@id":"https:\/\/www.gaveanews.com\/index.php\/2021\/11\/23\/governo-do-uruguai-manda-recado-a-torcidas-de-flamengo-e-palmeiras\/#breadcrumb"},"inLanguage":"pt-BR","potentialAction":[{"@type":"ReadAction","target":["https:\/\/www.gaveanews.com\/index.php\/2021\/11\/23\/governo-do-uruguai-manda-recado-a-torcidas-de-flamengo-e-palmeiras\/"]}]},{"@type":"ImageObject","inLanguage":"pt-BR","@id":"https:\/\/www.gaveanews.com\/index.php\/2021\/11\/23\/governo-do-uruguai-manda-recado-a-torcidas-de-flamengo-e-palmeiras\/#primaryimage","url":"https:\/\/www.gaveanews.com\/wp-content\/uploads\/Anuncio-sobre-final-da-Libertadores-entre-Flamengo-e-Palmeiras.webp","contentUrl":"https:\/\/www.gaveanews.com\/wp-content\/uploads\/Anuncio-sobre-final-da-Libertadores-entre-Flamengo-e-Palmeiras.webp","width":846,"height":1058,"caption":"An\u00fancio sobre final da Libertadores entre Flamengo e Palmeiras (Foto: Divulga\u00e7\u00e3o\/Twitter\/@ConmebolLibertadores)"},{"@type":"BreadcrumbList","@id":"https:\/\/www.gaveanews.com\/index.php\/2021\/11\/23\/governo-do-uruguai-manda-recado-a-torcidas-de-flamengo-e-palmeiras\/#breadcrumb","itemListElement":[{"@type":"ListItem","position":1,"name":"Home","item":"https:\/\/www.gaveanews.com\/"},{"@type":"ListItem","position":2,"name":"Governo do Uruguai manda recado a torcidas de Flamengo e Palmeiras"}]},{"@type":"WebSite","@id":"https:\/\/www.gaveanews.com\/#website","url":"https:\/\/www.gaveanews.com\/","name":"G\u00e1vea News","description":"Veja todas as not\u00edcias sobre o Flamengo: Contrata\u00e7\u00f5es, categorias de base, resultados das partidas, tabela de classifica\u00e7\u00e3o, pr\u00f3ximos jogos!","potentialAction":[{"@type":"SearchAction","target":{"@type":"EntryPoint","urlTemplate":"https:\/\/www.gaveanews.com\/?s={search_term_string}"},"query-input":{"@type":"PropertyValueSpecification","valueRequired":true,"valueName":"search_term_string"}}],"inLanguage":"pt-BR"},{"@type":"Person","@id":"https:\/\/www.gaveanews.com\/#\/schema\/person\/2ec14f73fb96be2caf28f91afb14749d","name":"Equipe G\u00e1vea News","image":{"@type":"ImageObject","inLanguage":"pt-BR","@id":"https:\/\/www.gaveanews.com\/#\/schema\/person\/image\/","url":"https:\/\/secure.gravatar.com\/avatar\/1e1956f1facbffd3f8fa53a326721950116b3b9dc9bd44939c01180fd4a745a9?s=96&d=mm&r=g","contentUrl":"https:\/\/secure.gravatar.com\/avatar\/1e1956f1facbffd3f8fa53a326721950116b3b9dc9bd44939c01180fd4a745a9?s=96&d=mm&r=g","caption":"Equipe G\u00e1vea News"}}]}},"_links":{"self":[{"href":"https:\/\/www.gaveanews.com\/index.php\/wp-json\/wp\/v2\/posts\/72238","targetHints":{"allow":["GET"]}}],"collection":[{"href":"https:\/\/www.gaveanews.com\/index.php\/wp-json\/wp\/v2\/posts"}],"about":[{"href":"https:\/\/www.gaveanews.com\/index.php\/wp-json\/wp\/v2\/types\/post"}],"author":[{"embeddable":true,"href":"https:\/\/www.gaveanews.com\/index.php\/wp-json\/wp\/v2\/users\/1"}],"replies":[{"embeddable":true,"href":"https:\/\/www.gaveanews.com\/index.php\/wp-json\/wp\/v2\/comments?post=72238"}],"version-history":[{"count":0,"href":"https:\/\/www.gaveanews.com\/index.php\/wp-json\/wp\/v2\/posts\/72238\/revisions"}],"wp:featuredmedia":[{"embeddable":true,"href":"https:\/\/www.gaveanews.com\/index.php\/wp-json\/wp\/v2\/media\/71125"}],"wp:attachment":[{"href":"https:\/\/www.gaveanews.com\/index.php\/wp-json\/wp\/v2\/media?parent=72238"}],"wp:term":[{"taxonomy":"category","embeddable":true,"href":"https:\/\/www.gaveanews.com\/index.php\/wp-json\/wp\/v2\/categories?post=72238"},{"taxonomy":"post_tag","embeddable":true,"href":"https:\/\/www.gaveanews.com\/index.php\/wp-json\/wp\/v2\/tags?post=72238"}],"curies":[{"name":"wp","href":"https:\/\/api.w.org\/{rel}","templated":true}]}}