{"id":72260,"date":"2021-11-24T13:28:32","date_gmt":"2021-11-24T16:28:32","guid":{"rendered":"https:\/\/www.gaveanews.com\/?p=72260"},"modified":"2021-11-24T13:28:35","modified_gmt":"2021-11-24T16:28:35","slug":"vitinho-tem-uma-participacao-direta-em-gols-por-jogo-como-titular-na-temporada","status":"publish","type":"post","link":"https:\/\/www.gaveanews.com\/index.php\/2021\/11\/24\/vitinho-tem-uma-participacao-direta-em-gols-por-jogo-como-titular-na-temporada\/","title":{"rendered":"Vitinho tem uma participa\u00e7\u00e3o direta em gols por jogo como titular na temporada"},"content":{"rendered":"\n<p>O Flamengo entrou em campo com seu time alternativo na \u00faltima ter\u00e7a-feira (23) e empatou com o Gr\u00eamio por 2 a 2. Com um jogador a mais e op\u00e7\u00f5es de luxo no banco de reservas, o Mais Querido somou um ponto em seu montante na tabela de classifica\u00e7\u00e3o e fez sua \u00faltima participa\u00e7\u00e3o pelo Brasileir\u00e3o antes da final da Libertadores.<\/p>\n\n\n\n<p>Marcando presen\u00e7a em boa parte dos jogos do Mais Querido nesta temporada at\u00edpica, Vitinho teve papel importante na partida, sendo respons\u00e1vel pelos dois gols marcados pelo Fla no duelo. Somando estes tentos aos n\u00fameros acumulados pelo jogador neste ano, o camisa 11 vive seu melhor momento pelo clube, tendo sucesso em parte de suas atua\u00e7\u00f5es, principalmente como titular.<\/p>\n\n\n\n<p>No total, o jogador j\u00e1 entrou em campo 60 vezes nesta temporada, 29 como titular. Nestas ocasi\u00f5es, o atacante trouxe resultados ao clube e marcou 14 gols. Al\u00e9m disso, ele tamb\u00e9m lidera o ranking de assist\u00eancias do time na temporada, com 15 passes decisivos. Desta forma, o atleta chegou a 29 participa\u00e7\u00f5es diretas em bolas na rede pelo Fla, igualando ao n\u00famero de vezes que foi escalado neste ciclo.<\/p>\n\n\n\n<p>Cabe destacar que as estat\u00edsticas do jogador melhoraram significativamente no in\u00edcio desta temporada, quando o jogador, assim como Michael, abdicou de suas f\u00e9rias e utilizou o per\u00edodo para treinar com o grupo alternativo do Flamengo ap\u00f3s o fim do Brasileir\u00e3o.<\/p>\n\n\n\n<p>Antes disso, Vitinho somava apenas 29 passes decisivos pelo clube desde sua chegada em 2018. Ap\u00f3s os treinos e tentativas de melhora, o jogador encontrou mais espa\u00e7o no time da G\u00e1vea e iguala em uma \u00fanica temporada aos n\u00fameros ent\u00e3o possu\u00eda defendendo o Manto Sagrado.<\/p>\n","protected":false},"excerpt":{"rendered":"<p>O Flamengo entrou em campo com seu time alternativo na \u00faltima ter\u00e7a-feira (23) e empatou com o Gr\u00eamio por 2 a 2. Com um jogador a mais e op\u00e7\u00f5es de luxo no banco de reservas, o Mais Querido somou um ponto em seu montante na tabela de classifica\u00e7\u00e3o e fez sua \u00faltima participa\u00e7\u00e3o pelo Brasileir\u00e3o [&hellip;]<\/p>\n","protected":false},"author":4,"featured_media":72261,"comment_status":"open","ping_status":"closed","sticky":false,"template":"","format":"standard","meta":{"footnotes":""},"categories":[1],"tags":[],"class_list":["post-72260","post","type-post","status-publish","format-standard","has-post-thumbnail","hentry","category-flamengo"],"yoast_head":"<!-- This site is optimized with the Yoast SEO Premium plugin v24.2 (Yoast SEO v26.9) - https:\/\/yoast.com\/product\/yoast-seo-premium-wordpress\/ -->\n<title>Vitinho tem uma participa\u00e7\u00e3o direta em gols por jogo como titular em 2021<\/title>\n<meta name=\"robots\" content=\"index, follow, max-snippet:-1, max-image-preview:large, max-video-preview:-1\" \/>\n<link rel=\"canonical\" href=\"https:\/\/www.gaveanews.com\/index.php\/2021\/11\/24\/vitinho-tem-uma-participacao-direta-em-gols-por-jogo-como-titular-na-temporada\/\" \/>\n<meta property=\"og:locale\" content=\"pt_BR\" \/>\n<meta property=\"og:type\" content=\"article\" \/>\n<meta property=\"og:title\" content=\"Vitinho tem uma participa\u00e7\u00e3o direta em gols por jogo como titular na temporada\" \/>\n<meta property=\"og:description\" content=\"O Flamengo entrou em campo com seu time alternativo na \u00faltima ter\u00e7a-feira (23) e empatou com o Gr\u00eamio por 2 a 2. Com um jogador a mais e op\u00e7\u00f5es de luxo no banco de reservas, o Mais Querido somou um ponto em seu montante na tabela de classifica\u00e7\u00e3o e fez sua \u00faltima participa\u00e7\u00e3o pelo Brasileir\u00e3o [&hellip;]\" \/>\n<meta property=\"og:url\" content=\"https:\/\/www.gaveanews.com\/index.php\/2021\/11\/24\/vitinho-tem-uma-participacao-direta-em-gols-por-jogo-como-titular-na-temporada\/\" \/>\n<meta property=\"og:site_name\" content=\"G\u00e1vea News\" \/>\n<meta property=\"article:publisher\" content=\"https:\/\/facebook.com\/gaveaNews\/\" \/>\n<meta property=\"article:published_time\" content=\"2021-11-24T16:28:32+00:00\" \/>\n<meta property=\"article:modified_time\" content=\"2021-11-24T16:28:35+00:00\" \/>\n<meta property=\"og:image\" content=\"https:\/\/www.gaveanews.com\/wp-content\/uploads\/Vitinho-comemora-gol-marcado-pelo-Flamengo-contra-o-Gremio-no-Campeonato-Brasileiro-2021.webp\" \/>\n\t<meta property=\"og:image:width\" content=\"799\" \/>\n\t<meta property=\"og:image:height\" content=\"533\" \/>\n\t<meta property=\"og:image:type\" content=\"image\/jpeg\" \/>\n<meta name=\"author\" content=\"Let\u00edcia Gerheim\" \/>\n<meta name=\"twitter:card\" content=\"summary_large_image\" \/>\n<meta name=\"twitter:label1\" content=\"Escrito por\" \/>\n\t<meta name=\"twitter:data1\" content=\"Let\u00edcia Gerheim\" \/>\n\t<meta name=\"twitter:label2\" content=\"Est. tempo de leitura\" \/>\n\t<meta name=\"twitter:data2\" content=\"2 minutos\" \/>\n<script type=\"application\/ld+json\" class=\"yoast-schema-graph\">{\"@context\":\"https:\/\/schema.org\",\"@graph\":[{\"@type\":\"NewsArticle\",\"@id\":\"https:\/\/www.gaveanews.com\/index.php\/2021\/11\/24\/vitinho-tem-uma-participacao-direta-em-gols-por-jogo-como-titular-na-temporada\/#article\",\"isPartOf\":{\"@id\":\"https:\/\/www.gaveanews.com\/index.php\/2021\/11\/24\/vitinho-tem-uma-participacao-direta-em-gols-por-jogo-como-titular-na-temporada\/\"},\"author\":{\"name\":\"Let\u00edcia Gerheim\",\"@id\":\"https:\/\/www.gaveanews.com\/#\/schema\/person\/714c67050b836198af2450ba1c142a67\"},\"headline\":\"Vitinho tem uma participa\u00e7\u00e3o direta em gols por jogo como titular na temporada\",\"datePublished\":\"2021-11-24T16:28:32+00:00\",\"dateModified\":\"2021-11-24T16:28:35+00:00\",\"mainEntityOfPage\":{\"@id\":\"https:\/\/www.gaveanews.com\/index.php\/2021\/11\/24\/vitinho-tem-uma-participacao-direta-em-gols-por-jogo-como-titular-na-temporada\/\"},\"wordCount\":304,\"commentCount\":5,\"image\":{\"@id\":\"https:\/\/www.gaveanews.com\/index.php\/2021\/11\/24\/vitinho-tem-uma-participacao-direta-em-gols-por-jogo-como-titular-na-temporada\/#primaryimage\"},\"thumbnailUrl\":\"https:\/\/www.gaveanews.com\/wp-content\/uploads\/Vitinho-comemora-gol-marcado-pelo-Flamengo-contra-o-Gremio-no-Campeonato-Brasileiro-2021.webp\",\"articleSection\":[\"Flamengo\"],\"inLanguage\":\"pt-BR\",\"potentialAction\":[{\"@type\":\"CommentAction\",\"name\":\"Comment\",\"target\":[\"https:\/\/www.gaveanews.com\/index.php\/2021\/11\/24\/vitinho-tem-uma-participacao-direta-em-gols-por-jogo-como-titular-na-temporada\/#respond\"]}],\"copyrightYear\":\"2021\",\"copyrightHolder\":{\"@id\":\"https:\/\/www.gaveanews.com\/#organization\"}},{\"@type\":\"WebPage\",\"@id\":\"https:\/\/www.gaveanews.com\/index.php\/2021\/11\/24\/vitinho-tem-uma-participacao-direta-em-gols-por-jogo-como-titular-na-temporada\/\",\"url\":\"https:\/\/www.gaveanews.com\/index.php\/2021\/11\/24\/vitinho-tem-uma-participacao-direta-em-gols-por-jogo-como-titular-na-temporada\/\",\"name\":\"Vitinho tem uma participa\u00e7\u00e3o direta em gols por jogo como titular em 2021\",\"isPartOf\":{\"@id\":\"https:\/\/www.gaveanews.com\/#website\"},\"primaryImageOfPage\":{\"@id\":\"https:\/\/www.gaveanews.com\/index.php\/2021\/11\/24\/vitinho-tem-uma-participacao-direta-em-gols-por-jogo-como-titular-na-temporada\/#primaryimage\"},\"image\":{\"@id\":\"https:\/\/www.gaveanews.com\/index.php\/2021\/11\/24\/vitinho-tem-uma-participacao-direta-em-gols-por-jogo-como-titular-na-temporada\/#primaryimage\"},\"thumbnailUrl\":\"https:\/\/www.gaveanews.com\/wp-content\/uploads\/Vitinho-comemora-gol-marcado-pelo-Flamengo-contra-o-Gremio-no-Campeonato-Brasileiro-2021.webp\",\"datePublished\":\"2021-11-24T16:28:32+00:00\",\"dateModified\":\"2021-11-24T16:28:35+00:00\",\"author\":{\"@id\":\"https:\/\/www.gaveanews.com\/#\/schema\/person\/714c67050b836198af2450ba1c142a67\"},\"breadcrumb\":{\"@id\":\"https:\/\/www.gaveanews.com\/index.php\/2021\/11\/24\/vitinho-tem-uma-participacao-direta-em-gols-por-jogo-como-titular-na-temporada\/#breadcrumb\"},\"inLanguage\":\"pt-BR\",\"potentialAction\":[{\"@type\":\"ReadAction\",\"target\":[\"https:\/\/www.gaveanews.com\/index.php\/2021\/11\/24\/vitinho-tem-uma-participacao-direta-em-gols-por-jogo-como-titular-na-temporada\/\"]}]},{\"@type\":\"ImageObject\",\"inLanguage\":\"pt-BR\",\"@id\":\"https:\/\/www.gaveanews.com\/index.php\/2021\/11\/24\/vitinho-tem-uma-participacao-direta-em-gols-por-jogo-como-titular-na-temporada\/#primaryimage\",\"url\":\"https:\/\/www.gaveanews.com\/wp-content\/uploads\/Vitinho-comemora-gol-marcado-pelo-Flamengo-contra-o-Gremio-no-Campeonato-Brasileiro-2021.webp\",\"contentUrl\":\"https:\/\/www.gaveanews.com\/wp-content\/uploads\/Vitinho-comemora-gol-marcado-pelo-Flamengo-contra-o-Gremio-no-Campeonato-Brasileiro-2021.webp\",\"width\":799,\"height\":533,\"caption\":\"Vitinho comemora gol marcado pelo Flamengo contra o Gr\u00eamio no Campeonato Brasileiro 2021 (Foto: Alexandre Vidal\/Flamengo)\"},{\"@type\":\"BreadcrumbList\",\"@id\":\"https:\/\/www.gaveanews.com\/index.php\/2021\/11\/24\/vitinho-tem-uma-participacao-direta-em-gols-por-jogo-como-titular-na-temporada\/#breadcrumb\",\"itemListElement\":[{\"@type\":\"ListItem\",\"position\":1,\"name\":\"Home\",\"item\":\"https:\/\/www.gaveanews.com\/\"},{\"@type\":\"ListItem\",\"position\":2,\"name\":\"Vitinho tem uma participa\u00e7\u00e3o direta em gols por jogo como titular na temporada\"}]},{\"@type\":\"WebSite\",\"@id\":\"https:\/\/www.gaveanews.com\/#website\",\"url\":\"https:\/\/www.gaveanews.com\/\",\"name\":\"G\u00e1vea News\",\"description\":\"Veja todas as not\u00edcias sobre o Flamengo: Contrata\u00e7\u00f5es, categorias de base, resultados das partidas, tabela de classifica\u00e7\u00e3o, pr\u00f3ximos jogos!\",\"potentialAction\":[{\"@type\":\"SearchAction\",\"target\":{\"@type\":\"EntryPoint\",\"urlTemplate\":\"https:\/\/www.gaveanews.com\/?s={search_term_string}\"},\"query-input\":{\"@type\":\"PropertyValueSpecification\",\"valueRequired\":true,\"valueName\":\"search_term_string\"}}],\"inLanguage\":\"pt-BR\"},{\"@type\":\"Person\",\"@id\":\"https:\/\/www.gaveanews.com\/#\/schema\/person\/714c67050b836198af2450ba1c142a67\",\"name\":\"Let\u00edcia Gerheim\",\"image\":{\"@type\":\"ImageObject\",\"inLanguage\":\"pt-BR\",\"@id\":\"https:\/\/www.gaveanews.com\/#\/schema\/person\/image\/\",\"url\":\"https:\/\/secure.gravatar.com\/avatar\/60734739c50fcebfbac509e2a826ccd0ff405c019bc73aab9354f19ecad1dcb4?s=96&d=mm&r=g\",\"contentUrl\":\"https:\/\/secure.gravatar.com\/avatar\/60734739c50fcebfbac509e2a826ccd0ff405c019bc73aab9354f19ecad1dcb4?s=96&d=mm&r=g\",\"caption\":\"Let\u00edcia Gerheim\"}}]}<\/script>\n<!-- \/ Yoast SEO Premium plugin. -->","yoast_head_json":{"title":"Vitinho tem uma participa\u00e7\u00e3o direta em gols por jogo como titular em 2021","robots":{"index":"index","follow":"follow","max-snippet":"max-snippet:-1","max-image-preview":"max-image-preview:large","max-video-preview":"max-video-preview:-1"},"canonical":"https:\/\/www.gaveanews.com\/index.php\/2021\/11\/24\/vitinho-tem-uma-participacao-direta-em-gols-por-jogo-como-titular-na-temporada\/","og_locale":"pt_BR","og_type":"article","og_title":"Vitinho tem uma participa\u00e7\u00e3o direta em gols por jogo como titular na temporada","og_description":"O Flamengo entrou em campo com seu time alternativo na \u00faltima ter\u00e7a-feira (23) e empatou com o Gr\u00eamio por 2 a 2. Com um jogador a mais e op\u00e7\u00f5es de luxo no banco de reservas, o Mais Querido somou um ponto em seu montante na tabela de classifica\u00e7\u00e3o e fez sua \u00faltima participa\u00e7\u00e3o pelo Brasileir\u00e3o [&hellip;]","og_url":"https:\/\/www.gaveanews.com\/index.php\/2021\/11\/24\/vitinho-tem-uma-participacao-direta-em-gols-por-jogo-como-titular-na-temporada\/","og_site_name":"G\u00e1vea News","article_publisher":"https:\/\/facebook.com\/gaveaNews\/","article_published_time":"2021-11-24T16:28:32+00:00","article_modified_time":"2021-11-24T16:28:35+00:00","og_image":[{"width":799,"height":533,"url":"https:\/\/www.gaveanews.com\/wp-content\/uploads\/Vitinho-comemora-gol-marcado-pelo-Flamengo-contra-o-Gremio-no-Campeonato-Brasileiro-2021.webp","type":"image\/jpeg"}],"author":"Let\u00edcia Gerheim","twitter_card":"summary_large_image","twitter_misc":{"Escrito por":"Let\u00edcia Gerheim","Est. tempo de leitura":"2 minutos"},"schema":{"@context":"https:\/\/schema.org","@graph":[{"@type":"NewsArticle","@id":"https:\/\/www.gaveanews.com\/index.php\/2021\/11\/24\/vitinho-tem-uma-participacao-direta-em-gols-por-jogo-como-titular-na-temporada\/#article","isPartOf":{"@id":"https:\/\/www.gaveanews.com\/index.php\/2021\/11\/24\/vitinho-tem-uma-participacao-direta-em-gols-por-jogo-como-titular-na-temporada\/"},"author":{"name":"Let\u00edcia Gerheim","@id":"https:\/\/www.gaveanews.com\/#\/schema\/person\/714c67050b836198af2450ba1c142a67"},"headline":"Vitinho tem uma participa\u00e7\u00e3o direta em gols por jogo como titular na temporada","datePublished":"2021-11-24T16:28:32+00:00","dateModified":"2021-11-24T16:28:35+00:00","mainEntityOfPage":{"@id":"https:\/\/www.gaveanews.com\/index.php\/2021\/11\/24\/vitinho-tem-uma-participacao-direta-em-gols-por-jogo-como-titular-na-temporada\/"},"wordCount":304,"commentCount":5,"image":{"@id":"https:\/\/www.gaveanews.com\/index.php\/2021\/11\/24\/vitinho-tem-uma-participacao-direta-em-gols-por-jogo-como-titular-na-temporada\/#primaryimage"},"thumbnailUrl":"https:\/\/www.gaveanews.com\/wp-content\/uploads\/Vitinho-comemora-gol-marcado-pelo-Flamengo-contra-o-Gremio-no-Campeonato-Brasileiro-2021.webp","articleSection":["Flamengo"],"inLanguage":"pt-BR","potentialAction":[{"@type":"CommentAction","name":"Comment","target":["https:\/\/www.gaveanews.com\/index.php\/2021\/11\/24\/vitinho-tem-uma-participacao-direta-em-gols-por-jogo-como-titular-na-temporada\/#respond"]}],"copyrightYear":"2021","copyrightHolder":{"@id":"https:\/\/www.gaveanews.com\/#organization"}},{"@type":"WebPage","@id":"https:\/\/www.gaveanews.com\/index.php\/2021\/11\/24\/vitinho-tem-uma-participacao-direta-em-gols-por-jogo-como-titular-na-temporada\/","url":"https:\/\/www.gaveanews.com\/index.php\/2021\/11\/24\/vitinho-tem-uma-participacao-direta-em-gols-por-jogo-como-titular-na-temporada\/","name":"Vitinho tem uma participa\u00e7\u00e3o direta em gols por jogo como titular em 2021","isPartOf":{"@id":"https:\/\/www.gaveanews.com\/#website"},"primaryImageOfPage":{"@id":"https:\/\/www.gaveanews.com\/index.php\/2021\/11\/24\/vitinho-tem-uma-participacao-direta-em-gols-por-jogo-como-titular-na-temporada\/#primaryimage"},"image":{"@id":"https:\/\/www.gaveanews.com\/index.php\/2021\/11\/24\/vitinho-tem-uma-participacao-direta-em-gols-por-jogo-como-titular-na-temporada\/#primaryimage"},"thumbnailUrl":"https:\/\/www.gaveanews.com\/wp-content\/uploads\/Vitinho-comemora-gol-marcado-pelo-Flamengo-contra-o-Gremio-no-Campeonato-Brasileiro-2021.webp","datePublished":"2021-11-24T16:28:32+00:00","dateModified":"2021-11-24T16:28:35+00:00","author":{"@id":"https:\/\/www.gaveanews.com\/#\/schema\/person\/714c67050b836198af2450ba1c142a67"},"breadcrumb":{"@id":"https:\/\/www.gaveanews.com\/index.php\/2021\/11\/24\/vitinho-tem-uma-participacao-direta-em-gols-por-jogo-como-titular-na-temporada\/#breadcrumb"},"inLanguage":"pt-BR","potentialAction":[{"@type":"ReadAction","target":["https:\/\/www.gaveanews.com\/index.php\/2021\/11\/24\/vitinho-tem-uma-participacao-direta-em-gols-por-jogo-como-titular-na-temporada\/"]}]},{"@type":"ImageObject","inLanguage":"pt-BR","@id":"https:\/\/www.gaveanews.com\/index.php\/2021\/11\/24\/vitinho-tem-uma-participacao-direta-em-gols-por-jogo-como-titular-na-temporada\/#primaryimage","url":"https:\/\/www.gaveanews.com\/wp-content\/uploads\/Vitinho-comemora-gol-marcado-pelo-Flamengo-contra-o-Gremio-no-Campeonato-Brasileiro-2021.webp","contentUrl":"https:\/\/www.gaveanews.com\/wp-content\/uploads\/Vitinho-comemora-gol-marcado-pelo-Flamengo-contra-o-Gremio-no-Campeonato-Brasileiro-2021.webp","width":799,"height":533,"caption":"Vitinho comemora gol marcado pelo Flamengo contra o Gr\u00eamio no Campeonato Brasileiro 2021 (Foto: Alexandre Vidal\/Flamengo)"},{"@type":"BreadcrumbList","@id":"https:\/\/www.gaveanews.com\/index.php\/2021\/11\/24\/vitinho-tem-uma-participacao-direta-em-gols-por-jogo-como-titular-na-temporada\/#breadcrumb","itemListElement":[{"@type":"ListItem","position":1,"name":"Home","item":"https:\/\/www.gaveanews.com\/"},{"@type":"ListItem","position":2,"name":"Vitinho tem uma participa\u00e7\u00e3o direta em gols por jogo como titular na temporada"}]},{"@type":"WebSite","@id":"https:\/\/www.gaveanews.com\/#website","url":"https:\/\/www.gaveanews.com\/","name":"G\u00e1vea News","description":"Veja todas as not\u00edcias sobre o Flamengo: Contrata\u00e7\u00f5es, categorias de base, resultados das partidas, tabela de classifica\u00e7\u00e3o, pr\u00f3ximos jogos!","potentialAction":[{"@type":"SearchAction","target":{"@type":"EntryPoint","urlTemplate":"https:\/\/www.gaveanews.com\/?s={search_term_string}"},"query-input":{"@type":"PropertyValueSpecification","valueRequired":true,"valueName":"search_term_string"}}],"inLanguage":"pt-BR"},{"@type":"Person","@id":"https:\/\/www.gaveanews.com\/#\/schema\/person\/714c67050b836198af2450ba1c142a67","name":"Let\u00edcia Gerheim","image":{"@type":"ImageObject","inLanguage":"pt-BR","@id":"https:\/\/www.gaveanews.com\/#\/schema\/person\/image\/","url":"https:\/\/secure.gravatar.com\/avatar\/60734739c50fcebfbac509e2a826ccd0ff405c019bc73aab9354f19ecad1dcb4?s=96&d=mm&r=g","contentUrl":"https:\/\/secure.gravatar.com\/avatar\/60734739c50fcebfbac509e2a826ccd0ff405c019bc73aab9354f19ecad1dcb4?s=96&d=mm&r=g","caption":"Let\u00edcia Gerheim"}}]}},"_links":{"self":[{"href":"https:\/\/www.gaveanews.com\/index.php\/wp-json\/wp\/v2\/posts\/72260","targetHints":{"allow":["GET"]}}],"collection":[{"href":"https:\/\/www.gaveanews.com\/index.php\/wp-json\/wp\/v2\/posts"}],"about":[{"href":"https:\/\/www.gaveanews.com\/index.php\/wp-json\/wp\/v2\/types\/post"}],"author":[{"embeddable":true,"href":"https:\/\/www.gaveanews.com\/index.php\/wp-json\/wp\/v2\/users\/4"}],"replies":[{"embeddable":true,"href":"https:\/\/www.gaveanews.com\/index.php\/wp-json\/wp\/v2\/comments?post=72260"}],"version-history":[{"count":0,"href":"https:\/\/www.gaveanews.com\/index.php\/wp-json\/wp\/v2\/posts\/72260\/revisions"}],"wp:featuredmedia":[{"embeddable":true,"href":"https:\/\/www.gaveanews.com\/index.php\/wp-json\/wp\/v2\/media\/72261"}],"wp:attachment":[{"href":"https:\/\/www.gaveanews.com\/index.php\/wp-json\/wp\/v2\/media?parent=72260"}],"wp:term":[{"taxonomy":"category","embeddable":true,"href":"https:\/\/www.gaveanews.com\/index.php\/wp-json\/wp\/v2\/categories?post=72260"},{"taxonomy":"post_tag","embeddable":true,"href":"https:\/\/www.gaveanews.com\/index.php\/wp-json\/wp\/v2\/tags?post=72260"}],"curies":[{"name":"wp","href":"https:\/\/api.w.org\/{rel}","templated":true}]}}