{"id":72312,"date":"2021-11-25T01:36:09","date_gmt":"2021-11-25T04:36:09","guid":{"rendered":"https:\/\/www.gaveanews.com\/?p=72312"},"modified":"2021-11-25T01:36:12","modified_gmt":"2021-11-25T04:36:12","slug":"veja-quantos-ingressos-foram-vendidos-para-a-libertadores-fla-lotara-setor","status":"publish","type":"post","link":"https:\/\/www.gaveanews.com\/index.php\/2021\/11\/25\/veja-quantos-ingressos-foram-vendidos-para-a-libertadores-fla-lotara-setor\/","title":{"rendered":"Veja quantos ingressos foram vendidos para a Libertadores; Fla lotar\u00e1 setor"},"content":{"rendered":"\n<p>A torcida do Flamengo vai lotar seu setor reservado no est\u00e1dio Centen\u00e1rio no s\u00e1bado (27), enquanto os palmeirenses ainda est\u00e3o longe da marca. A coluna obteve o n\u00famero aproximado de ingressos vendidos at\u00e9 esta ter\u00e7a-feira (23) para os torcedores de cada finalista da Libertadores e para a tribuna mista \u2014 em seu blog, o jornalista Danilo Lavieri j\u00e1 havia contado que flamenguistas adquiriram mais bilhetes do que os f\u00e3s do Palmeiras.<\/p>\n\n\n\n<p>At\u00e9 o momento, o panorama est\u00e1 assim \u2014 as \u00e1reas exclusivas dos clubes est\u00e3o atr\u00e1s dos gols a pre\u00e7o de US$ 200 (R$ 1.100):<\/p>\n\n\n\n<ul class=\"wp-block-list\"><li>Setor Colombes (Flamengo) &#8212; 11,9 mil ingressos vendidos<\/li><li>Setor Amsterdam (Palmeiras) &#8211; 7,8 mil entradas vendidas<\/li><\/ul>\n\n\n\n<p>Torcedores brasileiros t\u00eam adquirido tamb\u00e9m ingressos que s\u00e3o vendidos ao p\u00fablico geral para a Tribuna Ol\u00edmpica, setor central do est\u00e1dio e que tem pre\u00e7os variando de US$ 300 (R$ 1.680) a US$ 500 (R$ 2.800). S\u00e3o cerca de 23,9 mil bilhetes para a \u00e1rea e, segundo apurou a coluna, aproximadamente 15 mil j\u00e1 foram negociados.<\/p>\n\n\n\n<p>N\u00e3o h\u00e1 como saber se os brasileiros que compraram para o setor misto s\u00e3o flamenguistas ou palmeirenses, mas levando em conta a maior venda aos torcedores do clube carioca para as \u00e1reas espec\u00edficas, as autoridades uruguaias trabalham com maior n\u00famero de flamenguistas tamb\u00e9m nessa tribuna.<\/p>\n\n\n\n<p>Por isso j\u00e1 preparam uma divis\u00e3o na Ol\u00edmpica em que os f\u00e3s do Flamengo fiquem do lado mais pr\u00f3ximo da Colombes, em um espa\u00e7o maior, os neutros (residentes no Uruguai) mais centralizados e os palmeirenses no outro canto, mais perto da arquibancada Amsterdam. A estimativa uruguaia \u00e9 de mais de 20 mil flamenguistas e de 10 mil palmeirenses dentro do est\u00e1dio \u2014 muitas pessoas devem viajar ao Uruguai sem entradas, que est\u00e3o caras, apenas para &#8220;curtir&#8221; o clima de decis\u00e3o pr\u00f3ximas ao Centen\u00e1rio.<\/p>\n\n\n\n<p>Apesar de o Centen\u00e1rio ter capacidade para 60 mil espectadores, a Conmebol n\u00e3o vender\u00e1 todos esses assentos por algumas raz\u00f5es. H\u00e1 bloqueio de cadeiras por quest\u00f5es de seguran\u00e7a, para divis\u00e3o de setores, e tamb\u00e9m partes que s\u00e3o transformadas em camarotes e \u00e1reas VIP, o que tamb\u00e9m obstrui assentos.<\/p>\n\n\n\n<p>Estima-se que est\u00e3o \u00e0 venda 48 mil ingressos, entre aqueles destinados aos clubes, aos residentes no Uruguai e parte da tribuna que n\u00e3o inclui a hospitalidade. O restante estar\u00e1 com a Conmebol para autoridades e convidados que ficar\u00e3o na Tribuna Am\u00e9rica.<\/p>\n\n\n\n<p>H\u00e1 preocupa\u00e7\u00e3o com brigas entre os torcedores dos finalistas da Libertadores, por isso at\u00e9 os locais de concentra\u00e7\u00e3o de cada um deles na cidade ser\u00e3o em pontos distantes e, para os organizados, as escoltas at\u00e9 o Centen\u00e1rio ter\u00e3o hor\u00e1rios e trajetos diferentes.<\/p>\n\n\n\n<p>Retirado de: UOL<\/p>\n","protected":false},"excerpt":{"rendered":"<p>A torcida do Flamengo vai lotar seu setor reservado no est\u00e1dio Centen\u00e1rio no s\u00e1bado (27), enquanto os palmeirenses ainda est\u00e3o longe da marca. A coluna obteve o n\u00famero aproximado de ingressos vendidos at\u00e9 esta ter\u00e7a-feira (23) para os torcedores de cada finalista da Libertadores e para a tribuna mista \u2014 em seu blog, o jornalista [&hellip;]<\/p>\n","protected":false},"author":1,"featured_media":72144,"comment_status":"open","ping_status":"closed","sticky":false,"template":"","format":"standard","meta":{"footnotes":""},"categories":[1],"tags":[],"class_list":["post-72312","post","type-post","status-publish","format-standard","has-post-thumbnail","hentry","category-flamengo"],"yoast_head":"<!-- This site is optimized with the Yoast SEO Premium plugin v24.2 (Yoast SEO v26.9) - https:\/\/yoast.com\/product\/yoast-seo-premium-wordpress\/ -->\n<title>Veja quantos ingressos foram vendidos para a Libertadores; Fla lotar\u00e1 setor<\/title>\n<meta name=\"robots\" content=\"index, follow, max-snippet:-1, max-image-preview:large, max-video-preview:-1\" \/>\n<link rel=\"canonical\" href=\"https:\/\/www.gaveanews.com\/index.php\/2021\/11\/25\/veja-quantos-ingressos-foram-vendidos-para-a-libertadores-fla-lotara-setor\/\" \/>\n<meta property=\"og:locale\" content=\"pt_BR\" \/>\n<meta property=\"og:type\" content=\"article\" \/>\n<meta property=\"og:title\" content=\"Veja quantos ingressos foram vendidos para a Libertadores; Fla lotar\u00e1 setor\" \/>\n<meta property=\"og:description\" content=\"A torcida do Flamengo vai lotar seu setor reservado no est\u00e1dio Centen\u00e1rio no s\u00e1bado (27), enquanto os palmeirenses ainda est\u00e3o longe da marca. A coluna obteve o n\u00famero aproximado de ingressos vendidos at\u00e9 esta ter\u00e7a-feira (23) para os torcedores de cada finalista da Libertadores e para a tribuna mista \u2014 em seu blog, o jornalista [&hellip;]\" \/>\n<meta property=\"og:url\" content=\"https:\/\/www.gaveanews.com\/index.php\/2021\/11\/25\/veja-quantos-ingressos-foram-vendidos-para-a-libertadores-fla-lotara-setor\/\" \/>\n<meta property=\"og:site_name\" content=\"G\u00e1vea News\" \/>\n<meta property=\"article:publisher\" content=\"https:\/\/facebook.com\/gaveaNews\/\" \/>\n<meta property=\"article:published_time\" content=\"2021-11-25T04:36:09+00:00\" \/>\n<meta property=\"article:modified_time\" content=\"2021-11-25T04:36:12+00:00\" \/>\n<meta property=\"og:image\" content=\"https:\/\/www.gaveanews.com\/wp-content\/uploads\/Torcedores-do-Flamengo-fazem-festa-para-a-delegacao-no-AreoFla.webp\" \/>\n\t<meta property=\"og:image:width\" content=\"799\" \/>\n\t<meta property=\"og:image:height\" content=\"532\" \/>\n\t<meta property=\"og:image:type\" content=\"image\/jpeg\" \/>\n<meta name=\"author\" content=\"Equipe G\u00e1vea News\" \/>\n<meta name=\"twitter:card\" content=\"summary_large_image\" \/>\n<meta name=\"twitter:label1\" content=\"Escrito por\" \/>\n\t<meta name=\"twitter:data1\" content=\"Equipe G\u00e1vea News\" \/>\n\t<meta name=\"twitter:label2\" content=\"Est. tempo de leitura\" \/>\n\t<meta name=\"twitter:data2\" content=\"2 minutos\" \/>\n<script type=\"application\/ld+json\" class=\"yoast-schema-graph\">{\"@context\":\"https:\/\/schema.org\",\"@graph\":[{\"@type\":\"NewsArticle\",\"@id\":\"https:\/\/www.gaveanews.com\/index.php\/2021\/11\/25\/veja-quantos-ingressos-foram-vendidos-para-a-libertadores-fla-lotara-setor\/#article\",\"isPartOf\":{\"@id\":\"https:\/\/www.gaveanews.com\/index.php\/2021\/11\/25\/veja-quantos-ingressos-foram-vendidos-para-a-libertadores-fla-lotara-setor\/\"},\"author\":{\"name\":\"Equipe G\u00e1vea News\",\"@id\":\"https:\/\/www.gaveanews.com\/#\/schema\/person\/2ec14f73fb96be2caf28f91afb14749d\"},\"headline\":\"Veja quantos ingressos foram vendidos para a Libertadores; Fla lotar\u00e1 setor\",\"datePublished\":\"2021-11-25T04:36:09+00:00\",\"dateModified\":\"2021-11-25T04:36:12+00:00\",\"mainEntityOfPage\":{\"@id\":\"https:\/\/www.gaveanews.com\/index.php\/2021\/11\/25\/veja-quantos-ingressos-foram-vendidos-para-a-libertadores-fla-lotara-setor\/\"},\"wordCount\":470,\"commentCount\":1,\"image\":{\"@id\":\"https:\/\/www.gaveanews.com\/index.php\/2021\/11\/25\/veja-quantos-ingressos-foram-vendidos-para-a-libertadores-fla-lotara-setor\/#primaryimage\"},\"thumbnailUrl\":\"https:\/\/www.gaveanews.com\/wp-content\/uploads\/Torcedores-do-Flamengo-fazem-festa-para-a-delegacao-no-AreoFla.webp\",\"articleSection\":[\"Flamengo\"],\"inLanguage\":\"pt-BR\",\"potentialAction\":[{\"@type\":\"CommentAction\",\"name\":\"Comment\",\"target\":[\"https:\/\/www.gaveanews.com\/index.php\/2021\/11\/25\/veja-quantos-ingressos-foram-vendidos-para-a-libertadores-fla-lotara-setor\/#respond\"]}],\"copyrightYear\":\"2021\",\"copyrightHolder\":{\"@id\":\"https:\/\/www.gaveanews.com\/#organization\"}},{\"@type\":\"WebPage\",\"@id\":\"https:\/\/www.gaveanews.com\/index.php\/2021\/11\/25\/veja-quantos-ingressos-foram-vendidos-para-a-libertadores-fla-lotara-setor\/\",\"url\":\"https:\/\/www.gaveanews.com\/index.php\/2021\/11\/25\/veja-quantos-ingressos-foram-vendidos-para-a-libertadores-fla-lotara-setor\/\",\"name\":\"Veja quantos ingressos foram vendidos para a Libertadores; Fla lotar\u00e1 setor\",\"isPartOf\":{\"@id\":\"https:\/\/www.gaveanews.com\/#website\"},\"primaryImageOfPage\":{\"@id\":\"https:\/\/www.gaveanews.com\/index.php\/2021\/11\/25\/veja-quantos-ingressos-foram-vendidos-para-a-libertadores-fla-lotara-setor\/#primaryimage\"},\"image\":{\"@id\":\"https:\/\/www.gaveanews.com\/index.php\/2021\/11\/25\/veja-quantos-ingressos-foram-vendidos-para-a-libertadores-fla-lotara-setor\/#primaryimage\"},\"thumbnailUrl\":\"https:\/\/www.gaveanews.com\/wp-content\/uploads\/Torcedores-do-Flamengo-fazem-festa-para-a-delegacao-no-AreoFla.webp\",\"datePublished\":\"2021-11-25T04:36:09+00:00\",\"dateModified\":\"2021-11-25T04:36:12+00:00\",\"author\":{\"@id\":\"https:\/\/www.gaveanews.com\/#\/schema\/person\/2ec14f73fb96be2caf28f91afb14749d\"},\"breadcrumb\":{\"@id\":\"https:\/\/www.gaveanews.com\/index.php\/2021\/11\/25\/veja-quantos-ingressos-foram-vendidos-para-a-libertadores-fla-lotara-setor\/#breadcrumb\"},\"inLanguage\":\"pt-BR\",\"potentialAction\":[{\"@type\":\"ReadAction\",\"target\":[\"https:\/\/www.gaveanews.com\/index.php\/2021\/11\/25\/veja-quantos-ingressos-foram-vendidos-para-a-libertadores-fla-lotara-setor\/\"]}]},{\"@type\":\"ImageObject\",\"inLanguage\":\"pt-BR\",\"@id\":\"https:\/\/www.gaveanews.com\/index.php\/2021\/11\/25\/veja-quantos-ingressos-foram-vendidos-para-a-libertadores-fla-lotara-setor\/#primaryimage\",\"url\":\"https:\/\/www.gaveanews.com\/wp-content\/uploads\/Torcedores-do-Flamengo-fazem-festa-para-a-delegacao-no-AreoFla.webp\",\"contentUrl\":\"https:\/\/www.gaveanews.com\/wp-content\/uploads\/Torcedores-do-Flamengo-fazem-festa-para-a-delegacao-no-AreoFla.webp\",\"width\":799,\"height\":532,\"caption\":\"Torcedores do Flamengo fazem festa para a delega\u00e7\u00e3o no AreoFla (Foto: Alexandre Vidal\/Flamengo)\"},{\"@type\":\"BreadcrumbList\",\"@id\":\"https:\/\/www.gaveanews.com\/index.php\/2021\/11\/25\/veja-quantos-ingressos-foram-vendidos-para-a-libertadores-fla-lotara-setor\/#breadcrumb\",\"itemListElement\":[{\"@type\":\"ListItem\",\"position\":1,\"name\":\"Home\",\"item\":\"https:\/\/www.gaveanews.com\/\"},{\"@type\":\"ListItem\",\"position\":2,\"name\":\"Veja quantos ingressos foram vendidos para a Libertadores; Fla lotar\u00e1 setor\"}]},{\"@type\":\"WebSite\",\"@id\":\"https:\/\/www.gaveanews.com\/#website\",\"url\":\"https:\/\/www.gaveanews.com\/\",\"name\":\"G\u00e1vea News\",\"description\":\"Veja todas as not\u00edcias sobre o Flamengo: Contrata\u00e7\u00f5es, categorias de base, resultados das partidas, tabela de classifica\u00e7\u00e3o, pr\u00f3ximos jogos!\",\"potentialAction\":[{\"@type\":\"SearchAction\",\"target\":{\"@type\":\"EntryPoint\",\"urlTemplate\":\"https:\/\/www.gaveanews.com\/?s={search_term_string}\"},\"query-input\":{\"@type\":\"PropertyValueSpecification\",\"valueRequired\":true,\"valueName\":\"search_term_string\"}}],\"inLanguage\":\"pt-BR\"},{\"@type\":\"Person\",\"@id\":\"https:\/\/www.gaveanews.com\/#\/schema\/person\/2ec14f73fb96be2caf28f91afb14749d\",\"name\":\"Equipe G\u00e1vea News\",\"image\":{\"@type\":\"ImageObject\",\"inLanguage\":\"pt-BR\",\"@id\":\"https:\/\/www.gaveanews.com\/#\/schema\/person\/image\/\",\"url\":\"https:\/\/secure.gravatar.com\/avatar\/1e1956f1facbffd3f8fa53a326721950116b3b9dc9bd44939c01180fd4a745a9?s=96&d=mm&r=g\",\"contentUrl\":\"https:\/\/secure.gravatar.com\/avatar\/1e1956f1facbffd3f8fa53a326721950116b3b9dc9bd44939c01180fd4a745a9?s=96&d=mm&r=g\",\"caption\":\"Equipe G\u00e1vea News\"}}]}<\/script>\n<!-- \/ Yoast SEO Premium plugin. -->","yoast_head_json":{"title":"Veja quantos ingressos foram vendidos para a Libertadores; Fla lotar\u00e1 setor","robots":{"index":"index","follow":"follow","max-snippet":"max-snippet:-1","max-image-preview":"max-image-preview:large","max-video-preview":"max-video-preview:-1"},"canonical":"https:\/\/www.gaveanews.com\/index.php\/2021\/11\/25\/veja-quantos-ingressos-foram-vendidos-para-a-libertadores-fla-lotara-setor\/","og_locale":"pt_BR","og_type":"article","og_title":"Veja quantos ingressos foram vendidos para a Libertadores; Fla lotar\u00e1 setor","og_description":"A torcida do Flamengo vai lotar seu setor reservado no est\u00e1dio Centen\u00e1rio no s\u00e1bado (27), enquanto os palmeirenses ainda est\u00e3o longe da marca. A coluna obteve o n\u00famero aproximado de ingressos vendidos at\u00e9 esta ter\u00e7a-feira (23) para os torcedores de cada finalista da Libertadores e para a tribuna mista \u2014 em seu blog, o jornalista [&hellip;]","og_url":"https:\/\/www.gaveanews.com\/index.php\/2021\/11\/25\/veja-quantos-ingressos-foram-vendidos-para-a-libertadores-fla-lotara-setor\/","og_site_name":"G\u00e1vea News","article_publisher":"https:\/\/facebook.com\/gaveaNews\/","article_published_time":"2021-11-25T04:36:09+00:00","article_modified_time":"2021-11-25T04:36:12+00:00","og_image":[{"width":799,"height":532,"url":"https:\/\/www.gaveanews.com\/wp-content\/uploads\/Torcedores-do-Flamengo-fazem-festa-para-a-delegacao-no-AreoFla.webp","type":"image\/jpeg"}],"author":"Equipe G\u00e1vea News","twitter_card":"summary_large_image","twitter_misc":{"Escrito por":"Equipe G\u00e1vea News","Est. tempo de leitura":"2 minutos"},"schema":{"@context":"https:\/\/schema.org","@graph":[{"@type":"NewsArticle","@id":"https:\/\/www.gaveanews.com\/index.php\/2021\/11\/25\/veja-quantos-ingressos-foram-vendidos-para-a-libertadores-fla-lotara-setor\/#article","isPartOf":{"@id":"https:\/\/www.gaveanews.com\/index.php\/2021\/11\/25\/veja-quantos-ingressos-foram-vendidos-para-a-libertadores-fla-lotara-setor\/"},"author":{"name":"Equipe G\u00e1vea News","@id":"https:\/\/www.gaveanews.com\/#\/schema\/person\/2ec14f73fb96be2caf28f91afb14749d"},"headline":"Veja quantos ingressos foram vendidos para a Libertadores; Fla lotar\u00e1 setor","datePublished":"2021-11-25T04:36:09+00:00","dateModified":"2021-11-25T04:36:12+00:00","mainEntityOfPage":{"@id":"https:\/\/www.gaveanews.com\/index.php\/2021\/11\/25\/veja-quantos-ingressos-foram-vendidos-para-a-libertadores-fla-lotara-setor\/"},"wordCount":470,"commentCount":1,"image":{"@id":"https:\/\/www.gaveanews.com\/index.php\/2021\/11\/25\/veja-quantos-ingressos-foram-vendidos-para-a-libertadores-fla-lotara-setor\/#primaryimage"},"thumbnailUrl":"https:\/\/www.gaveanews.com\/wp-content\/uploads\/Torcedores-do-Flamengo-fazem-festa-para-a-delegacao-no-AreoFla.webp","articleSection":["Flamengo"],"inLanguage":"pt-BR","potentialAction":[{"@type":"CommentAction","name":"Comment","target":["https:\/\/www.gaveanews.com\/index.php\/2021\/11\/25\/veja-quantos-ingressos-foram-vendidos-para-a-libertadores-fla-lotara-setor\/#respond"]}],"copyrightYear":"2021","copyrightHolder":{"@id":"https:\/\/www.gaveanews.com\/#organization"}},{"@type":"WebPage","@id":"https:\/\/www.gaveanews.com\/index.php\/2021\/11\/25\/veja-quantos-ingressos-foram-vendidos-para-a-libertadores-fla-lotara-setor\/","url":"https:\/\/www.gaveanews.com\/index.php\/2021\/11\/25\/veja-quantos-ingressos-foram-vendidos-para-a-libertadores-fla-lotara-setor\/","name":"Veja quantos ingressos foram vendidos para a Libertadores; Fla lotar\u00e1 setor","isPartOf":{"@id":"https:\/\/www.gaveanews.com\/#website"},"primaryImageOfPage":{"@id":"https:\/\/www.gaveanews.com\/index.php\/2021\/11\/25\/veja-quantos-ingressos-foram-vendidos-para-a-libertadores-fla-lotara-setor\/#primaryimage"},"image":{"@id":"https:\/\/www.gaveanews.com\/index.php\/2021\/11\/25\/veja-quantos-ingressos-foram-vendidos-para-a-libertadores-fla-lotara-setor\/#primaryimage"},"thumbnailUrl":"https:\/\/www.gaveanews.com\/wp-content\/uploads\/Torcedores-do-Flamengo-fazem-festa-para-a-delegacao-no-AreoFla.webp","datePublished":"2021-11-25T04:36:09+00:00","dateModified":"2021-11-25T04:36:12+00:00","author":{"@id":"https:\/\/www.gaveanews.com\/#\/schema\/person\/2ec14f73fb96be2caf28f91afb14749d"},"breadcrumb":{"@id":"https:\/\/www.gaveanews.com\/index.php\/2021\/11\/25\/veja-quantos-ingressos-foram-vendidos-para-a-libertadores-fla-lotara-setor\/#breadcrumb"},"inLanguage":"pt-BR","potentialAction":[{"@type":"ReadAction","target":["https:\/\/www.gaveanews.com\/index.php\/2021\/11\/25\/veja-quantos-ingressos-foram-vendidos-para-a-libertadores-fla-lotara-setor\/"]}]},{"@type":"ImageObject","inLanguage":"pt-BR","@id":"https:\/\/www.gaveanews.com\/index.php\/2021\/11\/25\/veja-quantos-ingressos-foram-vendidos-para-a-libertadores-fla-lotara-setor\/#primaryimage","url":"https:\/\/www.gaveanews.com\/wp-content\/uploads\/Torcedores-do-Flamengo-fazem-festa-para-a-delegacao-no-AreoFla.webp","contentUrl":"https:\/\/www.gaveanews.com\/wp-content\/uploads\/Torcedores-do-Flamengo-fazem-festa-para-a-delegacao-no-AreoFla.webp","width":799,"height":532,"caption":"Torcedores do Flamengo fazem festa para a delega\u00e7\u00e3o no AreoFla (Foto: Alexandre Vidal\/Flamengo)"},{"@type":"BreadcrumbList","@id":"https:\/\/www.gaveanews.com\/index.php\/2021\/11\/25\/veja-quantos-ingressos-foram-vendidos-para-a-libertadores-fla-lotara-setor\/#breadcrumb","itemListElement":[{"@type":"ListItem","position":1,"name":"Home","item":"https:\/\/www.gaveanews.com\/"},{"@type":"ListItem","position":2,"name":"Veja quantos ingressos foram vendidos para a Libertadores; Fla lotar\u00e1 setor"}]},{"@type":"WebSite","@id":"https:\/\/www.gaveanews.com\/#website","url":"https:\/\/www.gaveanews.com\/","name":"G\u00e1vea News","description":"Veja todas as not\u00edcias sobre o Flamengo: Contrata\u00e7\u00f5es, categorias de base, resultados das partidas, tabela de classifica\u00e7\u00e3o, pr\u00f3ximos jogos!","potentialAction":[{"@type":"SearchAction","target":{"@type":"EntryPoint","urlTemplate":"https:\/\/www.gaveanews.com\/?s={search_term_string}"},"query-input":{"@type":"PropertyValueSpecification","valueRequired":true,"valueName":"search_term_string"}}],"inLanguage":"pt-BR"},{"@type":"Person","@id":"https:\/\/www.gaveanews.com\/#\/schema\/person\/2ec14f73fb96be2caf28f91afb14749d","name":"Equipe G\u00e1vea News","image":{"@type":"ImageObject","inLanguage":"pt-BR","@id":"https:\/\/www.gaveanews.com\/#\/schema\/person\/image\/","url":"https:\/\/secure.gravatar.com\/avatar\/1e1956f1facbffd3f8fa53a326721950116b3b9dc9bd44939c01180fd4a745a9?s=96&d=mm&r=g","contentUrl":"https:\/\/secure.gravatar.com\/avatar\/1e1956f1facbffd3f8fa53a326721950116b3b9dc9bd44939c01180fd4a745a9?s=96&d=mm&r=g","caption":"Equipe G\u00e1vea News"}}]}},"_links":{"self":[{"href":"https:\/\/www.gaveanews.com\/index.php\/wp-json\/wp\/v2\/posts\/72312","targetHints":{"allow":["GET"]}}],"collection":[{"href":"https:\/\/www.gaveanews.com\/index.php\/wp-json\/wp\/v2\/posts"}],"about":[{"href":"https:\/\/www.gaveanews.com\/index.php\/wp-json\/wp\/v2\/types\/post"}],"author":[{"embeddable":true,"href":"https:\/\/www.gaveanews.com\/index.php\/wp-json\/wp\/v2\/users\/1"}],"replies":[{"embeddable":true,"href":"https:\/\/www.gaveanews.com\/index.php\/wp-json\/wp\/v2\/comments?post=72312"}],"version-history":[{"count":0,"href":"https:\/\/www.gaveanews.com\/index.php\/wp-json\/wp\/v2\/posts\/72312\/revisions"}],"wp:featuredmedia":[{"embeddable":true,"href":"https:\/\/www.gaveanews.com\/index.php\/wp-json\/wp\/v2\/media\/72144"}],"wp:attachment":[{"href":"https:\/\/www.gaveanews.com\/index.php\/wp-json\/wp\/v2\/media?parent=72312"}],"wp:term":[{"taxonomy":"category","embeddable":true,"href":"https:\/\/www.gaveanews.com\/index.php\/wp-json\/wp\/v2\/categories?post=72312"},{"taxonomy":"post_tag","embeddable":true,"href":"https:\/\/www.gaveanews.com\/index.php\/wp-json\/wp\/v2\/tags?post=72312"}],"curies":[{"name":"wp","href":"https:\/\/api.w.org\/{rel}","templated":true}]}}