{"id":72316,"date":"2021-11-25T07:23:25","date_gmt":"2021-11-25T10:23:25","guid":{"rendered":"https:\/\/www.gaveanews.com\/?p=72316"},"modified":"2021-11-25T07:24:23","modified_gmt":"2021-11-25T10:24:23","slug":"torcida-do-palmeiras-faz-birra-devido-ao-narrador-da-final-contra-o-flamengo","status":"publish","type":"post","link":"https:\/\/www.gaveanews.com\/index.php\/2021\/11\/25\/torcida-do-palmeiras-faz-birra-devido-ao-narrador-da-final-contra-o-flamengo\/","title":{"rendered":"Torcida do Palmeiras faz birra devido ao narrador da final contra o Flamengo"},"content":{"rendered":"\n<p>Jo\u00e3o Guilherme \u00e9 um dos maiores narradores do Brasil. Prova disso \u00e9 que ele narrar\u00e1 neste s\u00e1bado (27) nada menos do que sua s\u00e9tima final de Copa Libertadores. O duelo entre Palmeiras e Flamengo \u00e9 considerado por ele a maior final da competi\u00e7\u00e3o envolvendo times brasileiros \u2014essa \u00e9 a quarta da hist\u00f3ria. Nem tudo s\u00e3o flores. O narrador e apresentador da ESPN e Fox Sports tem encarado uma certa resist\u00eancia dos torcedores paulistas j\u00e1 que o profissional tem sua imagem muito ligada ao Rubro-Negro.<\/p>\n\n\n\n<p>A forma como Jo\u00e3o Guilherme trata o assunto n\u00e3o poderia ser mais natural. Para o narrador, h\u00e1 uma explica\u00e7\u00e3o bem simples sobre toda essa celeuma. Nos \u00faltimos anos, ele foi bastante escalado para fazer jogos do Flamengo por ser carioca, o que criou uma identifica\u00e7\u00e3o com os rubro-negros.<\/p>\n\n\n\n<p><strong><em>\u2014 O \u00faltimo jogo do Palmeiras que narrei foi em maio de 2013. Um jogo no Pacaembu contra o Tijuana pela Libertadores. De l\u00e1 para c\u00e1, se v\u00e3o mais de 8 anos e nunca mais narrei jogos do Palmeiras por quest\u00f5es de escala\u2026 No Fox Sports, onde trabalhei nesse per\u00edodo, pelo fato de ser carioca a dire\u00e7\u00e3o entendia que devia narrar jogos dos cariocas. Fiz muito jogos no Rio e a maioria foi do Flamengo. Ent\u00e3o, obviamente, tenho mais identifica\u00e7\u00e3o com a torcida do Flamengo por isso<\/em><\/strong>, disse ao UOL Esporte.<\/p>\n\n\n\n<p><strong><em>\u2014 \u00c9 uma responsabilidade enorme. Fui escalado pela Disney para fazer uma final de Libertadores deste porte. Ent\u00e3o, n\u00e3o cabe nenhum tipo de atitude que n\u00e3o seja profissional. Estou ali para fazer o melhor para mim e para a empresa que eu represento, para a camisa que visto, que \u00e9 a do grupo Disney. Mas \u00e9 claro, o torcedor \u00e9 movido pela emo\u00e7\u00e3o, pela paix\u00e3o. E ele n\u00e3o tem a menor obriga\u00e7\u00e3o de entender isso. E eu j\u00e1 tenho 33 anos de carreira, comecei a narrar futebol antes das redes sociais e, agora, estou no per\u00edodo delas. Entendo completamente todas essas manifesta\u00e7\u00f5es, sei que s\u00e3o movidas pela emo\u00e7\u00e3o, seja para o bem ou mal<\/em><\/strong>, completou.<\/p>\n\n\n\n<p>Apesar de entender, Jo\u00e3o deixa claro que n\u00e3o concorda. E que o debate sobre o assunto tamb\u00e9m n\u00e3o \u00e9 o melhor caminho. Para ele, a compreens\u00e3o da situa\u00e7\u00e3o e o respeito j\u00e1 s\u00e3o o suficiente para contornar o &#8220;problema&#8221;. O narrador reitera seu profissionalismo e diz que quem o acompanhar na ESPN n\u00e3o se arrepender\u00e1.<\/p>\n\n\n\n<p><strong><em>\u2014 Entendo as manifesta\u00e7\u00f5es. Se n\u00e3o quiserem aceitar tamb\u00e9m, tudo bem da mesma forma. Existe a liberdade, as escolhas. Voc\u00ea pode escolher o caminho que quiser, que mais te agradar. Podem ficar \u00e0 vontade. Agora, uma coisa voc\u00ea pode ter certeza: faremos uma transmiss\u00e3o dando o melhor de n\u00f3s, ser\u00e1 algo muito marcante. Eu, sinceramente, levo tudo isso numa boa. Muita gente fica &#8216;ah e tal&#8217;, mas eu entendo o torcedor. Eu entendo o torcedor, cara. At\u00e9 porque ele n\u00e3o est\u00e1 na raz\u00e3o, mas movido pela emo\u00e7\u00e3o. E quando isso acontece, a raz\u00e3o fica de lado. N\u00e3o d\u00e1 para discutir, d\u00e1 para entender, relevar e fazer o nosso trabalho da melhor maneira. At\u00e9 porque se for pensar muito nisso acaba n\u00e3o trabalhando. Estamos nisso h\u00e1 muito tempo e conhecemos como funciona. Faz parte<\/em><\/strong>, concluiu.<\/p>\n\n\n\n<h2 class=\"wp-block-heading\" id=\"h-medo-de-guerra-maior-final-entre-brasileiros-e-sem-favoritos\">Medo de guerra, maior final entre brasileiros e sem favoritos<\/h2>\n\n\n\n<p>Outra quest\u00e3o que incomoda Jo\u00e3o Guilherme \u00e9 o excesso de rivalidade entre os clubes. Dentro de campo, tudo \u00e9 maravilhoso e faz com que ele defina o duelo como a maior final da Libertadores entre times brasileiros. Por\u00e9m, h\u00e1 um receio de que alguns baderneiros estejam com outras motiva\u00e7\u00f5es que n\u00e3o acompanhar uma partida de futebol.<\/p>\n\n\n\n<p><strong><em>\u2014 Essa \u00e9 minha grande preocupa\u00e7\u00e3o e temo que isso, de alguma forma, possa manchar esse evento que tem tudo para ser uma grande festa de futebol. Haver\u00e1 um grande jogo, com dois grandes times e um deles ser\u00e1 campe\u00e3o. Mas acho que nada justifica briga, viol\u00eancia&#8230; Infelizmente as informa\u00e7\u00f5es d\u00e3o conta de que tem muita gente que planeja ir l\u00e1 para arranjar confus\u00e3o. A pol\u00edcia uruguaia j\u00e1 est\u00e1 ciente desse fato, mas essa \u00e9 minha grande preocupa\u00e7\u00e3o com o jogo. Fa\u00e7o at\u00e9 um apelo aqui. Pelo amor de Deus, gente, quem for para l\u00e1 tem que aproveitar aquele momento. Estar em uma cidade muito legal que \u00e9 Montevid\u00e9u, ter a chance de ir em um est\u00e1dio hist\u00f3rico, constru\u00eddo para receber a primeira Copa do Mundo. J\u00e1 recebeu 20 finais de Libertadores, quatro Copas Am\u00e9ricas foram decididas l\u00e1. \u00c9 um lugar maravilhoso, um jogo especial. Ent\u00e3o para que isso de briga e viol\u00eancia? N\u00e3o leva a nada<\/em><\/strong>, pediu.<\/p>\n\n\n\n<p>Inclusive, para Jo\u00e3o Guilherme, a partida n\u00e3o tem favoritos: <\/p>\n\n\n\n<p><strong><em>\u2014 Desde que a final foi confirmada, h\u00e1 aproximadamente dois meses, as equipes alternaram. Em determinado momento, o Flamengo estava muito bem e o Palmeiras muito mal. O Palmeiras tem um conjunto muito forte comandado pelo Abel Ferreira. E o Flamengo tem uma parte individual mais forte. O Flamengo tem mais jogadores que podem desequilibrar. S\u00e3o times com estrat\u00e9gia de jogo diferente. Com peso muito grande. Flamengo chegou a duas finais de Libertadores e venceu as duas. O Palmeiras est\u00e1 indo para a sexta final: venceu duas e perdeu tr\u00eas. S\u00e3o camisas muito pesadas<\/em><\/strong>, afirmou.<\/p>\n\n\n\n<p><strong><em>\u2014 Outro ponto. \u00c9 um jogo s\u00f3. Se fosse ida e volta poderia mudar um pouco a an\u00e1lise. Mas \u00e9 s\u00f3 uma partida e j\u00e1 vimos o que aconteceu nas duas finais de jogo \u00fanico. Foram duas finais decididas no \u00faltimo momento. O Flamengo com aquela virada hist\u00f3rica sobre o River Plate. O Palmeiras com gol do Breno Lopes no \u00faltimo minuto venceu o Santos, no Maracan\u00e3. Ent\u00e3o o fato de ser uma partida coloca ainda mais emo\u00e7\u00e3o e imprevisibilidade nessa decis\u00e3o<\/em><\/strong>, completou.<\/p>\n\n\n\n<p>Por fim, Jo\u00e3o Guilherme definiu o duelo como a maior fina da Libertadores entre clubes brasileiros. &#8220;Por ser uma final de Libertadores e por ser uma final de brasileiros muito especial, com dimens\u00e3o muito grande envolvendo Flamengo e Palmeiras, que v\u00eam disputando o topo do futebol brasileiro nos \u00faltimos anos, os clubes mais ricos, que veem ganhando t\u00edtulo. Aquela velha rivalidade entre Rio e SP. Mexe tamb\u00e9m com as outras torcidas. Corintiano, s\u00e3o-paulino e santista, na sua maioria, torcer\u00e1 pelo Fla. Mas vasca\u00edno, botafoguense e tricolor v\u00e3o torcer pro Palmeiras. Ent\u00e3o \u00e9 algo que mexe com todo universo do nosso futebol. Muito interessante&#8221;, finalizou.<\/p>\n\n\n\n<p>Retirado de: UOL<\/p>\n","protected":false},"excerpt":{"rendered":"<p>Jo\u00e3o Guilherme \u00e9 um dos maiores narradores do Brasil. Prova disso \u00e9 que ele narrar\u00e1 neste s\u00e1bado (27) nada menos do que sua s\u00e9tima final de Copa Libertadores. O duelo entre Palmeiras e Flamengo \u00e9 considerado por ele a maior final da competi\u00e7\u00e3o envolvendo times brasileiros \u2014essa \u00e9 a quarta da hist\u00f3ria. Nem tudo s\u00e3o [&hellip;]<\/p>\n","protected":false},"author":1,"featured_media":62127,"comment_status":"open","ping_status":"closed","sticky":false,"template":"","format":"standard","meta":{"footnotes":""},"categories":[1],"tags":[],"class_list":["post-72316","post","type-post","status-publish","format-standard","has-post-thumbnail","hentry","category-flamengo"],"yoast_head":"<!-- This site is optimized with the Yoast SEO Premium plugin v24.2 (Yoast SEO v26.9) - https:\/\/yoast.com\/product\/yoast-seo-premium-wordpress\/ -->\n<title>Palmeirenses fazem birra devido ao narrador da final contra o Flamengo<\/title>\n<meta name=\"description\" content=\"O narrador e apresentador tem encarado uma resist\u00eancia dos torcedores paulistas j\u00e1 que ele tem sua imagem muito ligada ao Flamengo.\" \/>\n<meta name=\"robots\" content=\"index, follow, max-snippet:-1, max-image-preview:large, max-video-preview:-1\" \/>\n<link rel=\"canonical\" href=\"https:\/\/www.gaveanews.com\/index.php\/2021\/11\/25\/torcida-do-palmeiras-faz-birra-devido-ao-narrador-da-final-contra-o-flamengo\/\" \/>\n<meta property=\"og:locale\" content=\"pt_BR\" \/>\n<meta property=\"og:type\" content=\"article\" \/>\n<meta property=\"og:title\" content=\"Torcida do Palmeiras faz birra devido ao narrador da final contra o Flamengo\" \/>\n<meta property=\"og:description\" content=\"O narrador e apresentador tem encarado uma resist\u00eancia dos torcedores paulistas j\u00e1 que ele tem sua imagem muito ligada ao Flamengo.\" \/>\n<meta property=\"og:url\" content=\"https:\/\/www.gaveanews.com\/index.php\/2021\/11\/25\/torcida-do-palmeiras-faz-birra-devido-ao-narrador-da-final-contra-o-flamengo\/\" \/>\n<meta property=\"og:site_name\" content=\"G\u00e1vea News\" \/>\n<meta property=\"article:publisher\" content=\"https:\/\/facebook.com\/gaveaNews\/\" \/>\n<meta property=\"article:published_time\" content=\"2021-11-25T10:23:25+00:00\" \/>\n<meta property=\"article:modified_time\" content=\"2021-11-25T10:24:23+00:00\" \/>\n<meta property=\"og:image\" content=\"https:\/\/www.gaveanews.com\/wp-content\/uploads\/Arrascaeta-em-acao-pelo-Flamengo-durante-a-partida-contra-o-Palmeiras-no-Campeonato-Brasileiro-de-2021.webp\" \/>\n\t<meta property=\"og:image:width\" content=\"799\" \/>\n\t<meta property=\"og:image:height\" content=\"533\" \/>\n\t<meta property=\"og:image:type\" content=\"image\/jpeg\" \/>\n<meta name=\"author\" content=\"Equipe G\u00e1vea News\" \/>\n<meta name=\"twitter:card\" content=\"summary_large_image\" \/>\n<meta name=\"twitter:label1\" content=\"Escrito por\" \/>\n\t<meta name=\"twitter:data1\" content=\"Equipe G\u00e1vea News\" \/>\n\t<meta name=\"twitter:label2\" content=\"Est. tempo de leitura\" \/>\n\t<meta name=\"twitter:data2\" content=\"5 minutos\" \/>\n<script type=\"application\/ld+json\" class=\"yoast-schema-graph\">{\"@context\":\"https:\/\/schema.org\",\"@graph\":[{\"@type\":\"NewsArticle\",\"@id\":\"https:\/\/www.gaveanews.com\/index.php\/2021\/11\/25\/torcida-do-palmeiras-faz-birra-devido-ao-narrador-da-final-contra-o-flamengo\/#article\",\"isPartOf\":{\"@id\":\"https:\/\/www.gaveanews.com\/index.php\/2021\/11\/25\/torcida-do-palmeiras-faz-birra-devido-ao-narrador-da-final-contra-o-flamengo\/\"},\"author\":{\"name\":\"Equipe G\u00e1vea News\",\"@id\":\"https:\/\/www.gaveanews.com\/#\/schema\/person\/2ec14f73fb96be2caf28f91afb14749d\"},\"headline\":\"Torcida do Palmeiras faz birra devido ao narrador da final contra o Flamengo\",\"datePublished\":\"2021-11-25T10:23:25+00:00\",\"dateModified\":\"2021-11-25T10:24:23+00:00\",\"mainEntityOfPage\":{\"@id\":\"https:\/\/www.gaveanews.com\/index.php\/2021\/11\/25\/torcida-do-palmeiras-faz-birra-devido-ao-narrador-da-final-contra-o-flamengo\/\"},\"wordCount\":1117,\"commentCount\":13,\"image\":{\"@id\":\"https:\/\/www.gaveanews.com\/index.php\/2021\/11\/25\/torcida-do-palmeiras-faz-birra-devido-ao-narrador-da-final-contra-o-flamengo\/#primaryimage\"},\"thumbnailUrl\":\"https:\/\/www.gaveanews.com\/wp-content\/uploads\/Arrascaeta-em-acao-pelo-Flamengo-durante-a-partida-contra-o-Palmeiras-no-Campeonato-Brasileiro-de-2021.webp\",\"articleSection\":[\"Flamengo\"],\"inLanguage\":\"pt-BR\",\"potentialAction\":[{\"@type\":\"CommentAction\",\"name\":\"Comment\",\"target\":[\"https:\/\/www.gaveanews.com\/index.php\/2021\/11\/25\/torcida-do-palmeiras-faz-birra-devido-ao-narrador-da-final-contra-o-flamengo\/#respond\"]}],\"copyrightYear\":\"2021\",\"copyrightHolder\":{\"@id\":\"https:\/\/www.gaveanews.com\/#organization\"}},{\"@type\":\"WebPage\",\"@id\":\"https:\/\/www.gaveanews.com\/index.php\/2021\/11\/25\/torcida-do-palmeiras-faz-birra-devido-ao-narrador-da-final-contra-o-flamengo\/\",\"url\":\"https:\/\/www.gaveanews.com\/index.php\/2021\/11\/25\/torcida-do-palmeiras-faz-birra-devido-ao-narrador-da-final-contra-o-flamengo\/\",\"name\":\"Palmeirenses fazem birra devido ao narrador da final contra o Flamengo\",\"isPartOf\":{\"@id\":\"https:\/\/www.gaveanews.com\/#website\"},\"primaryImageOfPage\":{\"@id\":\"https:\/\/www.gaveanews.com\/index.php\/2021\/11\/25\/torcida-do-palmeiras-faz-birra-devido-ao-narrador-da-final-contra-o-flamengo\/#primaryimage\"},\"image\":{\"@id\":\"https:\/\/www.gaveanews.com\/index.php\/2021\/11\/25\/torcida-do-palmeiras-faz-birra-devido-ao-narrador-da-final-contra-o-flamengo\/#primaryimage\"},\"thumbnailUrl\":\"https:\/\/www.gaveanews.com\/wp-content\/uploads\/Arrascaeta-em-acao-pelo-Flamengo-durante-a-partida-contra-o-Palmeiras-no-Campeonato-Brasileiro-de-2021.webp\",\"datePublished\":\"2021-11-25T10:23:25+00:00\",\"dateModified\":\"2021-11-25T10:24:23+00:00\",\"author\":{\"@id\":\"https:\/\/www.gaveanews.com\/#\/schema\/person\/2ec14f73fb96be2caf28f91afb14749d\"},\"description\":\"O narrador e apresentador tem encarado uma resist\u00eancia dos torcedores paulistas j\u00e1 que ele tem sua imagem muito ligada ao Flamengo.\",\"breadcrumb\":{\"@id\":\"https:\/\/www.gaveanews.com\/index.php\/2021\/11\/25\/torcida-do-palmeiras-faz-birra-devido-ao-narrador-da-final-contra-o-flamengo\/#breadcrumb\"},\"inLanguage\":\"pt-BR\",\"potentialAction\":[{\"@type\":\"ReadAction\",\"target\":[\"https:\/\/www.gaveanews.com\/index.php\/2021\/11\/25\/torcida-do-palmeiras-faz-birra-devido-ao-narrador-da-final-contra-o-flamengo\/\"]}]},{\"@type\":\"ImageObject\",\"inLanguage\":\"pt-BR\",\"@id\":\"https:\/\/www.gaveanews.com\/index.php\/2021\/11\/25\/torcida-do-palmeiras-faz-birra-devido-ao-narrador-da-final-contra-o-flamengo\/#primaryimage\",\"url\":\"https:\/\/www.gaveanews.com\/wp-content\/uploads\/Arrascaeta-em-acao-pelo-Flamengo-durante-a-partida-contra-o-Palmeiras-no-Campeonato-Brasileiro-de-2021.webp\",\"contentUrl\":\"https:\/\/www.gaveanews.com\/wp-content\/uploads\/Arrascaeta-em-acao-pelo-Flamengo-durante-a-partida-contra-o-Palmeiras-no-Campeonato-Brasileiro-de-2021.webp\",\"width\":799,\"height\":533,\"caption\":\"Arrascaeta em a\u00e7\u00e3o pelo Flamengo durante a partida contra o Palmeiras no Campeonato Brasileiro de 2021 (Foto: Alexandre Vidal\/Flamengo)\"},{\"@type\":\"BreadcrumbList\",\"@id\":\"https:\/\/www.gaveanews.com\/index.php\/2021\/11\/25\/torcida-do-palmeiras-faz-birra-devido-ao-narrador-da-final-contra-o-flamengo\/#breadcrumb\",\"itemListElement\":[{\"@type\":\"ListItem\",\"position\":1,\"name\":\"Home\",\"item\":\"https:\/\/www.gaveanews.com\/\"},{\"@type\":\"ListItem\",\"position\":2,\"name\":\"Torcida do Palmeiras faz birra devido ao narrador da final contra o Flamengo\"}]},{\"@type\":\"WebSite\",\"@id\":\"https:\/\/www.gaveanews.com\/#website\",\"url\":\"https:\/\/www.gaveanews.com\/\",\"name\":\"G\u00e1vea News\",\"description\":\"Veja todas as not\u00edcias sobre o Flamengo: Contrata\u00e7\u00f5es, categorias de base, resultados das partidas, tabela de classifica\u00e7\u00e3o, pr\u00f3ximos jogos!\",\"potentialAction\":[{\"@type\":\"SearchAction\",\"target\":{\"@type\":\"EntryPoint\",\"urlTemplate\":\"https:\/\/www.gaveanews.com\/?s={search_term_string}\"},\"query-input\":{\"@type\":\"PropertyValueSpecification\",\"valueRequired\":true,\"valueName\":\"search_term_string\"}}],\"inLanguage\":\"pt-BR\"},{\"@type\":\"Person\",\"@id\":\"https:\/\/www.gaveanews.com\/#\/schema\/person\/2ec14f73fb96be2caf28f91afb14749d\",\"name\":\"Equipe G\u00e1vea News\",\"image\":{\"@type\":\"ImageObject\",\"inLanguage\":\"pt-BR\",\"@id\":\"https:\/\/www.gaveanews.com\/#\/schema\/person\/image\/\",\"url\":\"https:\/\/secure.gravatar.com\/avatar\/1e1956f1facbffd3f8fa53a326721950116b3b9dc9bd44939c01180fd4a745a9?s=96&d=mm&r=g\",\"contentUrl\":\"https:\/\/secure.gravatar.com\/avatar\/1e1956f1facbffd3f8fa53a326721950116b3b9dc9bd44939c01180fd4a745a9?s=96&d=mm&r=g\",\"caption\":\"Equipe G\u00e1vea News\"}}]}<\/script>\n<!-- \/ Yoast SEO Premium plugin. -->","yoast_head_json":{"title":"Palmeirenses fazem birra devido ao narrador da final contra o Flamengo","description":"O narrador e apresentador tem encarado uma resist\u00eancia dos torcedores paulistas j\u00e1 que ele tem sua imagem muito ligada ao Flamengo.","robots":{"index":"index","follow":"follow","max-snippet":"max-snippet:-1","max-image-preview":"max-image-preview:large","max-video-preview":"max-video-preview:-1"},"canonical":"https:\/\/www.gaveanews.com\/index.php\/2021\/11\/25\/torcida-do-palmeiras-faz-birra-devido-ao-narrador-da-final-contra-o-flamengo\/","og_locale":"pt_BR","og_type":"article","og_title":"Torcida do Palmeiras faz birra devido ao narrador da final contra o Flamengo","og_description":"O narrador e apresentador tem encarado uma resist\u00eancia dos torcedores paulistas j\u00e1 que ele tem sua imagem muito ligada ao Flamengo.","og_url":"https:\/\/www.gaveanews.com\/index.php\/2021\/11\/25\/torcida-do-palmeiras-faz-birra-devido-ao-narrador-da-final-contra-o-flamengo\/","og_site_name":"G\u00e1vea News","article_publisher":"https:\/\/facebook.com\/gaveaNews\/","article_published_time":"2021-11-25T10:23:25+00:00","article_modified_time":"2021-11-25T10:24:23+00:00","og_image":[{"width":799,"height":533,"url":"https:\/\/www.gaveanews.com\/wp-content\/uploads\/Arrascaeta-em-acao-pelo-Flamengo-durante-a-partida-contra-o-Palmeiras-no-Campeonato-Brasileiro-de-2021.webp","type":"image\/jpeg"}],"author":"Equipe G\u00e1vea News","twitter_card":"summary_large_image","twitter_misc":{"Escrito por":"Equipe G\u00e1vea News","Est. tempo de leitura":"5 minutos"},"schema":{"@context":"https:\/\/schema.org","@graph":[{"@type":"NewsArticle","@id":"https:\/\/www.gaveanews.com\/index.php\/2021\/11\/25\/torcida-do-palmeiras-faz-birra-devido-ao-narrador-da-final-contra-o-flamengo\/#article","isPartOf":{"@id":"https:\/\/www.gaveanews.com\/index.php\/2021\/11\/25\/torcida-do-palmeiras-faz-birra-devido-ao-narrador-da-final-contra-o-flamengo\/"},"author":{"name":"Equipe G\u00e1vea News","@id":"https:\/\/www.gaveanews.com\/#\/schema\/person\/2ec14f73fb96be2caf28f91afb14749d"},"headline":"Torcida do Palmeiras faz birra devido ao narrador da final contra o Flamengo","datePublished":"2021-11-25T10:23:25+00:00","dateModified":"2021-11-25T10:24:23+00:00","mainEntityOfPage":{"@id":"https:\/\/www.gaveanews.com\/index.php\/2021\/11\/25\/torcida-do-palmeiras-faz-birra-devido-ao-narrador-da-final-contra-o-flamengo\/"},"wordCount":1117,"commentCount":13,"image":{"@id":"https:\/\/www.gaveanews.com\/index.php\/2021\/11\/25\/torcida-do-palmeiras-faz-birra-devido-ao-narrador-da-final-contra-o-flamengo\/#primaryimage"},"thumbnailUrl":"https:\/\/www.gaveanews.com\/wp-content\/uploads\/Arrascaeta-em-acao-pelo-Flamengo-durante-a-partida-contra-o-Palmeiras-no-Campeonato-Brasileiro-de-2021.webp","articleSection":["Flamengo"],"inLanguage":"pt-BR","potentialAction":[{"@type":"CommentAction","name":"Comment","target":["https:\/\/www.gaveanews.com\/index.php\/2021\/11\/25\/torcida-do-palmeiras-faz-birra-devido-ao-narrador-da-final-contra-o-flamengo\/#respond"]}],"copyrightYear":"2021","copyrightHolder":{"@id":"https:\/\/www.gaveanews.com\/#organization"}},{"@type":"WebPage","@id":"https:\/\/www.gaveanews.com\/index.php\/2021\/11\/25\/torcida-do-palmeiras-faz-birra-devido-ao-narrador-da-final-contra-o-flamengo\/","url":"https:\/\/www.gaveanews.com\/index.php\/2021\/11\/25\/torcida-do-palmeiras-faz-birra-devido-ao-narrador-da-final-contra-o-flamengo\/","name":"Palmeirenses fazem birra devido ao narrador da final contra o Flamengo","isPartOf":{"@id":"https:\/\/www.gaveanews.com\/#website"},"primaryImageOfPage":{"@id":"https:\/\/www.gaveanews.com\/index.php\/2021\/11\/25\/torcida-do-palmeiras-faz-birra-devido-ao-narrador-da-final-contra-o-flamengo\/#primaryimage"},"image":{"@id":"https:\/\/www.gaveanews.com\/index.php\/2021\/11\/25\/torcida-do-palmeiras-faz-birra-devido-ao-narrador-da-final-contra-o-flamengo\/#primaryimage"},"thumbnailUrl":"https:\/\/www.gaveanews.com\/wp-content\/uploads\/Arrascaeta-em-acao-pelo-Flamengo-durante-a-partida-contra-o-Palmeiras-no-Campeonato-Brasileiro-de-2021.webp","datePublished":"2021-11-25T10:23:25+00:00","dateModified":"2021-11-25T10:24:23+00:00","author":{"@id":"https:\/\/www.gaveanews.com\/#\/schema\/person\/2ec14f73fb96be2caf28f91afb14749d"},"description":"O narrador e apresentador tem encarado uma resist\u00eancia dos torcedores paulistas j\u00e1 que ele tem sua imagem muito ligada ao Flamengo.","breadcrumb":{"@id":"https:\/\/www.gaveanews.com\/index.php\/2021\/11\/25\/torcida-do-palmeiras-faz-birra-devido-ao-narrador-da-final-contra-o-flamengo\/#breadcrumb"},"inLanguage":"pt-BR","potentialAction":[{"@type":"ReadAction","target":["https:\/\/www.gaveanews.com\/index.php\/2021\/11\/25\/torcida-do-palmeiras-faz-birra-devido-ao-narrador-da-final-contra-o-flamengo\/"]}]},{"@type":"ImageObject","inLanguage":"pt-BR","@id":"https:\/\/www.gaveanews.com\/index.php\/2021\/11\/25\/torcida-do-palmeiras-faz-birra-devido-ao-narrador-da-final-contra-o-flamengo\/#primaryimage","url":"https:\/\/www.gaveanews.com\/wp-content\/uploads\/Arrascaeta-em-acao-pelo-Flamengo-durante-a-partida-contra-o-Palmeiras-no-Campeonato-Brasileiro-de-2021.webp","contentUrl":"https:\/\/www.gaveanews.com\/wp-content\/uploads\/Arrascaeta-em-acao-pelo-Flamengo-durante-a-partida-contra-o-Palmeiras-no-Campeonato-Brasileiro-de-2021.webp","width":799,"height":533,"caption":"Arrascaeta em a\u00e7\u00e3o pelo Flamengo durante a partida contra o Palmeiras no Campeonato Brasileiro de 2021 (Foto: Alexandre Vidal\/Flamengo)"},{"@type":"BreadcrumbList","@id":"https:\/\/www.gaveanews.com\/index.php\/2021\/11\/25\/torcida-do-palmeiras-faz-birra-devido-ao-narrador-da-final-contra-o-flamengo\/#breadcrumb","itemListElement":[{"@type":"ListItem","position":1,"name":"Home","item":"https:\/\/www.gaveanews.com\/"},{"@type":"ListItem","position":2,"name":"Torcida do Palmeiras faz birra devido ao narrador da final contra o Flamengo"}]},{"@type":"WebSite","@id":"https:\/\/www.gaveanews.com\/#website","url":"https:\/\/www.gaveanews.com\/","name":"G\u00e1vea News","description":"Veja todas as not\u00edcias sobre o Flamengo: Contrata\u00e7\u00f5es, categorias de base, resultados das partidas, tabela de classifica\u00e7\u00e3o, pr\u00f3ximos jogos!","potentialAction":[{"@type":"SearchAction","target":{"@type":"EntryPoint","urlTemplate":"https:\/\/www.gaveanews.com\/?s={search_term_string}"},"query-input":{"@type":"PropertyValueSpecification","valueRequired":true,"valueName":"search_term_string"}}],"inLanguage":"pt-BR"},{"@type":"Person","@id":"https:\/\/www.gaveanews.com\/#\/schema\/person\/2ec14f73fb96be2caf28f91afb14749d","name":"Equipe G\u00e1vea News","image":{"@type":"ImageObject","inLanguage":"pt-BR","@id":"https:\/\/www.gaveanews.com\/#\/schema\/person\/image\/","url":"https:\/\/secure.gravatar.com\/avatar\/1e1956f1facbffd3f8fa53a326721950116b3b9dc9bd44939c01180fd4a745a9?s=96&d=mm&r=g","contentUrl":"https:\/\/secure.gravatar.com\/avatar\/1e1956f1facbffd3f8fa53a326721950116b3b9dc9bd44939c01180fd4a745a9?s=96&d=mm&r=g","caption":"Equipe G\u00e1vea News"}}]}},"_links":{"self":[{"href":"https:\/\/www.gaveanews.com\/index.php\/wp-json\/wp\/v2\/posts\/72316","targetHints":{"allow":["GET"]}}],"collection":[{"href":"https:\/\/www.gaveanews.com\/index.php\/wp-json\/wp\/v2\/posts"}],"about":[{"href":"https:\/\/www.gaveanews.com\/index.php\/wp-json\/wp\/v2\/types\/post"}],"author":[{"embeddable":true,"href":"https:\/\/www.gaveanews.com\/index.php\/wp-json\/wp\/v2\/users\/1"}],"replies":[{"embeddable":true,"href":"https:\/\/www.gaveanews.com\/index.php\/wp-json\/wp\/v2\/comments?post=72316"}],"version-history":[{"count":0,"href":"https:\/\/www.gaveanews.com\/index.php\/wp-json\/wp\/v2\/posts\/72316\/revisions"}],"wp:featuredmedia":[{"embeddable":true,"href":"https:\/\/www.gaveanews.com\/index.php\/wp-json\/wp\/v2\/media\/62127"}],"wp:attachment":[{"href":"https:\/\/www.gaveanews.com\/index.php\/wp-json\/wp\/v2\/media?parent=72316"}],"wp:term":[{"taxonomy":"category","embeddable":true,"href":"https:\/\/www.gaveanews.com\/index.php\/wp-json\/wp\/v2\/categories?post=72316"},{"taxonomy":"post_tag","embeddable":true,"href":"https:\/\/www.gaveanews.com\/index.php\/wp-json\/wp\/v2\/tags?post=72316"}],"curies":[{"name":"wp","href":"https:\/\/api.w.org\/{rel}","templated":true}]}}