{"id":72332,"date":"2021-11-25T10:30:12","date_gmt":"2021-11-25T13:30:12","guid":{"rendered":"https:\/\/www.gaveanews.com\/?p=72332"},"modified":"2021-11-25T10:30:15","modified_gmt":"2021-11-25T13:30:15","slug":"de-londres-atacante-reforca-torcida-do-flamengo","status":"publish","type":"post","link":"https:\/\/www.gaveanews.com\/index.php\/2021\/11\/25\/de-londres-atacante-reforca-torcida-do-flamengo\/","title":{"rendered":"De Londres, atacante refor\u00e7a torcida do Flamengo"},"content":{"rendered":"\n<p>Torcedores dos mais diversos lugares do mundo est\u00e3o deslocando-se para Montevid\u00e9u, onde o Flamengo enfrenta o Palmeiras, no s\u00e1bado, na decis\u00e3o da Libertadores. Os cerca de 20 mil rubro-negros esperados no Uruguai ser\u00e3o apenas uma parte da torcida que acompanhar\u00e1 a final de onde estiver. Em Londres, por exemplo, Rodrigo Muniz, hoje no Fulham (ING), estar\u00e1 &#8220;sofrendo&#8221; junto com os ex-companheiros. A torcida para o atacante ainda tem um valor especial, uma vez que o promissor atleta atuou pelo Fla nesta edi\u00e7\u00e3o da Copa.<\/p>\n\n\n\n<p><strong><em>\u2014 Acho que d\u00e1 (para colocar o t\u00edtulo no curr\u00edculo, caso o Flamengo ven\u00e7a), sim, n\u00e9?! (risos) Como atuei, ent\u00e3o acho que d\u00e1 para se sentir como campe\u00e3o. Claro que para quem est\u00e1 na final \u00e9 diferente, por todo sentimento e envolvimento, mas para mim tamb\u00e9m ser\u00e1 especial<\/em><\/strong>, disse Muniz, ao &#8216;Lance&#8217;, antes de seguir:<\/p>\n\n\n\n<p><strong><em>\u2014 Tenho jogo aqui no mesmo dia, mas \u00e9 mais cedo. Ent\u00e3o \u00e9 estar bem focado na partida, buscar a vit\u00f3ria para mantermos a boa campanha, e depois j\u00e1 organizar para ver a final (risos). Quem sabe n\u00e3o sai um golzinho e depois tamb\u00e9m vem o t\u00edtulo?<\/em><\/strong> &#8211; projetou Rodrigo Muniz, que estar\u00e1 \u00e0 disposi\u00e7\u00e3o do Fulham contra o Preston, na 20\u00aa rodada da Championship, no s\u00e1bado \u00e0s 9h30.<\/p>\n\n\n\n<p>Hoje com 29 anos, Rodrigo Muniz chegou \u00e0s divis\u00f5es de base do Flamengo em 2018. A estreia entre os profissionais foi em 2020 e, ap\u00f3s nove gols em 25 jogos pelo time principal neste ano, o centroavante foi vendido ao Fulham em agosto. Os ingleses pagar\u00e3o 8 milh\u00f5es de euros pelo atacante, cerca de R$ 49 milh\u00f5es.<\/p>\n\n\n\n<p>Em adapta\u00e7\u00e3o ao novo clube e pa\u00eds, Rodrigo Muniz tem conquistado, aos poucos, seu espa\u00e7o na equipe do Fulham. S\u00e3o nove jogos, sendo apenas um com mais de 35 minutos em campo, e tr\u00eas gols marcados na Championship.<\/p>\n\n\n\n<p>Em entrevista ao &#8216;Lance&#8217;, o promissor centroavante brasileiro comentou o seu in\u00edcio no Fulham, os desafios e a expectativa para a sequ\u00eancia na Inglaterra.<\/p>\n\n\n\n<p><strong><em>\u2014 Por enquanto s\u00f3 tenho a agradecer. Claro que tem muitas mudan\u00e7as, tenha a quest\u00e3o da l\u00edngua, do estilo de jogo, mas s\u00e3o coisas que aos poucos vou pegando. Sou jovem e isso ajuda. Al\u00e9m disso, fui muito bem recebido no clube, todos me deixaram \u00e0 vontade e tranquilo para trabalhar. Tenho aprendido e evolu\u00eddo demais nesses \u00faltimos meses &#8211; comentou Muniz<\/em><\/strong>, complementando:<\/p>\n\n\n\n<p>\u2014 <strong><em>O principal objetivo nesse momento era de poder entender melhor como o futebol \u00e9 praticado aqui e me adaptar ao pa\u00eds. Creio que, apesar do pouco tempo, j\u00e1 consegui evoluir. Tenho procurado aprender, observar e, quando tenho oportunidade, creio que tenho conseguido atuar bem tamb\u00e9m. Temos uma equipe muito boa e um grupo muito unido, que est\u00e1 focado para buscar os objetivos e estamos conseguindo nos manter nas primeiras posi\u00e7\u00f5es.<\/em><\/strong><\/p>\n\n\n\n<p>Por conta da breve, mas positiva, passagem pelo time principal do Flamengo, Rodrigo Muniz tem os passos acompanhados pela Na\u00e7\u00e3o no cen\u00e1rio europeu.<\/p>\n\n\n\n<p>Os primeiros gols do centroavante na segunda divis\u00e3o da Inglaterra tiveram bastante repercuss\u00e3o entre os torcedores, e Muniz agradeceu o carinho.<\/p>\n\n\n\n<p><strong><em>\u2014 Fico feliz e sempre acompanho as repercuss\u00f5es. Quase sempre vejo os jogos do Flamengo e tor\u00e7o pelos meus amigos. A torcida do Flamengo \u00e9 sensacional, quando sa\u00ed ainda n\u00e3o estava tendo p\u00fablico no est\u00e1dio, ent\u00e3o s\u00f3 pelas redes sociais. Para mim \u00e9 muito especial, \u00e9 sinal de que gostam de mim e que pude deixar, apesar de em pouco tempo, meu nome marcado de alguma maneira.<\/em><\/strong><\/p>\n\n\n\n<p>Retirado de: Lancec<\/p>\n","protected":false},"excerpt":{"rendered":"<p>Torcedores dos mais diversos lugares do mundo est\u00e3o deslocando-se para Montevid\u00e9u, onde o Flamengo enfrenta o Palmeiras, no s\u00e1bado, na decis\u00e3o da Libertadores. Os cerca de 20 mil rubro-negros esperados no Uruguai ser\u00e3o apenas uma parte da torcida que acompanhar\u00e1 a final de onde estiver. Em Londres, por exemplo, Rodrigo Muniz, hoje no Fulham (ING), [&hellip;]<\/p>\n","protected":false},"author":1,"featured_media":57238,"comment_status":"open","ping_status":"closed","sticky":false,"template":"","format":"standard","meta":{"footnotes":""},"categories":[1],"tags":[],"class_list":["post-72332","post","type-post","status-publish","format-standard","has-post-thumbnail","hentry","category-flamengo"],"yoast_head":"<!-- This site is optimized with the Yoast SEO Premium plugin v24.2 (Yoast SEO v26.9) - https:\/\/yoast.com\/product\/yoast-seo-premium-wordpress\/ -->\n<title>De Londres, atacante refor\u00e7a torcida do Flamengo<\/title>\n<meta name=\"robots\" content=\"index, follow, max-snippet:-1, max-image-preview:large, max-video-preview:-1\" \/>\n<link rel=\"canonical\" href=\"https:\/\/www.gaveanews.com\/index.php\/2021\/11\/25\/de-londres-atacante-reforca-torcida-do-flamengo\/\" \/>\n<meta property=\"og:locale\" content=\"pt_BR\" \/>\n<meta property=\"og:type\" content=\"article\" \/>\n<meta property=\"og:title\" content=\"De Londres, atacante refor\u00e7a torcida do Flamengo\" \/>\n<meta property=\"og:description\" content=\"Torcedores dos mais diversos lugares do mundo est\u00e3o deslocando-se para Montevid\u00e9u, onde o Flamengo enfrenta o Palmeiras, no s\u00e1bado, na decis\u00e3o da Libertadores. Os cerca de 20 mil rubro-negros esperados no Uruguai ser\u00e3o apenas uma parte da torcida que acompanhar\u00e1 a final de onde estiver. Em Londres, por exemplo, Rodrigo Muniz, hoje no Fulham (ING), [&hellip;]\" \/>\n<meta property=\"og:url\" content=\"https:\/\/www.gaveanews.com\/index.php\/2021\/11\/25\/de-londres-atacante-reforca-torcida-do-flamengo\/\" \/>\n<meta property=\"og:site_name\" content=\"G\u00e1vea News\" \/>\n<meta property=\"article:publisher\" content=\"https:\/\/facebook.com\/gaveaNews\/\" \/>\n<meta property=\"article:published_time\" content=\"2021-11-25T13:30:12+00:00\" \/>\n<meta property=\"article:modified_time\" content=\"2021-11-25T13:30:15+00:00\" \/>\n<meta property=\"og:image\" content=\"https:\/\/www.gaveanews.com\/wp-content\/uploads\/Muniz-sorri-apos-marcar-um-gol-para-o-Flamengo-durante-o-jogo-contra-o-Macae-no-Campeonato-Carioca-de-2021.webp\" \/>\n\t<meta property=\"og:image:width\" content=\"800\" \/>\n\t<meta property=\"og:image:height\" content=\"533\" \/>\n\t<meta property=\"og:image:type\" content=\"image\/jpeg\" \/>\n<meta name=\"author\" content=\"Equipe G\u00e1vea News\" \/>\n<meta name=\"twitter:card\" content=\"summary_large_image\" \/>\n<meta name=\"twitter:label1\" content=\"Escrito por\" \/>\n\t<meta name=\"twitter:data1\" content=\"Equipe G\u00e1vea News\" \/>\n\t<meta name=\"twitter:label2\" content=\"Est. tempo de leitura\" \/>\n\t<meta name=\"twitter:data2\" content=\"3 minutos\" \/>\n<script type=\"application\/ld+json\" class=\"yoast-schema-graph\">{\"@context\":\"https:\/\/schema.org\",\"@graph\":[{\"@type\":\"NewsArticle\",\"@id\":\"https:\/\/www.gaveanews.com\/index.php\/2021\/11\/25\/de-londres-atacante-reforca-torcida-do-flamengo\/#article\",\"isPartOf\":{\"@id\":\"https:\/\/www.gaveanews.com\/index.php\/2021\/11\/25\/de-londres-atacante-reforca-torcida-do-flamengo\/\"},\"author\":{\"name\":\"Equipe G\u00e1vea News\",\"@id\":\"https:\/\/www.gaveanews.com\/#\/schema\/person\/2ec14f73fb96be2caf28f91afb14749d\"},\"headline\":\"De Londres, atacante refor\u00e7a torcida do Flamengo\",\"datePublished\":\"2021-11-25T13:30:12+00:00\",\"dateModified\":\"2021-11-25T13:30:15+00:00\",\"mainEntityOfPage\":{\"@id\":\"https:\/\/www.gaveanews.com\/index.php\/2021\/11\/25\/de-londres-atacante-reforca-torcida-do-flamengo\/\"},\"wordCount\":610,\"commentCount\":8,\"image\":{\"@id\":\"https:\/\/www.gaveanews.com\/index.php\/2021\/11\/25\/de-londres-atacante-reforca-torcida-do-flamengo\/#primaryimage\"},\"thumbnailUrl\":\"https:\/\/www.gaveanews.com\/wp-content\/uploads\/Muniz-sorri-apos-marcar-um-gol-para-o-Flamengo-durante-o-jogo-contra-o-Macae-no-Campeonato-Carioca-de-2021.webp\",\"articleSection\":[\"Flamengo\"],\"inLanguage\":\"pt-BR\",\"potentialAction\":[{\"@type\":\"CommentAction\",\"name\":\"Comment\",\"target\":[\"https:\/\/www.gaveanews.com\/index.php\/2021\/11\/25\/de-londres-atacante-reforca-torcida-do-flamengo\/#respond\"]}],\"copyrightYear\":\"2021\",\"copyrightHolder\":{\"@id\":\"https:\/\/www.gaveanews.com\/#organization\"}},{\"@type\":\"WebPage\",\"@id\":\"https:\/\/www.gaveanews.com\/index.php\/2021\/11\/25\/de-londres-atacante-reforca-torcida-do-flamengo\/\",\"url\":\"https:\/\/www.gaveanews.com\/index.php\/2021\/11\/25\/de-londres-atacante-reforca-torcida-do-flamengo\/\",\"name\":\"De Londres, atacante refor\u00e7a torcida do Flamengo\",\"isPartOf\":{\"@id\":\"https:\/\/www.gaveanews.com\/#website\"},\"primaryImageOfPage\":{\"@id\":\"https:\/\/www.gaveanews.com\/index.php\/2021\/11\/25\/de-londres-atacante-reforca-torcida-do-flamengo\/#primaryimage\"},\"image\":{\"@id\":\"https:\/\/www.gaveanews.com\/index.php\/2021\/11\/25\/de-londres-atacante-reforca-torcida-do-flamengo\/#primaryimage\"},\"thumbnailUrl\":\"https:\/\/www.gaveanews.com\/wp-content\/uploads\/Muniz-sorri-apos-marcar-um-gol-para-o-Flamengo-durante-o-jogo-contra-o-Macae-no-Campeonato-Carioca-de-2021.webp\",\"datePublished\":\"2021-11-25T13:30:12+00:00\",\"dateModified\":\"2021-11-25T13:30:15+00:00\",\"author\":{\"@id\":\"https:\/\/www.gaveanews.com\/#\/schema\/person\/2ec14f73fb96be2caf28f91afb14749d\"},\"breadcrumb\":{\"@id\":\"https:\/\/www.gaveanews.com\/index.php\/2021\/11\/25\/de-londres-atacante-reforca-torcida-do-flamengo\/#breadcrumb\"},\"inLanguage\":\"pt-BR\",\"potentialAction\":[{\"@type\":\"ReadAction\",\"target\":[\"https:\/\/www.gaveanews.com\/index.php\/2021\/11\/25\/de-londres-atacante-reforca-torcida-do-flamengo\/\"]}]},{\"@type\":\"ImageObject\",\"inLanguage\":\"pt-BR\",\"@id\":\"https:\/\/www.gaveanews.com\/index.php\/2021\/11\/25\/de-londres-atacante-reforca-torcida-do-flamengo\/#primaryimage\",\"url\":\"https:\/\/www.gaveanews.com\/wp-content\/uploads\/Muniz-sorri-apos-marcar-um-gol-para-o-Flamengo-durante-o-jogo-contra-o-Macae-no-Campeonato-Carioca-de-2021.webp\",\"contentUrl\":\"https:\/\/www.gaveanews.com\/wp-content\/uploads\/Muniz-sorri-apos-marcar-um-gol-para-o-Flamengo-durante-o-jogo-contra-o-Macae-no-Campeonato-Carioca-de-2021.webp\",\"width\":800,\"height\":533,\"caption\":\"Muniz sorri ap\u00f3s marcar um gol para o Flamengo durante o jogo contra o Maca\u00e9 no Campeonato Carioca de 2021 (Foto: Marcelo Cortez\/Flamengo)\"},{\"@type\":\"BreadcrumbList\",\"@id\":\"https:\/\/www.gaveanews.com\/index.php\/2021\/11\/25\/de-londres-atacante-reforca-torcida-do-flamengo\/#breadcrumb\",\"itemListElement\":[{\"@type\":\"ListItem\",\"position\":1,\"name\":\"Home\",\"item\":\"https:\/\/www.gaveanews.com\/\"},{\"@type\":\"ListItem\",\"position\":2,\"name\":\"De Londres, atacante refor\u00e7a torcida do Flamengo\"}]},{\"@type\":\"WebSite\",\"@id\":\"https:\/\/www.gaveanews.com\/#website\",\"url\":\"https:\/\/www.gaveanews.com\/\",\"name\":\"G\u00e1vea News\",\"description\":\"Veja todas as not\u00edcias sobre o Flamengo: Contrata\u00e7\u00f5es, categorias de base, resultados das partidas, tabela de classifica\u00e7\u00e3o, pr\u00f3ximos jogos!\",\"potentialAction\":[{\"@type\":\"SearchAction\",\"target\":{\"@type\":\"EntryPoint\",\"urlTemplate\":\"https:\/\/www.gaveanews.com\/?s={search_term_string}\"},\"query-input\":{\"@type\":\"PropertyValueSpecification\",\"valueRequired\":true,\"valueName\":\"search_term_string\"}}],\"inLanguage\":\"pt-BR\"},{\"@type\":\"Person\",\"@id\":\"https:\/\/www.gaveanews.com\/#\/schema\/person\/2ec14f73fb96be2caf28f91afb14749d\",\"name\":\"Equipe G\u00e1vea News\",\"image\":{\"@type\":\"ImageObject\",\"inLanguage\":\"pt-BR\",\"@id\":\"https:\/\/www.gaveanews.com\/#\/schema\/person\/image\/\",\"url\":\"https:\/\/secure.gravatar.com\/avatar\/1e1956f1facbffd3f8fa53a326721950116b3b9dc9bd44939c01180fd4a745a9?s=96&d=mm&r=g\",\"contentUrl\":\"https:\/\/secure.gravatar.com\/avatar\/1e1956f1facbffd3f8fa53a326721950116b3b9dc9bd44939c01180fd4a745a9?s=96&d=mm&r=g\",\"caption\":\"Equipe G\u00e1vea News\"}}]}<\/script>\n<!-- \/ Yoast SEO Premium plugin. -->","yoast_head_json":{"title":"De Londres, atacante refor\u00e7a torcida do Flamengo","robots":{"index":"index","follow":"follow","max-snippet":"max-snippet:-1","max-image-preview":"max-image-preview:large","max-video-preview":"max-video-preview:-1"},"canonical":"https:\/\/www.gaveanews.com\/index.php\/2021\/11\/25\/de-londres-atacante-reforca-torcida-do-flamengo\/","og_locale":"pt_BR","og_type":"article","og_title":"De Londres, atacante refor\u00e7a torcida do Flamengo","og_description":"Torcedores dos mais diversos lugares do mundo est\u00e3o deslocando-se para Montevid\u00e9u, onde o Flamengo enfrenta o Palmeiras, no s\u00e1bado, na decis\u00e3o da Libertadores. Os cerca de 20 mil rubro-negros esperados no Uruguai ser\u00e3o apenas uma parte da torcida que acompanhar\u00e1 a final de onde estiver. Em Londres, por exemplo, Rodrigo Muniz, hoje no Fulham (ING), [&hellip;]","og_url":"https:\/\/www.gaveanews.com\/index.php\/2021\/11\/25\/de-londres-atacante-reforca-torcida-do-flamengo\/","og_site_name":"G\u00e1vea News","article_publisher":"https:\/\/facebook.com\/gaveaNews\/","article_published_time":"2021-11-25T13:30:12+00:00","article_modified_time":"2021-11-25T13:30:15+00:00","og_image":[{"width":800,"height":533,"url":"https:\/\/www.gaveanews.com\/wp-content\/uploads\/Muniz-sorri-apos-marcar-um-gol-para-o-Flamengo-durante-o-jogo-contra-o-Macae-no-Campeonato-Carioca-de-2021.webp","type":"image\/jpeg"}],"author":"Equipe G\u00e1vea News","twitter_card":"summary_large_image","twitter_misc":{"Escrito por":"Equipe G\u00e1vea News","Est. tempo de leitura":"3 minutos"},"schema":{"@context":"https:\/\/schema.org","@graph":[{"@type":"NewsArticle","@id":"https:\/\/www.gaveanews.com\/index.php\/2021\/11\/25\/de-londres-atacante-reforca-torcida-do-flamengo\/#article","isPartOf":{"@id":"https:\/\/www.gaveanews.com\/index.php\/2021\/11\/25\/de-londres-atacante-reforca-torcida-do-flamengo\/"},"author":{"name":"Equipe G\u00e1vea News","@id":"https:\/\/www.gaveanews.com\/#\/schema\/person\/2ec14f73fb96be2caf28f91afb14749d"},"headline":"De Londres, atacante refor\u00e7a torcida do Flamengo","datePublished":"2021-11-25T13:30:12+00:00","dateModified":"2021-11-25T13:30:15+00:00","mainEntityOfPage":{"@id":"https:\/\/www.gaveanews.com\/index.php\/2021\/11\/25\/de-londres-atacante-reforca-torcida-do-flamengo\/"},"wordCount":610,"commentCount":8,"image":{"@id":"https:\/\/www.gaveanews.com\/index.php\/2021\/11\/25\/de-londres-atacante-reforca-torcida-do-flamengo\/#primaryimage"},"thumbnailUrl":"https:\/\/www.gaveanews.com\/wp-content\/uploads\/Muniz-sorri-apos-marcar-um-gol-para-o-Flamengo-durante-o-jogo-contra-o-Macae-no-Campeonato-Carioca-de-2021.webp","articleSection":["Flamengo"],"inLanguage":"pt-BR","potentialAction":[{"@type":"CommentAction","name":"Comment","target":["https:\/\/www.gaveanews.com\/index.php\/2021\/11\/25\/de-londres-atacante-reforca-torcida-do-flamengo\/#respond"]}],"copyrightYear":"2021","copyrightHolder":{"@id":"https:\/\/www.gaveanews.com\/#organization"}},{"@type":"WebPage","@id":"https:\/\/www.gaveanews.com\/index.php\/2021\/11\/25\/de-londres-atacante-reforca-torcida-do-flamengo\/","url":"https:\/\/www.gaveanews.com\/index.php\/2021\/11\/25\/de-londres-atacante-reforca-torcida-do-flamengo\/","name":"De Londres, atacante refor\u00e7a torcida do Flamengo","isPartOf":{"@id":"https:\/\/www.gaveanews.com\/#website"},"primaryImageOfPage":{"@id":"https:\/\/www.gaveanews.com\/index.php\/2021\/11\/25\/de-londres-atacante-reforca-torcida-do-flamengo\/#primaryimage"},"image":{"@id":"https:\/\/www.gaveanews.com\/index.php\/2021\/11\/25\/de-londres-atacante-reforca-torcida-do-flamengo\/#primaryimage"},"thumbnailUrl":"https:\/\/www.gaveanews.com\/wp-content\/uploads\/Muniz-sorri-apos-marcar-um-gol-para-o-Flamengo-durante-o-jogo-contra-o-Macae-no-Campeonato-Carioca-de-2021.webp","datePublished":"2021-11-25T13:30:12+00:00","dateModified":"2021-11-25T13:30:15+00:00","author":{"@id":"https:\/\/www.gaveanews.com\/#\/schema\/person\/2ec14f73fb96be2caf28f91afb14749d"},"breadcrumb":{"@id":"https:\/\/www.gaveanews.com\/index.php\/2021\/11\/25\/de-londres-atacante-reforca-torcida-do-flamengo\/#breadcrumb"},"inLanguage":"pt-BR","potentialAction":[{"@type":"ReadAction","target":["https:\/\/www.gaveanews.com\/index.php\/2021\/11\/25\/de-londres-atacante-reforca-torcida-do-flamengo\/"]}]},{"@type":"ImageObject","inLanguage":"pt-BR","@id":"https:\/\/www.gaveanews.com\/index.php\/2021\/11\/25\/de-londres-atacante-reforca-torcida-do-flamengo\/#primaryimage","url":"https:\/\/www.gaveanews.com\/wp-content\/uploads\/Muniz-sorri-apos-marcar-um-gol-para-o-Flamengo-durante-o-jogo-contra-o-Macae-no-Campeonato-Carioca-de-2021.webp","contentUrl":"https:\/\/www.gaveanews.com\/wp-content\/uploads\/Muniz-sorri-apos-marcar-um-gol-para-o-Flamengo-durante-o-jogo-contra-o-Macae-no-Campeonato-Carioca-de-2021.webp","width":800,"height":533,"caption":"Muniz sorri ap\u00f3s marcar um gol para o Flamengo durante o jogo contra o Maca\u00e9 no Campeonato Carioca de 2021 (Foto: Marcelo Cortez\/Flamengo)"},{"@type":"BreadcrumbList","@id":"https:\/\/www.gaveanews.com\/index.php\/2021\/11\/25\/de-londres-atacante-reforca-torcida-do-flamengo\/#breadcrumb","itemListElement":[{"@type":"ListItem","position":1,"name":"Home","item":"https:\/\/www.gaveanews.com\/"},{"@type":"ListItem","position":2,"name":"De Londres, atacante refor\u00e7a torcida do Flamengo"}]},{"@type":"WebSite","@id":"https:\/\/www.gaveanews.com\/#website","url":"https:\/\/www.gaveanews.com\/","name":"G\u00e1vea News","description":"Veja todas as not\u00edcias sobre o Flamengo: Contrata\u00e7\u00f5es, categorias de base, resultados das partidas, tabela de classifica\u00e7\u00e3o, pr\u00f3ximos jogos!","potentialAction":[{"@type":"SearchAction","target":{"@type":"EntryPoint","urlTemplate":"https:\/\/www.gaveanews.com\/?s={search_term_string}"},"query-input":{"@type":"PropertyValueSpecification","valueRequired":true,"valueName":"search_term_string"}}],"inLanguage":"pt-BR"},{"@type":"Person","@id":"https:\/\/www.gaveanews.com\/#\/schema\/person\/2ec14f73fb96be2caf28f91afb14749d","name":"Equipe G\u00e1vea News","image":{"@type":"ImageObject","inLanguage":"pt-BR","@id":"https:\/\/www.gaveanews.com\/#\/schema\/person\/image\/","url":"https:\/\/secure.gravatar.com\/avatar\/1e1956f1facbffd3f8fa53a326721950116b3b9dc9bd44939c01180fd4a745a9?s=96&d=mm&r=g","contentUrl":"https:\/\/secure.gravatar.com\/avatar\/1e1956f1facbffd3f8fa53a326721950116b3b9dc9bd44939c01180fd4a745a9?s=96&d=mm&r=g","caption":"Equipe G\u00e1vea News"}}]}},"_links":{"self":[{"href":"https:\/\/www.gaveanews.com\/index.php\/wp-json\/wp\/v2\/posts\/72332","targetHints":{"allow":["GET"]}}],"collection":[{"href":"https:\/\/www.gaveanews.com\/index.php\/wp-json\/wp\/v2\/posts"}],"about":[{"href":"https:\/\/www.gaveanews.com\/index.php\/wp-json\/wp\/v2\/types\/post"}],"author":[{"embeddable":true,"href":"https:\/\/www.gaveanews.com\/index.php\/wp-json\/wp\/v2\/users\/1"}],"replies":[{"embeddable":true,"href":"https:\/\/www.gaveanews.com\/index.php\/wp-json\/wp\/v2\/comments?post=72332"}],"version-history":[{"count":0,"href":"https:\/\/www.gaveanews.com\/index.php\/wp-json\/wp\/v2\/posts\/72332\/revisions"}],"wp:featuredmedia":[{"embeddable":true,"href":"https:\/\/www.gaveanews.com\/index.php\/wp-json\/wp\/v2\/media\/57238"}],"wp:attachment":[{"href":"https:\/\/www.gaveanews.com\/index.php\/wp-json\/wp\/v2\/media?parent=72332"}],"wp:term":[{"taxonomy":"category","embeddable":true,"href":"https:\/\/www.gaveanews.com\/index.php\/wp-json\/wp\/v2\/categories?post=72332"},{"taxonomy":"post_tag","embeddable":true,"href":"https:\/\/www.gaveanews.com\/index.php\/wp-json\/wp\/v2\/tags?post=72332"}],"curies":[{"name":"wp","href":"https:\/\/api.w.org\/{rel}","templated":true}]}}