{"id":72586,"date":"2021-11-30T19:00:36","date_gmt":"2021-11-30T22:00:36","guid":{"rendered":"https:\/\/www.gaveanews.com\/?p=72586"},"modified":"2021-11-30T19:01:29","modified_gmt":"2021-11-30T22:01:29","slug":"vai-lotar-veja-quantos-ingressos-ja-foram-vendidos-para-flamengo-x-ceara","status":"publish","type":"post","link":"https:\/\/www.gaveanews.com\/index.php\/2021\/11\/30\/vai-lotar-veja-quantos-ingressos-ja-foram-vendidos-para-flamengo-x-ceara\/","title":{"rendered":"Vai lotar! Veja quantos ingressos j\u00e1 foram vendidos para Flamengo x Cear\u00e1"},"content":{"rendered":"\n<p>Tr\u00eas dias ap\u00f3s o vice da Libertadores, o Flamengo voltar\u00e1 a campo em casa e poder\u00e1 encontrar sua torcida novamente. E a noite promete ser regada a emo\u00e7\u00f5es, uma vez que a Na\u00e7\u00e3o abra\u00e7ou o confronto e comparecer\u00e1 no Maracan\u00e3 em peso.<\/p>\n\n\n\n<p>At\u00e9 o per\u00edodo da manh\u00e3 desta ter\u00e7a-feira (30), o clube j\u00e1 havia distribu\u00eddo cerca de 41 mil entradas para o jogo contra o Cear\u00e1. O n\u00famero engloba a parcela comercializada nas bilheterias, assim como gratuidades, pessoas com cadeira cativa e donos de camarote.<\/p>\n\n\n\n<p>Cabe destacar que, apesar de a ader\u00eancia \u00e0 partida tenha sido grande, ainda n\u00e3o se sabe como os torcedores presentes no est\u00e1dio se posicionar\u00e3o em rela\u00e7\u00e3o ao elenco nesta noite. Sendo assim, s\u00f3 ser\u00e1 poss\u00edvel saber sobre a rea\u00e7\u00e3o dos rubro-negros pr\u00f3ximo ao hor\u00e1rio da partida, quando eles come\u00e7ar\u00e3o a entrar no palco do duelo.<\/p>\n\n\n\n<p>Para os torcedores que n\u00e3o forem ao Maracan\u00e3, o confronto tamb\u00e9m poder\u00e1 ser acompanhado pelo canal Premiere, onde Gustavo Villani comandar\u00e1 a transmiss\u00e3o do jogo, com coment\u00e1rios de L\u00e9dio Carmona e Pedrinho. A bola rolar\u00e1 para Flamengo e Cear\u00e1 \u00e0s 20h (hor\u00e1rio de Bras\u00edlia), em compromisso v\u00e1lido pela 36\u00aa rodada do Campeonato Brasileiro.<\/p>\n","protected":false},"excerpt":{"rendered":"<p>Tr\u00eas dias ap\u00f3s o vice da Libertadores, o Flamengo voltar\u00e1 a campo em casa e poder\u00e1 encontrar sua torcida novamente. E a noite promete ser regada a emo\u00e7\u00f5es, uma vez que a Na\u00e7\u00e3o abra\u00e7ou o confronto e comparecer\u00e1 no Maracan\u00e3 em peso. At\u00e9 o per\u00edodo da manh\u00e3 desta ter\u00e7a-feira (30), o clube j\u00e1 havia distribu\u00eddo [&hellip;]<\/p>\n","protected":false},"author":4,"featured_media":71958,"comment_status":"open","ping_status":"closed","sticky":false,"template":"","format":"standard","meta":{"footnotes":""},"categories":[1],"tags":[],"class_list":["post-72586","post","type-post","status-publish","format-standard","has-post-thumbnail","hentry","category-flamengo"],"yoast_head":"<!-- This site is optimized with the Yoast SEO Premium plugin v24.2 (Yoast SEO v26.9) - https:\/\/yoast.com\/product\/yoast-seo-premium-wordpress\/ -->\n<title>Veja quantos ingressos j\u00e1 foram vendidos para Flamengo x Cear\u00e1<\/title>\n<meta name=\"description\" content=\"O jogo do Flamengo promete ser regado a emo\u00e7\u00f5es, uma vez que a Na\u00e7\u00e3o abra\u00e7ou o confronto e comparecer\u00e1 no Maracan\u00e3 em peso.\" \/>\n<meta name=\"robots\" content=\"index, follow, max-snippet:-1, max-image-preview:large, max-video-preview:-1\" \/>\n<link rel=\"canonical\" href=\"https:\/\/www.gaveanews.com\/index.php\/2021\/11\/30\/vai-lotar-veja-quantos-ingressos-ja-foram-vendidos-para-flamengo-x-ceara\/\" \/>\n<meta property=\"og:locale\" content=\"pt_BR\" \/>\n<meta property=\"og:type\" content=\"article\" \/>\n<meta property=\"og:title\" content=\"Vai lotar! Veja quantos ingressos j\u00e1 foram vendidos para Flamengo x Cear\u00e1\" \/>\n<meta property=\"og:description\" content=\"O jogo do Flamengo promete ser regado a emo\u00e7\u00f5es, uma vez que a Na\u00e7\u00e3o abra\u00e7ou o confronto e comparecer\u00e1 no Maracan\u00e3 em peso.\" \/>\n<meta property=\"og:url\" content=\"https:\/\/www.gaveanews.com\/index.php\/2021\/11\/30\/vai-lotar-veja-quantos-ingressos-ja-foram-vendidos-para-flamengo-x-ceara\/\" \/>\n<meta property=\"og:site_name\" content=\"G\u00e1vea News\" \/>\n<meta property=\"article:publisher\" content=\"https:\/\/facebook.com\/gaveaNews\/\" \/>\n<meta property=\"article:published_time\" content=\"2021-11-30T22:00:36+00:00\" \/>\n<meta property=\"article:modified_time\" content=\"2021-11-30T22:01:29+00:00\" \/>\n<meta property=\"og:image\" content=\"https:\/\/www.gaveanews.com\/wp-content\/uploads\/Torcida-do-Flamengo-marca-presenca-em-partida-contra-o-Corinthians-pelo-Campeonato-Brasileiro-2021.webp\" \/>\n\t<meta property=\"og:image:width\" content=\"800\" \/>\n\t<meta property=\"og:image:height\" content=\"532\" \/>\n\t<meta property=\"og:image:type\" content=\"image\/jpeg\" \/>\n<meta name=\"author\" content=\"Let\u00edcia Gerheim\" \/>\n<meta name=\"twitter:card\" content=\"summary_large_image\" \/>\n<meta name=\"twitter:label1\" content=\"Escrito por\" \/>\n\t<meta name=\"twitter:data1\" content=\"Let\u00edcia Gerheim\" \/>\n\t<meta name=\"twitter:label2\" content=\"Est. tempo de leitura\" \/>\n\t<meta name=\"twitter:data2\" content=\"1 minuto\" \/>\n<script type=\"application\/ld+json\" class=\"yoast-schema-graph\">{\"@context\":\"https:\/\/schema.org\",\"@graph\":[{\"@type\":\"NewsArticle\",\"@id\":\"https:\/\/www.gaveanews.com\/index.php\/2021\/11\/30\/vai-lotar-veja-quantos-ingressos-ja-foram-vendidos-para-flamengo-x-ceara\/#article\",\"isPartOf\":{\"@id\":\"https:\/\/www.gaveanews.com\/index.php\/2021\/11\/30\/vai-lotar-veja-quantos-ingressos-ja-foram-vendidos-para-flamengo-x-ceara\/\"},\"author\":{\"name\":\"Let\u00edcia Gerheim\",\"@id\":\"https:\/\/www.gaveanews.com\/#\/schema\/person\/714c67050b836198af2450ba1c142a67\"},\"headline\":\"Vai lotar! Veja quantos ingressos j\u00e1 foram vendidos para Flamengo x Cear\u00e1\",\"datePublished\":\"2021-11-30T22:00:36+00:00\",\"dateModified\":\"2021-11-30T22:01:29+00:00\",\"mainEntityOfPage\":{\"@id\":\"https:\/\/www.gaveanews.com\/index.php\/2021\/11\/30\/vai-lotar-veja-quantos-ingressos-ja-foram-vendidos-para-flamengo-x-ceara\/\"},\"wordCount\":229,\"commentCount\":5,\"image\":{\"@id\":\"https:\/\/www.gaveanews.com\/index.php\/2021\/11\/30\/vai-lotar-veja-quantos-ingressos-ja-foram-vendidos-para-flamengo-x-ceara\/#primaryimage\"},\"thumbnailUrl\":\"https:\/\/www.gaveanews.com\/wp-content\/uploads\/Torcida-do-Flamengo-marca-presenca-em-partida-contra-o-Corinthians-pelo-Campeonato-Brasileiro-2021.webp\",\"articleSection\":[\"Flamengo\"],\"inLanguage\":\"pt-BR\",\"potentialAction\":[{\"@type\":\"CommentAction\",\"name\":\"Comment\",\"target\":[\"https:\/\/www.gaveanews.com\/index.php\/2021\/11\/30\/vai-lotar-veja-quantos-ingressos-ja-foram-vendidos-para-flamengo-x-ceara\/#respond\"]}],\"copyrightYear\":\"2021\",\"copyrightHolder\":{\"@id\":\"https:\/\/www.gaveanews.com\/#organization\"}},{\"@type\":\"WebPage\",\"@id\":\"https:\/\/www.gaveanews.com\/index.php\/2021\/11\/30\/vai-lotar-veja-quantos-ingressos-ja-foram-vendidos-para-flamengo-x-ceara\/\",\"url\":\"https:\/\/www.gaveanews.com\/index.php\/2021\/11\/30\/vai-lotar-veja-quantos-ingressos-ja-foram-vendidos-para-flamengo-x-ceara\/\",\"name\":\"Veja quantos ingressos j\u00e1 foram vendidos para Flamengo x Cear\u00e1\",\"isPartOf\":{\"@id\":\"https:\/\/www.gaveanews.com\/#website\"},\"primaryImageOfPage\":{\"@id\":\"https:\/\/www.gaveanews.com\/index.php\/2021\/11\/30\/vai-lotar-veja-quantos-ingressos-ja-foram-vendidos-para-flamengo-x-ceara\/#primaryimage\"},\"image\":{\"@id\":\"https:\/\/www.gaveanews.com\/index.php\/2021\/11\/30\/vai-lotar-veja-quantos-ingressos-ja-foram-vendidos-para-flamengo-x-ceara\/#primaryimage\"},\"thumbnailUrl\":\"https:\/\/www.gaveanews.com\/wp-content\/uploads\/Torcida-do-Flamengo-marca-presenca-em-partida-contra-o-Corinthians-pelo-Campeonato-Brasileiro-2021.webp\",\"datePublished\":\"2021-11-30T22:00:36+00:00\",\"dateModified\":\"2021-11-30T22:01:29+00:00\",\"author\":{\"@id\":\"https:\/\/www.gaveanews.com\/#\/schema\/person\/714c67050b836198af2450ba1c142a67\"},\"description\":\"O jogo do Flamengo promete ser regado a emo\u00e7\u00f5es, uma vez que a Na\u00e7\u00e3o abra\u00e7ou o confronto e comparecer\u00e1 no Maracan\u00e3 em peso.\",\"breadcrumb\":{\"@id\":\"https:\/\/www.gaveanews.com\/index.php\/2021\/11\/30\/vai-lotar-veja-quantos-ingressos-ja-foram-vendidos-para-flamengo-x-ceara\/#breadcrumb\"},\"inLanguage\":\"pt-BR\",\"potentialAction\":[{\"@type\":\"ReadAction\",\"target\":[\"https:\/\/www.gaveanews.com\/index.php\/2021\/11\/30\/vai-lotar-veja-quantos-ingressos-ja-foram-vendidos-para-flamengo-x-ceara\/\"]}]},{\"@type\":\"ImageObject\",\"inLanguage\":\"pt-BR\",\"@id\":\"https:\/\/www.gaveanews.com\/index.php\/2021\/11\/30\/vai-lotar-veja-quantos-ingressos-ja-foram-vendidos-para-flamengo-x-ceara\/#primaryimage\",\"url\":\"https:\/\/www.gaveanews.com\/wp-content\/uploads\/Torcida-do-Flamengo-marca-presenca-em-partida-contra-o-Corinthians-pelo-Campeonato-Brasileiro-2021.webp\",\"contentUrl\":\"https:\/\/www.gaveanews.com\/wp-content\/uploads\/Torcida-do-Flamengo-marca-presenca-em-partida-contra-o-Corinthians-pelo-Campeonato-Brasileiro-2021.webp\",\"width\":800,\"height\":532,\"caption\":\"Torcida do Flamengo marca presen\u00e7a em partida contra o Corinthians pelo Campeonato Brasileiro 2021 (Foto: Paula Reis\/Flamengo)\"},{\"@type\":\"BreadcrumbList\",\"@id\":\"https:\/\/www.gaveanews.com\/index.php\/2021\/11\/30\/vai-lotar-veja-quantos-ingressos-ja-foram-vendidos-para-flamengo-x-ceara\/#breadcrumb\",\"itemListElement\":[{\"@type\":\"ListItem\",\"position\":1,\"name\":\"Home\",\"item\":\"https:\/\/www.gaveanews.com\/\"},{\"@type\":\"ListItem\",\"position\":2,\"name\":\"Vai lotar! Veja quantos ingressos j\u00e1 foram vendidos para Flamengo x Cear\u00e1\"}]},{\"@type\":\"WebSite\",\"@id\":\"https:\/\/www.gaveanews.com\/#website\",\"url\":\"https:\/\/www.gaveanews.com\/\",\"name\":\"G\u00e1vea News\",\"description\":\"Veja todas as not\u00edcias sobre o Flamengo: Contrata\u00e7\u00f5es, categorias de base, resultados das partidas, tabela de classifica\u00e7\u00e3o, pr\u00f3ximos jogos!\",\"potentialAction\":[{\"@type\":\"SearchAction\",\"target\":{\"@type\":\"EntryPoint\",\"urlTemplate\":\"https:\/\/www.gaveanews.com\/?s={search_term_string}\"},\"query-input\":{\"@type\":\"PropertyValueSpecification\",\"valueRequired\":true,\"valueName\":\"search_term_string\"}}],\"inLanguage\":\"pt-BR\"},{\"@type\":\"Person\",\"@id\":\"https:\/\/www.gaveanews.com\/#\/schema\/person\/714c67050b836198af2450ba1c142a67\",\"name\":\"Let\u00edcia Gerheim\",\"image\":{\"@type\":\"ImageObject\",\"inLanguage\":\"pt-BR\",\"@id\":\"https:\/\/www.gaveanews.com\/#\/schema\/person\/image\/\",\"url\":\"https:\/\/secure.gravatar.com\/avatar\/60734739c50fcebfbac509e2a826ccd0ff405c019bc73aab9354f19ecad1dcb4?s=96&d=mm&r=g\",\"contentUrl\":\"https:\/\/secure.gravatar.com\/avatar\/60734739c50fcebfbac509e2a826ccd0ff405c019bc73aab9354f19ecad1dcb4?s=96&d=mm&r=g\",\"caption\":\"Let\u00edcia Gerheim\"}}]}<\/script>\n<!-- \/ Yoast SEO Premium plugin. -->","yoast_head_json":{"title":"Veja quantos ingressos j\u00e1 foram vendidos para Flamengo x Cear\u00e1","description":"O jogo do Flamengo promete ser regado a emo\u00e7\u00f5es, uma vez que a Na\u00e7\u00e3o abra\u00e7ou o confronto e comparecer\u00e1 no Maracan\u00e3 em peso.","robots":{"index":"index","follow":"follow","max-snippet":"max-snippet:-1","max-image-preview":"max-image-preview:large","max-video-preview":"max-video-preview:-1"},"canonical":"https:\/\/www.gaveanews.com\/index.php\/2021\/11\/30\/vai-lotar-veja-quantos-ingressos-ja-foram-vendidos-para-flamengo-x-ceara\/","og_locale":"pt_BR","og_type":"article","og_title":"Vai lotar! Veja quantos ingressos j\u00e1 foram vendidos para Flamengo x Cear\u00e1","og_description":"O jogo do Flamengo promete ser regado a emo\u00e7\u00f5es, uma vez que a Na\u00e7\u00e3o abra\u00e7ou o confronto e comparecer\u00e1 no Maracan\u00e3 em peso.","og_url":"https:\/\/www.gaveanews.com\/index.php\/2021\/11\/30\/vai-lotar-veja-quantos-ingressos-ja-foram-vendidos-para-flamengo-x-ceara\/","og_site_name":"G\u00e1vea News","article_publisher":"https:\/\/facebook.com\/gaveaNews\/","article_published_time":"2021-11-30T22:00:36+00:00","article_modified_time":"2021-11-30T22:01:29+00:00","og_image":[{"width":800,"height":532,"url":"https:\/\/www.gaveanews.com\/wp-content\/uploads\/Torcida-do-Flamengo-marca-presenca-em-partida-contra-o-Corinthians-pelo-Campeonato-Brasileiro-2021.webp","type":"image\/jpeg"}],"author":"Let\u00edcia Gerheim","twitter_card":"summary_large_image","twitter_misc":{"Escrito por":"Let\u00edcia Gerheim","Est. tempo de leitura":"1 minuto"},"schema":{"@context":"https:\/\/schema.org","@graph":[{"@type":"NewsArticle","@id":"https:\/\/www.gaveanews.com\/index.php\/2021\/11\/30\/vai-lotar-veja-quantos-ingressos-ja-foram-vendidos-para-flamengo-x-ceara\/#article","isPartOf":{"@id":"https:\/\/www.gaveanews.com\/index.php\/2021\/11\/30\/vai-lotar-veja-quantos-ingressos-ja-foram-vendidos-para-flamengo-x-ceara\/"},"author":{"name":"Let\u00edcia Gerheim","@id":"https:\/\/www.gaveanews.com\/#\/schema\/person\/714c67050b836198af2450ba1c142a67"},"headline":"Vai lotar! Veja quantos ingressos j\u00e1 foram vendidos para Flamengo x Cear\u00e1","datePublished":"2021-11-30T22:00:36+00:00","dateModified":"2021-11-30T22:01:29+00:00","mainEntityOfPage":{"@id":"https:\/\/www.gaveanews.com\/index.php\/2021\/11\/30\/vai-lotar-veja-quantos-ingressos-ja-foram-vendidos-para-flamengo-x-ceara\/"},"wordCount":229,"commentCount":5,"image":{"@id":"https:\/\/www.gaveanews.com\/index.php\/2021\/11\/30\/vai-lotar-veja-quantos-ingressos-ja-foram-vendidos-para-flamengo-x-ceara\/#primaryimage"},"thumbnailUrl":"https:\/\/www.gaveanews.com\/wp-content\/uploads\/Torcida-do-Flamengo-marca-presenca-em-partida-contra-o-Corinthians-pelo-Campeonato-Brasileiro-2021.webp","articleSection":["Flamengo"],"inLanguage":"pt-BR","potentialAction":[{"@type":"CommentAction","name":"Comment","target":["https:\/\/www.gaveanews.com\/index.php\/2021\/11\/30\/vai-lotar-veja-quantos-ingressos-ja-foram-vendidos-para-flamengo-x-ceara\/#respond"]}],"copyrightYear":"2021","copyrightHolder":{"@id":"https:\/\/www.gaveanews.com\/#organization"}},{"@type":"WebPage","@id":"https:\/\/www.gaveanews.com\/index.php\/2021\/11\/30\/vai-lotar-veja-quantos-ingressos-ja-foram-vendidos-para-flamengo-x-ceara\/","url":"https:\/\/www.gaveanews.com\/index.php\/2021\/11\/30\/vai-lotar-veja-quantos-ingressos-ja-foram-vendidos-para-flamengo-x-ceara\/","name":"Veja quantos ingressos j\u00e1 foram vendidos para Flamengo x Cear\u00e1","isPartOf":{"@id":"https:\/\/www.gaveanews.com\/#website"},"primaryImageOfPage":{"@id":"https:\/\/www.gaveanews.com\/index.php\/2021\/11\/30\/vai-lotar-veja-quantos-ingressos-ja-foram-vendidos-para-flamengo-x-ceara\/#primaryimage"},"image":{"@id":"https:\/\/www.gaveanews.com\/index.php\/2021\/11\/30\/vai-lotar-veja-quantos-ingressos-ja-foram-vendidos-para-flamengo-x-ceara\/#primaryimage"},"thumbnailUrl":"https:\/\/www.gaveanews.com\/wp-content\/uploads\/Torcida-do-Flamengo-marca-presenca-em-partida-contra-o-Corinthians-pelo-Campeonato-Brasileiro-2021.webp","datePublished":"2021-11-30T22:00:36+00:00","dateModified":"2021-11-30T22:01:29+00:00","author":{"@id":"https:\/\/www.gaveanews.com\/#\/schema\/person\/714c67050b836198af2450ba1c142a67"},"description":"O jogo do Flamengo promete ser regado a emo\u00e7\u00f5es, uma vez que a Na\u00e7\u00e3o abra\u00e7ou o confronto e comparecer\u00e1 no Maracan\u00e3 em peso.","breadcrumb":{"@id":"https:\/\/www.gaveanews.com\/index.php\/2021\/11\/30\/vai-lotar-veja-quantos-ingressos-ja-foram-vendidos-para-flamengo-x-ceara\/#breadcrumb"},"inLanguage":"pt-BR","potentialAction":[{"@type":"ReadAction","target":["https:\/\/www.gaveanews.com\/index.php\/2021\/11\/30\/vai-lotar-veja-quantos-ingressos-ja-foram-vendidos-para-flamengo-x-ceara\/"]}]},{"@type":"ImageObject","inLanguage":"pt-BR","@id":"https:\/\/www.gaveanews.com\/index.php\/2021\/11\/30\/vai-lotar-veja-quantos-ingressos-ja-foram-vendidos-para-flamengo-x-ceara\/#primaryimage","url":"https:\/\/www.gaveanews.com\/wp-content\/uploads\/Torcida-do-Flamengo-marca-presenca-em-partida-contra-o-Corinthians-pelo-Campeonato-Brasileiro-2021.webp","contentUrl":"https:\/\/www.gaveanews.com\/wp-content\/uploads\/Torcida-do-Flamengo-marca-presenca-em-partida-contra-o-Corinthians-pelo-Campeonato-Brasileiro-2021.webp","width":800,"height":532,"caption":"Torcida do Flamengo marca presen\u00e7a em partida contra o Corinthians pelo Campeonato Brasileiro 2021 (Foto: Paula Reis\/Flamengo)"},{"@type":"BreadcrumbList","@id":"https:\/\/www.gaveanews.com\/index.php\/2021\/11\/30\/vai-lotar-veja-quantos-ingressos-ja-foram-vendidos-para-flamengo-x-ceara\/#breadcrumb","itemListElement":[{"@type":"ListItem","position":1,"name":"Home","item":"https:\/\/www.gaveanews.com\/"},{"@type":"ListItem","position":2,"name":"Vai lotar! Veja quantos ingressos j\u00e1 foram vendidos para Flamengo x Cear\u00e1"}]},{"@type":"WebSite","@id":"https:\/\/www.gaveanews.com\/#website","url":"https:\/\/www.gaveanews.com\/","name":"G\u00e1vea News","description":"Veja todas as not\u00edcias sobre o Flamengo: Contrata\u00e7\u00f5es, categorias de base, resultados das partidas, tabela de classifica\u00e7\u00e3o, pr\u00f3ximos jogos!","potentialAction":[{"@type":"SearchAction","target":{"@type":"EntryPoint","urlTemplate":"https:\/\/www.gaveanews.com\/?s={search_term_string}"},"query-input":{"@type":"PropertyValueSpecification","valueRequired":true,"valueName":"search_term_string"}}],"inLanguage":"pt-BR"},{"@type":"Person","@id":"https:\/\/www.gaveanews.com\/#\/schema\/person\/714c67050b836198af2450ba1c142a67","name":"Let\u00edcia Gerheim","image":{"@type":"ImageObject","inLanguage":"pt-BR","@id":"https:\/\/www.gaveanews.com\/#\/schema\/person\/image\/","url":"https:\/\/secure.gravatar.com\/avatar\/60734739c50fcebfbac509e2a826ccd0ff405c019bc73aab9354f19ecad1dcb4?s=96&d=mm&r=g","contentUrl":"https:\/\/secure.gravatar.com\/avatar\/60734739c50fcebfbac509e2a826ccd0ff405c019bc73aab9354f19ecad1dcb4?s=96&d=mm&r=g","caption":"Let\u00edcia Gerheim"}}]}},"_links":{"self":[{"href":"https:\/\/www.gaveanews.com\/index.php\/wp-json\/wp\/v2\/posts\/72586","targetHints":{"allow":["GET"]}}],"collection":[{"href":"https:\/\/www.gaveanews.com\/index.php\/wp-json\/wp\/v2\/posts"}],"about":[{"href":"https:\/\/www.gaveanews.com\/index.php\/wp-json\/wp\/v2\/types\/post"}],"author":[{"embeddable":true,"href":"https:\/\/www.gaveanews.com\/index.php\/wp-json\/wp\/v2\/users\/4"}],"replies":[{"embeddable":true,"href":"https:\/\/www.gaveanews.com\/index.php\/wp-json\/wp\/v2\/comments?post=72586"}],"version-history":[{"count":0,"href":"https:\/\/www.gaveanews.com\/index.php\/wp-json\/wp\/v2\/posts\/72586\/revisions"}],"wp:featuredmedia":[{"embeddable":true,"href":"https:\/\/www.gaveanews.com\/index.php\/wp-json\/wp\/v2\/media\/71958"}],"wp:attachment":[{"href":"https:\/\/www.gaveanews.com\/index.php\/wp-json\/wp\/v2\/media?parent=72586"}],"wp:term":[{"taxonomy":"category","embeddable":true,"href":"https:\/\/www.gaveanews.com\/index.php\/wp-json\/wp\/v2\/categories?post=72586"},{"taxonomy":"post_tag","embeddable":true,"href":"https:\/\/www.gaveanews.com\/index.php\/wp-json\/wp\/v2\/tags?post=72586"}],"curies":[{"name":"wp","href":"https:\/\/api.w.org\/{rel}","templated":true}]}}