{"id":72726,"date":"2021-12-02T18:42:52","date_gmt":"2021-12-02T21:42:52","guid":{"rendered":"https:\/\/www.gaveanews.com\/?p=72726"},"modified":"2021-12-02T18:42:55","modified_gmt":"2021-12-02T21:42:55","slug":"cabe-no-flamengo-de-saida-do-gremio-rafinha-e-descartado-por-ex-clube","status":"publish","type":"post","link":"https:\/\/www.gaveanews.com\/index.php\/2021\/12\/02\/cabe-no-flamengo-de-saida-do-gremio-rafinha-e-descartado-por-ex-clube\/","title":{"rendered":"Cabe no Flamengo? De sa\u00edda do Gr\u00eamio, Rafinha \u00e9 descartado por ex-clube"},"content":{"rendered":"\n<p>Fora dos planos do Gr\u00eamio para 2022, Rafinha vive clima de incerteza sobre seu futuro. O contrato do lateral com o Tricolor Ga\u00facho termina em dezembro deste ano, e a equipe j\u00e1 sinalizou que n\u00e3o renovar\u00e1 o v\u00ednculo.<\/p>\n\n\n\n<p>Desta forma, o defensor est\u00e1 livre para encontrar um novo clube para a pr\u00f3xima temporada. Anteriormente, o jogador havia informado seu desejo por encerrar sua carreira como atleta no Coritiba, clube pelo qual foi revelado.<\/p>\n\n\n\n<p><strong><em>\u2014 Tenho carinho pelo Coritiba, clube que me revelou e abriu as portas para mim. Comecei l\u00e1, nas categorias de base. Sempre falei que tinha esse desejo de encerrar l\u00e1, e vou encerrar l\u00e1, claro, se eles quiserem. A minha passagem pelo&nbsp;Flamengo&nbsp;est\u00e1 sendo maravilhosa, mas o meu pensamento \u00e9 de encerrar a carreira no Coritiba, uma forma de retribuir o que eles fizeram por mim.<\/em><\/strong><\/p>\n\n\n\n<p>Contudo, o clube paranaense j\u00e1 sinalizou que n\u00e3o tem a inten\u00e7\u00e3o de contratar Rafinha para a pr\u00f3xima temporada. Em entrevista ao portal Rede Coxa, um dirigente do Coritiba descartou a possibilidade de ter o lateral em seu plantel no ano que vem.<\/p>\n\n\n\n<p><em><strong>\u2014 Rafinha n\u00e3o vem, n\u00e3o existem chances de ele jogar no Coritiba em 2022, o atleta n\u00e3o nos interessa<\/strong><\/em> &#8211; disse o dirigente.<\/p>\n\n\n\n<p>Terceiro colocado na tabela da S\u00e9rie B do Campeonato Brasileiro com 64 pontos, o Coritiba \u00e9 um dos clubes que garantiu o acesso \u00e0 elite do futebol brasileiro para a pr\u00f3xima temporada. A equipe vir\u00e1 para a S\u00e9rie A acompanhada de Botafogo, Goi\u00e1s e Ava\u00ed, demais qualificados ao acesso.<\/p>\n","protected":false},"excerpt":{"rendered":"<p>Fora dos planos do Gr\u00eamio para 2022, Rafinha vive clima de incerteza sobre seu futuro. O contrato do lateral com o Tricolor Ga\u00facho termina em dezembro deste ano, e a equipe j\u00e1 sinalizou que n\u00e3o renovar\u00e1 o v\u00ednculo. Desta forma, o defensor est\u00e1 livre para encontrar um novo clube para a pr\u00f3xima temporada. Anteriormente, o [&hellip;]<\/p>\n","protected":false},"author":4,"featured_media":66842,"comment_status":"open","ping_status":"closed","sticky":false,"template":"","format":"standard","meta":{"footnotes":""},"categories":[1],"tags":[],"class_list":["post-72726","post","type-post","status-publish","format-standard","has-post-thumbnail","hentry","category-flamengo"],"yoast_head":"<!-- This site is optimized with the Yoast SEO Premium plugin v24.2 (Yoast SEO v26.9) - https:\/\/yoast.com\/product\/yoast-seo-premium-wordpress\/ -->\n<title>De sa\u00edda do Gr\u00eamio, Rafinha \u00e9 descartado por ex-clube<\/title>\n<meta name=\"description\" content=\"Fora dos planos do Gr\u00eamio para 2022, Rafinha vive clima de incerteza sobre seu futuro. O contrato do lateral com o Tricolor Ga\u00facho.\" \/>\n<meta name=\"robots\" content=\"index, follow, max-snippet:-1, max-image-preview:large, max-video-preview:-1\" \/>\n<link rel=\"canonical\" href=\"https:\/\/www.gaveanews.com\/index.php\/2021\/12\/02\/cabe-no-flamengo-de-saida-do-gremio-rafinha-e-descartado-por-ex-clube\/\" \/>\n<meta property=\"og:locale\" content=\"pt_BR\" \/>\n<meta property=\"og:type\" content=\"article\" \/>\n<meta property=\"og:title\" content=\"Cabe no Flamengo? De sa\u00edda do Gr\u00eamio, Rafinha \u00e9 descartado por ex-clube\" \/>\n<meta property=\"og:description\" content=\"Fora dos planos do Gr\u00eamio para 2022, Rafinha vive clima de incerteza sobre seu futuro. O contrato do lateral com o Tricolor Ga\u00facho.\" \/>\n<meta property=\"og:url\" content=\"https:\/\/www.gaveanews.com\/index.php\/2021\/12\/02\/cabe-no-flamengo-de-saida-do-gremio-rafinha-e-descartado-por-ex-clube\/\" \/>\n<meta property=\"og:site_name\" content=\"G\u00e1vea News\" \/>\n<meta property=\"article:publisher\" content=\"https:\/\/facebook.com\/gaveaNews\/\" \/>\n<meta property=\"article:published_time\" content=\"2021-12-02T21:42:52+00:00\" \/>\n<meta property=\"article:modified_time\" content=\"2021-12-02T21:42:55+00:00\" \/>\n<meta property=\"og:image\" content=\"https:\/\/www.gaveanews.com\/wp-content\/uploads\/Gabigol-e-Rafinha-durante-o-jogo-entre-Gremio-e-Flamengo-pela-Copa-do-Brasil-de-2021.webp\" \/>\n\t<meta property=\"og:image:width\" content=\"799\" \/>\n\t<meta property=\"og:image:height\" content=\"533\" \/>\n\t<meta property=\"og:image:type\" content=\"image\/jpeg\" \/>\n<meta name=\"author\" content=\"Let\u00edcia Gerheim\" \/>\n<meta name=\"twitter:card\" content=\"summary_large_image\" \/>\n<meta name=\"twitter:label1\" content=\"Escrito por\" \/>\n\t<meta name=\"twitter:data1\" content=\"Let\u00edcia Gerheim\" \/>\n\t<meta name=\"twitter:label2\" content=\"Est. tempo de leitura\" \/>\n\t<meta name=\"twitter:data2\" content=\"2 minutos\" \/>\n<script type=\"application\/ld+json\" class=\"yoast-schema-graph\">{\"@context\":\"https:\/\/schema.org\",\"@graph\":[{\"@type\":\"NewsArticle\",\"@id\":\"https:\/\/www.gaveanews.com\/index.php\/2021\/12\/02\/cabe-no-flamengo-de-saida-do-gremio-rafinha-e-descartado-por-ex-clube\/#article\",\"isPartOf\":{\"@id\":\"https:\/\/www.gaveanews.com\/index.php\/2021\/12\/02\/cabe-no-flamengo-de-saida-do-gremio-rafinha-e-descartado-por-ex-clube\/\"},\"author\":{\"name\":\"Let\u00edcia Gerheim\",\"@id\":\"https:\/\/www.gaveanews.com\/#\/schema\/person\/714c67050b836198af2450ba1c142a67\"},\"headline\":\"Cabe no Flamengo? De sa\u00edda do Gr\u00eamio, Rafinha \u00e9 descartado por ex-clube\",\"datePublished\":\"2021-12-02T21:42:52+00:00\",\"dateModified\":\"2021-12-02T21:42:55+00:00\",\"mainEntityOfPage\":{\"@id\":\"https:\/\/www.gaveanews.com\/index.php\/2021\/12\/02\/cabe-no-flamengo-de-saida-do-gremio-rafinha-e-descartado-por-ex-clube\/\"},\"wordCount\":276,\"commentCount\":34,\"image\":{\"@id\":\"https:\/\/www.gaveanews.com\/index.php\/2021\/12\/02\/cabe-no-flamengo-de-saida-do-gremio-rafinha-e-descartado-por-ex-clube\/#primaryimage\"},\"thumbnailUrl\":\"https:\/\/www.gaveanews.com\/wp-content\/uploads\/Gabigol-e-Rafinha-durante-o-jogo-entre-Gremio-e-Flamengo-pela-Copa-do-Brasil-de-2021.webp\",\"articleSection\":[\"Flamengo\"],\"inLanguage\":\"pt-BR\",\"potentialAction\":[{\"@type\":\"CommentAction\",\"name\":\"Comment\",\"target\":[\"https:\/\/www.gaveanews.com\/index.php\/2021\/12\/02\/cabe-no-flamengo-de-saida-do-gremio-rafinha-e-descartado-por-ex-clube\/#respond\"]}],\"copyrightYear\":\"2021\",\"copyrightHolder\":{\"@id\":\"https:\/\/www.gaveanews.com\/#organization\"}},{\"@type\":\"WebPage\",\"@id\":\"https:\/\/www.gaveanews.com\/index.php\/2021\/12\/02\/cabe-no-flamengo-de-saida-do-gremio-rafinha-e-descartado-por-ex-clube\/\",\"url\":\"https:\/\/www.gaveanews.com\/index.php\/2021\/12\/02\/cabe-no-flamengo-de-saida-do-gremio-rafinha-e-descartado-por-ex-clube\/\",\"name\":\"De sa\u00edda do Gr\u00eamio, Rafinha \u00e9 descartado por ex-clube\",\"isPartOf\":{\"@id\":\"https:\/\/www.gaveanews.com\/#website\"},\"primaryImageOfPage\":{\"@id\":\"https:\/\/www.gaveanews.com\/index.php\/2021\/12\/02\/cabe-no-flamengo-de-saida-do-gremio-rafinha-e-descartado-por-ex-clube\/#primaryimage\"},\"image\":{\"@id\":\"https:\/\/www.gaveanews.com\/index.php\/2021\/12\/02\/cabe-no-flamengo-de-saida-do-gremio-rafinha-e-descartado-por-ex-clube\/#primaryimage\"},\"thumbnailUrl\":\"https:\/\/www.gaveanews.com\/wp-content\/uploads\/Gabigol-e-Rafinha-durante-o-jogo-entre-Gremio-e-Flamengo-pela-Copa-do-Brasil-de-2021.webp\",\"datePublished\":\"2021-12-02T21:42:52+00:00\",\"dateModified\":\"2021-12-02T21:42:55+00:00\",\"author\":{\"@id\":\"https:\/\/www.gaveanews.com\/#\/schema\/person\/714c67050b836198af2450ba1c142a67\"},\"description\":\"Fora dos planos do Gr\u00eamio para 2022, Rafinha vive clima de incerteza sobre seu futuro. O contrato do lateral com o Tricolor Ga\u00facho.\",\"breadcrumb\":{\"@id\":\"https:\/\/www.gaveanews.com\/index.php\/2021\/12\/02\/cabe-no-flamengo-de-saida-do-gremio-rafinha-e-descartado-por-ex-clube\/#breadcrumb\"},\"inLanguage\":\"pt-BR\",\"potentialAction\":[{\"@type\":\"ReadAction\",\"target\":[\"https:\/\/www.gaveanews.com\/index.php\/2021\/12\/02\/cabe-no-flamengo-de-saida-do-gremio-rafinha-e-descartado-por-ex-clube\/\"]}]},{\"@type\":\"ImageObject\",\"inLanguage\":\"pt-BR\",\"@id\":\"https:\/\/www.gaveanews.com\/index.php\/2021\/12\/02\/cabe-no-flamengo-de-saida-do-gremio-rafinha-e-descartado-por-ex-clube\/#primaryimage\",\"url\":\"https:\/\/www.gaveanews.com\/wp-content\/uploads\/Gabigol-e-Rafinha-durante-o-jogo-entre-Gremio-e-Flamengo-pela-Copa-do-Brasil-de-2021.webp\",\"contentUrl\":\"https:\/\/www.gaveanews.com\/wp-content\/uploads\/Gabigol-e-Rafinha-durante-o-jogo-entre-Gremio-e-Flamengo-pela-Copa-do-Brasil-de-2021.webp\",\"width\":799,\"height\":533,\"caption\":\"Gabigol e Rafinha durante o jogo entre Gr\u00eamio e Flamengo pela Copa do Brasil de 2021 (Foto: Alexandre Vidal\/Flamengo)\"},{\"@type\":\"BreadcrumbList\",\"@id\":\"https:\/\/www.gaveanews.com\/index.php\/2021\/12\/02\/cabe-no-flamengo-de-saida-do-gremio-rafinha-e-descartado-por-ex-clube\/#breadcrumb\",\"itemListElement\":[{\"@type\":\"ListItem\",\"position\":1,\"name\":\"Home\",\"item\":\"https:\/\/www.gaveanews.com\/\"},{\"@type\":\"ListItem\",\"position\":2,\"name\":\"Cabe no Flamengo? De sa\u00edda do Gr\u00eamio, Rafinha \u00e9 descartado por ex-clube\"}]},{\"@type\":\"WebSite\",\"@id\":\"https:\/\/www.gaveanews.com\/#website\",\"url\":\"https:\/\/www.gaveanews.com\/\",\"name\":\"G\u00e1vea News\",\"description\":\"Veja todas as not\u00edcias sobre o Flamengo: Contrata\u00e7\u00f5es, categorias de base, resultados das partidas, tabela de classifica\u00e7\u00e3o, pr\u00f3ximos jogos!\",\"potentialAction\":[{\"@type\":\"SearchAction\",\"target\":{\"@type\":\"EntryPoint\",\"urlTemplate\":\"https:\/\/www.gaveanews.com\/?s={search_term_string}\"},\"query-input\":{\"@type\":\"PropertyValueSpecification\",\"valueRequired\":true,\"valueName\":\"search_term_string\"}}],\"inLanguage\":\"pt-BR\"},{\"@type\":\"Person\",\"@id\":\"https:\/\/www.gaveanews.com\/#\/schema\/person\/714c67050b836198af2450ba1c142a67\",\"name\":\"Let\u00edcia Gerheim\",\"image\":{\"@type\":\"ImageObject\",\"inLanguage\":\"pt-BR\",\"@id\":\"https:\/\/www.gaveanews.com\/#\/schema\/person\/image\/\",\"url\":\"https:\/\/secure.gravatar.com\/avatar\/60734739c50fcebfbac509e2a826ccd0ff405c019bc73aab9354f19ecad1dcb4?s=96&d=mm&r=g\",\"contentUrl\":\"https:\/\/secure.gravatar.com\/avatar\/60734739c50fcebfbac509e2a826ccd0ff405c019bc73aab9354f19ecad1dcb4?s=96&d=mm&r=g\",\"caption\":\"Let\u00edcia Gerheim\"}}]}<\/script>\n<!-- \/ Yoast SEO Premium plugin. -->","yoast_head_json":{"title":"De sa\u00edda do Gr\u00eamio, Rafinha \u00e9 descartado por ex-clube","description":"Fora dos planos do Gr\u00eamio para 2022, Rafinha vive clima de incerteza sobre seu futuro. O contrato do lateral com o Tricolor Ga\u00facho.","robots":{"index":"index","follow":"follow","max-snippet":"max-snippet:-1","max-image-preview":"max-image-preview:large","max-video-preview":"max-video-preview:-1"},"canonical":"https:\/\/www.gaveanews.com\/index.php\/2021\/12\/02\/cabe-no-flamengo-de-saida-do-gremio-rafinha-e-descartado-por-ex-clube\/","og_locale":"pt_BR","og_type":"article","og_title":"Cabe no Flamengo? De sa\u00edda do Gr\u00eamio, Rafinha \u00e9 descartado por ex-clube","og_description":"Fora dos planos do Gr\u00eamio para 2022, Rafinha vive clima de incerteza sobre seu futuro. O contrato do lateral com o Tricolor Ga\u00facho.","og_url":"https:\/\/www.gaveanews.com\/index.php\/2021\/12\/02\/cabe-no-flamengo-de-saida-do-gremio-rafinha-e-descartado-por-ex-clube\/","og_site_name":"G\u00e1vea News","article_publisher":"https:\/\/facebook.com\/gaveaNews\/","article_published_time":"2021-12-02T21:42:52+00:00","article_modified_time":"2021-12-02T21:42:55+00:00","og_image":[{"width":799,"height":533,"url":"https:\/\/www.gaveanews.com\/wp-content\/uploads\/Gabigol-e-Rafinha-durante-o-jogo-entre-Gremio-e-Flamengo-pela-Copa-do-Brasil-de-2021.webp","type":"image\/jpeg"}],"author":"Let\u00edcia Gerheim","twitter_card":"summary_large_image","twitter_misc":{"Escrito por":"Let\u00edcia Gerheim","Est. tempo de leitura":"2 minutos"},"schema":{"@context":"https:\/\/schema.org","@graph":[{"@type":"NewsArticle","@id":"https:\/\/www.gaveanews.com\/index.php\/2021\/12\/02\/cabe-no-flamengo-de-saida-do-gremio-rafinha-e-descartado-por-ex-clube\/#article","isPartOf":{"@id":"https:\/\/www.gaveanews.com\/index.php\/2021\/12\/02\/cabe-no-flamengo-de-saida-do-gremio-rafinha-e-descartado-por-ex-clube\/"},"author":{"name":"Let\u00edcia Gerheim","@id":"https:\/\/www.gaveanews.com\/#\/schema\/person\/714c67050b836198af2450ba1c142a67"},"headline":"Cabe no Flamengo? De sa\u00edda do Gr\u00eamio, Rafinha \u00e9 descartado por ex-clube","datePublished":"2021-12-02T21:42:52+00:00","dateModified":"2021-12-02T21:42:55+00:00","mainEntityOfPage":{"@id":"https:\/\/www.gaveanews.com\/index.php\/2021\/12\/02\/cabe-no-flamengo-de-saida-do-gremio-rafinha-e-descartado-por-ex-clube\/"},"wordCount":276,"commentCount":34,"image":{"@id":"https:\/\/www.gaveanews.com\/index.php\/2021\/12\/02\/cabe-no-flamengo-de-saida-do-gremio-rafinha-e-descartado-por-ex-clube\/#primaryimage"},"thumbnailUrl":"https:\/\/www.gaveanews.com\/wp-content\/uploads\/Gabigol-e-Rafinha-durante-o-jogo-entre-Gremio-e-Flamengo-pela-Copa-do-Brasil-de-2021.webp","articleSection":["Flamengo"],"inLanguage":"pt-BR","potentialAction":[{"@type":"CommentAction","name":"Comment","target":["https:\/\/www.gaveanews.com\/index.php\/2021\/12\/02\/cabe-no-flamengo-de-saida-do-gremio-rafinha-e-descartado-por-ex-clube\/#respond"]}],"copyrightYear":"2021","copyrightHolder":{"@id":"https:\/\/www.gaveanews.com\/#organization"}},{"@type":"WebPage","@id":"https:\/\/www.gaveanews.com\/index.php\/2021\/12\/02\/cabe-no-flamengo-de-saida-do-gremio-rafinha-e-descartado-por-ex-clube\/","url":"https:\/\/www.gaveanews.com\/index.php\/2021\/12\/02\/cabe-no-flamengo-de-saida-do-gremio-rafinha-e-descartado-por-ex-clube\/","name":"De sa\u00edda do Gr\u00eamio, Rafinha \u00e9 descartado por ex-clube","isPartOf":{"@id":"https:\/\/www.gaveanews.com\/#website"},"primaryImageOfPage":{"@id":"https:\/\/www.gaveanews.com\/index.php\/2021\/12\/02\/cabe-no-flamengo-de-saida-do-gremio-rafinha-e-descartado-por-ex-clube\/#primaryimage"},"image":{"@id":"https:\/\/www.gaveanews.com\/index.php\/2021\/12\/02\/cabe-no-flamengo-de-saida-do-gremio-rafinha-e-descartado-por-ex-clube\/#primaryimage"},"thumbnailUrl":"https:\/\/www.gaveanews.com\/wp-content\/uploads\/Gabigol-e-Rafinha-durante-o-jogo-entre-Gremio-e-Flamengo-pela-Copa-do-Brasil-de-2021.webp","datePublished":"2021-12-02T21:42:52+00:00","dateModified":"2021-12-02T21:42:55+00:00","author":{"@id":"https:\/\/www.gaveanews.com\/#\/schema\/person\/714c67050b836198af2450ba1c142a67"},"description":"Fora dos planos do Gr\u00eamio para 2022, Rafinha vive clima de incerteza sobre seu futuro. O contrato do lateral com o Tricolor Ga\u00facho.","breadcrumb":{"@id":"https:\/\/www.gaveanews.com\/index.php\/2021\/12\/02\/cabe-no-flamengo-de-saida-do-gremio-rafinha-e-descartado-por-ex-clube\/#breadcrumb"},"inLanguage":"pt-BR","potentialAction":[{"@type":"ReadAction","target":["https:\/\/www.gaveanews.com\/index.php\/2021\/12\/02\/cabe-no-flamengo-de-saida-do-gremio-rafinha-e-descartado-por-ex-clube\/"]}]},{"@type":"ImageObject","inLanguage":"pt-BR","@id":"https:\/\/www.gaveanews.com\/index.php\/2021\/12\/02\/cabe-no-flamengo-de-saida-do-gremio-rafinha-e-descartado-por-ex-clube\/#primaryimage","url":"https:\/\/www.gaveanews.com\/wp-content\/uploads\/Gabigol-e-Rafinha-durante-o-jogo-entre-Gremio-e-Flamengo-pela-Copa-do-Brasil-de-2021.webp","contentUrl":"https:\/\/www.gaveanews.com\/wp-content\/uploads\/Gabigol-e-Rafinha-durante-o-jogo-entre-Gremio-e-Flamengo-pela-Copa-do-Brasil-de-2021.webp","width":799,"height":533,"caption":"Gabigol e Rafinha durante o jogo entre Gr\u00eamio e Flamengo pela Copa do Brasil de 2021 (Foto: Alexandre Vidal\/Flamengo)"},{"@type":"BreadcrumbList","@id":"https:\/\/www.gaveanews.com\/index.php\/2021\/12\/02\/cabe-no-flamengo-de-saida-do-gremio-rafinha-e-descartado-por-ex-clube\/#breadcrumb","itemListElement":[{"@type":"ListItem","position":1,"name":"Home","item":"https:\/\/www.gaveanews.com\/"},{"@type":"ListItem","position":2,"name":"Cabe no Flamengo? De sa\u00edda do Gr\u00eamio, Rafinha \u00e9 descartado por ex-clube"}]},{"@type":"WebSite","@id":"https:\/\/www.gaveanews.com\/#website","url":"https:\/\/www.gaveanews.com\/","name":"G\u00e1vea News","description":"Veja todas as not\u00edcias sobre o Flamengo: Contrata\u00e7\u00f5es, categorias de base, resultados das partidas, tabela de classifica\u00e7\u00e3o, pr\u00f3ximos jogos!","potentialAction":[{"@type":"SearchAction","target":{"@type":"EntryPoint","urlTemplate":"https:\/\/www.gaveanews.com\/?s={search_term_string}"},"query-input":{"@type":"PropertyValueSpecification","valueRequired":true,"valueName":"search_term_string"}}],"inLanguage":"pt-BR"},{"@type":"Person","@id":"https:\/\/www.gaveanews.com\/#\/schema\/person\/714c67050b836198af2450ba1c142a67","name":"Let\u00edcia Gerheim","image":{"@type":"ImageObject","inLanguage":"pt-BR","@id":"https:\/\/www.gaveanews.com\/#\/schema\/person\/image\/","url":"https:\/\/secure.gravatar.com\/avatar\/60734739c50fcebfbac509e2a826ccd0ff405c019bc73aab9354f19ecad1dcb4?s=96&d=mm&r=g","contentUrl":"https:\/\/secure.gravatar.com\/avatar\/60734739c50fcebfbac509e2a826ccd0ff405c019bc73aab9354f19ecad1dcb4?s=96&d=mm&r=g","caption":"Let\u00edcia Gerheim"}}]}},"_links":{"self":[{"href":"https:\/\/www.gaveanews.com\/index.php\/wp-json\/wp\/v2\/posts\/72726","targetHints":{"allow":["GET"]}}],"collection":[{"href":"https:\/\/www.gaveanews.com\/index.php\/wp-json\/wp\/v2\/posts"}],"about":[{"href":"https:\/\/www.gaveanews.com\/index.php\/wp-json\/wp\/v2\/types\/post"}],"author":[{"embeddable":true,"href":"https:\/\/www.gaveanews.com\/index.php\/wp-json\/wp\/v2\/users\/4"}],"replies":[{"embeddable":true,"href":"https:\/\/www.gaveanews.com\/index.php\/wp-json\/wp\/v2\/comments?post=72726"}],"version-history":[{"count":0,"href":"https:\/\/www.gaveanews.com\/index.php\/wp-json\/wp\/v2\/posts\/72726\/revisions"}],"wp:featuredmedia":[{"embeddable":true,"href":"https:\/\/www.gaveanews.com\/index.php\/wp-json\/wp\/v2\/media\/66842"}],"wp:attachment":[{"href":"https:\/\/www.gaveanews.com\/index.php\/wp-json\/wp\/v2\/media?parent=72726"}],"wp:term":[{"taxonomy":"category","embeddable":true,"href":"https:\/\/www.gaveanews.com\/index.php\/wp-json\/wp\/v2\/categories?post=72726"},{"taxonomy":"post_tag","embeddable":true,"href":"https:\/\/www.gaveanews.com\/index.php\/wp-json\/wp\/v2\/tags?post=72726"}],"curies":[{"name":"wp","href":"https:\/\/api.w.org\/{rel}","templated":true}]}}