{"id":73913,"date":"2021-12-24T11:26:34","date_gmt":"2021-12-24T14:26:34","guid":{"rendered":"https:\/\/www.gaveanews.com\/?p=73913"},"modified":"2021-12-24T11:26:37","modified_gmt":"2021-12-24T14:26:37","slug":"flamengo-supera-2019-e-bate-novo-recorde-de-gols-do-seculo","status":"publish","type":"post","link":"https:\/\/www.gaveanews.com\/index.php\/2021\/12\/24\/flamengo-supera-2019-e-bate-novo-recorde-de-gols-do-seculo\/","title":{"rendered":"Flamengo supera 2019 e bate novo recorde de gols do s\u00e9culo"},"content":{"rendered":"\n<p>N\u00e3o \u00e9 segredo que a temporada de 2021 do Flamengo deixou a desejar. As expectativas criadas foram proporcionais ao elenco talentoso que possui, mas a realidade mostrou que o grupo tem muito a melhorar.<\/p>\n\n\n\n<p>Contudo, mesmo com os imprevistos e empecilhos encontrados no decorrer do ano, algumas marcas relevantes foram alcan\u00e7adas. Dentre as ocasionalidades ocorridas, a recupera\u00e7\u00e3o de parte dos jogadores foi imprescind\u00edvel para que o time pudesse se manter entre os principais clubes do Brasil.<\/p>\n\n\n\n<p>Por isso, a equipe fechou o ano com o saldo de 156 gols marcados, superando os n\u00fameros de 2019 e figurando a temporada mais goleadora do s\u00e9culo. Os tentos foram marcados no decorrer de 75 jogos, resultando da m\u00e9dia de 2,08 gols por partida.<\/p>\n\n\n\n<p>Em 2019, foram 150 bolas na rede em 74 jogos, gerando a m\u00e9dia de 2,02 gols por confronto. Antes disso, a melhor marca havia sido atingida em 2017, quando o Mais Querido alcan\u00e7ou a m\u00e9dia de 1,63 gols por partida, sendo o total de 135 gols em 83 compromissos. O levantamento foi realizado pelo Espi\u00e3o Estat\u00edstico, do portal <em>ge<\/em>.<\/p>\n\n\n\n<p>Neste ano, o principal respons\u00e1vel pelos tentos rubro-negros foi Gabigol, o qual marcou 34 gols. Cabe lembrar que o artilheiro desfalcou o time em diversas ocasi\u00f5es devido \u00e0s convoca\u00e7\u00f5es de Tite para a Sele\u00e7\u00e3o Brasileira. Apesar disso, o camisa 9 ainda conseguiu terminar o ano como o principal goleador do elenco.<\/p>\n\n\n\n<p>Outro fato curioso \u00e9 de que o jogador marcou mais da metade de seus gols em partidas feitas fora de casa. No total, foram 20 bolas na rede como visitante, contra 14 contabilizadas no Maracan\u00e3.<\/p>\n\n\n\n<h3 class=\"has-text-align-center wp-block-heading\" id=\"h-veja-o-ranking-dos-gols-do-flamengo-em-2021\">Veja o ranking dos gols do Flamengo em 2021<\/h3>\n\n\n\n<figure class=\"wp-block-table aligncenter is-style-stripes\"><table><tbody><tr><td class=\"has-text-align-center\" data-align=\"center\"><strong>Jogador<\/strong><\/td><td class=\"has-text-align-center\" data-align=\"center\"><strong>Gols como mandante<\/strong><\/td><td class=\"has-text-align-center\" data-align=\"center\"><strong>Gols como visitante<\/strong><\/td><td class=\"has-text-align-center\" data-align=\"center\"><strong>Total<\/strong><\/td><\/tr><tr><td class=\"has-text-align-center\" data-align=\"center\">Gabigol<\/td><td class=\"has-text-align-center\" data-align=\"center\">14<\/td><td class=\"has-text-align-center\" data-align=\"center\">20<\/td><td class=\"has-text-align-center\" data-align=\"center\">34<\/td><\/tr><tr><td class=\"has-text-align-center\" data-align=\"center\">Bruno Henrique<\/td><td class=\"has-text-align-center\" data-align=\"center\">15<\/td><td class=\"has-text-align-center\" data-align=\"center\">5<\/td><td class=\"has-text-align-center\" data-align=\"center\">20<\/td><\/tr><tr><td class=\"has-text-align-center\" data-align=\"center\">Michael<\/td><td class=\"has-text-align-center\" data-align=\"center\">8<\/td><td class=\"has-text-align-center\" data-align=\"center\">11<\/td><td class=\"has-text-align-center\" data-align=\"center\">19<\/td><\/tr><tr><td class=\"has-text-align-center\" data-align=\"center\">Pedro<\/td><td class=\"has-text-align-center\" data-align=\"center\">7<\/td><td class=\"has-text-align-center\" data-align=\"center\">11<\/td><td class=\"has-text-align-center\" data-align=\"center\">18<\/td><\/tr><tr><td class=\"has-text-align-center\" data-align=\"center\">Vitinho<\/td><td class=\"has-text-align-center\" data-align=\"center\">7<\/td><td class=\"has-text-align-center\" data-align=\"center\">7<\/td><td class=\"has-text-align-center\" data-align=\"center\">14<\/td><\/tr><tr><td class=\"has-text-align-center\" data-align=\"center\">Arrascaeta<\/td><td class=\"has-text-align-center\" data-align=\"center\">6<\/td><td class=\"has-text-align-center\" data-align=\"center\">3<\/td><td class=\"has-text-align-center\" data-align=\"center\">9<\/td><\/tr><tr><td class=\"has-text-align-center\" data-align=\"center\">Rodrigo Muniz<\/td><td class=\"has-text-align-center\" data-align=\"center\">5<\/td><td class=\"has-text-align-center\" data-align=\"center\">4<\/td><td class=\"has-text-align-center\" data-align=\"center\">9<\/td><\/tr><tr><td class=\"has-text-align-center\" data-align=\"center\">Andreas Pereira<\/td><td class=\"has-text-align-center\" data-align=\"center\">3<\/td><td class=\"has-text-align-center\" data-align=\"center\">2<\/td><td class=\"has-text-align-center\" data-align=\"center\">5<\/td><\/tr><tr><td class=\"has-text-align-center\" data-align=\"center\">William Ar\u00e3o<\/td><td class=\"has-text-align-center\" data-align=\"center\">1<\/td><td class=\"has-text-align-center\" data-align=\"center\">3<\/td><td class=\"has-text-align-center\" data-align=\"center\">4<\/td><\/tr><tr><td class=\"has-text-align-center\" data-align=\"center\">Everton Ribeiro<\/td><td class=\"has-text-align-center\" data-align=\"center\">2<\/td><td class=\"has-text-align-center\" data-align=\"center\">1<\/td><td class=\"has-text-align-center\" data-align=\"center\">3<\/td><\/tr><tr><td class=\"has-text-align-center\" data-align=\"center\">Gustavo Henrique<\/td><td class=\"has-text-align-center\" data-align=\"center\">2<\/td><td class=\"has-text-align-center\" data-align=\"center\">1<\/td><td class=\"has-text-align-center\" data-align=\"center\">3<\/td><\/tr><tr><td class=\"has-text-align-center\" data-align=\"center\">Jo\u00e3o Gomes<\/td><td class=\"has-text-align-center\" data-align=\"center\">1<\/td><td class=\"has-text-align-center\" data-align=\"center\">1<\/td><td class=\"has-text-align-center\" data-align=\"center\">2<\/td><\/tr><tr><td class=\"has-text-align-center\" data-align=\"center\">Matheuzinho<\/td><td class=\"has-text-align-center\" data-align=\"center\">1<\/td><td class=\"has-text-align-center\" data-align=\"center\">1<\/td><td class=\"has-text-align-center\" data-align=\"center\">2<\/td><\/tr><tr><td class=\"has-text-align-center\" data-align=\"center\">Thiago Maia<\/td><td class=\"has-text-align-center\" data-align=\"center\">x<\/td><td class=\"has-text-align-center\" data-align=\"center\">2<\/td><td class=\"has-text-align-center\" data-align=\"center\">2<\/td><\/tr><tr><td class=\"has-text-align-center\" data-align=\"center\">Bruno Viana<\/td><td class=\"has-text-align-center\" data-align=\"center\">x<\/td><td class=\"has-text-align-center\" data-align=\"center\">1<\/td><td class=\"has-text-align-center\" data-align=\"center\">1<\/td><\/tr><tr><td class=\"has-text-align-center\" data-align=\"center\">Diego<\/td><td class=\"has-text-align-center\" data-align=\"center\">x<\/td><td class=\"has-text-align-center\" data-align=\"center\">1<\/td><td class=\"has-text-align-center\" data-align=\"center\">1<\/td><\/tr><tr><td class=\"has-text-align-center\" data-align=\"center\">Gerson<\/td><td class=\"has-text-align-center\" data-align=\"center\">x<\/td><td class=\"has-text-align-center\" data-align=\"center\">1<\/td><td class=\"has-text-align-center\" data-align=\"center\">1<\/td><\/tr><tr><td class=\"has-text-align-center\" data-align=\"center\">Hugo Moura<\/td><td class=\"has-text-align-center\" data-align=\"center\">x<\/td><td class=\"has-text-align-center\" data-align=\"center\">1<\/td><td class=\"has-text-align-center\" data-align=\"center\">1<\/td><\/tr><tr><td class=\"has-text-align-center\" data-align=\"center\">Kenedy<\/td><td class=\"has-text-align-center\" data-align=\"center\">1<\/td><td class=\"has-text-align-center\" data-align=\"center\">x<\/td><td class=\"has-text-align-center\" data-align=\"center\">1<\/td><\/tr><tr><td class=\"has-text-align-center\" data-align=\"center\">Max<\/td><td class=\"has-text-align-center\" data-align=\"center\">1<\/td><td class=\"has-text-align-center\" data-align=\"center\">x<\/td><td class=\"has-text-align-center\" data-align=\"center\">1<\/td><\/tr><tr><td class=\"has-text-align-center\" data-align=\"center\">Ren\u00ea<\/td><td class=\"has-text-align-center\" data-align=\"center\">x<\/td><td class=\"has-text-align-center\" data-align=\"center\">1<\/td><td class=\"has-text-align-center\" data-align=\"center\">1<\/td><\/tr><tr><td class=\"has-text-align-center\" data-align=\"center\">Rodinei<\/td><td class=\"has-text-align-center\" data-align=\"center\">x<\/td><td class=\"has-text-align-center\" data-align=\"center\">1<\/td><td class=\"has-text-align-center\" data-align=\"center\">1<\/td><\/tr><tr><td class=\"has-text-align-center\" data-align=\"center\">Rodrigo Caio<\/td><td class=\"has-text-align-center\" data-align=\"center\">1<\/td><td class=\"has-text-align-center\" data-align=\"center\">x<\/td><td class=\"has-text-align-center\" data-align=\"center\">1<\/td><\/tr><\/tbody><\/table><figcaption>Fonte: <em>ge<\/em><\/figcaption><\/figure>\n\n\n\n<p><\/p>\n","protected":false},"excerpt":{"rendered":"<p>N\u00e3o \u00e9 segredo que a temporada de 2021 do Flamengo deixou a desejar. As expectativas criadas foram proporcionais ao elenco talentoso que possui, mas a realidade mostrou que o grupo tem muito a melhorar. Contudo, mesmo com os imprevistos e empecilhos encontrados no decorrer do ano, algumas marcas relevantes foram alcan\u00e7adas. Dentre as ocasionalidades ocorridas, [&hellip;]<\/p>\n","protected":false},"author":4,"featured_media":71119,"comment_status":"open","ping_status":"closed","sticky":false,"template":"","format":"standard","meta":{"footnotes":""},"categories":[1],"tags":[],"class_list":["post-73913","post","type-post","status-publish","format-standard","has-post-thumbnail","hentry","category-flamengo"],"yoast_head":"<!-- This site is optimized with the Yoast SEO Premium plugin v24.2 (Yoast SEO v26.9) - https:\/\/yoast.com\/product\/yoast-seo-premium-wordpress\/ -->\n<title>Flamengo supera 2019 e bate novo recorde de gols do s\u00e9culo<\/title>\n<meta name=\"robots\" content=\"index, follow, max-snippet:-1, max-image-preview:large, max-video-preview:-1\" \/>\n<link rel=\"canonical\" href=\"https:\/\/www.gaveanews.com\/index.php\/2021\/12\/24\/flamengo-supera-2019-e-bate-novo-recorde-de-gols-do-seculo\/\" \/>\n<meta property=\"og:locale\" content=\"pt_BR\" \/>\n<meta property=\"og:type\" content=\"article\" \/>\n<meta property=\"og:title\" content=\"Flamengo supera 2019 e bate novo recorde de gols do s\u00e9culo\" \/>\n<meta property=\"og:description\" content=\"N\u00e3o \u00e9 segredo que a temporada de 2021 do Flamengo deixou a desejar. As expectativas criadas foram proporcionais ao elenco talentoso que possui, mas a realidade mostrou que o grupo tem muito a melhorar. Contudo, mesmo com os imprevistos e empecilhos encontrados no decorrer do ano, algumas marcas relevantes foram alcan\u00e7adas. Dentre as ocasionalidades ocorridas, [&hellip;]\" \/>\n<meta property=\"og:url\" content=\"https:\/\/www.gaveanews.com\/index.php\/2021\/12\/24\/flamengo-supera-2019-e-bate-novo-recorde-de-gols-do-seculo\/\" \/>\n<meta property=\"og:site_name\" content=\"G\u00e1vea News\" \/>\n<meta property=\"article:publisher\" content=\"https:\/\/facebook.com\/gaveaNews\/\" \/>\n<meta property=\"article:published_time\" content=\"2021-12-24T14:26:34+00:00\" \/>\n<meta property=\"article:modified_time\" content=\"2021-12-24T14:26:37+00:00\" \/>\n<meta property=\"og:image\" content=\"https:\/\/www.gaveanews.com\/wp-content\/uploads\/Jogadores-do-Flamengo-comemoram-gol-marcado-por-Gabigol-contra-o-Athletico-PR-pelo-Campeonato-Brasileiro-2021.webp\" \/>\n\t<meta property=\"og:image:width\" content=\"799\" \/>\n\t<meta property=\"og:image:height\" content=\"533\" \/>\n\t<meta property=\"og:image:type\" content=\"image\/jpeg\" \/>\n<meta name=\"author\" content=\"Let\u00edcia Gerheim\" \/>\n<meta name=\"twitter:card\" content=\"summary_large_image\" \/>\n<meta name=\"twitter:label1\" content=\"Escrito por\" \/>\n\t<meta name=\"twitter:data1\" content=\"Let\u00edcia Gerheim\" \/>\n\t<meta name=\"twitter:label2\" content=\"Est. tempo de leitura\" \/>\n\t<meta name=\"twitter:data2\" content=\"2 minutos\" \/>\n<script type=\"application\/ld+json\" class=\"yoast-schema-graph\">{\"@context\":\"https:\/\/schema.org\",\"@graph\":[{\"@type\":\"NewsArticle\",\"@id\":\"https:\/\/www.gaveanews.com\/index.php\/2021\/12\/24\/flamengo-supera-2019-e-bate-novo-recorde-de-gols-do-seculo\/#article\",\"isPartOf\":{\"@id\":\"https:\/\/www.gaveanews.com\/index.php\/2021\/12\/24\/flamengo-supera-2019-e-bate-novo-recorde-de-gols-do-seculo\/\"},\"author\":{\"name\":\"Let\u00edcia Gerheim\",\"@id\":\"https:\/\/www.gaveanews.com\/#\/schema\/person\/714c67050b836198af2450ba1c142a67\"},\"headline\":\"Flamengo supera 2019 e bate novo recorde de gols do s\u00e9culo\",\"datePublished\":\"2021-12-24T14:26:34+00:00\",\"dateModified\":\"2021-12-24T14:26:37+00:00\",\"mainEntityOfPage\":{\"@id\":\"https:\/\/www.gaveanews.com\/index.php\/2021\/12\/24\/flamengo-supera-2019-e-bate-novo-recorde-de-gols-do-seculo\/\"},\"wordCount\":337,\"commentCount\":0,\"image\":{\"@id\":\"https:\/\/www.gaveanews.com\/index.php\/2021\/12\/24\/flamengo-supera-2019-e-bate-novo-recorde-de-gols-do-seculo\/#primaryimage\"},\"thumbnailUrl\":\"https:\/\/www.gaveanews.com\/wp-content\/uploads\/Jogadores-do-Flamengo-comemoram-gol-marcado-por-Gabigol-contra-o-Athletico-PR-pelo-Campeonato-Brasileiro-2021.webp\",\"articleSection\":[\"Flamengo\"],\"inLanguage\":\"pt-BR\",\"potentialAction\":[{\"@type\":\"CommentAction\",\"name\":\"Comment\",\"target\":[\"https:\/\/www.gaveanews.com\/index.php\/2021\/12\/24\/flamengo-supera-2019-e-bate-novo-recorde-de-gols-do-seculo\/#respond\"]}],\"copyrightYear\":\"2021\",\"copyrightHolder\":{\"@id\":\"https:\/\/www.gaveanews.com\/#organization\"}},{\"@type\":\"WebPage\",\"@id\":\"https:\/\/www.gaveanews.com\/index.php\/2021\/12\/24\/flamengo-supera-2019-e-bate-novo-recorde-de-gols-do-seculo\/\",\"url\":\"https:\/\/www.gaveanews.com\/index.php\/2021\/12\/24\/flamengo-supera-2019-e-bate-novo-recorde-de-gols-do-seculo\/\",\"name\":\"Flamengo supera 2019 e bate novo recorde de gols do s\u00e9culo\",\"isPartOf\":{\"@id\":\"https:\/\/www.gaveanews.com\/#website\"},\"primaryImageOfPage\":{\"@id\":\"https:\/\/www.gaveanews.com\/index.php\/2021\/12\/24\/flamengo-supera-2019-e-bate-novo-recorde-de-gols-do-seculo\/#primaryimage\"},\"image\":{\"@id\":\"https:\/\/www.gaveanews.com\/index.php\/2021\/12\/24\/flamengo-supera-2019-e-bate-novo-recorde-de-gols-do-seculo\/#primaryimage\"},\"thumbnailUrl\":\"https:\/\/www.gaveanews.com\/wp-content\/uploads\/Jogadores-do-Flamengo-comemoram-gol-marcado-por-Gabigol-contra-o-Athletico-PR-pelo-Campeonato-Brasileiro-2021.webp\",\"datePublished\":\"2021-12-24T14:26:34+00:00\",\"dateModified\":\"2021-12-24T14:26:37+00:00\",\"author\":{\"@id\":\"https:\/\/www.gaveanews.com\/#\/schema\/person\/714c67050b836198af2450ba1c142a67\"},\"breadcrumb\":{\"@id\":\"https:\/\/www.gaveanews.com\/index.php\/2021\/12\/24\/flamengo-supera-2019-e-bate-novo-recorde-de-gols-do-seculo\/#breadcrumb\"},\"inLanguage\":\"pt-BR\",\"potentialAction\":[{\"@type\":\"ReadAction\",\"target\":[\"https:\/\/www.gaveanews.com\/index.php\/2021\/12\/24\/flamengo-supera-2019-e-bate-novo-recorde-de-gols-do-seculo\/\"]}]},{\"@type\":\"ImageObject\",\"inLanguage\":\"pt-BR\",\"@id\":\"https:\/\/www.gaveanews.com\/index.php\/2021\/12\/24\/flamengo-supera-2019-e-bate-novo-recorde-de-gols-do-seculo\/#primaryimage\",\"url\":\"https:\/\/www.gaveanews.com\/wp-content\/uploads\/Jogadores-do-Flamengo-comemoram-gol-marcado-por-Gabigol-contra-o-Athletico-PR-pelo-Campeonato-Brasileiro-2021.webp\",\"contentUrl\":\"https:\/\/www.gaveanews.com\/wp-content\/uploads\/Jogadores-do-Flamengo-comemoram-gol-marcado-por-Gabigol-contra-o-Athletico-PR-pelo-Campeonato-Brasileiro-2021.webp\",\"width\":799,\"height\":533,\"caption\":\"Jogadores do Flamengo comemoram gol marcado por Gabigol contra o Athletico-PR pelo Campeonato Brasileiro 2021 (Foto: Alexandre Vidal\/Flamengo)\"},{\"@type\":\"BreadcrumbList\",\"@id\":\"https:\/\/www.gaveanews.com\/index.php\/2021\/12\/24\/flamengo-supera-2019-e-bate-novo-recorde-de-gols-do-seculo\/#breadcrumb\",\"itemListElement\":[{\"@type\":\"ListItem\",\"position\":1,\"name\":\"Home\",\"item\":\"https:\/\/www.gaveanews.com\/\"},{\"@type\":\"ListItem\",\"position\":2,\"name\":\"Flamengo supera 2019 e bate novo recorde de gols do s\u00e9culo\"}]},{\"@type\":\"WebSite\",\"@id\":\"https:\/\/www.gaveanews.com\/#website\",\"url\":\"https:\/\/www.gaveanews.com\/\",\"name\":\"G\u00e1vea News\",\"description\":\"Veja todas as not\u00edcias sobre o Flamengo: Contrata\u00e7\u00f5es, categorias de base, resultados das partidas, tabela de classifica\u00e7\u00e3o, pr\u00f3ximos jogos!\",\"potentialAction\":[{\"@type\":\"SearchAction\",\"target\":{\"@type\":\"EntryPoint\",\"urlTemplate\":\"https:\/\/www.gaveanews.com\/?s={search_term_string}\"},\"query-input\":{\"@type\":\"PropertyValueSpecification\",\"valueRequired\":true,\"valueName\":\"search_term_string\"}}],\"inLanguage\":\"pt-BR\"},{\"@type\":\"Person\",\"@id\":\"https:\/\/www.gaveanews.com\/#\/schema\/person\/714c67050b836198af2450ba1c142a67\",\"name\":\"Let\u00edcia Gerheim\",\"image\":{\"@type\":\"ImageObject\",\"inLanguage\":\"pt-BR\",\"@id\":\"https:\/\/www.gaveanews.com\/#\/schema\/person\/image\/\",\"url\":\"https:\/\/secure.gravatar.com\/avatar\/60734739c50fcebfbac509e2a826ccd0ff405c019bc73aab9354f19ecad1dcb4?s=96&d=mm&r=g\",\"contentUrl\":\"https:\/\/secure.gravatar.com\/avatar\/60734739c50fcebfbac509e2a826ccd0ff405c019bc73aab9354f19ecad1dcb4?s=96&d=mm&r=g\",\"caption\":\"Let\u00edcia Gerheim\"}}]}<\/script>\n<!-- \/ Yoast SEO Premium plugin. -->","yoast_head_json":{"title":"Flamengo supera 2019 e bate novo recorde de gols do s\u00e9culo","robots":{"index":"index","follow":"follow","max-snippet":"max-snippet:-1","max-image-preview":"max-image-preview:large","max-video-preview":"max-video-preview:-1"},"canonical":"https:\/\/www.gaveanews.com\/index.php\/2021\/12\/24\/flamengo-supera-2019-e-bate-novo-recorde-de-gols-do-seculo\/","og_locale":"pt_BR","og_type":"article","og_title":"Flamengo supera 2019 e bate novo recorde de gols do s\u00e9culo","og_description":"N\u00e3o \u00e9 segredo que a temporada de 2021 do Flamengo deixou a desejar. As expectativas criadas foram proporcionais ao elenco talentoso que possui, mas a realidade mostrou que o grupo tem muito a melhorar. Contudo, mesmo com os imprevistos e empecilhos encontrados no decorrer do ano, algumas marcas relevantes foram alcan\u00e7adas. Dentre as ocasionalidades ocorridas, [&hellip;]","og_url":"https:\/\/www.gaveanews.com\/index.php\/2021\/12\/24\/flamengo-supera-2019-e-bate-novo-recorde-de-gols-do-seculo\/","og_site_name":"G\u00e1vea News","article_publisher":"https:\/\/facebook.com\/gaveaNews\/","article_published_time":"2021-12-24T14:26:34+00:00","article_modified_time":"2021-12-24T14:26:37+00:00","og_image":[{"width":799,"height":533,"url":"https:\/\/www.gaveanews.com\/wp-content\/uploads\/Jogadores-do-Flamengo-comemoram-gol-marcado-por-Gabigol-contra-o-Athletico-PR-pelo-Campeonato-Brasileiro-2021.webp","type":"image\/jpeg"}],"author":"Let\u00edcia Gerheim","twitter_card":"summary_large_image","twitter_misc":{"Escrito por":"Let\u00edcia Gerheim","Est. tempo de leitura":"2 minutos"},"schema":{"@context":"https:\/\/schema.org","@graph":[{"@type":"NewsArticle","@id":"https:\/\/www.gaveanews.com\/index.php\/2021\/12\/24\/flamengo-supera-2019-e-bate-novo-recorde-de-gols-do-seculo\/#article","isPartOf":{"@id":"https:\/\/www.gaveanews.com\/index.php\/2021\/12\/24\/flamengo-supera-2019-e-bate-novo-recorde-de-gols-do-seculo\/"},"author":{"name":"Let\u00edcia Gerheim","@id":"https:\/\/www.gaveanews.com\/#\/schema\/person\/714c67050b836198af2450ba1c142a67"},"headline":"Flamengo supera 2019 e bate novo recorde de gols do s\u00e9culo","datePublished":"2021-12-24T14:26:34+00:00","dateModified":"2021-12-24T14:26:37+00:00","mainEntityOfPage":{"@id":"https:\/\/www.gaveanews.com\/index.php\/2021\/12\/24\/flamengo-supera-2019-e-bate-novo-recorde-de-gols-do-seculo\/"},"wordCount":337,"commentCount":0,"image":{"@id":"https:\/\/www.gaveanews.com\/index.php\/2021\/12\/24\/flamengo-supera-2019-e-bate-novo-recorde-de-gols-do-seculo\/#primaryimage"},"thumbnailUrl":"https:\/\/www.gaveanews.com\/wp-content\/uploads\/Jogadores-do-Flamengo-comemoram-gol-marcado-por-Gabigol-contra-o-Athletico-PR-pelo-Campeonato-Brasileiro-2021.webp","articleSection":["Flamengo"],"inLanguage":"pt-BR","potentialAction":[{"@type":"CommentAction","name":"Comment","target":["https:\/\/www.gaveanews.com\/index.php\/2021\/12\/24\/flamengo-supera-2019-e-bate-novo-recorde-de-gols-do-seculo\/#respond"]}],"copyrightYear":"2021","copyrightHolder":{"@id":"https:\/\/www.gaveanews.com\/#organization"}},{"@type":"WebPage","@id":"https:\/\/www.gaveanews.com\/index.php\/2021\/12\/24\/flamengo-supera-2019-e-bate-novo-recorde-de-gols-do-seculo\/","url":"https:\/\/www.gaveanews.com\/index.php\/2021\/12\/24\/flamengo-supera-2019-e-bate-novo-recorde-de-gols-do-seculo\/","name":"Flamengo supera 2019 e bate novo recorde de gols do s\u00e9culo","isPartOf":{"@id":"https:\/\/www.gaveanews.com\/#website"},"primaryImageOfPage":{"@id":"https:\/\/www.gaveanews.com\/index.php\/2021\/12\/24\/flamengo-supera-2019-e-bate-novo-recorde-de-gols-do-seculo\/#primaryimage"},"image":{"@id":"https:\/\/www.gaveanews.com\/index.php\/2021\/12\/24\/flamengo-supera-2019-e-bate-novo-recorde-de-gols-do-seculo\/#primaryimage"},"thumbnailUrl":"https:\/\/www.gaveanews.com\/wp-content\/uploads\/Jogadores-do-Flamengo-comemoram-gol-marcado-por-Gabigol-contra-o-Athletico-PR-pelo-Campeonato-Brasileiro-2021.webp","datePublished":"2021-12-24T14:26:34+00:00","dateModified":"2021-12-24T14:26:37+00:00","author":{"@id":"https:\/\/www.gaveanews.com\/#\/schema\/person\/714c67050b836198af2450ba1c142a67"},"breadcrumb":{"@id":"https:\/\/www.gaveanews.com\/index.php\/2021\/12\/24\/flamengo-supera-2019-e-bate-novo-recorde-de-gols-do-seculo\/#breadcrumb"},"inLanguage":"pt-BR","potentialAction":[{"@type":"ReadAction","target":["https:\/\/www.gaveanews.com\/index.php\/2021\/12\/24\/flamengo-supera-2019-e-bate-novo-recorde-de-gols-do-seculo\/"]}]},{"@type":"ImageObject","inLanguage":"pt-BR","@id":"https:\/\/www.gaveanews.com\/index.php\/2021\/12\/24\/flamengo-supera-2019-e-bate-novo-recorde-de-gols-do-seculo\/#primaryimage","url":"https:\/\/www.gaveanews.com\/wp-content\/uploads\/Jogadores-do-Flamengo-comemoram-gol-marcado-por-Gabigol-contra-o-Athletico-PR-pelo-Campeonato-Brasileiro-2021.webp","contentUrl":"https:\/\/www.gaveanews.com\/wp-content\/uploads\/Jogadores-do-Flamengo-comemoram-gol-marcado-por-Gabigol-contra-o-Athletico-PR-pelo-Campeonato-Brasileiro-2021.webp","width":799,"height":533,"caption":"Jogadores do Flamengo comemoram gol marcado por Gabigol contra o Athletico-PR pelo Campeonato Brasileiro 2021 (Foto: Alexandre Vidal\/Flamengo)"},{"@type":"BreadcrumbList","@id":"https:\/\/www.gaveanews.com\/index.php\/2021\/12\/24\/flamengo-supera-2019-e-bate-novo-recorde-de-gols-do-seculo\/#breadcrumb","itemListElement":[{"@type":"ListItem","position":1,"name":"Home","item":"https:\/\/www.gaveanews.com\/"},{"@type":"ListItem","position":2,"name":"Flamengo supera 2019 e bate novo recorde de gols do s\u00e9culo"}]},{"@type":"WebSite","@id":"https:\/\/www.gaveanews.com\/#website","url":"https:\/\/www.gaveanews.com\/","name":"G\u00e1vea News","description":"Veja todas as not\u00edcias sobre o Flamengo: Contrata\u00e7\u00f5es, categorias de base, resultados das partidas, tabela de classifica\u00e7\u00e3o, pr\u00f3ximos jogos!","potentialAction":[{"@type":"SearchAction","target":{"@type":"EntryPoint","urlTemplate":"https:\/\/www.gaveanews.com\/?s={search_term_string}"},"query-input":{"@type":"PropertyValueSpecification","valueRequired":true,"valueName":"search_term_string"}}],"inLanguage":"pt-BR"},{"@type":"Person","@id":"https:\/\/www.gaveanews.com\/#\/schema\/person\/714c67050b836198af2450ba1c142a67","name":"Let\u00edcia Gerheim","image":{"@type":"ImageObject","inLanguage":"pt-BR","@id":"https:\/\/www.gaveanews.com\/#\/schema\/person\/image\/","url":"https:\/\/secure.gravatar.com\/avatar\/60734739c50fcebfbac509e2a826ccd0ff405c019bc73aab9354f19ecad1dcb4?s=96&d=mm&r=g","contentUrl":"https:\/\/secure.gravatar.com\/avatar\/60734739c50fcebfbac509e2a826ccd0ff405c019bc73aab9354f19ecad1dcb4?s=96&d=mm&r=g","caption":"Let\u00edcia Gerheim"}}]}},"_links":{"self":[{"href":"https:\/\/www.gaveanews.com\/index.php\/wp-json\/wp\/v2\/posts\/73913","targetHints":{"allow":["GET"]}}],"collection":[{"href":"https:\/\/www.gaveanews.com\/index.php\/wp-json\/wp\/v2\/posts"}],"about":[{"href":"https:\/\/www.gaveanews.com\/index.php\/wp-json\/wp\/v2\/types\/post"}],"author":[{"embeddable":true,"href":"https:\/\/www.gaveanews.com\/index.php\/wp-json\/wp\/v2\/users\/4"}],"replies":[{"embeddable":true,"href":"https:\/\/www.gaveanews.com\/index.php\/wp-json\/wp\/v2\/comments?post=73913"}],"version-history":[{"count":0,"href":"https:\/\/www.gaveanews.com\/index.php\/wp-json\/wp\/v2\/posts\/73913\/revisions"}],"wp:featuredmedia":[{"embeddable":true,"href":"https:\/\/www.gaveanews.com\/index.php\/wp-json\/wp\/v2\/media\/71119"}],"wp:attachment":[{"href":"https:\/\/www.gaveanews.com\/index.php\/wp-json\/wp\/v2\/media?parent=73913"}],"wp:term":[{"taxonomy":"category","embeddable":true,"href":"https:\/\/www.gaveanews.com\/index.php\/wp-json\/wp\/v2\/categories?post=73913"},{"taxonomy":"post_tag","embeddable":true,"href":"https:\/\/www.gaveanews.com\/index.php\/wp-json\/wp\/v2\/tags?post=73913"}],"curies":[{"name":"wp","href":"https:\/\/api.w.org\/{rel}","templated":true}]}}