{"id":73918,"date":"2021-12-24T11:27:17","date_gmt":"2021-12-24T14:27:17","guid":{"rendered":"https:\/\/www.gaveanews.com\/?p=73918"},"modified":"2021-12-24T11:27:21","modified_gmt":"2021-12-24T14:27:21","slug":"flamengo-nao-marca-reuniao-e-aguarda-desenrolar-da-crise-do-benfica-com-jorge-jesus","status":"publish","type":"post","link":"https:\/\/www.gaveanews.com\/index.php\/2021\/12\/24\/flamengo-nao-marca-reuniao-e-aguarda-desenrolar-da-crise-do-benfica-com-jorge-jesus\/","title":{"rendered":"Flamengo n\u00e3o marca reuni\u00e3o e aguarda desenrolar da crise do Benfica com Jorge Jesus"},"content":{"rendered":"\n<p>A derrota no cl\u00e1ssico com o Porto da \u00faltima quinta-feira pode ter sido um golpe mais duro do que Jorge Jesus possa suportar sob o comando do Benfica. A elimina\u00e7\u00e3o da equipe na Ta\u00e7a de Portugal pode culminar no desligamento de Mister antes mesmo do pr\u00f3ximo encontro entre os times, marcado para o dia 30 de dezembro.<\/p>\n\n\n\n<p>Dada a situa\u00e7\u00e3o, os dirigentes rubro-negros optaram por n\u00e3o se reunirem com o clube portugu\u00eas nos pr\u00f3ximos dias. A ideia \u00e9 de aguardar e acompanhar o desenrolar da situa\u00e7\u00e3o entre os Encarnados e o treinador, que est\u00e1 a um fio de ser desligado de seu atual cargo.<\/p>\n\n\n\n<p>\u00c9 importante lembrar que a cautela e a espera se devem ao alto valor da rescis\u00e3o de contrato do t\u00e9cnico com o Benfica. Assim, caso a equipe europeia opte por demiti-lo antes do fim do v\u00ednculo, eles mesmos dever\u00e3o arcar com os 6 milh\u00f5es de euros (cerca de R$ 39 milh\u00f5es na cota\u00e7\u00e3o atual) da multa.<\/p>\n\n\n\n<p>Cabe ressaltar que o montante citado acima \u00e9 referente apenas \u00e0 rescis\u00e3o de Jorge Jesus, n\u00e3o incluindo o pre\u00e7o a ser pago para trazer o restante da equipe t\u00e9cnica de Mister. Por isso, Braz e Spindel adotaram uma nova postura e n\u00e3o se movimentar\u00e3o para abrir negocia\u00e7\u00f5es enquanto a situa\u00e7\u00e3o interna do Benfica n\u00e3o for definida.<\/p>\n","protected":false},"excerpt":{"rendered":"<p>A derrota no cl\u00e1ssico com o Porto da \u00faltima quinta-feira pode ter sido um golpe mais duro do que Jorge Jesus possa suportar sob o comando do Benfica. A elimina\u00e7\u00e3o da equipe na Ta\u00e7a de Portugal pode culminar no desligamento de Mister antes mesmo do pr\u00f3ximo encontro entre os times, marcado para o dia 30 [&hellip;]<\/p>\n","protected":false},"author":4,"featured_media":73731,"comment_status":"open","ping_status":"closed","sticky":false,"template":"","format":"standard","meta":{"footnotes":""},"categories":[1],"tags":[],"class_list":["post-73918","post","type-post","status-publish","format-standard","has-post-thumbnail","hentry","category-flamengo"],"yoast_head":"<!-- This site is optimized with the Yoast SEO Premium plugin v24.2 (Yoast SEO v26.9) - https:\/\/yoast.com\/product\/yoast-seo-premium-wordpress\/ -->\n<title>Fla n\u00e3o marca reuni\u00e3o e aguarda desenrolar da crise do Benfica com JJ<\/title>\n<meta name=\"robots\" content=\"index, follow, max-snippet:-1, max-image-preview:large, max-video-preview:-1\" \/>\n<link rel=\"canonical\" href=\"https:\/\/www.gaveanews.com\/index.php\/2021\/12\/24\/flamengo-nao-marca-reuniao-e-aguarda-desenrolar-da-crise-do-benfica-com-jorge-jesus\/\" \/>\n<meta property=\"og:locale\" content=\"pt_BR\" \/>\n<meta property=\"og:type\" content=\"article\" \/>\n<meta property=\"og:title\" content=\"Flamengo n\u00e3o marca reuni\u00e3o e aguarda desenrolar da crise do Benfica com Jorge Jesus\" \/>\n<meta property=\"og:description\" content=\"A derrota no cl\u00e1ssico com o Porto da \u00faltima quinta-feira pode ter sido um golpe mais duro do que Jorge Jesus possa suportar sob o comando do Benfica. A elimina\u00e7\u00e3o da equipe na Ta\u00e7a de Portugal pode culminar no desligamento de Mister antes mesmo do pr\u00f3ximo encontro entre os times, marcado para o dia 30 [&hellip;]\" \/>\n<meta property=\"og:url\" content=\"https:\/\/www.gaveanews.com\/index.php\/2021\/12\/24\/flamengo-nao-marca-reuniao-e-aguarda-desenrolar-da-crise-do-benfica-com-jorge-jesus\/\" \/>\n<meta property=\"og:site_name\" content=\"G\u00e1vea News\" \/>\n<meta property=\"article:publisher\" content=\"https:\/\/facebook.com\/gaveaNews\/\" \/>\n<meta property=\"article:published_time\" content=\"2021-12-24T14:27:17+00:00\" \/>\n<meta property=\"article:modified_time\" content=\"2021-12-24T14:27:21+00:00\" \/>\n<meta property=\"og:image\" content=\"https:\/\/www.gaveanews.com\/wp-content\/uploads\/Marcos-Braz-e-Bruno-Spindel.webp\" \/>\n\t<meta property=\"og:image:width\" content=\"640\" \/>\n\t<meta property=\"og:image:height\" content=\"426\" \/>\n\t<meta property=\"og:image:type\" content=\"image\/jpeg\" \/>\n<meta name=\"author\" content=\"Let\u00edcia Gerheim\" \/>\n<meta name=\"twitter:card\" content=\"summary_large_image\" \/>\n<meta name=\"twitter:label1\" content=\"Escrito por\" \/>\n\t<meta name=\"twitter:data1\" content=\"Let\u00edcia Gerheim\" \/>\n\t<meta name=\"twitter:label2\" content=\"Est. tempo de leitura\" \/>\n\t<meta name=\"twitter:data2\" content=\"1 minuto\" \/>\n<script type=\"application\/ld+json\" class=\"yoast-schema-graph\">{\"@context\":\"https:\/\/schema.org\",\"@graph\":[{\"@type\":\"NewsArticle\",\"@id\":\"https:\/\/www.gaveanews.com\/index.php\/2021\/12\/24\/flamengo-nao-marca-reuniao-e-aguarda-desenrolar-da-crise-do-benfica-com-jorge-jesus\/#article\",\"isPartOf\":{\"@id\":\"https:\/\/www.gaveanews.com\/index.php\/2021\/12\/24\/flamengo-nao-marca-reuniao-e-aguarda-desenrolar-da-crise-do-benfica-com-jorge-jesus\/\"},\"author\":{\"name\":\"Let\u00edcia Gerheim\",\"@id\":\"https:\/\/www.gaveanews.com\/#\/schema\/person\/714c67050b836198af2450ba1c142a67\"},\"headline\":\"Flamengo n\u00e3o marca reuni\u00e3o e aguarda desenrolar da crise do Benfica com Jorge Jesus\",\"datePublished\":\"2021-12-24T14:27:17+00:00\",\"dateModified\":\"2021-12-24T14:27:21+00:00\",\"mainEntityOfPage\":{\"@id\":\"https:\/\/www.gaveanews.com\/index.php\/2021\/12\/24\/flamengo-nao-marca-reuniao-e-aguarda-desenrolar-da-crise-do-benfica-com-jorge-jesus\/\"},\"wordCount\":250,\"commentCount\":16,\"image\":{\"@id\":\"https:\/\/www.gaveanews.com\/index.php\/2021\/12\/24\/flamengo-nao-marca-reuniao-e-aguarda-desenrolar-da-crise-do-benfica-com-jorge-jesus\/#primaryimage\"},\"thumbnailUrl\":\"https:\/\/www.gaveanews.com\/wp-content\/uploads\/Marcos-Braz-e-Bruno-Spindel.webp\",\"articleSection\":[\"Flamengo\"],\"inLanguage\":\"pt-BR\",\"potentialAction\":[{\"@type\":\"CommentAction\",\"name\":\"Comment\",\"target\":[\"https:\/\/www.gaveanews.com\/index.php\/2021\/12\/24\/flamengo-nao-marca-reuniao-e-aguarda-desenrolar-da-crise-do-benfica-com-jorge-jesus\/#respond\"]}],\"copyrightYear\":\"2021\",\"copyrightHolder\":{\"@id\":\"https:\/\/www.gaveanews.com\/#organization\"}},{\"@type\":\"WebPage\",\"@id\":\"https:\/\/www.gaveanews.com\/index.php\/2021\/12\/24\/flamengo-nao-marca-reuniao-e-aguarda-desenrolar-da-crise-do-benfica-com-jorge-jesus\/\",\"url\":\"https:\/\/www.gaveanews.com\/index.php\/2021\/12\/24\/flamengo-nao-marca-reuniao-e-aguarda-desenrolar-da-crise-do-benfica-com-jorge-jesus\/\",\"name\":\"Fla n\u00e3o marca reuni\u00e3o e aguarda desenrolar da crise do Benfica com JJ\",\"isPartOf\":{\"@id\":\"https:\/\/www.gaveanews.com\/#website\"},\"primaryImageOfPage\":{\"@id\":\"https:\/\/www.gaveanews.com\/index.php\/2021\/12\/24\/flamengo-nao-marca-reuniao-e-aguarda-desenrolar-da-crise-do-benfica-com-jorge-jesus\/#primaryimage\"},\"image\":{\"@id\":\"https:\/\/www.gaveanews.com\/index.php\/2021\/12\/24\/flamengo-nao-marca-reuniao-e-aguarda-desenrolar-da-crise-do-benfica-com-jorge-jesus\/#primaryimage\"},\"thumbnailUrl\":\"https:\/\/www.gaveanews.com\/wp-content\/uploads\/Marcos-Braz-e-Bruno-Spindel.webp\",\"datePublished\":\"2021-12-24T14:27:17+00:00\",\"dateModified\":\"2021-12-24T14:27:21+00:00\",\"author\":{\"@id\":\"https:\/\/www.gaveanews.com\/#\/schema\/person\/714c67050b836198af2450ba1c142a67\"},\"breadcrumb\":{\"@id\":\"https:\/\/www.gaveanews.com\/index.php\/2021\/12\/24\/flamengo-nao-marca-reuniao-e-aguarda-desenrolar-da-crise-do-benfica-com-jorge-jesus\/#breadcrumb\"},\"inLanguage\":\"pt-BR\",\"potentialAction\":[{\"@type\":\"ReadAction\",\"target\":[\"https:\/\/www.gaveanews.com\/index.php\/2021\/12\/24\/flamengo-nao-marca-reuniao-e-aguarda-desenrolar-da-crise-do-benfica-com-jorge-jesus\/\"]}]},{\"@type\":\"ImageObject\",\"inLanguage\":\"pt-BR\",\"@id\":\"https:\/\/www.gaveanews.com\/index.php\/2021\/12\/24\/flamengo-nao-marca-reuniao-e-aguarda-desenrolar-da-crise-do-benfica-com-jorge-jesus\/#primaryimage\",\"url\":\"https:\/\/www.gaveanews.com\/wp-content\/uploads\/Marcos-Braz-e-Bruno-Spindel.webp\",\"contentUrl\":\"https:\/\/www.gaveanews.com\/wp-content\/uploads\/Marcos-Braz-e-Bruno-Spindel.webp\",\"width\":640,\"height\":426,\"caption\":\"Marcos Braz e Bruno Spindel (Foto: Alexandre Vidal\/Flamengo)\"},{\"@type\":\"BreadcrumbList\",\"@id\":\"https:\/\/www.gaveanews.com\/index.php\/2021\/12\/24\/flamengo-nao-marca-reuniao-e-aguarda-desenrolar-da-crise-do-benfica-com-jorge-jesus\/#breadcrumb\",\"itemListElement\":[{\"@type\":\"ListItem\",\"position\":1,\"name\":\"Home\",\"item\":\"https:\/\/www.gaveanews.com\/\"},{\"@type\":\"ListItem\",\"position\":2,\"name\":\"Flamengo n\u00e3o marca reuni\u00e3o e aguarda desenrolar da crise do Benfica com Jorge Jesus\"}]},{\"@type\":\"WebSite\",\"@id\":\"https:\/\/www.gaveanews.com\/#website\",\"url\":\"https:\/\/www.gaveanews.com\/\",\"name\":\"G\u00e1vea News\",\"description\":\"Veja todas as not\u00edcias sobre o Flamengo: Contrata\u00e7\u00f5es, categorias de base, resultados das partidas, tabela de classifica\u00e7\u00e3o, pr\u00f3ximos jogos!\",\"potentialAction\":[{\"@type\":\"SearchAction\",\"target\":{\"@type\":\"EntryPoint\",\"urlTemplate\":\"https:\/\/www.gaveanews.com\/?s={search_term_string}\"},\"query-input\":{\"@type\":\"PropertyValueSpecification\",\"valueRequired\":true,\"valueName\":\"search_term_string\"}}],\"inLanguage\":\"pt-BR\"},{\"@type\":\"Person\",\"@id\":\"https:\/\/www.gaveanews.com\/#\/schema\/person\/714c67050b836198af2450ba1c142a67\",\"name\":\"Let\u00edcia Gerheim\",\"image\":{\"@type\":\"ImageObject\",\"inLanguage\":\"pt-BR\",\"@id\":\"https:\/\/www.gaveanews.com\/#\/schema\/person\/image\/\",\"url\":\"https:\/\/secure.gravatar.com\/avatar\/60734739c50fcebfbac509e2a826ccd0ff405c019bc73aab9354f19ecad1dcb4?s=96&d=mm&r=g\",\"contentUrl\":\"https:\/\/secure.gravatar.com\/avatar\/60734739c50fcebfbac509e2a826ccd0ff405c019bc73aab9354f19ecad1dcb4?s=96&d=mm&r=g\",\"caption\":\"Let\u00edcia Gerheim\"}}]}<\/script>\n<!-- \/ Yoast SEO Premium plugin. -->","yoast_head_json":{"title":"Fla n\u00e3o marca reuni\u00e3o e aguarda desenrolar da crise do Benfica com JJ","robots":{"index":"index","follow":"follow","max-snippet":"max-snippet:-1","max-image-preview":"max-image-preview:large","max-video-preview":"max-video-preview:-1"},"canonical":"https:\/\/www.gaveanews.com\/index.php\/2021\/12\/24\/flamengo-nao-marca-reuniao-e-aguarda-desenrolar-da-crise-do-benfica-com-jorge-jesus\/","og_locale":"pt_BR","og_type":"article","og_title":"Flamengo n\u00e3o marca reuni\u00e3o e aguarda desenrolar da crise do Benfica com Jorge Jesus","og_description":"A derrota no cl\u00e1ssico com o Porto da \u00faltima quinta-feira pode ter sido um golpe mais duro do que Jorge Jesus possa suportar sob o comando do Benfica. A elimina\u00e7\u00e3o da equipe na Ta\u00e7a de Portugal pode culminar no desligamento de Mister antes mesmo do pr\u00f3ximo encontro entre os times, marcado para o dia 30 [&hellip;]","og_url":"https:\/\/www.gaveanews.com\/index.php\/2021\/12\/24\/flamengo-nao-marca-reuniao-e-aguarda-desenrolar-da-crise-do-benfica-com-jorge-jesus\/","og_site_name":"G\u00e1vea News","article_publisher":"https:\/\/facebook.com\/gaveaNews\/","article_published_time":"2021-12-24T14:27:17+00:00","article_modified_time":"2021-12-24T14:27:21+00:00","og_image":[{"width":640,"height":426,"url":"https:\/\/www.gaveanews.com\/wp-content\/uploads\/Marcos-Braz-e-Bruno-Spindel.webp","type":"image\/jpeg"}],"author":"Let\u00edcia Gerheim","twitter_card":"summary_large_image","twitter_misc":{"Escrito por":"Let\u00edcia Gerheim","Est. tempo de leitura":"1 minuto"},"schema":{"@context":"https:\/\/schema.org","@graph":[{"@type":"NewsArticle","@id":"https:\/\/www.gaveanews.com\/index.php\/2021\/12\/24\/flamengo-nao-marca-reuniao-e-aguarda-desenrolar-da-crise-do-benfica-com-jorge-jesus\/#article","isPartOf":{"@id":"https:\/\/www.gaveanews.com\/index.php\/2021\/12\/24\/flamengo-nao-marca-reuniao-e-aguarda-desenrolar-da-crise-do-benfica-com-jorge-jesus\/"},"author":{"name":"Let\u00edcia Gerheim","@id":"https:\/\/www.gaveanews.com\/#\/schema\/person\/714c67050b836198af2450ba1c142a67"},"headline":"Flamengo n\u00e3o marca reuni\u00e3o e aguarda desenrolar da crise do Benfica com Jorge Jesus","datePublished":"2021-12-24T14:27:17+00:00","dateModified":"2021-12-24T14:27:21+00:00","mainEntityOfPage":{"@id":"https:\/\/www.gaveanews.com\/index.php\/2021\/12\/24\/flamengo-nao-marca-reuniao-e-aguarda-desenrolar-da-crise-do-benfica-com-jorge-jesus\/"},"wordCount":250,"commentCount":16,"image":{"@id":"https:\/\/www.gaveanews.com\/index.php\/2021\/12\/24\/flamengo-nao-marca-reuniao-e-aguarda-desenrolar-da-crise-do-benfica-com-jorge-jesus\/#primaryimage"},"thumbnailUrl":"https:\/\/www.gaveanews.com\/wp-content\/uploads\/Marcos-Braz-e-Bruno-Spindel.webp","articleSection":["Flamengo"],"inLanguage":"pt-BR","potentialAction":[{"@type":"CommentAction","name":"Comment","target":["https:\/\/www.gaveanews.com\/index.php\/2021\/12\/24\/flamengo-nao-marca-reuniao-e-aguarda-desenrolar-da-crise-do-benfica-com-jorge-jesus\/#respond"]}],"copyrightYear":"2021","copyrightHolder":{"@id":"https:\/\/www.gaveanews.com\/#organization"}},{"@type":"WebPage","@id":"https:\/\/www.gaveanews.com\/index.php\/2021\/12\/24\/flamengo-nao-marca-reuniao-e-aguarda-desenrolar-da-crise-do-benfica-com-jorge-jesus\/","url":"https:\/\/www.gaveanews.com\/index.php\/2021\/12\/24\/flamengo-nao-marca-reuniao-e-aguarda-desenrolar-da-crise-do-benfica-com-jorge-jesus\/","name":"Fla n\u00e3o marca reuni\u00e3o e aguarda desenrolar da crise do Benfica com JJ","isPartOf":{"@id":"https:\/\/www.gaveanews.com\/#website"},"primaryImageOfPage":{"@id":"https:\/\/www.gaveanews.com\/index.php\/2021\/12\/24\/flamengo-nao-marca-reuniao-e-aguarda-desenrolar-da-crise-do-benfica-com-jorge-jesus\/#primaryimage"},"image":{"@id":"https:\/\/www.gaveanews.com\/index.php\/2021\/12\/24\/flamengo-nao-marca-reuniao-e-aguarda-desenrolar-da-crise-do-benfica-com-jorge-jesus\/#primaryimage"},"thumbnailUrl":"https:\/\/www.gaveanews.com\/wp-content\/uploads\/Marcos-Braz-e-Bruno-Spindel.webp","datePublished":"2021-12-24T14:27:17+00:00","dateModified":"2021-12-24T14:27:21+00:00","author":{"@id":"https:\/\/www.gaveanews.com\/#\/schema\/person\/714c67050b836198af2450ba1c142a67"},"breadcrumb":{"@id":"https:\/\/www.gaveanews.com\/index.php\/2021\/12\/24\/flamengo-nao-marca-reuniao-e-aguarda-desenrolar-da-crise-do-benfica-com-jorge-jesus\/#breadcrumb"},"inLanguage":"pt-BR","potentialAction":[{"@type":"ReadAction","target":["https:\/\/www.gaveanews.com\/index.php\/2021\/12\/24\/flamengo-nao-marca-reuniao-e-aguarda-desenrolar-da-crise-do-benfica-com-jorge-jesus\/"]}]},{"@type":"ImageObject","inLanguage":"pt-BR","@id":"https:\/\/www.gaveanews.com\/index.php\/2021\/12\/24\/flamengo-nao-marca-reuniao-e-aguarda-desenrolar-da-crise-do-benfica-com-jorge-jesus\/#primaryimage","url":"https:\/\/www.gaveanews.com\/wp-content\/uploads\/Marcos-Braz-e-Bruno-Spindel.webp","contentUrl":"https:\/\/www.gaveanews.com\/wp-content\/uploads\/Marcos-Braz-e-Bruno-Spindel.webp","width":640,"height":426,"caption":"Marcos Braz e Bruno Spindel (Foto: Alexandre Vidal\/Flamengo)"},{"@type":"BreadcrumbList","@id":"https:\/\/www.gaveanews.com\/index.php\/2021\/12\/24\/flamengo-nao-marca-reuniao-e-aguarda-desenrolar-da-crise-do-benfica-com-jorge-jesus\/#breadcrumb","itemListElement":[{"@type":"ListItem","position":1,"name":"Home","item":"https:\/\/www.gaveanews.com\/"},{"@type":"ListItem","position":2,"name":"Flamengo n\u00e3o marca reuni\u00e3o e aguarda desenrolar da crise do Benfica com Jorge Jesus"}]},{"@type":"WebSite","@id":"https:\/\/www.gaveanews.com\/#website","url":"https:\/\/www.gaveanews.com\/","name":"G\u00e1vea News","description":"Veja todas as not\u00edcias sobre o Flamengo: Contrata\u00e7\u00f5es, categorias de base, resultados das partidas, tabela de classifica\u00e7\u00e3o, pr\u00f3ximos jogos!","potentialAction":[{"@type":"SearchAction","target":{"@type":"EntryPoint","urlTemplate":"https:\/\/www.gaveanews.com\/?s={search_term_string}"},"query-input":{"@type":"PropertyValueSpecification","valueRequired":true,"valueName":"search_term_string"}}],"inLanguage":"pt-BR"},{"@type":"Person","@id":"https:\/\/www.gaveanews.com\/#\/schema\/person\/714c67050b836198af2450ba1c142a67","name":"Let\u00edcia Gerheim","image":{"@type":"ImageObject","inLanguage":"pt-BR","@id":"https:\/\/www.gaveanews.com\/#\/schema\/person\/image\/","url":"https:\/\/secure.gravatar.com\/avatar\/60734739c50fcebfbac509e2a826ccd0ff405c019bc73aab9354f19ecad1dcb4?s=96&d=mm&r=g","contentUrl":"https:\/\/secure.gravatar.com\/avatar\/60734739c50fcebfbac509e2a826ccd0ff405c019bc73aab9354f19ecad1dcb4?s=96&d=mm&r=g","caption":"Let\u00edcia Gerheim"}}]}},"_links":{"self":[{"href":"https:\/\/www.gaveanews.com\/index.php\/wp-json\/wp\/v2\/posts\/73918","targetHints":{"allow":["GET"]}}],"collection":[{"href":"https:\/\/www.gaveanews.com\/index.php\/wp-json\/wp\/v2\/posts"}],"about":[{"href":"https:\/\/www.gaveanews.com\/index.php\/wp-json\/wp\/v2\/types\/post"}],"author":[{"embeddable":true,"href":"https:\/\/www.gaveanews.com\/index.php\/wp-json\/wp\/v2\/users\/4"}],"replies":[{"embeddable":true,"href":"https:\/\/www.gaveanews.com\/index.php\/wp-json\/wp\/v2\/comments?post=73918"}],"version-history":[{"count":0,"href":"https:\/\/www.gaveanews.com\/index.php\/wp-json\/wp\/v2\/posts\/73918\/revisions"}],"wp:featuredmedia":[{"embeddable":true,"href":"https:\/\/www.gaveanews.com\/index.php\/wp-json\/wp\/v2\/media\/73731"}],"wp:attachment":[{"href":"https:\/\/www.gaveanews.com\/index.php\/wp-json\/wp\/v2\/media?parent=73918"}],"wp:term":[{"taxonomy":"category","embeddable":true,"href":"https:\/\/www.gaveanews.com\/index.php\/wp-json\/wp\/v2\/categories?post=73918"},{"taxonomy":"post_tag","embeddable":true,"href":"https:\/\/www.gaveanews.com\/index.php\/wp-json\/wp\/v2\/tags?post=73918"}],"curies":[{"name":"wp","href":"https:\/\/api.w.org\/{rel}","templated":true}]}}