{"id":73922,"date":"2021-12-25T13:50:15","date_gmt":"2021-12-25T16:50:15","guid":{"rendered":"https:\/\/www.gaveanews.com\/?p=73922"},"modified":"2021-12-25T13:50:18","modified_gmt":"2021-12-25T16:50:18","slug":"na-mira-do-flamengo-benfica-espera-que-jorge-jesus-peca-demissao","status":"publish","type":"post","link":"https:\/\/www.gaveanews.com\/index.php\/2021\/12\/25\/na-mira-do-flamengo-benfica-espera-que-jorge-jesus-peca-demissao\/","title":{"rendered":"Na mira do Flamengo, Benfica espera que Jorge Jesus pe\u00e7a demiss\u00e3o"},"content":{"rendered":"\n<p>O Benfica espera que o treinador Jorge Jesus pe\u00e7a demiss\u00e3o em breve, talvez ap\u00f3s o jogo contra o Porto, na pr\u00f3xima quinta-feira, \u00e0s 18h (hor\u00e1rio de Bras\u00edlia), pela 15\u00aa rodada do Campeonato Portugu\u00eas. Pelo menos \u00e9 o que garante o jornal &#8220;O Jogo&#8221;. O comandante, vale destacar, desperta o interesse do Flamengo, clube onde \u00e9 \u00eddolo.<\/p>\n\n\n\n<p>O \u00faltimo jogo de Jesus \u00e0 frente dos Encarnados foi justamente contra o Porto, mas na \u00faltima quinta-feira, quando o Drag\u00e3o venceu por 3 a 0 e eliminou o rival nas oitavas de final da Ta\u00e7a de Portugal.<\/p>\n\n\n\n<p>Ap\u00f3s a partida, a diretoria do Benfica se reuniu e optou por manter Jesus, mas a decis\u00e3o passou muito por conta de quest\u00f5es financeiras. Caso ele seja demitido, o time de Lisboa ter\u00e1 que arcar com os sal\u00e1rios do Mister at\u00e9 o final do contrato, que vai at\u00e9 a metade de 2022.<\/p>\n\n\n\n<p>Ainda de acorda com a publica\u00e7\u00e3o, o fato de ter pouco tempo para encontrar um substituto tamb\u00e9m pesou para a manuten\u00e7\u00e3o de Jesus, que j\u00e1 deixou claro que quer seguir no Benfica.<\/p>\n\n\n\n<p><strong><em>\u2014 Perdemos um jogo, \u00e9 verdade que estamos todos muito tristes e frustrados com o resultado. Mas a ideia, o intuito n\u00e3o se altera. N\u00e3o vivemos do estado de esp\u00edrito, ok? Vivemos do trabalho di\u00e1rio, das conquistas, quando conseguimos ter, e vivemos de melhorar e tentar melhorar a cada dia. Portanto, \u00e9 uma quest\u00e3o que sinceramente\u2026 Eu posso lhe responder: digo que sim, mas acho que nem vale a pena<\/em><\/strong> &#8211; destacou Jo\u00e3o de Deus, auxiliar de Jesus, ap\u00f3s a derrota para o Porto. Na ocasi\u00e3o, o Mister cumpriu suspens\u00e3o.<\/p>\n\n\n\n<h2 class=\"wp-block-heading\" id=\"h-n-meros-de-jorge-jesus\">N\u00fameros de Jorge Jesus<\/h2>\n\n\n\n<p>Jorge Jesus est\u00e1 em sua segunda temporada no Benfica. A primeira (2020\/2021) terminou sem t\u00edtulos. Nesta segunda, ele ainda pode conquistar o Portugu\u00eas, a Champions League e a Ta\u00e7a da Liga. O contrato do treinador com as \u00c1guias vai at\u00e9 a metade de 2022.<\/p>\n\n\n\n<p>O Benfica est\u00e1 em terceiro no Campeonato Portugu\u00eas, com 37 pontos, quatro a menos do que o l\u00edder Porto. Entre eles, aparece o Sporting Lisboa, atual campe\u00e3o, que tamb\u00e9m soma 41.<\/p>\n\n\n\n<p>Retirado de: Lance<\/p>\n","protected":false},"excerpt":{"rendered":"<p>O Benfica espera que o treinador Jorge Jesus pe\u00e7a demiss\u00e3o em breve, talvez ap\u00f3s o jogo contra o Porto, na pr\u00f3xima quinta-feira, \u00e0s 18h (hor\u00e1rio de Bras\u00edlia), pela 15\u00aa rodada do Campeonato Portugu\u00eas. Pelo menos \u00e9 o que garante o jornal &#8220;O Jogo&#8221;. O comandante, vale destacar, desperta o interesse do Flamengo, clube onde \u00e9 [&hellip;]<\/p>\n","protected":false},"author":1,"featured_media":73214,"comment_status":"open","ping_status":"closed","sticky":false,"template":"","format":"standard","meta":{"footnotes":""},"categories":[1],"tags":[],"class_list":["post-73922","post","type-post","status-publish","format-standard","has-post-thumbnail","hentry","category-flamengo"],"yoast_head":"<!-- This site is optimized with the Yoast SEO Premium plugin v24.2 (Yoast SEO v26.9) - https:\/\/yoast.com\/product\/yoast-seo-premium-wordpress\/ -->\n<title>Na mira do Flamengo, Benfica espera que Jorge Jesus pe\u00e7a demiss\u00e3o<\/title>\n<meta name=\"robots\" content=\"index, follow, max-snippet:-1, max-image-preview:large, max-video-preview:-1\" \/>\n<link rel=\"canonical\" href=\"https:\/\/www.gaveanews.com\/index.php\/2021\/12\/25\/na-mira-do-flamengo-benfica-espera-que-jorge-jesus-peca-demissao\/\" \/>\n<meta property=\"og:locale\" content=\"pt_BR\" \/>\n<meta property=\"og:type\" content=\"article\" \/>\n<meta property=\"og:title\" content=\"Na mira do Flamengo, Benfica espera que Jorge Jesus pe\u00e7a demiss\u00e3o\" \/>\n<meta property=\"og:description\" content=\"O Benfica espera que o treinador Jorge Jesus pe\u00e7a demiss\u00e3o em breve, talvez ap\u00f3s o jogo contra o Porto, na pr\u00f3xima quinta-feira, \u00e0s 18h (hor\u00e1rio de Bras\u00edlia), pela 15\u00aa rodada do Campeonato Portugu\u00eas. Pelo menos \u00e9 o que garante o jornal &#8220;O Jogo&#8221;. O comandante, vale destacar, desperta o interesse do Flamengo, clube onde \u00e9 [&hellip;]\" \/>\n<meta property=\"og:url\" content=\"https:\/\/www.gaveanews.com\/index.php\/2021\/12\/25\/na-mira-do-flamengo-benfica-espera-que-jorge-jesus-peca-demissao\/\" \/>\n<meta property=\"og:site_name\" content=\"G\u00e1vea News\" \/>\n<meta property=\"article:publisher\" content=\"https:\/\/facebook.com\/gaveaNews\/\" \/>\n<meta property=\"article:published_time\" content=\"2021-12-25T16:50:15+00:00\" \/>\n<meta property=\"article:modified_time\" content=\"2021-12-25T16:50:18+00:00\" \/>\n<meta property=\"og:image\" content=\"https:\/\/www.gaveanews.com\/wp-content\/uploads\/Jorge-Jesus-comanda-o-Benfica-contra-o-Dinamo-de-Kiev-pela-Champions-League.webp\" \/>\n\t<meta property=\"og:image:width\" content=\"900\" \/>\n\t<meta property=\"og:image:height\" content=\"506\" \/>\n\t<meta property=\"og:image:type\" content=\"image\/webp\" \/>\n<meta name=\"author\" content=\"Equipe G\u00e1vea News\" \/>\n<meta name=\"twitter:card\" content=\"summary_large_image\" \/>\n<meta name=\"twitter:label1\" content=\"Escrito por\" \/>\n\t<meta name=\"twitter:data1\" content=\"Equipe G\u00e1vea News\" \/>\n\t<meta name=\"twitter:label2\" content=\"Est. tempo de leitura\" \/>\n\t<meta name=\"twitter:data2\" content=\"2 minutos\" \/>\n<script type=\"application\/ld+json\" class=\"yoast-schema-graph\">{\"@context\":\"https:\/\/schema.org\",\"@graph\":[{\"@type\":\"NewsArticle\",\"@id\":\"https:\/\/www.gaveanews.com\/index.php\/2021\/12\/25\/na-mira-do-flamengo-benfica-espera-que-jorge-jesus-peca-demissao\/#article\",\"isPartOf\":{\"@id\":\"https:\/\/www.gaveanews.com\/index.php\/2021\/12\/25\/na-mira-do-flamengo-benfica-espera-que-jorge-jesus-peca-demissao\/\"},\"author\":{\"name\":\"Equipe G\u00e1vea News\",\"@id\":\"https:\/\/www.gaveanews.com\/#\/schema\/person\/2ec14f73fb96be2caf28f91afb14749d\"},\"headline\":\"Na mira do Flamengo, Benfica espera que Jorge Jesus pe\u00e7a demiss\u00e3o\",\"datePublished\":\"2021-12-25T16:50:15+00:00\",\"dateModified\":\"2021-12-25T16:50:18+00:00\",\"mainEntityOfPage\":{\"@id\":\"https:\/\/www.gaveanews.com\/index.php\/2021\/12\/25\/na-mira-do-flamengo-benfica-espera-que-jorge-jesus-peca-demissao\/\"},\"wordCount\":382,\"commentCount\":15,\"image\":{\"@id\":\"https:\/\/www.gaveanews.com\/index.php\/2021\/12\/25\/na-mira-do-flamengo-benfica-espera-que-jorge-jesus-peca-demissao\/#primaryimage\"},\"thumbnailUrl\":\"https:\/\/www.gaveanews.com\/wp-content\/uploads\/Jorge-Jesus-comanda-o-Benfica-contra-o-Dinamo-de-Kiev-pela-Champions-League.webp\",\"articleSection\":[\"Flamengo\"],\"inLanguage\":\"pt-BR\",\"potentialAction\":[{\"@type\":\"CommentAction\",\"name\":\"Comment\",\"target\":[\"https:\/\/www.gaveanews.com\/index.php\/2021\/12\/25\/na-mira-do-flamengo-benfica-espera-que-jorge-jesus-peca-demissao\/#respond\"]}],\"copyrightYear\":\"2021\",\"copyrightHolder\":{\"@id\":\"https:\/\/www.gaveanews.com\/#organization\"}},{\"@type\":\"WebPage\",\"@id\":\"https:\/\/www.gaveanews.com\/index.php\/2021\/12\/25\/na-mira-do-flamengo-benfica-espera-que-jorge-jesus-peca-demissao\/\",\"url\":\"https:\/\/www.gaveanews.com\/index.php\/2021\/12\/25\/na-mira-do-flamengo-benfica-espera-que-jorge-jesus-peca-demissao\/\",\"name\":\"Na mira do Flamengo, Benfica espera que Jorge Jesus pe\u00e7a demiss\u00e3o\",\"isPartOf\":{\"@id\":\"https:\/\/www.gaveanews.com\/#website\"},\"primaryImageOfPage\":{\"@id\":\"https:\/\/www.gaveanews.com\/index.php\/2021\/12\/25\/na-mira-do-flamengo-benfica-espera-que-jorge-jesus-peca-demissao\/#primaryimage\"},\"image\":{\"@id\":\"https:\/\/www.gaveanews.com\/index.php\/2021\/12\/25\/na-mira-do-flamengo-benfica-espera-que-jorge-jesus-peca-demissao\/#primaryimage\"},\"thumbnailUrl\":\"https:\/\/www.gaveanews.com\/wp-content\/uploads\/Jorge-Jesus-comanda-o-Benfica-contra-o-Dinamo-de-Kiev-pela-Champions-League.webp\",\"datePublished\":\"2021-12-25T16:50:15+00:00\",\"dateModified\":\"2021-12-25T16:50:18+00:00\",\"author\":{\"@id\":\"https:\/\/www.gaveanews.com\/#\/schema\/person\/2ec14f73fb96be2caf28f91afb14749d\"},\"breadcrumb\":{\"@id\":\"https:\/\/www.gaveanews.com\/index.php\/2021\/12\/25\/na-mira-do-flamengo-benfica-espera-que-jorge-jesus-peca-demissao\/#breadcrumb\"},\"inLanguage\":\"pt-BR\",\"potentialAction\":[{\"@type\":\"ReadAction\",\"target\":[\"https:\/\/www.gaveanews.com\/index.php\/2021\/12\/25\/na-mira-do-flamengo-benfica-espera-que-jorge-jesus-peca-demissao\/\"]}]},{\"@type\":\"ImageObject\",\"inLanguage\":\"pt-BR\",\"@id\":\"https:\/\/www.gaveanews.com\/index.php\/2021\/12\/25\/na-mira-do-flamengo-benfica-espera-que-jorge-jesus-peca-demissao\/#primaryimage\",\"url\":\"https:\/\/www.gaveanews.com\/wp-content\/uploads\/Jorge-Jesus-comanda-o-Benfica-contra-o-Dinamo-de-Kiev-pela-Champions-League.webp\",\"contentUrl\":\"https:\/\/www.gaveanews.com\/wp-content\/uploads\/Jorge-Jesus-comanda-o-Benfica-contra-o-Dinamo-de-Kiev-pela-Champions-League.webp\",\"width\":900,\"height\":506,\"caption\":\"Jorge Jesus comanda o Benfica contra o Dinamo de Kiev pela Champions League (Foto: Patr\u00edcia de Melo Moreira\/AFP)\"},{\"@type\":\"BreadcrumbList\",\"@id\":\"https:\/\/www.gaveanews.com\/index.php\/2021\/12\/25\/na-mira-do-flamengo-benfica-espera-que-jorge-jesus-peca-demissao\/#breadcrumb\",\"itemListElement\":[{\"@type\":\"ListItem\",\"position\":1,\"name\":\"Home\",\"item\":\"https:\/\/www.gaveanews.com\/\"},{\"@type\":\"ListItem\",\"position\":2,\"name\":\"Na mira do Flamengo, Benfica espera que Jorge Jesus pe\u00e7a demiss\u00e3o\"}]},{\"@type\":\"WebSite\",\"@id\":\"https:\/\/www.gaveanews.com\/#website\",\"url\":\"https:\/\/www.gaveanews.com\/\",\"name\":\"G\u00e1vea News\",\"description\":\"Veja todas as not\u00edcias sobre o Flamengo: Contrata\u00e7\u00f5es, categorias de base, resultados das partidas, tabela de classifica\u00e7\u00e3o, pr\u00f3ximos jogos!\",\"potentialAction\":[{\"@type\":\"SearchAction\",\"target\":{\"@type\":\"EntryPoint\",\"urlTemplate\":\"https:\/\/www.gaveanews.com\/?s={search_term_string}\"},\"query-input\":{\"@type\":\"PropertyValueSpecification\",\"valueRequired\":true,\"valueName\":\"search_term_string\"}}],\"inLanguage\":\"pt-BR\"},{\"@type\":\"Person\",\"@id\":\"https:\/\/www.gaveanews.com\/#\/schema\/person\/2ec14f73fb96be2caf28f91afb14749d\",\"name\":\"Equipe G\u00e1vea News\",\"image\":{\"@type\":\"ImageObject\",\"inLanguage\":\"pt-BR\",\"@id\":\"https:\/\/www.gaveanews.com\/#\/schema\/person\/image\/\",\"url\":\"https:\/\/secure.gravatar.com\/avatar\/1e1956f1facbffd3f8fa53a326721950116b3b9dc9bd44939c01180fd4a745a9?s=96&d=mm&r=g\",\"contentUrl\":\"https:\/\/secure.gravatar.com\/avatar\/1e1956f1facbffd3f8fa53a326721950116b3b9dc9bd44939c01180fd4a745a9?s=96&d=mm&r=g\",\"caption\":\"Equipe G\u00e1vea News\"}}]}<\/script>\n<!-- \/ Yoast SEO Premium plugin. -->","yoast_head_json":{"title":"Na mira do Flamengo, Benfica espera que Jorge Jesus pe\u00e7a demiss\u00e3o","robots":{"index":"index","follow":"follow","max-snippet":"max-snippet:-1","max-image-preview":"max-image-preview:large","max-video-preview":"max-video-preview:-1"},"canonical":"https:\/\/www.gaveanews.com\/index.php\/2021\/12\/25\/na-mira-do-flamengo-benfica-espera-que-jorge-jesus-peca-demissao\/","og_locale":"pt_BR","og_type":"article","og_title":"Na mira do Flamengo, Benfica espera que Jorge Jesus pe\u00e7a demiss\u00e3o","og_description":"O Benfica espera que o treinador Jorge Jesus pe\u00e7a demiss\u00e3o em breve, talvez ap\u00f3s o jogo contra o Porto, na pr\u00f3xima quinta-feira, \u00e0s 18h (hor\u00e1rio de Bras\u00edlia), pela 15\u00aa rodada do Campeonato Portugu\u00eas. Pelo menos \u00e9 o que garante o jornal &#8220;O Jogo&#8221;. O comandante, vale destacar, desperta o interesse do Flamengo, clube onde \u00e9 [&hellip;]","og_url":"https:\/\/www.gaveanews.com\/index.php\/2021\/12\/25\/na-mira-do-flamengo-benfica-espera-que-jorge-jesus-peca-demissao\/","og_site_name":"G\u00e1vea News","article_publisher":"https:\/\/facebook.com\/gaveaNews\/","article_published_time":"2021-12-25T16:50:15+00:00","article_modified_time":"2021-12-25T16:50:18+00:00","og_image":[{"width":900,"height":506,"url":"https:\/\/www.gaveanews.com\/wp-content\/uploads\/Jorge-Jesus-comanda-o-Benfica-contra-o-Dinamo-de-Kiev-pela-Champions-League.webp","type":"image\/webp"}],"author":"Equipe G\u00e1vea News","twitter_card":"summary_large_image","twitter_misc":{"Escrito por":"Equipe G\u00e1vea News","Est. tempo de leitura":"2 minutos"},"schema":{"@context":"https:\/\/schema.org","@graph":[{"@type":"NewsArticle","@id":"https:\/\/www.gaveanews.com\/index.php\/2021\/12\/25\/na-mira-do-flamengo-benfica-espera-que-jorge-jesus-peca-demissao\/#article","isPartOf":{"@id":"https:\/\/www.gaveanews.com\/index.php\/2021\/12\/25\/na-mira-do-flamengo-benfica-espera-que-jorge-jesus-peca-demissao\/"},"author":{"name":"Equipe G\u00e1vea News","@id":"https:\/\/www.gaveanews.com\/#\/schema\/person\/2ec14f73fb96be2caf28f91afb14749d"},"headline":"Na mira do Flamengo, Benfica espera que Jorge Jesus pe\u00e7a demiss\u00e3o","datePublished":"2021-12-25T16:50:15+00:00","dateModified":"2021-12-25T16:50:18+00:00","mainEntityOfPage":{"@id":"https:\/\/www.gaveanews.com\/index.php\/2021\/12\/25\/na-mira-do-flamengo-benfica-espera-que-jorge-jesus-peca-demissao\/"},"wordCount":382,"commentCount":15,"image":{"@id":"https:\/\/www.gaveanews.com\/index.php\/2021\/12\/25\/na-mira-do-flamengo-benfica-espera-que-jorge-jesus-peca-demissao\/#primaryimage"},"thumbnailUrl":"https:\/\/www.gaveanews.com\/wp-content\/uploads\/Jorge-Jesus-comanda-o-Benfica-contra-o-Dinamo-de-Kiev-pela-Champions-League.webp","articleSection":["Flamengo"],"inLanguage":"pt-BR","potentialAction":[{"@type":"CommentAction","name":"Comment","target":["https:\/\/www.gaveanews.com\/index.php\/2021\/12\/25\/na-mira-do-flamengo-benfica-espera-que-jorge-jesus-peca-demissao\/#respond"]}],"copyrightYear":"2021","copyrightHolder":{"@id":"https:\/\/www.gaveanews.com\/#organization"}},{"@type":"WebPage","@id":"https:\/\/www.gaveanews.com\/index.php\/2021\/12\/25\/na-mira-do-flamengo-benfica-espera-que-jorge-jesus-peca-demissao\/","url":"https:\/\/www.gaveanews.com\/index.php\/2021\/12\/25\/na-mira-do-flamengo-benfica-espera-que-jorge-jesus-peca-demissao\/","name":"Na mira do Flamengo, Benfica espera que Jorge Jesus pe\u00e7a demiss\u00e3o","isPartOf":{"@id":"https:\/\/www.gaveanews.com\/#website"},"primaryImageOfPage":{"@id":"https:\/\/www.gaveanews.com\/index.php\/2021\/12\/25\/na-mira-do-flamengo-benfica-espera-que-jorge-jesus-peca-demissao\/#primaryimage"},"image":{"@id":"https:\/\/www.gaveanews.com\/index.php\/2021\/12\/25\/na-mira-do-flamengo-benfica-espera-que-jorge-jesus-peca-demissao\/#primaryimage"},"thumbnailUrl":"https:\/\/www.gaveanews.com\/wp-content\/uploads\/Jorge-Jesus-comanda-o-Benfica-contra-o-Dinamo-de-Kiev-pela-Champions-League.webp","datePublished":"2021-12-25T16:50:15+00:00","dateModified":"2021-12-25T16:50:18+00:00","author":{"@id":"https:\/\/www.gaveanews.com\/#\/schema\/person\/2ec14f73fb96be2caf28f91afb14749d"},"breadcrumb":{"@id":"https:\/\/www.gaveanews.com\/index.php\/2021\/12\/25\/na-mira-do-flamengo-benfica-espera-que-jorge-jesus-peca-demissao\/#breadcrumb"},"inLanguage":"pt-BR","potentialAction":[{"@type":"ReadAction","target":["https:\/\/www.gaveanews.com\/index.php\/2021\/12\/25\/na-mira-do-flamengo-benfica-espera-que-jorge-jesus-peca-demissao\/"]}]},{"@type":"ImageObject","inLanguage":"pt-BR","@id":"https:\/\/www.gaveanews.com\/index.php\/2021\/12\/25\/na-mira-do-flamengo-benfica-espera-que-jorge-jesus-peca-demissao\/#primaryimage","url":"https:\/\/www.gaveanews.com\/wp-content\/uploads\/Jorge-Jesus-comanda-o-Benfica-contra-o-Dinamo-de-Kiev-pela-Champions-League.webp","contentUrl":"https:\/\/www.gaveanews.com\/wp-content\/uploads\/Jorge-Jesus-comanda-o-Benfica-contra-o-Dinamo-de-Kiev-pela-Champions-League.webp","width":900,"height":506,"caption":"Jorge Jesus comanda o Benfica contra o Dinamo de Kiev pela Champions League (Foto: Patr\u00edcia de Melo Moreira\/AFP)"},{"@type":"BreadcrumbList","@id":"https:\/\/www.gaveanews.com\/index.php\/2021\/12\/25\/na-mira-do-flamengo-benfica-espera-que-jorge-jesus-peca-demissao\/#breadcrumb","itemListElement":[{"@type":"ListItem","position":1,"name":"Home","item":"https:\/\/www.gaveanews.com\/"},{"@type":"ListItem","position":2,"name":"Na mira do Flamengo, Benfica espera que Jorge Jesus pe\u00e7a demiss\u00e3o"}]},{"@type":"WebSite","@id":"https:\/\/www.gaveanews.com\/#website","url":"https:\/\/www.gaveanews.com\/","name":"G\u00e1vea News","description":"Veja todas as not\u00edcias sobre o Flamengo: Contrata\u00e7\u00f5es, categorias de base, resultados das partidas, tabela de classifica\u00e7\u00e3o, pr\u00f3ximos jogos!","potentialAction":[{"@type":"SearchAction","target":{"@type":"EntryPoint","urlTemplate":"https:\/\/www.gaveanews.com\/?s={search_term_string}"},"query-input":{"@type":"PropertyValueSpecification","valueRequired":true,"valueName":"search_term_string"}}],"inLanguage":"pt-BR"},{"@type":"Person","@id":"https:\/\/www.gaveanews.com\/#\/schema\/person\/2ec14f73fb96be2caf28f91afb14749d","name":"Equipe G\u00e1vea News","image":{"@type":"ImageObject","inLanguage":"pt-BR","@id":"https:\/\/www.gaveanews.com\/#\/schema\/person\/image\/","url":"https:\/\/secure.gravatar.com\/avatar\/1e1956f1facbffd3f8fa53a326721950116b3b9dc9bd44939c01180fd4a745a9?s=96&d=mm&r=g","contentUrl":"https:\/\/secure.gravatar.com\/avatar\/1e1956f1facbffd3f8fa53a326721950116b3b9dc9bd44939c01180fd4a745a9?s=96&d=mm&r=g","caption":"Equipe G\u00e1vea News"}}]}},"_links":{"self":[{"href":"https:\/\/www.gaveanews.com\/index.php\/wp-json\/wp\/v2\/posts\/73922","targetHints":{"allow":["GET"]}}],"collection":[{"href":"https:\/\/www.gaveanews.com\/index.php\/wp-json\/wp\/v2\/posts"}],"about":[{"href":"https:\/\/www.gaveanews.com\/index.php\/wp-json\/wp\/v2\/types\/post"}],"author":[{"embeddable":true,"href":"https:\/\/www.gaveanews.com\/index.php\/wp-json\/wp\/v2\/users\/1"}],"replies":[{"embeddable":true,"href":"https:\/\/www.gaveanews.com\/index.php\/wp-json\/wp\/v2\/comments?post=73922"}],"version-history":[{"count":0,"href":"https:\/\/www.gaveanews.com\/index.php\/wp-json\/wp\/v2\/posts\/73922\/revisions"}],"wp:featuredmedia":[{"embeddable":true,"href":"https:\/\/www.gaveanews.com\/index.php\/wp-json\/wp\/v2\/media\/73214"}],"wp:attachment":[{"href":"https:\/\/www.gaveanews.com\/index.php\/wp-json\/wp\/v2\/media?parent=73922"}],"wp:term":[{"taxonomy":"category","embeddable":true,"href":"https:\/\/www.gaveanews.com\/index.php\/wp-json\/wp\/v2\/categories?post=73922"},{"taxonomy":"post_tag","embeddable":true,"href":"https:\/\/www.gaveanews.com\/index.php\/wp-json\/wp\/v2\/tags?post=73922"}],"curies":[{"name":"wp","href":"https:\/\/api.w.org\/{rel}","templated":true}]}}