{"id":73935,"date":"2021-12-25T21:52:54","date_gmt":"2021-12-26T00:52:54","guid":{"rendered":"https:\/\/www.gaveanews.com\/?p=73935"},"modified":"2021-12-25T21:52:57","modified_gmt":"2021-12-26T00:52:57","slug":"meia-da-lazio-e-oferecido-ao-flamengo-veja-valores","status":"publish","type":"post","link":"https:\/\/www.gaveanews.com\/index.php\/2021\/12\/25\/meia-da-lazio-e-oferecido-ao-flamengo-veja-valores\/","title":{"rendered":"Meia da Lazio \u00e9 oferecido ao Flamengo; veja valores"},"content":{"rendered":"\n<p>O meia Andr\u00e9 Anderson, da Lazio, foi oferecido ao Flamengo, segundo o youtuber Gustavo Henrique Dando Choque. O jogador, de apenas 22 anos, \u00e9 meia ofensivo e est\u00e1 no clube italiano desde 2018.<\/p>\n\n\n\n<p><strong><em>\u2014 A informa\u00e7\u00e3o que tenho \u00e9 que o meio-campo da Lazio, brasileiro naturalizado italiano, est\u00e1 na al\u00e7a de mira do Flamengo. Essa viagem do Braz atrapalhou o neg\u00f3cio, mas vamos aguardar. \u00c9 um jogador que tem qualidade. Sempre entra bem nos jogos e tem uma hist\u00f3ria de vida sensacional<\/em><\/strong>, disse youtuber.<\/p>\n\n\n\n<p>Andr\u00e9 Anderson j\u00e1 atuou na sele\u00e7\u00e3o sub-20 da It\u00e1lia. No Brasil, ele passou pelo Santos. No futebol italiano, Andr\u00e9 Anderson atuou tamb\u00e9m na Salernitana.<\/p>\n\n\n\n<p><strong><em>\u2014 O modelo do neg\u00f3cio \u00e9 de empr\u00e9stimo por 1 ano e depois a possibilidade de comprar por 9 milh\u00f5es de euros. Ainda n\u00e3o est\u00e1 fechado. Ofereceram, o Flamengo gostou e agora \u00e9 aguardar para ver<\/em><\/strong>, finalizou Choque.<\/p>\n\n\n\n<p>Retirado de: Di\u00e1rio do Fla<\/p>\n","protected":false},"excerpt":{"rendered":"<p>O meia Andr\u00e9 Anderson, da Lazio, foi oferecido ao Flamengo, segundo o youtuber Gustavo Henrique Dando Choque. O jogador, de apenas 22 anos, \u00e9 meia ofensivo e est\u00e1 no clube italiano desde 2018. \u2014 A informa\u00e7\u00e3o que tenho \u00e9 que o meio-campo da Lazio, brasileiro naturalizado italiano, est\u00e1 na al\u00e7a de mira do Flamengo. Essa [&hellip;]<\/p>\n","protected":false},"author":1,"featured_media":73936,"comment_status":"open","ping_status":"closed","sticky":false,"template":"","format":"standard","meta":{"footnotes":""},"categories":[48],"tags":[],"class_list":["post-73935","post","type-post","status-publish","format-standard","has-post-thumbnail","hentry","category-negociacoes"],"yoast_head":"<!-- This site is optimized with the Yoast SEO Premium plugin v24.2 (Yoast SEO v26.9) - https:\/\/yoast.com\/product\/yoast-seo-premium-wordpress\/ -->\n<title>Meia da Lazio \u00e9 oferecido ao Flamengo; veja valores<\/title>\n<meta name=\"description\" content=\"O modelo do neg\u00f3cio \u00e9 de empr\u00e9stimo por 1 ano ao Flamengo e depois a possibilidade de comprar por 9 milh\u00f5es de euros.\" \/>\n<meta name=\"robots\" content=\"index, follow, max-snippet:-1, max-image-preview:large, max-video-preview:-1\" \/>\n<link rel=\"canonical\" href=\"https:\/\/www.gaveanews.com\/index.php\/2021\/12\/25\/meia-da-lazio-e-oferecido-ao-flamengo-veja-valores\/\" \/>\n<meta property=\"og:locale\" content=\"pt_BR\" \/>\n<meta property=\"og:type\" content=\"article\" \/>\n<meta property=\"og:title\" content=\"Meia da Lazio \u00e9 oferecido ao Flamengo; veja valores\" \/>\n<meta property=\"og:description\" content=\"O modelo do neg\u00f3cio \u00e9 de empr\u00e9stimo por 1 ano ao Flamengo e depois a possibilidade de comprar por 9 milh\u00f5es de euros.\" \/>\n<meta property=\"og:url\" content=\"https:\/\/www.gaveanews.com\/index.php\/2021\/12\/25\/meia-da-lazio-e-oferecido-ao-flamengo-veja-valores\/\" \/>\n<meta property=\"og:site_name\" content=\"G\u00e1vea News\" \/>\n<meta property=\"article:publisher\" content=\"https:\/\/facebook.com\/gaveaNews\/\" \/>\n<meta property=\"article:published_time\" content=\"2021-12-26T00:52:54+00:00\" \/>\n<meta property=\"article:modified_time\" content=\"2021-12-26T00:52:57+00:00\" \/>\n<meta property=\"og:image\" content=\"https:\/\/www.gaveanews.com\/wp-content\/uploads\/Andre-Anderson-com-a-camisa-da-Lazio.webp\" \/>\n\t<meta property=\"og:image:width\" content=\"710\" \/>\n\t<meta property=\"og:image:height\" content=\"444\" \/>\n\t<meta property=\"og:image:type\" content=\"image\/jpeg\" \/>\n<meta name=\"author\" content=\"Equipe G\u00e1vea News\" \/>\n<meta name=\"twitter:card\" content=\"summary_large_image\" \/>\n<meta name=\"twitter:label1\" content=\"Escrito por\" \/>\n\t<meta name=\"twitter:data1\" content=\"Equipe G\u00e1vea News\" \/>\n\t<meta name=\"twitter:label2\" content=\"Est. tempo de leitura\" \/>\n\t<meta name=\"twitter:data2\" content=\"1 minuto\" \/>\n<script type=\"application\/ld+json\" class=\"yoast-schema-graph\">{\"@context\":\"https:\/\/schema.org\",\"@graph\":[{\"@type\":\"NewsArticle\",\"@id\":\"https:\/\/www.gaveanews.com\/index.php\/2021\/12\/25\/meia-da-lazio-e-oferecido-ao-flamengo-veja-valores\/#article\",\"isPartOf\":{\"@id\":\"https:\/\/www.gaveanews.com\/index.php\/2021\/12\/25\/meia-da-lazio-e-oferecido-ao-flamengo-veja-valores\/\"},\"author\":{\"name\":\"Equipe G\u00e1vea News\",\"@id\":\"https:\/\/www.gaveanews.com\/#\/schema\/person\/2ec14f73fb96be2caf28f91afb14749d\"},\"headline\":\"Meia da Lazio \u00e9 oferecido ao Flamengo; veja valores\",\"datePublished\":\"2021-12-26T00:52:54+00:00\",\"dateModified\":\"2021-12-26T00:52:57+00:00\",\"mainEntityOfPage\":{\"@id\":\"https:\/\/www.gaveanews.com\/index.php\/2021\/12\/25\/meia-da-lazio-e-oferecido-ao-flamengo-veja-valores\/\"},\"wordCount\":160,\"commentCount\":1,\"image\":{\"@id\":\"https:\/\/www.gaveanews.com\/index.php\/2021\/12\/25\/meia-da-lazio-e-oferecido-ao-flamengo-veja-valores\/#primaryimage\"},\"thumbnailUrl\":\"https:\/\/www.gaveanews.com\/wp-content\/uploads\/Andre-Anderson-com-a-camisa-da-Lazio.webp\",\"articleSection\":[\"Negocia\u00e7\u00f5es\"],\"inLanguage\":\"pt-BR\",\"potentialAction\":[{\"@type\":\"CommentAction\",\"name\":\"Comment\",\"target\":[\"https:\/\/www.gaveanews.com\/index.php\/2021\/12\/25\/meia-da-lazio-e-oferecido-ao-flamengo-veja-valores\/#respond\"]}],\"copyrightYear\":\"2021\",\"copyrightHolder\":{\"@id\":\"https:\/\/www.gaveanews.com\/#organization\"}},{\"@type\":\"WebPage\",\"@id\":\"https:\/\/www.gaveanews.com\/index.php\/2021\/12\/25\/meia-da-lazio-e-oferecido-ao-flamengo-veja-valores\/\",\"url\":\"https:\/\/www.gaveanews.com\/index.php\/2021\/12\/25\/meia-da-lazio-e-oferecido-ao-flamengo-veja-valores\/\",\"name\":\"Meia da Lazio \u00e9 oferecido ao Flamengo; veja valores\",\"isPartOf\":{\"@id\":\"https:\/\/www.gaveanews.com\/#website\"},\"primaryImageOfPage\":{\"@id\":\"https:\/\/www.gaveanews.com\/index.php\/2021\/12\/25\/meia-da-lazio-e-oferecido-ao-flamengo-veja-valores\/#primaryimage\"},\"image\":{\"@id\":\"https:\/\/www.gaveanews.com\/index.php\/2021\/12\/25\/meia-da-lazio-e-oferecido-ao-flamengo-veja-valores\/#primaryimage\"},\"thumbnailUrl\":\"https:\/\/www.gaveanews.com\/wp-content\/uploads\/Andre-Anderson-com-a-camisa-da-Lazio.webp\",\"datePublished\":\"2021-12-26T00:52:54+00:00\",\"dateModified\":\"2021-12-26T00:52:57+00:00\",\"author\":{\"@id\":\"https:\/\/www.gaveanews.com\/#\/schema\/person\/2ec14f73fb96be2caf28f91afb14749d\"},\"description\":\"O modelo do neg\u00f3cio \u00e9 de empr\u00e9stimo por 1 ano ao Flamengo e depois a possibilidade de comprar por 9 milh\u00f5es de euros.\",\"breadcrumb\":{\"@id\":\"https:\/\/www.gaveanews.com\/index.php\/2021\/12\/25\/meia-da-lazio-e-oferecido-ao-flamengo-veja-valores\/#breadcrumb\"},\"inLanguage\":\"pt-BR\",\"potentialAction\":[{\"@type\":\"ReadAction\",\"target\":[\"https:\/\/www.gaveanews.com\/index.php\/2021\/12\/25\/meia-da-lazio-e-oferecido-ao-flamengo-veja-valores\/\"]}]},{\"@type\":\"ImageObject\",\"inLanguage\":\"pt-BR\",\"@id\":\"https:\/\/www.gaveanews.com\/index.php\/2021\/12\/25\/meia-da-lazio-e-oferecido-ao-flamengo-veja-valores\/#primaryimage\",\"url\":\"https:\/\/www.gaveanews.com\/wp-content\/uploads\/Andre-Anderson-com-a-camisa-da-Lazio.webp\",\"contentUrl\":\"https:\/\/www.gaveanews.com\/wp-content\/uploads\/Andre-Anderson-com-a-camisa-da-Lazio.webp\",\"width\":710,\"height\":444,\"caption\":\"Andr\u00e9 Anderson com a camisa da Lazio (Foto: Reprodu\u00e7\u00e3o\/Best HQ Wallpapers)\"},{\"@type\":\"BreadcrumbList\",\"@id\":\"https:\/\/www.gaveanews.com\/index.php\/2021\/12\/25\/meia-da-lazio-e-oferecido-ao-flamengo-veja-valores\/#breadcrumb\",\"itemListElement\":[{\"@type\":\"ListItem\",\"position\":1,\"name\":\"Home\",\"item\":\"https:\/\/www.gaveanews.com\/\"},{\"@type\":\"ListItem\",\"position\":2,\"name\":\"Meia da Lazio \u00e9 oferecido ao Flamengo; veja valores\"}]},{\"@type\":\"WebSite\",\"@id\":\"https:\/\/www.gaveanews.com\/#website\",\"url\":\"https:\/\/www.gaveanews.com\/\",\"name\":\"G\u00e1vea News\",\"description\":\"Veja todas as not\u00edcias sobre o Flamengo: Contrata\u00e7\u00f5es, categorias de base, resultados das partidas, tabela de classifica\u00e7\u00e3o, pr\u00f3ximos jogos!\",\"potentialAction\":[{\"@type\":\"SearchAction\",\"target\":{\"@type\":\"EntryPoint\",\"urlTemplate\":\"https:\/\/www.gaveanews.com\/?s={search_term_string}\"},\"query-input\":{\"@type\":\"PropertyValueSpecification\",\"valueRequired\":true,\"valueName\":\"search_term_string\"}}],\"inLanguage\":\"pt-BR\"},{\"@type\":\"Person\",\"@id\":\"https:\/\/www.gaveanews.com\/#\/schema\/person\/2ec14f73fb96be2caf28f91afb14749d\",\"name\":\"Equipe G\u00e1vea News\",\"image\":{\"@type\":\"ImageObject\",\"inLanguage\":\"pt-BR\",\"@id\":\"https:\/\/www.gaveanews.com\/#\/schema\/person\/image\/\",\"url\":\"https:\/\/secure.gravatar.com\/avatar\/1e1956f1facbffd3f8fa53a326721950116b3b9dc9bd44939c01180fd4a745a9?s=96&d=mm&r=g\",\"contentUrl\":\"https:\/\/secure.gravatar.com\/avatar\/1e1956f1facbffd3f8fa53a326721950116b3b9dc9bd44939c01180fd4a745a9?s=96&d=mm&r=g\",\"caption\":\"Equipe G\u00e1vea News\"}}]}<\/script>\n<!-- \/ Yoast SEO Premium plugin. -->","yoast_head_json":{"title":"Meia da Lazio \u00e9 oferecido ao Flamengo; veja valores","description":"O modelo do neg\u00f3cio \u00e9 de empr\u00e9stimo por 1 ano ao Flamengo e depois a possibilidade de comprar por 9 milh\u00f5es de euros.","robots":{"index":"index","follow":"follow","max-snippet":"max-snippet:-1","max-image-preview":"max-image-preview:large","max-video-preview":"max-video-preview:-1"},"canonical":"https:\/\/www.gaveanews.com\/index.php\/2021\/12\/25\/meia-da-lazio-e-oferecido-ao-flamengo-veja-valores\/","og_locale":"pt_BR","og_type":"article","og_title":"Meia da Lazio \u00e9 oferecido ao Flamengo; veja valores","og_description":"O modelo do neg\u00f3cio \u00e9 de empr\u00e9stimo por 1 ano ao Flamengo e depois a possibilidade de comprar por 9 milh\u00f5es de euros.","og_url":"https:\/\/www.gaveanews.com\/index.php\/2021\/12\/25\/meia-da-lazio-e-oferecido-ao-flamengo-veja-valores\/","og_site_name":"G\u00e1vea News","article_publisher":"https:\/\/facebook.com\/gaveaNews\/","article_published_time":"2021-12-26T00:52:54+00:00","article_modified_time":"2021-12-26T00:52:57+00:00","og_image":[{"width":710,"height":444,"url":"https:\/\/www.gaveanews.com\/wp-content\/uploads\/Andre-Anderson-com-a-camisa-da-Lazio.webp","type":"image\/jpeg"}],"author":"Equipe G\u00e1vea News","twitter_card":"summary_large_image","twitter_misc":{"Escrito por":"Equipe G\u00e1vea News","Est. tempo de leitura":"1 minuto"},"schema":{"@context":"https:\/\/schema.org","@graph":[{"@type":"NewsArticle","@id":"https:\/\/www.gaveanews.com\/index.php\/2021\/12\/25\/meia-da-lazio-e-oferecido-ao-flamengo-veja-valores\/#article","isPartOf":{"@id":"https:\/\/www.gaveanews.com\/index.php\/2021\/12\/25\/meia-da-lazio-e-oferecido-ao-flamengo-veja-valores\/"},"author":{"name":"Equipe G\u00e1vea News","@id":"https:\/\/www.gaveanews.com\/#\/schema\/person\/2ec14f73fb96be2caf28f91afb14749d"},"headline":"Meia da Lazio \u00e9 oferecido ao Flamengo; veja valores","datePublished":"2021-12-26T00:52:54+00:00","dateModified":"2021-12-26T00:52:57+00:00","mainEntityOfPage":{"@id":"https:\/\/www.gaveanews.com\/index.php\/2021\/12\/25\/meia-da-lazio-e-oferecido-ao-flamengo-veja-valores\/"},"wordCount":160,"commentCount":1,"image":{"@id":"https:\/\/www.gaveanews.com\/index.php\/2021\/12\/25\/meia-da-lazio-e-oferecido-ao-flamengo-veja-valores\/#primaryimage"},"thumbnailUrl":"https:\/\/www.gaveanews.com\/wp-content\/uploads\/Andre-Anderson-com-a-camisa-da-Lazio.webp","articleSection":["Negocia\u00e7\u00f5es"],"inLanguage":"pt-BR","potentialAction":[{"@type":"CommentAction","name":"Comment","target":["https:\/\/www.gaveanews.com\/index.php\/2021\/12\/25\/meia-da-lazio-e-oferecido-ao-flamengo-veja-valores\/#respond"]}],"copyrightYear":"2021","copyrightHolder":{"@id":"https:\/\/www.gaveanews.com\/#organization"}},{"@type":"WebPage","@id":"https:\/\/www.gaveanews.com\/index.php\/2021\/12\/25\/meia-da-lazio-e-oferecido-ao-flamengo-veja-valores\/","url":"https:\/\/www.gaveanews.com\/index.php\/2021\/12\/25\/meia-da-lazio-e-oferecido-ao-flamengo-veja-valores\/","name":"Meia da Lazio \u00e9 oferecido ao Flamengo; veja valores","isPartOf":{"@id":"https:\/\/www.gaveanews.com\/#website"},"primaryImageOfPage":{"@id":"https:\/\/www.gaveanews.com\/index.php\/2021\/12\/25\/meia-da-lazio-e-oferecido-ao-flamengo-veja-valores\/#primaryimage"},"image":{"@id":"https:\/\/www.gaveanews.com\/index.php\/2021\/12\/25\/meia-da-lazio-e-oferecido-ao-flamengo-veja-valores\/#primaryimage"},"thumbnailUrl":"https:\/\/www.gaveanews.com\/wp-content\/uploads\/Andre-Anderson-com-a-camisa-da-Lazio.webp","datePublished":"2021-12-26T00:52:54+00:00","dateModified":"2021-12-26T00:52:57+00:00","author":{"@id":"https:\/\/www.gaveanews.com\/#\/schema\/person\/2ec14f73fb96be2caf28f91afb14749d"},"description":"O modelo do neg\u00f3cio \u00e9 de empr\u00e9stimo por 1 ano ao Flamengo e depois a possibilidade de comprar por 9 milh\u00f5es de euros.","breadcrumb":{"@id":"https:\/\/www.gaveanews.com\/index.php\/2021\/12\/25\/meia-da-lazio-e-oferecido-ao-flamengo-veja-valores\/#breadcrumb"},"inLanguage":"pt-BR","potentialAction":[{"@type":"ReadAction","target":["https:\/\/www.gaveanews.com\/index.php\/2021\/12\/25\/meia-da-lazio-e-oferecido-ao-flamengo-veja-valores\/"]}]},{"@type":"ImageObject","inLanguage":"pt-BR","@id":"https:\/\/www.gaveanews.com\/index.php\/2021\/12\/25\/meia-da-lazio-e-oferecido-ao-flamengo-veja-valores\/#primaryimage","url":"https:\/\/www.gaveanews.com\/wp-content\/uploads\/Andre-Anderson-com-a-camisa-da-Lazio.webp","contentUrl":"https:\/\/www.gaveanews.com\/wp-content\/uploads\/Andre-Anderson-com-a-camisa-da-Lazio.webp","width":710,"height":444,"caption":"Andr\u00e9 Anderson com a camisa da Lazio (Foto: Reprodu\u00e7\u00e3o\/Best HQ Wallpapers)"},{"@type":"BreadcrumbList","@id":"https:\/\/www.gaveanews.com\/index.php\/2021\/12\/25\/meia-da-lazio-e-oferecido-ao-flamengo-veja-valores\/#breadcrumb","itemListElement":[{"@type":"ListItem","position":1,"name":"Home","item":"https:\/\/www.gaveanews.com\/"},{"@type":"ListItem","position":2,"name":"Meia da Lazio \u00e9 oferecido ao Flamengo; veja valores"}]},{"@type":"WebSite","@id":"https:\/\/www.gaveanews.com\/#website","url":"https:\/\/www.gaveanews.com\/","name":"G\u00e1vea News","description":"Veja todas as not\u00edcias sobre o Flamengo: Contrata\u00e7\u00f5es, categorias de base, resultados das partidas, tabela de classifica\u00e7\u00e3o, pr\u00f3ximos jogos!","potentialAction":[{"@type":"SearchAction","target":{"@type":"EntryPoint","urlTemplate":"https:\/\/www.gaveanews.com\/?s={search_term_string}"},"query-input":{"@type":"PropertyValueSpecification","valueRequired":true,"valueName":"search_term_string"}}],"inLanguage":"pt-BR"},{"@type":"Person","@id":"https:\/\/www.gaveanews.com\/#\/schema\/person\/2ec14f73fb96be2caf28f91afb14749d","name":"Equipe G\u00e1vea News","image":{"@type":"ImageObject","inLanguage":"pt-BR","@id":"https:\/\/www.gaveanews.com\/#\/schema\/person\/image\/","url":"https:\/\/secure.gravatar.com\/avatar\/1e1956f1facbffd3f8fa53a326721950116b3b9dc9bd44939c01180fd4a745a9?s=96&d=mm&r=g","contentUrl":"https:\/\/secure.gravatar.com\/avatar\/1e1956f1facbffd3f8fa53a326721950116b3b9dc9bd44939c01180fd4a745a9?s=96&d=mm&r=g","caption":"Equipe G\u00e1vea News"}}]}},"_links":{"self":[{"href":"https:\/\/www.gaveanews.com\/index.php\/wp-json\/wp\/v2\/posts\/73935","targetHints":{"allow":["GET"]}}],"collection":[{"href":"https:\/\/www.gaveanews.com\/index.php\/wp-json\/wp\/v2\/posts"}],"about":[{"href":"https:\/\/www.gaveanews.com\/index.php\/wp-json\/wp\/v2\/types\/post"}],"author":[{"embeddable":true,"href":"https:\/\/www.gaveanews.com\/index.php\/wp-json\/wp\/v2\/users\/1"}],"replies":[{"embeddable":true,"href":"https:\/\/www.gaveanews.com\/index.php\/wp-json\/wp\/v2\/comments?post=73935"}],"version-history":[{"count":0,"href":"https:\/\/www.gaveanews.com\/index.php\/wp-json\/wp\/v2\/posts\/73935\/revisions"}],"wp:featuredmedia":[{"embeddable":true,"href":"https:\/\/www.gaveanews.com\/index.php\/wp-json\/wp\/v2\/media\/73936"}],"wp:attachment":[{"href":"https:\/\/www.gaveanews.com\/index.php\/wp-json\/wp\/v2\/media?parent=73935"}],"wp:term":[{"taxonomy":"category","embeddable":true,"href":"https:\/\/www.gaveanews.com\/index.php\/wp-json\/wp\/v2\/categories?post=73935"},{"taxonomy":"post_tag","embeddable":true,"href":"https:\/\/www.gaveanews.com\/index.php\/wp-json\/wp\/v2\/tags?post=73935"}],"curies":[{"name":"wp","href":"https:\/\/api.w.org\/{rel}","templated":true}]}}