{"id":73951,"date":"2021-12-26T12:44:07","date_gmt":"2021-12-26T15:44:07","guid":{"rendered":"https:\/\/www.gaveanews.com\/?p=73951"},"modified":"2021-12-26T12:44:10","modified_gmt":"2021-12-26T15:44:10","slug":"flamengo-encaminha-a-chegada-de-seu-novo-treinador","status":"publish","type":"post","link":"https:\/\/www.gaveanews.com\/index.php\/2021\/12\/26\/flamengo-encaminha-a-chegada-de-seu-novo-treinador\/","title":{"rendered":"Flamengo encaminha a chegada de seu novo treinador"},"content":{"rendered":"\n<p>A procura do Flamengo por um t\u00e9cnico em Portugal est\u00e1 perto do fim. Cada vez mais longe de Jorge Jesus, a diretoria voltou as aten\u00e7\u00f5es para Paulo Sousa e deixou encaminhada a contrata\u00e7\u00e3o do atual comandante da sele\u00e7\u00e3o da Pol\u00f4nia. O contrato ser\u00e1 de dois anos.<\/p>\n\n\n\n<p>A procura do Flamengo por um t\u00e9cnico em Portugal est\u00e1 perto do fim. Cada vez mais longe de Jorge Jesus, a diretoria voltou as aten\u00e7\u00f5es para Paulo Sousa e deixou encaminhada a contrata\u00e7\u00e3o do atual comandante da sele\u00e7\u00e3o da Pol\u00f4nia. O contrato ser\u00e1 de dois anos.<\/p>\n\n\n\n<p>Cezary Kulesza, presidente da Federa\u00e7\u00e3o polonesa de futebol, publicou em seu twitter que Paulo Sousa pediu a rescis\u00e3o de contrato, e ele negou. Desta forma, ser\u00e1 preciso uma negocia\u00e7\u00e3o ou pagamento de multa.<\/p>\n\n\n\n<p><strong><em>\u2014 Hoje fui informado pelo Paulo Sousa que queria rescindir o contrato por causa de uma oferta de outro clube. Este \u00e9 um comportamento extremamente irrespons\u00e1vel, inconsistente com as declara\u00e7\u00f5es anteriores do treinador. Portanto, recusei firmemente <\/em><\/strong>&#8211; afirmou Kulesza.<\/p>\n\n\n\n<p>O Flamengo foi a Portugal com o desejo de contratar Jorge Jesus. Teve um encontro com o treinador, mas as coisas n\u00e3o aconteceram da maneira esperada, e a repercuss\u00e3o negativa criou um obst\u00e1culo extra. JJ havia pedido que o encontro n\u00e3o fosse confirmado oficialmente, o que depois acabou acontecendo durante entrevista do auxiliar Jo\u00e3o de Deus, que desagradou aos dirigentes rubro-negros.<\/p>\n\n\n\n<p>Em conversa com Rui Costa, presidente do Benfica, Jorge Jesus sinalizou que sua ideia \u00e9 ficar clube, enfrentar o Porto no dia 30, e cumprir seu contrato. Este encaminhamento teve influ\u00eancia na decis\u00e3o do Flamengo de buscar outra alternativa, no caso Paulo Sousa.<\/p>\n\n\n\n<h2 class=\"wp-block-heading\" id=\"h-a-carreira-de-paulo-sousa\">A carreira de Paulo Sousa<\/h2>\n\n\n\n<p>Paulo Sousa tem 51 anos, trabalhou nas sele\u00e7\u00f5es de base de Portugal e depois foi auxiliar de Felip\u00e3o na Copa de 2006. Em 2008, assumiu seu primeiro cargo de t\u00e9cnico no Queens Park Rangers, na \u00e9poca na 2\u00aa divis\u00e3o da Inglaterra, mesmo campeonato onde dirigiu nos dois anos seguintes o Swansea e o Leicester.<\/p>\n\n\n\n<p>Trabalhou ainda na Hungria, Israel e Su\u00ed\u00e7a, onde foi campe\u00e3o pelo Basel. Em 2015, fez um trabalho elogiado na Fiorentina. Antes de ser o comandante da Pol\u00f4nia ainda dirigiu o Bordeaux, da Fran\u00e7a.<\/p>\n\n\n\n<p>Retirado de: Globo Esporte<\/p>\n","protected":false},"excerpt":{"rendered":"<p>A procura do Flamengo por um t\u00e9cnico em Portugal est\u00e1 perto do fim. Cada vez mais longe de Jorge Jesus, a diretoria voltou as aten\u00e7\u00f5es para Paulo Sousa e deixou encaminhada a contrata\u00e7\u00e3o do atual comandante da sele\u00e7\u00e3o da Pol\u00f4nia. O contrato ser\u00e1 de dois anos. A procura do Flamengo por um t\u00e9cnico em Portugal [&hellip;]<\/p>\n","protected":false},"author":1,"featured_media":73507,"comment_status":"open","ping_status":"closed","sticky":false,"template":"","format":"standard","meta":{"footnotes":""},"categories":[48],"tags":[],"class_list":["post-73951","post","type-post","status-publish","format-standard","has-post-thumbnail","hentry","category-negociacoes"],"yoast_head":"<!-- This site is optimized with the Yoast SEO Premium plugin v24.2 (Yoast SEO v26.9) - https:\/\/yoast.com\/product\/yoast-seo-premium-wordpress\/ -->\n<title>Flamengo encaminha a chegada de seu novo treinador<\/title>\n<meta name=\"robots\" content=\"index, follow, max-snippet:-1, max-image-preview:large, max-video-preview:-1\" \/>\n<link rel=\"canonical\" href=\"https:\/\/www.gaveanews.com\/index.php\/2021\/12\/26\/flamengo-encaminha-a-chegada-de-seu-novo-treinador\/\" \/>\n<meta property=\"og:locale\" content=\"pt_BR\" \/>\n<meta property=\"og:type\" content=\"article\" \/>\n<meta property=\"og:title\" content=\"Flamengo encaminha a chegada de seu novo treinador\" \/>\n<meta property=\"og:description\" content=\"A procura do Flamengo por um t\u00e9cnico em Portugal est\u00e1 perto do fim. Cada vez mais longe de Jorge Jesus, a diretoria voltou as aten\u00e7\u00f5es para Paulo Sousa e deixou encaminhada a contrata\u00e7\u00e3o do atual comandante da sele\u00e7\u00e3o da Pol\u00f4nia. O contrato ser\u00e1 de dois anos. A procura do Flamengo por um t\u00e9cnico em Portugal [&hellip;]\" \/>\n<meta property=\"og:url\" content=\"https:\/\/www.gaveanews.com\/index.php\/2021\/12\/26\/flamengo-encaminha-a-chegada-de-seu-novo-treinador\/\" \/>\n<meta property=\"og:site_name\" content=\"G\u00e1vea News\" \/>\n<meta property=\"article:publisher\" content=\"https:\/\/facebook.com\/gaveaNews\/\" \/>\n<meta property=\"article:published_time\" content=\"2021-12-26T15:44:07+00:00\" \/>\n<meta property=\"article:modified_time\" content=\"2021-12-26T15:44:10+00:00\" \/>\n<meta property=\"og:image\" content=\"https:\/\/www.gaveanews.com\/wp-content\/uploads\/Paulo-Sousa-tecnico-da-Selecao-Polonesa.webp\" \/>\n\t<meta property=\"og:image:width\" content=\"1000\" \/>\n\t<meta property=\"og:image:height\" content=\"685\" \/>\n\t<meta property=\"og:image:type\" content=\"image\/jpeg\" \/>\n<meta name=\"author\" content=\"Equipe G\u00e1vea News\" \/>\n<meta name=\"twitter:card\" content=\"summary_large_image\" \/>\n<meta name=\"twitter:label1\" content=\"Escrito por\" \/>\n\t<meta name=\"twitter:data1\" content=\"Equipe G\u00e1vea News\" \/>\n\t<meta name=\"twitter:label2\" content=\"Est. tempo de leitura\" \/>\n\t<meta name=\"twitter:data2\" content=\"2 minutos\" \/>\n<script type=\"application\/ld+json\" class=\"yoast-schema-graph\">{\"@context\":\"https:\/\/schema.org\",\"@graph\":[{\"@type\":\"NewsArticle\",\"@id\":\"https:\/\/www.gaveanews.com\/index.php\/2021\/12\/26\/flamengo-encaminha-a-chegada-de-seu-novo-treinador\/#article\",\"isPartOf\":{\"@id\":\"https:\/\/www.gaveanews.com\/index.php\/2021\/12\/26\/flamengo-encaminha-a-chegada-de-seu-novo-treinador\/\"},\"author\":{\"name\":\"Equipe G\u00e1vea News\",\"@id\":\"https:\/\/www.gaveanews.com\/#\/schema\/person\/2ec14f73fb96be2caf28f91afb14749d\"},\"headline\":\"Flamengo encaminha a chegada de seu novo treinador\",\"datePublished\":\"2021-12-26T15:44:07+00:00\",\"dateModified\":\"2021-12-26T15:44:10+00:00\",\"mainEntityOfPage\":{\"@id\":\"https:\/\/www.gaveanews.com\/index.php\/2021\/12\/26\/flamengo-encaminha-a-chegada-de-seu-novo-treinador\/\"},\"wordCount\":393,\"commentCount\":52,\"image\":{\"@id\":\"https:\/\/www.gaveanews.com\/index.php\/2021\/12\/26\/flamengo-encaminha-a-chegada-de-seu-novo-treinador\/#primaryimage\"},\"thumbnailUrl\":\"https:\/\/www.gaveanews.com\/wp-content\/uploads\/Paulo-Sousa-tecnico-da-Selecao-Polonesa.webp\",\"articleSection\":[\"Negocia\u00e7\u00f5es\"],\"inLanguage\":\"pt-BR\",\"potentialAction\":[{\"@type\":\"CommentAction\",\"name\":\"Comment\",\"target\":[\"https:\/\/www.gaveanews.com\/index.php\/2021\/12\/26\/flamengo-encaminha-a-chegada-de-seu-novo-treinador\/#respond\"]}],\"copyrightYear\":\"2021\",\"copyrightHolder\":{\"@id\":\"https:\/\/www.gaveanews.com\/#organization\"}},{\"@type\":\"WebPage\",\"@id\":\"https:\/\/www.gaveanews.com\/index.php\/2021\/12\/26\/flamengo-encaminha-a-chegada-de-seu-novo-treinador\/\",\"url\":\"https:\/\/www.gaveanews.com\/index.php\/2021\/12\/26\/flamengo-encaminha-a-chegada-de-seu-novo-treinador\/\",\"name\":\"Flamengo encaminha a chegada de seu novo treinador\",\"isPartOf\":{\"@id\":\"https:\/\/www.gaveanews.com\/#website\"},\"primaryImageOfPage\":{\"@id\":\"https:\/\/www.gaveanews.com\/index.php\/2021\/12\/26\/flamengo-encaminha-a-chegada-de-seu-novo-treinador\/#primaryimage\"},\"image\":{\"@id\":\"https:\/\/www.gaveanews.com\/index.php\/2021\/12\/26\/flamengo-encaminha-a-chegada-de-seu-novo-treinador\/#primaryimage\"},\"thumbnailUrl\":\"https:\/\/www.gaveanews.com\/wp-content\/uploads\/Paulo-Sousa-tecnico-da-Selecao-Polonesa.webp\",\"datePublished\":\"2021-12-26T15:44:07+00:00\",\"dateModified\":\"2021-12-26T15:44:10+00:00\",\"author\":{\"@id\":\"https:\/\/www.gaveanews.com\/#\/schema\/person\/2ec14f73fb96be2caf28f91afb14749d\"},\"breadcrumb\":{\"@id\":\"https:\/\/www.gaveanews.com\/index.php\/2021\/12\/26\/flamengo-encaminha-a-chegada-de-seu-novo-treinador\/#breadcrumb\"},\"inLanguage\":\"pt-BR\",\"potentialAction\":[{\"@type\":\"ReadAction\",\"target\":[\"https:\/\/www.gaveanews.com\/index.php\/2021\/12\/26\/flamengo-encaminha-a-chegada-de-seu-novo-treinador\/\"]}]},{\"@type\":\"ImageObject\",\"inLanguage\":\"pt-BR\",\"@id\":\"https:\/\/www.gaveanews.com\/index.php\/2021\/12\/26\/flamengo-encaminha-a-chegada-de-seu-novo-treinador\/#primaryimage\",\"url\":\"https:\/\/www.gaveanews.com\/wp-content\/uploads\/Paulo-Sousa-tecnico-da-Selecao-Polonesa.webp\",\"contentUrl\":\"https:\/\/www.gaveanews.com\/wp-content\/uploads\/Paulo-Sousa-tecnico-da-Selecao-Polonesa.webp\",\"width\":1000,\"height\":685,\"caption\":\"Paulo Sousa, t\u00e9cnico da Sele\u00e7\u00e3o Polonesa (Foto: Janek Skarzynski\/AFP)\"},{\"@type\":\"BreadcrumbList\",\"@id\":\"https:\/\/www.gaveanews.com\/index.php\/2021\/12\/26\/flamengo-encaminha-a-chegada-de-seu-novo-treinador\/#breadcrumb\",\"itemListElement\":[{\"@type\":\"ListItem\",\"position\":1,\"name\":\"Home\",\"item\":\"https:\/\/www.gaveanews.com\/\"},{\"@type\":\"ListItem\",\"position\":2,\"name\":\"Flamengo encaminha a chegada de seu novo treinador\"}]},{\"@type\":\"WebSite\",\"@id\":\"https:\/\/www.gaveanews.com\/#website\",\"url\":\"https:\/\/www.gaveanews.com\/\",\"name\":\"G\u00e1vea News\",\"description\":\"Veja todas as not\u00edcias sobre o Flamengo: Contrata\u00e7\u00f5es, categorias de base, resultados das partidas, tabela de classifica\u00e7\u00e3o, pr\u00f3ximos jogos!\",\"potentialAction\":[{\"@type\":\"SearchAction\",\"target\":{\"@type\":\"EntryPoint\",\"urlTemplate\":\"https:\/\/www.gaveanews.com\/?s={search_term_string}\"},\"query-input\":{\"@type\":\"PropertyValueSpecification\",\"valueRequired\":true,\"valueName\":\"search_term_string\"}}],\"inLanguage\":\"pt-BR\"},{\"@type\":\"Person\",\"@id\":\"https:\/\/www.gaveanews.com\/#\/schema\/person\/2ec14f73fb96be2caf28f91afb14749d\",\"name\":\"Equipe G\u00e1vea News\",\"image\":{\"@type\":\"ImageObject\",\"inLanguage\":\"pt-BR\",\"@id\":\"https:\/\/www.gaveanews.com\/#\/schema\/person\/image\/\",\"url\":\"https:\/\/secure.gravatar.com\/avatar\/1e1956f1facbffd3f8fa53a326721950116b3b9dc9bd44939c01180fd4a745a9?s=96&d=mm&r=g\",\"contentUrl\":\"https:\/\/secure.gravatar.com\/avatar\/1e1956f1facbffd3f8fa53a326721950116b3b9dc9bd44939c01180fd4a745a9?s=96&d=mm&r=g\",\"caption\":\"Equipe G\u00e1vea News\"}}]}<\/script>\n<!-- \/ Yoast SEO Premium plugin. -->","yoast_head_json":{"title":"Flamengo encaminha a chegada de seu novo treinador","robots":{"index":"index","follow":"follow","max-snippet":"max-snippet:-1","max-image-preview":"max-image-preview:large","max-video-preview":"max-video-preview:-1"},"canonical":"https:\/\/www.gaveanews.com\/index.php\/2021\/12\/26\/flamengo-encaminha-a-chegada-de-seu-novo-treinador\/","og_locale":"pt_BR","og_type":"article","og_title":"Flamengo encaminha a chegada de seu novo treinador","og_description":"A procura do Flamengo por um t\u00e9cnico em Portugal est\u00e1 perto do fim. Cada vez mais longe de Jorge Jesus, a diretoria voltou as aten\u00e7\u00f5es para Paulo Sousa e deixou encaminhada a contrata\u00e7\u00e3o do atual comandante da sele\u00e7\u00e3o da Pol\u00f4nia. O contrato ser\u00e1 de dois anos. A procura do Flamengo por um t\u00e9cnico em Portugal [&hellip;]","og_url":"https:\/\/www.gaveanews.com\/index.php\/2021\/12\/26\/flamengo-encaminha-a-chegada-de-seu-novo-treinador\/","og_site_name":"G\u00e1vea News","article_publisher":"https:\/\/facebook.com\/gaveaNews\/","article_published_time":"2021-12-26T15:44:07+00:00","article_modified_time":"2021-12-26T15:44:10+00:00","og_image":[{"width":1000,"height":685,"url":"https:\/\/www.gaveanews.com\/wp-content\/uploads\/Paulo-Sousa-tecnico-da-Selecao-Polonesa.webp","type":"image\/jpeg"}],"author":"Equipe G\u00e1vea News","twitter_card":"summary_large_image","twitter_misc":{"Escrito por":"Equipe G\u00e1vea News","Est. tempo de leitura":"2 minutos"},"schema":{"@context":"https:\/\/schema.org","@graph":[{"@type":"NewsArticle","@id":"https:\/\/www.gaveanews.com\/index.php\/2021\/12\/26\/flamengo-encaminha-a-chegada-de-seu-novo-treinador\/#article","isPartOf":{"@id":"https:\/\/www.gaveanews.com\/index.php\/2021\/12\/26\/flamengo-encaminha-a-chegada-de-seu-novo-treinador\/"},"author":{"name":"Equipe G\u00e1vea News","@id":"https:\/\/www.gaveanews.com\/#\/schema\/person\/2ec14f73fb96be2caf28f91afb14749d"},"headline":"Flamengo encaminha a chegada de seu novo treinador","datePublished":"2021-12-26T15:44:07+00:00","dateModified":"2021-12-26T15:44:10+00:00","mainEntityOfPage":{"@id":"https:\/\/www.gaveanews.com\/index.php\/2021\/12\/26\/flamengo-encaminha-a-chegada-de-seu-novo-treinador\/"},"wordCount":393,"commentCount":52,"image":{"@id":"https:\/\/www.gaveanews.com\/index.php\/2021\/12\/26\/flamengo-encaminha-a-chegada-de-seu-novo-treinador\/#primaryimage"},"thumbnailUrl":"https:\/\/www.gaveanews.com\/wp-content\/uploads\/Paulo-Sousa-tecnico-da-Selecao-Polonesa.webp","articleSection":["Negocia\u00e7\u00f5es"],"inLanguage":"pt-BR","potentialAction":[{"@type":"CommentAction","name":"Comment","target":["https:\/\/www.gaveanews.com\/index.php\/2021\/12\/26\/flamengo-encaminha-a-chegada-de-seu-novo-treinador\/#respond"]}],"copyrightYear":"2021","copyrightHolder":{"@id":"https:\/\/www.gaveanews.com\/#organization"}},{"@type":"WebPage","@id":"https:\/\/www.gaveanews.com\/index.php\/2021\/12\/26\/flamengo-encaminha-a-chegada-de-seu-novo-treinador\/","url":"https:\/\/www.gaveanews.com\/index.php\/2021\/12\/26\/flamengo-encaminha-a-chegada-de-seu-novo-treinador\/","name":"Flamengo encaminha a chegada de seu novo treinador","isPartOf":{"@id":"https:\/\/www.gaveanews.com\/#website"},"primaryImageOfPage":{"@id":"https:\/\/www.gaveanews.com\/index.php\/2021\/12\/26\/flamengo-encaminha-a-chegada-de-seu-novo-treinador\/#primaryimage"},"image":{"@id":"https:\/\/www.gaveanews.com\/index.php\/2021\/12\/26\/flamengo-encaminha-a-chegada-de-seu-novo-treinador\/#primaryimage"},"thumbnailUrl":"https:\/\/www.gaveanews.com\/wp-content\/uploads\/Paulo-Sousa-tecnico-da-Selecao-Polonesa.webp","datePublished":"2021-12-26T15:44:07+00:00","dateModified":"2021-12-26T15:44:10+00:00","author":{"@id":"https:\/\/www.gaveanews.com\/#\/schema\/person\/2ec14f73fb96be2caf28f91afb14749d"},"breadcrumb":{"@id":"https:\/\/www.gaveanews.com\/index.php\/2021\/12\/26\/flamengo-encaminha-a-chegada-de-seu-novo-treinador\/#breadcrumb"},"inLanguage":"pt-BR","potentialAction":[{"@type":"ReadAction","target":["https:\/\/www.gaveanews.com\/index.php\/2021\/12\/26\/flamengo-encaminha-a-chegada-de-seu-novo-treinador\/"]}]},{"@type":"ImageObject","inLanguage":"pt-BR","@id":"https:\/\/www.gaveanews.com\/index.php\/2021\/12\/26\/flamengo-encaminha-a-chegada-de-seu-novo-treinador\/#primaryimage","url":"https:\/\/www.gaveanews.com\/wp-content\/uploads\/Paulo-Sousa-tecnico-da-Selecao-Polonesa.webp","contentUrl":"https:\/\/www.gaveanews.com\/wp-content\/uploads\/Paulo-Sousa-tecnico-da-Selecao-Polonesa.webp","width":1000,"height":685,"caption":"Paulo Sousa, t\u00e9cnico da Sele\u00e7\u00e3o Polonesa (Foto: Janek Skarzynski\/AFP)"},{"@type":"BreadcrumbList","@id":"https:\/\/www.gaveanews.com\/index.php\/2021\/12\/26\/flamengo-encaminha-a-chegada-de-seu-novo-treinador\/#breadcrumb","itemListElement":[{"@type":"ListItem","position":1,"name":"Home","item":"https:\/\/www.gaveanews.com\/"},{"@type":"ListItem","position":2,"name":"Flamengo encaminha a chegada de seu novo treinador"}]},{"@type":"WebSite","@id":"https:\/\/www.gaveanews.com\/#website","url":"https:\/\/www.gaveanews.com\/","name":"G\u00e1vea News","description":"Veja todas as not\u00edcias sobre o Flamengo: Contrata\u00e7\u00f5es, categorias de base, resultados das partidas, tabela de classifica\u00e7\u00e3o, pr\u00f3ximos jogos!","potentialAction":[{"@type":"SearchAction","target":{"@type":"EntryPoint","urlTemplate":"https:\/\/www.gaveanews.com\/?s={search_term_string}"},"query-input":{"@type":"PropertyValueSpecification","valueRequired":true,"valueName":"search_term_string"}}],"inLanguage":"pt-BR"},{"@type":"Person","@id":"https:\/\/www.gaveanews.com\/#\/schema\/person\/2ec14f73fb96be2caf28f91afb14749d","name":"Equipe G\u00e1vea News","image":{"@type":"ImageObject","inLanguage":"pt-BR","@id":"https:\/\/www.gaveanews.com\/#\/schema\/person\/image\/","url":"https:\/\/secure.gravatar.com\/avatar\/1e1956f1facbffd3f8fa53a326721950116b3b9dc9bd44939c01180fd4a745a9?s=96&d=mm&r=g","contentUrl":"https:\/\/secure.gravatar.com\/avatar\/1e1956f1facbffd3f8fa53a326721950116b3b9dc9bd44939c01180fd4a745a9?s=96&d=mm&r=g","caption":"Equipe G\u00e1vea News"}}]}},"_links":{"self":[{"href":"https:\/\/www.gaveanews.com\/index.php\/wp-json\/wp\/v2\/posts\/73951","targetHints":{"allow":["GET"]}}],"collection":[{"href":"https:\/\/www.gaveanews.com\/index.php\/wp-json\/wp\/v2\/posts"}],"about":[{"href":"https:\/\/www.gaveanews.com\/index.php\/wp-json\/wp\/v2\/types\/post"}],"author":[{"embeddable":true,"href":"https:\/\/www.gaveanews.com\/index.php\/wp-json\/wp\/v2\/users\/1"}],"replies":[{"embeddable":true,"href":"https:\/\/www.gaveanews.com\/index.php\/wp-json\/wp\/v2\/comments?post=73951"}],"version-history":[{"count":0,"href":"https:\/\/www.gaveanews.com\/index.php\/wp-json\/wp\/v2\/posts\/73951\/revisions"}],"wp:featuredmedia":[{"embeddable":true,"href":"https:\/\/www.gaveanews.com\/index.php\/wp-json\/wp\/v2\/media\/73507"}],"wp:attachment":[{"href":"https:\/\/www.gaveanews.com\/index.php\/wp-json\/wp\/v2\/media?parent=73951"}],"wp:term":[{"taxonomy":"category","embeddable":true,"href":"https:\/\/www.gaveanews.com\/index.php\/wp-json\/wp\/v2\/categories?post=73951"},{"taxonomy":"post_tag","embeddable":true,"href":"https:\/\/www.gaveanews.com\/index.php\/wp-json\/wp\/v2\/tags?post=73951"}],"curies":[{"name":"wp","href":"https:\/\/api.w.org\/{rel}","templated":true}]}}