{"id":74205,"date":"2021-12-30T20:56:09","date_gmt":"2021-12-30T23:56:09","guid":{"rendered":"https:\/\/www.gaveanews.com\/?p=74205"},"modified":"2021-12-30T20:56:11","modified_gmt":"2021-12-30T23:56:11","slug":"atacante-treinado-por-paulo-sousa-e-jorge-jesus-cita-diferencas-e-diz-o-que-flamengo-pode-esperar","status":"publish","type":"post","link":"https:\/\/www.gaveanews.com\/index.php\/2021\/12\/30\/atacante-treinado-por-paulo-sousa-e-jorge-jesus-cita-diferencas-e-diz-o-que-flamengo-pode-esperar\/","title":{"rendered":"Atacante treinado por Paulo Sousa e Jorge Jesus cita diferen\u00e7as e diz o que Flamengo pode esperar"},"content":{"rendered":"\n<p>O Flamengo oficializou a chegada de Paulo Sousa na \u00faltima quarta-feira e, no dia 10 de janeiro, data de reapresenta\u00e7\u00e3o do elenco, os jogadores rubro-negros ter\u00e3o o primeiro contato com o portugu\u00eas. E Evandro Brand\u00e3o, atleta que atuou com o comandante e tamb\u00e9m com Jorge Jesus, fez uma compara\u00e7\u00e3o entre os perfis dos treinadores e disse o que o clube pode esperar de Sousa:<\/p>\n\n\n\n<p><strong><em>\u2014 S\u00e3o treinadores exigentes, detalhistas e fortes na sua comunica\u00e7\u00e3o, mas t\u00eam as suas diferen\u00e7as tamb\u00e9m. O Paulo Sousa n\u00e3o \u00e9 uma pessoa t\u00e3o dura quanto o Mister Jorge Jesus, \u00e9 uma pessoa mais tranquila quando tem que ser. Mas se as coisas n\u00e3o correrem bem, se tiver que dar murro na mesa, ele dar\u00e1. Os jogadores n\u00e3o escapam<\/em><\/strong> &#8211; disse Brand\u00e3o, atacante angolano, emendando em entrevista \u00e0 &#8220;ESPN Brasil&#8221;:<\/p>\n\n\n\n<p><strong><em>\u2014 Os torcedores podem contar com um Flamengo n\u00e3o t\u00e3o agressivo quanto o do Jorge Jesus, mas o Paulo gosta que as equipes pratiquem um bom futebol e dominem seus advers\u00e1rios. \u00c9 um pouco da imagem que ele tinha como jogador: muito aguerrido, mas que gostava de jogar a bola. Ele dever\u00e1 transmitir isso para os atletas.<\/em><\/strong><\/p>\n\n\n\n<p>Evandro Brand\u00e3o foi atleta de Jesus no Benfica, na temporada 2009\/10, quando ainda estava se projetando para os profissionais. J\u00e1 com Paulo Sousa, trabalhou em 2011\/12, quando foi treinado no Videoton, da Hungria.<\/p>\n\n\n\n<p>Em tempo: Paulo Sousa deixou a sele\u00e7\u00e3o polonesa e assinou com o Flamengo at\u00e9 dezembro de 2023.<\/p>\n\n\n\n<p>Retirado de: Lance<\/p>\n","protected":false},"excerpt":{"rendered":"<p>O Flamengo oficializou a chegada de Paulo Sousa na \u00faltima quarta-feira e, no dia 10 de janeiro, data de reapresenta\u00e7\u00e3o do elenco, os jogadores rubro-negros ter\u00e3o o primeiro contato com o portugu\u00eas. E Evandro Brand\u00e3o, atleta que atuou com o comandante e tamb\u00e9m com Jorge Jesus, fez uma compara\u00e7\u00e3o entre os perfis dos treinadores e [&hellip;]<\/p>\n","protected":false},"author":1,"featured_media":73507,"comment_status":"open","ping_status":"closed","sticky":false,"template":"","format":"standard","meta":{"footnotes":""},"categories":[1],"tags":[],"class_list":["post-74205","post","type-post","status-publish","format-standard","has-post-thumbnail","hentry","category-flamengo"],"yoast_head":"<!-- This site is optimized with the Yoast SEO Premium plugin v24.2 (Yoast SEO v26.9) - https:\/\/yoast.com\/product\/yoast-seo-premium-wordpress\/ -->\n<title>Atacante treinado por Paulo Sousa e Jorge Jesus cita diferen\u00e7as e diz o que Flamengo pode esperar<\/title>\n<meta name=\"robots\" content=\"index, follow, max-snippet:-1, max-image-preview:large, max-video-preview:-1\" \/>\n<link rel=\"canonical\" href=\"https:\/\/www.gaveanews.com\/index.php\/2021\/12\/30\/atacante-treinado-por-paulo-sousa-e-jorge-jesus-cita-diferencas-e-diz-o-que-flamengo-pode-esperar\/\" \/>\n<meta property=\"og:locale\" content=\"pt_BR\" \/>\n<meta property=\"og:type\" content=\"article\" \/>\n<meta property=\"og:title\" content=\"Atacante treinado por Paulo Sousa e Jorge Jesus cita diferen\u00e7as e diz o que Flamengo pode esperar\" \/>\n<meta property=\"og:description\" content=\"O Flamengo oficializou a chegada de Paulo Sousa na \u00faltima quarta-feira e, no dia 10 de janeiro, data de reapresenta\u00e7\u00e3o do elenco, os jogadores rubro-negros ter\u00e3o o primeiro contato com o portugu\u00eas. E Evandro Brand\u00e3o, atleta que atuou com o comandante e tamb\u00e9m com Jorge Jesus, fez uma compara\u00e7\u00e3o entre os perfis dos treinadores e [&hellip;]\" \/>\n<meta property=\"og:url\" content=\"https:\/\/www.gaveanews.com\/index.php\/2021\/12\/30\/atacante-treinado-por-paulo-sousa-e-jorge-jesus-cita-diferencas-e-diz-o-que-flamengo-pode-esperar\/\" \/>\n<meta property=\"og:site_name\" content=\"G\u00e1vea News\" \/>\n<meta property=\"article:publisher\" content=\"https:\/\/facebook.com\/gaveaNews\/\" \/>\n<meta property=\"article:published_time\" content=\"2021-12-30T23:56:09+00:00\" \/>\n<meta property=\"article:modified_time\" content=\"2021-12-30T23:56:11+00:00\" \/>\n<meta property=\"og:image\" content=\"https:\/\/www.gaveanews.com\/wp-content\/uploads\/Paulo-Sousa-tecnico-da-Selecao-Polonesa.webp\" \/>\n\t<meta property=\"og:image:width\" content=\"1000\" \/>\n\t<meta property=\"og:image:height\" content=\"685\" \/>\n\t<meta property=\"og:image:type\" content=\"image\/jpeg\" \/>\n<meta name=\"author\" content=\"Equipe G\u00e1vea News\" \/>\n<meta name=\"twitter:card\" content=\"summary_large_image\" \/>\n<meta name=\"twitter:label1\" content=\"Escrito por\" \/>\n\t<meta name=\"twitter:data1\" content=\"Equipe G\u00e1vea News\" \/>\n\t<meta name=\"twitter:label2\" content=\"Est. tempo de leitura\" \/>\n\t<meta name=\"twitter:data2\" content=\"2 minutos\" \/>\n<script type=\"application\/ld+json\" class=\"yoast-schema-graph\">{\"@context\":\"https:\/\/schema.org\",\"@graph\":[{\"@type\":\"NewsArticle\",\"@id\":\"https:\/\/www.gaveanews.com\/index.php\/2021\/12\/30\/atacante-treinado-por-paulo-sousa-e-jorge-jesus-cita-diferencas-e-diz-o-que-flamengo-pode-esperar\/#article\",\"isPartOf\":{\"@id\":\"https:\/\/www.gaveanews.com\/index.php\/2021\/12\/30\/atacante-treinado-por-paulo-sousa-e-jorge-jesus-cita-diferencas-e-diz-o-que-flamengo-pode-esperar\/\"},\"author\":{\"name\":\"Equipe G\u00e1vea News\",\"@id\":\"https:\/\/www.gaveanews.com\/#\/schema\/person\/2ec14f73fb96be2caf28f91afb14749d\"},\"headline\":\"Atacante treinado por Paulo Sousa e Jorge Jesus cita diferen\u00e7as e diz o que Flamengo pode esperar\",\"datePublished\":\"2021-12-30T23:56:09+00:00\",\"dateModified\":\"2021-12-30T23:56:11+00:00\",\"mainEntityOfPage\":{\"@id\":\"https:\/\/www.gaveanews.com\/index.php\/2021\/12\/30\/atacante-treinado-por-paulo-sousa-e-jorge-jesus-cita-diferencas-e-diz-o-que-flamengo-pode-esperar\/\"},\"wordCount\":273,\"commentCount\":17,\"image\":{\"@id\":\"https:\/\/www.gaveanews.com\/index.php\/2021\/12\/30\/atacante-treinado-por-paulo-sousa-e-jorge-jesus-cita-diferencas-e-diz-o-que-flamengo-pode-esperar\/#primaryimage\"},\"thumbnailUrl\":\"https:\/\/www.gaveanews.com\/wp-content\/uploads\/Paulo-Sousa-tecnico-da-Selecao-Polonesa.webp\",\"articleSection\":[\"Flamengo\"],\"inLanguage\":\"pt-BR\",\"potentialAction\":[{\"@type\":\"CommentAction\",\"name\":\"Comment\",\"target\":[\"https:\/\/www.gaveanews.com\/index.php\/2021\/12\/30\/atacante-treinado-por-paulo-sousa-e-jorge-jesus-cita-diferencas-e-diz-o-que-flamengo-pode-esperar\/#respond\"]}],\"copyrightYear\":\"2021\",\"copyrightHolder\":{\"@id\":\"https:\/\/www.gaveanews.com\/#organization\"}},{\"@type\":\"WebPage\",\"@id\":\"https:\/\/www.gaveanews.com\/index.php\/2021\/12\/30\/atacante-treinado-por-paulo-sousa-e-jorge-jesus-cita-diferencas-e-diz-o-que-flamengo-pode-esperar\/\",\"url\":\"https:\/\/www.gaveanews.com\/index.php\/2021\/12\/30\/atacante-treinado-por-paulo-sousa-e-jorge-jesus-cita-diferencas-e-diz-o-que-flamengo-pode-esperar\/\",\"name\":\"Atacante treinado por Paulo Sousa e Jorge Jesus cita diferen\u00e7as e diz o que Flamengo pode esperar\",\"isPartOf\":{\"@id\":\"https:\/\/www.gaveanews.com\/#website\"},\"primaryImageOfPage\":{\"@id\":\"https:\/\/www.gaveanews.com\/index.php\/2021\/12\/30\/atacante-treinado-por-paulo-sousa-e-jorge-jesus-cita-diferencas-e-diz-o-que-flamengo-pode-esperar\/#primaryimage\"},\"image\":{\"@id\":\"https:\/\/www.gaveanews.com\/index.php\/2021\/12\/30\/atacante-treinado-por-paulo-sousa-e-jorge-jesus-cita-diferencas-e-diz-o-que-flamengo-pode-esperar\/#primaryimage\"},\"thumbnailUrl\":\"https:\/\/www.gaveanews.com\/wp-content\/uploads\/Paulo-Sousa-tecnico-da-Selecao-Polonesa.webp\",\"datePublished\":\"2021-12-30T23:56:09+00:00\",\"dateModified\":\"2021-12-30T23:56:11+00:00\",\"author\":{\"@id\":\"https:\/\/www.gaveanews.com\/#\/schema\/person\/2ec14f73fb96be2caf28f91afb14749d\"},\"breadcrumb\":{\"@id\":\"https:\/\/www.gaveanews.com\/index.php\/2021\/12\/30\/atacante-treinado-por-paulo-sousa-e-jorge-jesus-cita-diferencas-e-diz-o-que-flamengo-pode-esperar\/#breadcrumb\"},\"inLanguage\":\"pt-BR\",\"potentialAction\":[{\"@type\":\"ReadAction\",\"target\":[\"https:\/\/www.gaveanews.com\/index.php\/2021\/12\/30\/atacante-treinado-por-paulo-sousa-e-jorge-jesus-cita-diferencas-e-diz-o-que-flamengo-pode-esperar\/\"]}]},{\"@type\":\"ImageObject\",\"inLanguage\":\"pt-BR\",\"@id\":\"https:\/\/www.gaveanews.com\/index.php\/2021\/12\/30\/atacante-treinado-por-paulo-sousa-e-jorge-jesus-cita-diferencas-e-diz-o-que-flamengo-pode-esperar\/#primaryimage\",\"url\":\"https:\/\/www.gaveanews.com\/wp-content\/uploads\/Paulo-Sousa-tecnico-da-Selecao-Polonesa.webp\",\"contentUrl\":\"https:\/\/www.gaveanews.com\/wp-content\/uploads\/Paulo-Sousa-tecnico-da-Selecao-Polonesa.webp\",\"width\":1000,\"height\":685,\"caption\":\"Paulo Sousa, t\u00e9cnico da Sele\u00e7\u00e3o Polonesa (Foto: Janek Skarzynski\/AFP)\"},{\"@type\":\"BreadcrumbList\",\"@id\":\"https:\/\/www.gaveanews.com\/index.php\/2021\/12\/30\/atacante-treinado-por-paulo-sousa-e-jorge-jesus-cita-diferencas-e-diz-o-que-flamengo-pode-esperar\/#breadcrumb\",\"itemListElement\":[{\"@type\":\"ListItem\",\"position\":1,\"name\":\"Home\",\"item\":\"https:\/\/www.gaveanews.com\/\"},{\"@type\":\"ListItem\",\"position\":2,\"name\":\"Atacante treinado por Paulo Sousa e Jorge Jesus cita diferen\u00e7as e diz o que Flamengo pode esperar\"}]},{\"@type\":\"WebSite\",\"@id\":\"https:\/\/www.gaveanews.com\/#website\",\"url\":\"https:\/\/www.gaveanews.com\/\",\"name\":\"G\u00e1vea News\",\"description\":\"Veja todas as not\u00edcias sobre o Flamengo: Contrata\u00e7\u00f5es, categorias de base, resultados das partidas, tabela de classifica\u00e7\u00e3o, pr\u00f3ximos jogos!\",\"potentialAction\":[{\"@type\":\"SearchAction\",\"target\":{\"@type\":\"EntryPoint\",\"urlTemplate\":\"https:\/\/www.gaveanews.com\/?s={search_term_string}\"},\"query-input\":{\"@type\":\"PropertyValueSpecification\",\"valueRequired\":true,\"valueName\":\"search_term_string\"}}],\"inLanguage\":\"pt-BR\"},{\"@type\":\"Person\",\"@id\":\"https:\/\/www.gaveanews.com\/#\/schema\/person\/2ec14f73fb96be2caf28f91afb14749d\",\"name\":\"Equipe G\u00e1vea News\",\"image\":{\"@type\":\"ImageObject\",\"inLanguage\":\"pt-BR\",\"@id\":\"https:\/\/www.gaveanews.com\/#\/schema\/person\/image\/\",\"url\":\"https:\/\/secure.gravatar.com\/avatar\/1e1956f1facbffd3f8fa53a326721950116b3b9dc9bd44939c01180fd4a745a9?s=96&d=mm&r=g\",\"contentUrl\":\"https:\/\/secure.gravatar.com\/avatar\/1e1956f1facbffd3f8fa53a326721950116b3b9dc9bd44939c01180fd4a745a9?s=96&d=mm&r=g\",\"caption\":\"Equipe G\u00e1vea News\"}}]}<\/script>\n<!-- \/ Yoast SEO Premium plugin. -->","yoast_head_json":{"title":"Atacante treinado por Paulo Sousa e Jorge Jesus cita diferen\u00e7as e diz o que Flamengo pode esperar","robots":{"index":"index","follow":"follow","max-snippet":"max-snippet:-1","max-image-preview":"max-image-preview:large","max-video-preview":"max-video-preview:-1"},"canonical":"https:\/\/www.gaveanews.com\/index.php\/2021\/12\/30\/atacante-treinado-por-paulo-sousa-e-jorge-jesus-cita-diferencas-e-diz-o-que-flamengo-pode-esperar\/","og_locale":"pt_BR","og_type":"article","og_title":"Atacante treinado por Paulo Sousa e Jorge Jesus cita diferen\u00e7as e diz o que Flamengo pode esperar","og_description":"O Flamengo oficializou a chegada de Paulo Sousa na \u00faltima quarta-feira e, no dia 10 de janeiro, data de reapresenta\u00e7\u00e3o do elenco, os jogadores rubro-negros ter\u00e3o o primeiro contato com o portugu\u00eas. E Evandro Brand\u00e3o, atleta que atuou com o comandante e tamb\u00e9m com Jorge Jesus, fez uma compara\u00e7\u00e3o entre os perfis dos treinadores e [&hellip;]","og_url":"https:\/\/www.gaveanews.com\/index.php\/2021\/12\/30\/atacante-treinado-por-paulo-sousa-e-jorge-jesus-cita-diferencas-e-diz-o-que-flamengo-pode-esperar\/","og_site_name":"G\u00e1vea News","article_publisher":"https:\/\/facebook.com\/gaveaNews\/","article_published_time":"2021-12-30T23:56:09+00:00","article_modified_time":"2021-12-30T23:56:11+00:00","og_image":[{"width":1000,"height":685,"url":"https:\/\/www.gaveanews.com\/wp-content\/uploads\/Paulo-Sousa-tecnico-da-Selecao-Polonesa.webp","type":"image\/jpeg"}],"author":"Equipe G\u00e1vea News","twitter_card":"summary_large_image","twitter_misc":{"Escrito por":"Equipe G\u00e1vea News","Est. tempo de leitura":"2 minutos"},"schema":{"@context":"https:\/\/schema.org","@graph":[{"@type":"NewsArticle","@id":"https:\/\/www.gaveanews.com\/index.php\/2021\/12\/30\/atacante-treinado-por-paulo-sousa-e-jorge-jesus-cita-diferencas-e-diz-o-que-flamengo-pode-esperar\/#article","isPartOf":{"@id":"https:\/\/www.gaveanews.com\/index.php\/2021\/12\/30\/atacante-treinado-por-paulo-sousa-e-jorge-jesus-cita-diferencas-e-diz-o-que-flamengo-pode-esperar\/"},"author":{"name":"Equipe G\u00e1vea News","@id":"https:\/\/www.gaveanews.com\/#\/schema\/person\/2ec14f73fb96be2caf28f91afb14749d"},"headline":"Atacante treinado por Paulo Sousa e Jorge Jesus cita diferen\u00e7as e diz o que Flamengo pode esperar","datePublished":"2021-12-30T23:56:09+00:00","dateModified":"2021-12-30T23:56:11+00:00","mainEntityOfPage":{"@id":"https:\/\/www.gaveanews.com\/index.php\/2021\/12\/30\/atacante-treinado-por-paulo-sousa-e-jorge-jesus-cita-diferencas-e-diz-o-que-flamengo-pode-esperar\/"},"wordCount":273,"commentCount":17,"image":{"@id":"https:\/\/www.gaveanews.com\/index.php\/2021\/12\/30\/atacante-treinado-por-paulo-sousa-e-jorge-jesus-cita-diferencas-e-diz-o-que-flamengo-pode-esperar\/#primaryimage"},"thumbnailUrl":"https:\/\/www.gaveanews.com\/wp-content\/uploads\/Paulo-Sousa-tecnico-da-Selecao-Polonesa.webp","articleSection":["Flamengo"],"inLanguage":"pt-BR","potentialAction":[{"@type":"CommentAction","name":"Comment","target":["https:\/\/www.gaveanews.com\/index.php\/2021\/12\/30\/atacante-treinado-por-paulo-sousa-e-jorge-jesus-cita-diferencas-e-diz-o-que-flamengo-pode-esperar\/#respond"]}],"copyrightYear":"2021","copyrightHolder":{"@id":"https:\/\/www.gaveanews.com\/#organization"}},{"@type":"WebPage","@id":"https:\/\/www.gaveanews.com\/index.php\/2021\/12\/30\/atacante-treinado-por-paulo-sousa-e-jorge-jesus-cita-diferencas-e-diz-o-que-flamengo-pode-esperar\/","url":"https:\/\/www.gaveanews.com\/index.php\/2021\/12\/30\/atacante-treinado-por-paulo-sousa-e-jorge-jesus-cita-diferencas-e-diz-o-que-flamengo-pode-esperar\/","name":"Atacante treinado por Paulo Sousa e Jorge Jesus cita diferen\u00e7as e diz o que Flamengo pode esperar","isPartOf":{"@id":"https:\/\/www.gaveanews.com\/#website"},"primaryImageOfPage":{"@id":"https:\/\/www.gaveanews.com\/index.php\/2021\/12\/30\/atacante-treinado-por-paulo-sousa-e-jorge-jesus-cita-diferencas-e-diz-o-que-flamengo-pode-esperar\/#primaryimage"},"image":{"@id":"https:\/\/www.gaveanews.com\/index.php\/2021\/12\/30\/atacante-treinado-por-paulo-sousa-e-jorge-jesus-cita-diferencas-e-diz-o-que-flamengo-pode-esperar\/#primaryimage"},"thumbnailUrl":"https:\/\/www.gaveanews.com\/wp-content\/uploads\/Paulo-Sousa-tecnico-da-Selecao-Polonesa.webp","datePublished":"2021-12-30T23:56:09+00:00","dateModified":"2021-12-30T23:56:11+00:00","author":{"@id":"https:\/\/www.gaveanews.com\/#\/schema\/person\/2ec14f73fb96be2caf28f91afb14749d"},"breadcrumb":{"@id":"https:\/\/www.gaveanews.com\/index.php\/2021\/12\/30\/atacante-treinado-por-paulo-sousa-e-jorge-jesus-cita-diferencas-e-diz-o-que-flamengo-pode-esperar\/#breadcrumb"},"inLanguage":"pt-BR","potentialAction":[{"@type":"ReadAction","target":["https:\/\/www.gaveanews.com\/index.php\/2021\/12\/30\/atacante-treinado-por-paulo-sousa-e-jorge-jesus-cita-diferencas-e-diz-o-que-flamengo-pode-esperar\/"]}]},{"@type":"ImageObject","inLanguage":"pt-BR","@id":"https:\/\/www.gaveanews.com\/index.php\/2021\/12\/30\/atacante-treinado-por-paulo-sousa-e-jorge-jesus-cita-diferencas-e-diz-o-que-flamengo-pode-esperar\/#primaryimage","url":"https:\/\/www.gaveanews.com\/wp-content\/uploads\/Paulo-Sousa-tecnico-da-Selecao-Polonesa.webp","contentUrl":"https:\/\/www.gaveanews.com\/wp-content\/uploads\/Paulo-Sousa-tecnico-da-Selecao-Polonesa.webp","width":1000,"height":685,"caption":"Paulo Sousa, t\u00e9cnico da Sele\u00e7\u00e3o Polonesa (Foto: Janek Skarzynski\/AFP)"},{"@type":"BreadcrumbList","@id":"https:\/\/www.gaveanews.com\/index.php\/2021\/12\/30\/atacante-treinado-por-paulo-sousa-e-jorge-jesus-cita-diferencas-e-diz-o-que-flamengo-pode-esperar\/#breadcrumb","itemListElement":[{"@type":"ListItem","position":1,"name":"Home","item":"https:\/\/www.gaveanews.com\/"},{"@type":"ListItem","position":2,"name":"Atacante treinado por Paulo Sousa e Jorge Jesus cita diferen\u00e7as e diz o que Flamengo pode esperar"}]},{"@type":"WebSite","@id":"https:\/\/www.gaveanews.com\/#website","url":"https:\/\/www.gaveanews.com\/","name":"G\u00e1vea News","description":"Veja todas as not\u00edcias sobre o Flamengo: Contrata\u00e7\u00f5es, categorias de base, resultados das partidas, tabela de classifica\u00e7\u00e3o, pr\u00f3ximos jogos!","potentialAction":[{"@type":"SearchAction","target":{"@type":"EntryPoint","urlTemplate":"https:\/\/www.gaveanews.com\/?s={search_term_string}"},"query-input":{"@type":"PropertyValueSpecification","valueRequired":true,"valueName":"search_term_string"}}],"inLanguage":"pt-BR"},{"@type":"Person","@id":"https:\/\/www.gaveanews.com\/#\/schema\/person\/2ec14f73fb96be2caf28f91afb14749d","name":"Equipe G\u00e1vea News","image":{"@type":"ImageObject","inLanguage":"pt-BR","@id":"https:\/\/www.gaveanews.com\/#\/schema\/person\/image\/","url":"https:\/\/secure.gravatar.com\/avatar\/1e1956f1facbffd3f8fa53a326721950116b3b9dc9bd44939c01180fd4a745a9?s=96&d=mm&r=g","contentUrl":"https:\/\/secure.gravatar.com\/avatar\/1e1956f1facbffd3f8fa53a326721950116b3b9dc9bd44939c01180fd4a745a9?s=96&d=mm&r=g","caption":"Equipe G\u00e1vea News"}}]}},"_links":{"self":[{"href":"https:\/\/www.gaveanews.com\/index.php\/wp-json\/wp\/v2\/posts\/74205","targetHints":{"allow":["GET"]}}],"collection":[{"href":"https:\/\/www.gaveanews.com\/index.php\/wp-json\/wp\/v2\/posts"}],"about":[{"href":"https:\/\/www.gaveanews.com\/index.php\/wp-json\/wp\/v2\/types\/post"}],"author":[{"embeddable":true,"href":"https:\/\/www.gaveanews.com\/index.php\/wp-json\/wp\/v2\/users\/1"}],"replies":[{"embeddable":true,"href":"https:\/\/www.gaveanews.com\/index.php\/wp-json\/wp\/v2\/comments?post=74205"}],"version-history":[{"count":0,"href":"https:\/\/www.gaveanews.com\/index.php\/wp-json\/wp\/v2\/posts\/74205\/revisions"}],"wp:featuredmedia":[{"embeddable":true,"href":"https:\/\/www.gaveanews.com\/index.php\/wp-json\/wp\/v2\/media\/73507"}],"wp:attachment":[{"href":"https:\/\/www.gaveanews.com\/index.php\/wp-json\/wp\/v2\/media?parent=74205"}],"wp:term":[{"taxonomy":"category","embeddable":true,"href":"https:\/\/www.gaveanews.com\/index.php\/wp-json\/wp\/v2\/categories?post=74205"},{"taxonomy":"post_tag","embeddable":true,"href":"https:\/\/www.gaveanews.com\/index.php\/wp-json\/wp\/v2\/tags?post=74205"}],"curies":[{"name":"wp","href":"https:\/\/api.w.org\/{rel}","templated":true}]}}