{"id":74212,"date":"2021-12-30T22:56:30","date_gmt":"2021-12-31T01:56:30","guid":{"rendered":"https:\/\/www.gaveanews.com\/?p=74212"},"modified":"2021-12-30T22:56:32","modified_gmt":"2021-12-31T01:56:32","slug":"atletico-mineiro-nao-vai-liberar-jair-para-o-flamengo-opina-comentarista","status":"publish","type":"post","link":"https:\/\/www.gaveanews.com\/index.php\/2021\/12\/30\/atletico-mineiro-nao-vai-liberar-jair-para-o-flamengo-opina-comentarista\/","title":{"rendered":"&#8220;Atl\u00e9tico Mineiro n\u00e3o vai liberar Jair para o Flamengo&#8221;, opina comentarista"},"content":{"rendered":"\n<p>Ap\u00f3s defini\u00e7\u00e3o de Paulo Sousa como novo t\u00e9cnico para a pr\u00f3xima temporada, o Flamengo j\u00e1 monitora refor\u00e7os no mercado. De acordo com a \u2018ESPN\u2019, o Rubro-Negro, junto com o Palmeiras, sonda a situa\u00e7\u00e3o do volante Jair, do Atl\u00e9tico-MG. Contudo, de acordo com o jornalista Ronaldo Castro, do \u2018Donos da Bola\u2019, o clube mineiro n\u00e3o vai liberar o jogador.<\/p>\n\n\n\n<p><strong><em>\u2014 \u00c9 um meia, n\u00e3o s\u00f3 um volante. O Atl\u00e9tico-MG faturou muito com as conquistas desse ano, ent\u00e3o tem dinheiro em caixa. O Atl\u00e9tico-MG s\u00f3 libera se quiser, e eu acho que o Galo vai fazer esfor\u00e7o pra manter os jogadores campe\u00f5es. Eu acho que n\u00e3o vai liberar, tem contrato at\u00e9 2023, e emprestar nem pensar<\/em><\/strong>, opinou Ronaldo Castro.<\/p>\n\n\n\n<p>Jair foi pe\u00e7a importante na conquista do Campeonato Brasileiro e Copa do Brasil pelo Atl\u00e9tico-MG em 2021. Revelado pelo Internacional, o atleta de 27 anos passou por Rio Verde, Veran\u00f3polis, Boa Esporte, Juventude e Sport antes de assinar com o clube mineiro. O meia fez parte da \u2018Sele\u00e7\u00e3o do Brasileir\u00e3o\u2019 e \u2018Bola de Prata\u2019 na \u00faltima temporada.<\/p>\n\n\n\n<p>Retirado de: Di\u00e1rio do Fla<\/p>\n","protected":false},"excerpt":{"rendered":"<p>Ap\u00f3s defini\u00e7\u00e3o de Paulo Sousa como novo t\u00e9cnico para a pr\u00f3xima temporada, o Flamengo j\u00e1 monitora refor\u00e7os no mercado. De acordo com a \u2018ESPN\u2019, o Rubro-Negro, junto com o Palmeiras, sonda a situa\u00e7\u00e3o do volante Jair, do Atl\u00e9tico-MG. Contudo, de acordo com o jornalista Ronaldo Castro, do \u2018Donos da Bola\u2019, o clube mineiro n\u00e3o vai [&hellip;]<\/p>\n","protected":false},"author":1,"featured_media":73731,"comment_status":"open","ping_status":"closed","sticky":false,"template":"","format":"standard","meta":{"footnotes":""},"categories":[1],"tags":[],"class_list":["post-74212","post","type-post","status-publish","format-standard","has-post-thumbnail","hentry","category-flamengo"],"yoast_head":"<!-- This site is optimized with the Yoast SEO Premium plugin v24.2 (Yoast SEO v26.9) - https:\/\/yoast.com\/product\/yoast-seo-premium-wordpress\/ -->\n<title>&quot;Atl\u00e9tico Mineiro n\u00e3o vai liberar Jair para o Flamengo&quot;, opina comentarista<\/title>\n<meta name=\"robots\" content=\"index, follow, max-snippet:-1, max-image-preview:large, max-video-preview:-1\" \/>\n<link rel=\"canonical\" href=\"https:\/\/www.gaveanews.com\/index.php\/2021\/12\/30\/atletico-mineiro-nao-vai-liberar-jair-para-o-flamengo-opina-comentarista\/\" \/>\n<meta property=\"og:locale\" content=\"pt_BR\" \/>\n<meta property=\"og:type\" content=\"article\" \/>\n<meta property=\"og:title\" content=\"&quot;Atl\u00e9tico Mineiro n\u00e3o vai liberar Jair para o Flamengo&quot;, opina comentarista\" \/>\n<meta property=\"og:description\" content=\"Ap\u00f3s defini\u00e7\u00e3o de Paulo Sousa como novo t\u00e9cnico para a pr\u00f3xima temporada, o Flamengo j\u00e1 monitora refor\u00e7os no mercado. De acordo com a \u2018ESPN\u2019, o Rubro-Negro, junto com o Palmeiras, sonda a situa\u00e7\u00e3o do volante Jair, do Atl\u00e9tico-MG. Contudo, de acordo com o jornalista Ronaldo Castro, do \u2018Donos da Bola\u2019, o clube mineiro n\u00e3o vai [&hellip;]\" \/>\n<meta property=\"og:url\" content=\"https:\/\/www.gaveanews.com\/index.php\/2021\/12\/30\/atletico-mineiro-nao-vai-liberar-jair-para-o-flamengo-opina-comentarista\/\" \/>\n<meta property=\"og:site_name\" content=\"G\u00e1vea News\" \/>\n<meta property=\"article:publisher\" content=\"https:\/\/facebook.com\/gaveaNews\/\" \/>\n<meta property=\"article:published_time\" content=\"2021-12-31T01:56:30+00:00\" \/>\n<meta property=\"article:modified_time\" content=\"2021-12-31T01:56:32+00:00\" \/>\n<meta property=\"og:image\" content=\"https:\/\/www.gaveanews.com\/wp-content\/uploads\/Marcos-Braz-e-Bruno-Spindel.webp\" \/>\n\t<meta property=\"og:image:width\" content=\"640\" \/>\n\t<meta property=\"og:image:height\" content=\"426\" \/>\n\t<meta property=\"og:image:type\" content=\"image\/jpeg\" \/>\n<meta name=\"author\" content=\"Equipe G\u00e1vea News\" \/>\n<meta name=\"twitter:card\" content=\"summary_large_image\" \/>\n<meta name=\"twitter:label1\" content=\"Escrito por\" \/>\n\t<meta name=\"twitter:data1\" content=\"Equipe G\u00e1vea News\" \/>\n\t<meta name=\"twitter:label2\" content=\"Est. tempo de leitura\" \/>\n\t<meta name=\"twitter:data2\" content=\"1 minuto\" \/>\n<script type=\"application\/ld+json\" class=\"yoast-schema-graph\">{\"@context\":\"https:\/\/schema.org\",\"@graph\":[{\"@type\":\"NewsArticle\",\"@id\":\"https:\/\/www.gaveanews.com\/index.php\/2021\/12\/30\/atletico-mineiro-nao-vai-liberar-jair-para-o-flamengo-opina-comentarista\/#article\",\"isPartOf\":{\"@id\":\"https:\/\/www.gaveanews.com\/index.php\/2021\/12\/30\/atletico-mineiro-nao-vai-liberar-jair-para-o-flamengo-opina-comentarista\/\"},\"author\":{\"name\":\"Equipe G\u00e1vea News\",\"@id\":\"https:\/\/www.gaveanews.com\/#\/schema\/person\/2ec14f73fb96be2caf28f91afb14749d\"},\"headline\":\"&#8220;Atl\u00e9tico Mineiro n\u00e3o vai liberar Jair para o Flamengo&#8221;, opina comentarista\",\"datePublished\":\"2021-12-31T01:56:30+00:00\",\"dateModified\":\"2021-12-31T01:56:32+00:00\",\"mainEntityOfPage\":{\"@id\":\"https:\/\/www.gaveanews.com\/index.php\/2021\/12\/30\/atletico-mineiro-nao-vai-liberar-jair-para-o-flamengo-opina-comentarista\/\"},\"wordCount\":208,\"commentCount\":11,\"image\":{\"@id\":\"https:\/\/www.gaveanews.com\/index.php\/2021\/12\/30\/atletico-mineiro-nao-vai-liberar-jair-para-o-flamengo-opina-comentarista\/#primaryimage\"},\"thumbnailUrl\":\"https:\/\/www.gaveanews.com\/wp-content\/uploads\/Marcos-Braz-e-Bruno-Spindel.webp\",\"articleSection\":[\"Flamengo\"],\"inLanguage\":\"pt-BR\",\"potentialAction\":[{\"@type\":\"CommentAction\",\"name\":\"Comment\",\"target\":[\"https:\/\/www.gaveanews.com\/index.php\/2021\/12\/30\/atletico-mineiro-nao-vai-liberar-jair-para-o-flamengo-opina-comentarista\/#respond\"]}],\"copyrightYear\":\"2021\",\"copyrightHolder\":{\"@id\":\"https:\/\/www.gaveanews.com\/#organization\"}},{\"@type\":\"WebPage\",\"@id\":\"https:\/\/www.gaveanews.com\/index.php\/2021\/12\/30\/atletico-mineiro-nao-vai-liberar-jair-para-o-flamengo-opina-comentarista\/\",\"url\":\"https:\/\/www.gaveanews.com\/index.php\/2021\/12\/30\/atletico-mineiro-nao-vai-liberar-jair-para-o-flamengo-opina-comentarista\/\",\"name\":\"\\\"Atl\u00e9tico Mineiro n\u00e3o vai liberar Jair para o Flamengo\\\", opina comentarista\",\"isPartOf\":{\"@id\":\"https:\/\/www.gaveanews.com\/#website\"},\"primaryImageOfPage\":{\"@id\":\"https:\/\/www.gaveanews.com\/index.php\/2021\/12\/30\/atletico-mineiro-nao-vai-liberar-jair-para-o-flamengo-opina-comentarista\/#primaryimage\"},\"image\":{\"@id\":\"https:\/\/www.gaveanews.com\/index.php\/2021\/12\/30\/atletico-mineiro-nao-vai-liberar-jair-para-o-flamengo-opina-comentarista\/#primaryimage\"},\"thumbnailUrl\":\"https:\/\/www.gaveanews.com\/wp-content\/uploads\/Marcos-Braz-e-Bruno-Spindel.webp\",\"datePublished\":\"2021-12-31T01:56:30+00:00\",\"dateModified\":\"2021-12-31T01:56:32+00:00\",\"author\":{\"@id\":\"https:\/\/www.gaveanews.com\/#\/schema\/person\/2ec14f73fb96be2caf28f91afb14749d\"},\"breadcrumb\":{\"@id\":\"https:\/\/www.gaveanews.com\/index.php\/2021\/12\/30\/atletico-mineiro-nao-vai-liberar-jair-para-o-flamengo-opina-comentarista\/#breadcrumb\"},\"inLanguage\":\"pt-BR\",\"potentialAction\":[{\"@type\":\"ReadAction\",\"target\":[\"https:\/\/www.gaveanews.com\/index.php\/2021\/12\/30\/atletico-mineiro-nao-vai-liberar-jair-para-o-flamengo-opina-comentarista\/\"]}]},{\"@type\":\"ImageObject\",\"inLanguage\":\"pt-BR\",\"@id\":\"https:\/\/www.gaveanews.com\/index.php\/2021\/12\/30\/atletico-mineiro-nao-vai-liberar-jair-para-o-flamengo-opina-comentarista\/#primaryimage\",\"url\":\"https:\/\/www.gaveanews.com\/wp-content\/uploads\/Marcos-Braz-e-Bruno-Spindel.webp\",\"contentUrl\":\"https:\/\/www.gaveanews.com\/wp-content\/uploads\/Marcos-Braz-e-Bruno-Spindel.webp\",\"width\":640,\"height\":426,\"caption\":\"Marcos Braz e Bruno Spindel (Foto: Alexandre Vidal\/Flamengo)\"},{\"@type\":\"BreadcrumbList\",\"@id\":\"https:\/\/www.gaveanews.com\/index.php\/2021\/12\/30\/atletico-mineiro-nao-vai-liberar-jair-para-o-flamengo-opina-comentarista\/#breadcrumb\",\"itemListElement\":[{\"@type\":\"ListItem\",\"position\":1,\"name\":\"Home\",\"item\":\"https:\/\/www.gaveanews.com\/\"},{\"@type\":\"ListItem\",\"position\":2,\"name\":\"&#8220;Atl\u00e9tico Mineiro n\u00e3o vai liberar Jair para o Flamengo&#8221;, opina comentarista\"}]},{\"@type\":\"WebSite\",\"@id\":\"https:\/\/www.gaveanews.com\/#website\",\"url\":\"https:\/\/www.gaveanews.com\/\",\"name\":\"G\u00e1vea News\",\"description\":\"Veja todas as not\u00edcias sobre o Flamengo: Contrata\u00e7\u00f5es, categorias de base, resultados das partidas, tabela de classifica\u00e7\u00e3o, pr\u00f3ximos jogos!\",\"potentialAction\":[{\"@type\":\"SearchAction\",\"target\":{\"@type\":\"EntryPoint\",\"urlTemplate\":\"https:\/\/www.gaveanews.com\/?s={search_term_string}\"},\"query-input\":{\"@type\":\"PropertyValueSpecification\",\"valueRequired\":true,\"valueName\":\"search_term_string\"}}],\"inLanguage\":\"pt-BR\"},{\"@type\":\"Person\",\"@id\":\"https:\/\/www.gaveanews.com\/#\/schema\/person\/2ec14f73fb96be2caf28f91afb14749d\",\"name\":\"Equipe G\u00e1vea News\",\"image\":{\"@type\":\"ImageObject\",\"inLanguage\":\"pt-BR\",\"@id\":\"https:\/\/www.gaveanews.com\/#\/schema\/person\/image\/\",\"url\":\"https:\/\/secure.gravatar.com\/avatar\/1e1956f1facbffd3f8fa53a326721950116b3b9dc9bd44939c01180fd4a745a9?s=96&d=mm&r=g\",\"contentUrl\":\"https:\/\/secure.gravatar.com\/avatar\/1e1956f1facbffd3f8fa53a326721950116b3b9dc9bd44939c01180fd4a745a9?s=96&d=mm&r=g\",\"caption\":\"Equipe G\u00e1vea News\"}}]}<\/script>\n<!-- \/ Yoast SEO Premium plugin. -->","yoast_head_json":{"title":"\"Atl\u00e9tico Mineiro n\u00e3o vai liberar Jair para o Flamengo\", opina comentarista","robots":{"index":"index","follow":"follow","max-snippet":"max-snippet:-1","max-image-preview":"max-image-preview:large","max-video-preview":"max-video-preview:-1"},"canonical":"https:\/\/www.gaveanews.com\/index.php\/2021\/12\/30\/atletico-mineiro-nao-vai-liberar-jair-para-o-flamengo-opina-comentarista\/","og_locale":"pt_BR","og_type":"article","og_title":"\"Atl\u00e9tico Mineiro n\u00e3o vai liberar Jair para o Flamengo\", opina comentarista","og_description":"Ap\u00f3s defini\u00e7\u00e3o de Paulo Sousa como novo t\u00e9cnico para a pr\u00f3xima temporada, o Flamengo j\u00e1 monitora refor\u00e7os no mercado. De acordo com a \u2018ESPN\u2019, o Rubro-Negro, junto com o Palmeiras, sonda a situa\u00e7\u00e3o do volante Jair, do Atl\u00e9tico-MG. Contudo, de acordo com o jornalista Ronaldo Castro, do \u2018Donos da Bola\u2019, o clube mineiro n\u00e3o vai [&hellip;]","og_url":"https:\/\/www.gaveanews.com\/index.php\/2021\/12\/30\/atletico-mineiro-nao-vai-liberar-jair-para-o-flamengo-opina-comentarista\/","og_site_name":"G\u00e1vea News","article_publisher":"https:\/\/facebook.com\/gaveaNews\/","article_published_time":"2021-12-31T01:56:30+00:00","article_modified_time":"2021-12-31T01:56:32+00:00","og_image":[{"width":640,"height":426,"url":"https:\/\/www.gaveanews.com\/wp-content\/uploads\/Marcos-Braz-e-Bruno-Spindel.webp","type":"image\/jpeg"}],"author":"Equipe G\u00e1vea News","twitter_card":"summary_large_image","twitter_misc":{"Escrito por":"Equipe G\u00e1vea News","Est. tempo de leitura":"1 minuto"},"schema":{"@context":"https:\/\/schema.org","@graph":[{"@type":"NewsArticle","@id":"https:\/\/www.gaveanews.com\/index.php\/2021\/12\/30\/atletico-mineiro-nao-vai-liberar-jair-para-o-flamengo-opina-comentarista\/#article","isPartOf":{"@id":"https:\/\/www.gaveanews.com\/index.php\/2021\/12\/30\/atletico-mineiro-nao-vai-liberar-jair-para-o-flamengo-opina-comentarista\/"},"author":{"name":"Equipe G\u00e1vea News","@id":"https:\/\/www.gaveanews.com\/#\/schema\/person\/2ec14f73fb96be2caf28f91afb14749d"},"headline":"&#8220;Atl\u00e9tico Mineiro n\u00e3o vai liberar Jair para o Flamengo&#8221;, opina comentarista","datePublished":"2021-12-31T01:56:30+00:00","dateModified":"2021-12-31T01:56:32+00:00","mainEntityOfPage":{"@id":"https:\/\/www.gaveanews.com\/index.php\/2021\/12\/30\/atletico-mineiro-nao-vai-liberar-jair-para-o-flamengo-opina-comentarista\/"},"wordCount":208,"commentCount":11,"image":{"@id":"https:\/\/www.gaveanews.com\/index.php\/2021\/12\/30\/atletico-mineiro-nao-vai-liberar-jair-para-o-flamengo-opina-comentarista\/#primaryimage"},"thumbnailUrl":"https:\/\/www.gaveanews.com\/wp-content\/uploads\/Marcos-Braz-e-Bruno-Spindel.webp","articleSection":["Flamengo"],"inLanguage":"pt-BR","potentialAction":[{"@type":"CommentAction","name":"Comment","target":["https:\/\/www.gaveanews.com\/index.php\/2021\/12\/30\/atletico-mineiro-nao-vai-liberar-jair-para-o-flamengo-opina-comentarista\/#respond"]}],"copyrightYear":"2021","copyrightHolder":{"@id":"https:\/\/www.gaveanews.com\/#organization"}},{"@type":"WebPage","@id":"https:\/\/www.gaveanews.com\/index.php\/2021\/12\/30\/atletico-mineiro-nao-vai-liberar-jair-para-o-flamengo-opina-comentarista\/","url":"https:\/\/www.gaveanews.com\/index.php\/2021\/12\/30\/atletico-mineiro-nao-vai-liberar-jair-para-o-flamengo-opina-comentarista\/","name":"\"Atl\u00e9tico Mineiro n\u00e3o vai liberar Jair para o Flamengo\", opina comentarista","isPartOf":{"@id":"https:\/\/www.gaveanews.com\/#website"},"primaryImageOfPage":{"@id":"https:\/\/www.gaveanews.com\/index.php\/2021\/12\/30\/atletico-mineiro-nao-vai-liberar-jair-para-o-flamengo-opina-comentarista\/#primaryimage"},"image":{"@id":"https:\/\/www.gaveanews.com\/index.php\/2021\/12\/30\/atletico-mineiro-nao-vai-liberar-jair-para-o-flamengo-opina-comentarista\/#primaryimage"},"thumbnailUrl":"https:\/\/www.gaveanews.com\/wp-content\/uploads\/Marcos-Braz-e-Bruno-Spindel.webp","datePublished":"2021-12-31T01:56:30+00:00","dateModified":"2021-12-31T01:56:32+00:00","author":{"@id":"https:\/\/www.gaveanews.com\/#\/schema\/person\/2ec14f73fb96be2caf28f91afb14749d"},"breadcrumb":{"@id":"https:\/\/www.gaveanews.com\/index.php\/2021\/12\/30\/atletico-mineiro-nao-vai-liberar-jair-para-o-flamengo-opina-comentarista\/#breadcrumb"},"inLanguage":"pt-BR","potentialAction":[{"@type":"ReadAction","target":["https:\/\/www.gaveanews.com\/index.php\/2021\/12\/30\/atletico-mineiro-nao-vai-liberar-jair-para-o-flamengo-opina-comentarista\/"]}]},{"@type":"ImageObject","inLanguage":"pt-BR","@id":"https:\/\/www.gaveanews.com\/index.php\/2021\/12\/30\/atletico-mineiro-nao-vai-liberar-jair-para-o-flamengo-opina-comentarista\/#primaryimage","url":"https:\/\/www.gaveanews.com\/wp-content\/uploads\/Marcos-Braz-e-Bruno-Spindel.webp","contentUrl":"https:\/\/www.gaveanews.com\/wp-content\/uploads\/Marcos-Braz-e-Bruno-Spindel.webp","width":640,"height":426,"caption":"Marcos Braz e Bruno Spindel (Foto: Alexandre Vidal\/Flamengo)"},{"@type":"BreadcrumbList","@id":"https:\/\/www.gaveanews.com\/index.php\/2021\/12\/30\/atletico-mineiro-nao-vai-liberar-jair-para-o-flamengo-opina-comentarista\/#breadcrumb","itemListElement":[{"@type":"ListItem","position":1,"name":"Home","item":"https:\/\/www.gaveanews.com\/"},{"@type":"ListItem","position":2,"name":"&#8220;Atl\u00e9tico Mineiro n\u00e3o vai liberar Jair para o Flamengo&#8221;, opina comentarista"}]},{"@type":"WebSite","@id":"https:\/\/www.gaveanews.com\/#website","url":"https:\/\/www.gaveanews.com\/","name":"G\u00e1vea News","description":"Veja todas as not\u00edcias sobre o Flamengo: Contrata\u00e7\u00f5es, categorias de base, resultados das partidas, tabela de classifica\u00e7\u00e3o, pr\u00f3ximos jogos!","potentialAction":[{"@type":"SearchAction","target":{"@type":"EntryPoint","urlTemplate":"https:\/\/www.gaveanews.com\/?s={search_term_string}"},"query-input":{"@type":"PropertyValueSpecification","valueRequired":true,"valueName":"search_term_string"}}],"inLanguage":"pt-BR"},{"@type":"Person","@id":"https:\/\/www.gaveanews.com\/#\/schema\/person\/2ec14f73fb96be2caf28f91afb14749d","name":"Equipe G\u00e1vea News","image":{"@type":"ImageObject","inLanguage":"pt-BR","@id":"https:\/\/www.gaveanews.com\/#\/schema\/person\/image\/","url":"https:\/\/secure.gravatar.com\/avatar\/1e1956f1facbffd3f8fa53a326721950116b3b9dc9bd44939c01180fd4a745a9?s=96&d=mm&r=g","contentUrl":"https:\/\/secure.gravatar.com\/avatar\/1e1956f1facbffd3f8fa53a326721950116b3b9dc9bd44939c01180fd4a745a9?s=96&d=mm&r=g","caption":"Equipe G\u00e1vea News"}}]}},"_links":{"self":[{"href":"https:\/\/www.gaveanews.com\/index.php\/wp-json\/wp\/v2\/posts\/74212","targetHints":{"allow":["GET"]}}],"collection":[{"href":"https:\/\/www.gaveanews.com\/index.php\/wp-json\/wp\/v2\/posts"}],"about":[{"href":"https:\/\/www.gaveanews.com\/index.php\/wp-json\/wp\/v2\/types\/post"}],"author":[{"embeddable":true,"href":"https:\/\/www.gaveanews.com\/index.php\/wp-json\/wp\/v2\/users\/1"}],"replies":[{"embeddable":true,"href":"https:\/\/www.gaveanews.com\/index.php\/wp-json\/wp\/v2\/comments?post=74212"}],"version-history":[{"count":0,"href":"https:\/\/www.gaveanews.com\/index.php\/wp-json\/wp\/v2\/posts\/74212\/revisions"}],"wp:featuredmedia":[{"embeddable":true,"href":"https:\/\/www.gaveanews.com\/index.php\/wp-json\/wp\/v2\/media\/73731"}],"wp:attachment":[{"href":"https:\/\/www.gaveanews.com\/index.php\/wp-json\/wp\/v2\/media?parent=74212"}],"wp:term":[{"taxonomy":"category","embeddable":true,"href":"https:\/\/www.gaveanews.com\/index.php\/wp-json\/wp\/v2\/categories?post=74212"},{"taxonomy":"post_tag","embeddable":true,"href":"https:\/\/www.gaveanews.com\/index.php\/wp-json\/wp\/v2\/tags?post=74212"}],"curies":[{"name":"wp","href":"https:\/\/api.w.org\/{rel}","templated":true}]}}