{"id":74214,"date":"2021-12-30T23:31:29","date_gmt":"2021-12-31T02:31:29","guid":{"rendered":"https:\/\/www.gaveanews.com\/?p=74214"},"modified":"2021-12-30T23:31:32","modified_gmt":"2021-12-31T02:31:32","slug":"atacante-do-flamengo-entra-na-mira-do-monaco","status":"publish","type":"post","link":"https:\/\/www.gaveanews.com\/index.php\/2021\/12\/30\/atacante-do-flamengo-entra-na-mira-do-monaco\/","title":{"rendered":"Atacante do Flamengo entra na mira do Monaco"},"content":{"rendered":"\n<p>Considerado uma das principais joias reveladas na base do Flamengo, o atacante L\u00e1zaro passou a ser monitorado pelo AS Monaco, da Fran\u00e7a. A informa\u00e7\u00e3o foi divulgada pelo jornalista Ekrem Konur, inicialmente.<\/p>\n\n\n\n<p>\u2014 <strong><em>O AS Monaco est\u00e1 observando de perto L\u00e1zaro, do Flamengo<\/em><\/strong>, revelou o jornalista, em publica\u00e7\u00e3o no <em>Twitter<\/em>.<\/p>\n\n\n\n<p>L\u00e1zaro tem 19 anos e desde a temporada 2020 participa de partidas com o elenco profissional do Flamengo. Mas, tamb\u00e9m segue atuando em jogos das categorias de base. O atacante soma um total de 17 partidas pelo elenco principal do Rubro-negro, tendo conquistado o Campeonato Brasileiro de 2020 e o Campeonato Carioca de 2021.<\/p>\n\n\n\n<p>Valorizado no Flamengo, L\u00e1zaro tem multa rescis\u00f3ria de 80 milh\u00f5es de euros (cerca de 530 milh\u00f5es de reais na cota\u00e7\u00e3o atual). L\u00e1zaro \u00e9 multicampe\u00e3o da base do Flamengo, em que tem como principais conquistas a Copa do Brasil Sub-17, o Campeonato Brasileiro Sub-17 e o Campeonato Brasileiro Sub-20.<\/p>\n\n\n\n<p>Retirado de: Torcedores<\/p>\n","protected":false},"excerpt":{"rendered":"<p>Considerado uma das principais joias reveladas na base do Flamengo, o atacante L\u00e1zaro passou a ser monitorado pelo AS Monaco, da Fran\u00e7a. A informa\u00e7\u00e3o foi divulgada pelo jornalista Ekrem Konur, inicialmente. \u2014 O AS Monaco est\u00e1 observando de perto L\u00e1zaro, do Flamengo, revelou o jornalista, em publica\u00e7\u00e3o no Twitter. L\u00e1zaro tem 19 anos e desde [&hellip;]<\/p>\n","protected":false},"author":1,"featured_media":31986,"comment_status":"open","ping_status":"closed","sticky":false,"template":"","format":"standard","meta":{"footnotes":""},"categories":[48],"tags":[],"class_list":["post-74214","post","type-post","status-publish","format-standard","has-post-thumbnail","hentry","category-negociacoes"],"yoast_head":"<!-- This site is optimized with the Yoast SEO Premium plugin v24.2 (Yoast SEO v26.9) - https:\/\/yoast.com\/product\/yoast-seo-premium-wordpress\/ -->\n<title>Atacante do Flamengo entra na mira do Monaco<\/title>\n<meta name=\"robots\" content=\"index, follow, max-snippet:-1, max-image-preview:large, max-video-preview:-1\" \/>\n<link rel=\"canonical\" href=\"https:\/\/www.gaveanews.com\/index.php\/2021\/12\/30\/atacante-do-flamengo-entra-na-mira-do-monaco\/\" \/>\n<meta property=\"og:locale\" content=\"pt_BR\" \/>\n<meta property=\"og:type\" content=\"article\" \/>\n<meta property=\"og:title\" content=\"Atacante do Flamengo entra na mira do Monaco\" \/>\n<meta property=\"og:description\" content=\"Considerado uma das principais joias reveladas na base do Flamengo, o atacante L\u00e1zaro passou a ser monitorado pelo AS Monaco, da Fran\u00e7a. A informa\u00e7\u00e3o foi divulgada pelo jornalista Ekrem Konur, inicialmente. \u2014 O AS Monaco est\u00e1 observando de perto L\u00e1zaro, do Flamengo, revelou o jornalista, em publica\u00e7\u00e3o no Twitter. L\u00e1zaro tem 19 anos e desde [&hellip;]\" \/>\n<meta property=\"og:url\" content=\"https:\/\/www.gaveanews.com\/index.php\/2021\/12\/30\/atacante-do-flamengo-entra-na-mira-do-monaco\/\" \/>\n<meta property=\"og:site_name\" content=\"G\u00e1vea News\" \/>\n<meta property=\"article:publisher\" content=\"https:\/\/facebook.com\/gaveaNews\/\" \/>\n<meta property=\"article:published_time\" content=\"2021-12-31T02:31:29+00:00\" \/>\n<meta property=\"article:modified_time\" content=\"2021-12-31T02:31:32+00:00\" \/>\n<meta property=\"og:image\" content=\"https:\/\/www.gaveanews.com\/wp-content\/uploads\/Lazaro-em-acao-com-a-camisa-10-do-Flamengo.webp\" \/>\n\t<meta property=\"og:image:width\" content=\"1\" \/>\n\t<meta property=\"og:image:height\" content=\"1\" \/>\n\t<meta property=\"og:image:type\" content=\"image\/jpeg\" \/>\n<meta name=\"author\" content=\"Equipe G\u00e1vea News\" \/>\n<meta name=\"twitter:card\" content=\"summary_large_image\" \/>\n<meta name=\"twitter:label1\" content=\"Escrito por\" \/>\n\t<meta name=\"twitter:data1\" content=\"Equipe G\u00e1vea News\" \/>\n\t<meta name=\"twitter:label2\" content=\"Est. tempo de leitura\" \/>\n\t<meta name=\"twitter:data2\" content=\"1 minuto\" \/>\n<script type=\"application\/ld+json\" class=\"yoast-schema-graph\">{\"@context\":\"https:\/\/schema.org\",\"@graph\":[{\"@type\":\"NewsArticle\",\"@id\":\"https:\/\/www.gaveanews.com\/index.php\/2021\/12\/30\/atacante-do-flamengo-entra-na-mira-do-monaco\/#article\",\"isPartOf\":{\"@id\":\"https:\/\/www.gaveanews.com\/index.php\/2021\/12\/30\/atacante-do-flamengo-entra-na-mira-do-monaco\/\"},\"author\":{\"name\":\"Equipe G\u00e1vea News\",\"@id\":\"https:\/\/www.gaveanews.com\/#\/schema\/person\/2ec14f73fb96be2caf28f91afb14749d\"},\"headline\":\"Atacante do Flamengo entra na mira do Monaco\",\"datePublished\":\"2021-12-31T02:31:29+00:00\",\"dateModified\":\"2021-12-31T02:31:32+00:00\",\"mainEntityOfPage\":{\"@id\":\"https:\/\/www.gaveanews.com\/index.php\/2021\/12\/30\/atacante-do-flamengo-entra-na-mira-do-monaco\/\"},\"wordCount\":167,\"commentCount\":16,\"image\":{\"@id\":\"https:\/\/www.gaveanews.com\/index.php\/2021\/12\/30\/atacante-do-flamengo-entra-na-mira-do-monaco\/#primaryimage\"},\"thumbnailUrl\":\"https:\/\/www.gaveanews.com\/wp-content\/uploads\/Lazaro-em-acao-com-a-camisa-10-do-Flamengo.webp\",\"articleSection\":[\"Negocia\u00e7\u00f5es\"],\"inLanguage\":\"pt-BR\",\"potentialAction\":[{\"@type\":\"CommentAction\",\"name\":\"Comment\",\"target\":[\"https:\/\/www.gaveanews.com\/index.php\/2021\/12\/30\/atacante-do-flamengo-entra-na-mira-do-monaco\/#respond\"]}],\"copyrightYear\":\"2021\",\"copyrightHolder\":{\"@id\":\"https:\/\/www.gaveanews.com\/#organization\"}},{\"@type\":\"WebPage\",\"@id\":\"https:\/\/www.gaveanews.com\/index.php\/2021\/12\/30\/atacante-do-flamengo-entra-na-mira-do-monaco\/\",\"url\":\"https:\/\/www.gaveanews.com\/index.php\/2021\/12\/30\/atacante-do-flamengo-entra-na-mira-do-monaco\/\",\"name\":\"Atacante do Flamengo entra na mira do Monaco\",\"isPartOf\":{\"@id\":\"https:\/\/www.gaveanews.com\/#website\"},\"primaryImageOfPage\":{\"@id\":\"https:\/\/www.gaveanews.com\/index.php\/2021\/12\/30\/atacante-do-flamengo-entra-na-mira-do-monaco\/#primaryimage\"},\"image\":{\"@id\":\"https:\/\/www.gaveanews.com\/index.php\/2021\/12\/30\/atacante-do-flamengo-entra-na-mira-do-monaco\/#primaryimage\"},\"thumbnailUrl\":\"https:\/\/www.gaveanews.com\/wp-content\/uploads\/Lazaro-em-acao-com-a-camisa-10-do-Flamengo.webp\",\"datePublished\":\"2021-12-31T02:31:29+00:00\",\"dateModified\":\"2021-12-31T02:31:32+00:00\",\"author\":{\"@id\":\"https:\/\/www.gaveanews.com\/#\/schema\/person\/2ec14f73fb96be2caf28f91afb14749d\"},\"breadcrumb\":{\"@id\":\"https:\/\/www.gaveanews.com\/index.php\/2021\/12\/30\/atacante-do-flamengo-entra-na-mira-do-monaco\/#breadcrumb\"},\"inLanguage\":\"pt-BR\",\"potentialAction\":[{\"@type\":\"ReadAction\",\"target\":[\"https:\/\/www.gaveanews.com\/index.php\/2021\/12\/30\/atacante-do-flamengo-entra-na-mira-do-monaco\/\"]}]},{\"@type\":\"ImageObject\",\"inLanguage\":\"pt-BR\",\"@id\":\"https:\/\/www.gaveanews.com\/index.php\/2021\/12\/30\/atacante-do-flamengo-entra-na-mira-do-monaco\/#primaryimage\",\"url\":\"https:\/\/www.gaveanews.com\/wp-content\/uploads\/Lazaro-em-acao-com-a-camisa-10-do-Flamengo.webp\",\"contentUrl\":\"https:\/\/www.gaveanews.com\/wp-content\/uploads\/Lazaro-em-acao-com-a-camisa-10-do-Flamengo.webp\",\"caption\":\"L\u00e1zaro em a\u00e7\u00e3o com a camisa 10 do Flamengo (Foto: Reprodu\u00e7\u00e3o)\"},{\"@type\":\"BreadcrumbList\",\"@id\":\"https:\/\/www.gaveanews.com\/index.php\/2021\/12\/30\/atacante-do-flamengo-entra-na-mira-do-monaco\/#breadcrumb\",\"itemListElement\":[{\"@type\":\"ListItem\",\"position\":1,\"name\":\"Home\",\"item\":\"https:\/\/www.gaveanews.com\/\"},{\"@type\":\"ListItem\",\"position\":2,\"name\":\"Atacante do Flamengo entra na mira do Monaco\"}]},{\"@type\":\"WebSite\",\"@id\":\"https:\/\/www.gaveanews.com\/#website\",\"url\":\"https:\/\/www.gaveanews.com\/\",\"name\":\"G\u00e1vea News\",\"description\":\"Veja todas as not\u00edcias sobre o Flamengo: Contrata\u00e7\u00f5es, categorias de base, resultados das partidas, tabela de classifica\u00e7\u00e3o, pr\u00f3ximos jogos!\",\"potentialAction\":[{\"@type\":\"SearchAction\",\"target\":{\"@type\":\"EntryPoint\",\"urlTemplate\":\"https:\/\/www.gaveanews.com\/?s={search_term_string}\"},\"query-input\":{\"@type\":\"PropertyValueSpecification\",\"valueRequired\":true,\"valueName\":\"search_term_string\"}}],\"inLanguage\":\"pt-BR\"},{\"@type\":\"Person\",\"@id\":\"https:\/\/www.gaveanews.com\/#\/schema\/person\/2ec14f73fb96be2caf28f91afb14749d\",\"name\":\"Equipe G\u00e1vea News\",\"image\":{\"@type\":\"ImageObject\",\"inLanguage\":\"pt-BR\",\"@id\":\"https:\/\/www.gaveanews.com\/#\/schema\/person\/image\/\",\"url\":\"https:\/\/secure.gravatar.com\/avatar\/1e1956f1facbffd3f8fa53a326721950116b3b9dc9bd44939c01180fd4a745a9?s=96&d=mm&r=g\",\"contentUrl\":\"https:\/\/secure.gravatar.com\/avatar\/1e1956f1facbffd3f8fa53a326721950116b3b9dc9bd44939c01180fd4a745a9?s=96&d=mm&r=g\",\"caption\":\"Equipe G\u00e1vea News\"}}]}<\/script>\n<!-- \/ Yoast SEO Premium plugin. -->","yoast_head_json":{"title":"Atacante do Flamengo entra na mira do Monaco","robots":{"index":"index","follow":"follow","max-snippet":"max-snippet:-1","max-image-preview":"max-image-preview:large","max-video-preview":"max-video-preview:-1"},"canonical":"https:\/\/www.gaveanews.com\/index.php\/2021\/12\/30\/atacante-do-flamengo-entra-na-mira-do-monaco\/","og_locale":"pt_BR","og_type":"article","og_title":"Atacante do Flamengo entra na mira do Monaco","og_description":"Considerado uma das principais joias reveladas na base do Flamengo, o atacante L\u00e1zaro passou a ser monitorado pelo AS Monaco, da Fran\u00e7a. A informa\u00e7\u00e3o foi divulgada pelo jornalista Ekrem Konur, inicialmente. \u2014 O AS Monaco est\u00e1 observando de perto L\u00e1zaro, do Flamengo, revelou o jornalista, em publica\u00e7\u00e3o no Twitter. L\u00e1zaro tem 19 anos e desde [&hellip;]","og_url":"https:\/\/www.gaveanews.com\/index.php\/2021\/12\/30\/atacante-do-flamengo-entra-na-mira-do-monaco\/","og_site_name":"G\u00e1vea News","article_publisher":"https:\/\/facebook.com\/gaveaNews\/","article_published_time":"2021-12-31T02:31:29+00:00","article_modified_time":"2021-12-31T02:31:32+00:00","og_image":[{"url":"https:\/\/www.gaveanews.com\/wp-content\/uploads\/Lazaro-em-acao-com-a-camisa-10-do-Flamengo.webp","width":1,"height":1,"type":"image\/jpeg"}],"author":"Equipe G\u00e1vea News","twitter_card":"summary_large_image","twitter_misc":{"Escrito por":"Equipe G\u00e1vea News","Est. tempo de leitura":"1 minuto"},"schema":{"@context":"https:\/\/schema.org","@graph":[{"@type":"NewsArticle","@id":"https:\/\/www.gaveanews.com\/index.php\/2021\/12\/30\/atacante-do-flamengo-entra-na-mira-do-monaco\/#article","isPartOf":{"@id":"https:\/\/www.gaveanews.com\/index.php\/2021\/12\/30\/atacante-do-flamengo-entra-na-mira-do-monaco\/"},"author":{"name":"Equipe G\u00e1vea News","@id":"https:\/\/www.gaveanews.com\/#\/schema\/person\/2ec14f73fb96be2caf28f91afb14749d"},"headline":"Atacante do Flamengo entra na mira do Monaco","datePublished":"2021-12-31T02:31:29+00:00","dateModified":"2021-12-31T02:31:32+00:00","mainEntityOfPage":{"@id":"https:\/\/www.gaveanews.com\/index.php\/2021\/12\/30\/atacante-do-flamengo-entra-na-mira-do-monaco\/"},"wordCount":167,"commentCount":16,"image":{"@id":"https:\/\/www.gaveanews.com\/index.php\/2021\/12\/30\/atacante-do-flamengo-entra-na-mira-do-monaco\/#primaryimage"},"thumbnailUrl":"https:\/\/www.gaveanews.com\/wp-content\/uploads\/Lazaro-em-acao-com-a-camisa-10-do-Flamengo.webp","articleSection":["Negocia\u00e7\u00f5es"],"inLanguage":"pt-BR","potentialAction":[{"@type":"CommentAction","name":"Comment","target":["https:\/\/www.gaveanews.com\/index.php\/2021\/12\/30\/atacante-do-flamengo-entra-na-mira-do-monaco\/#respond"]}],"copyrightYear":"2021","copyrightHolder":{"@id":"https:\/\/www.gaveanews.com\/#organization"}},{"@type":"WebPage","@id":"https:\/\/www.gaveanews.com\/index.php\/2021\/12\/30\/atacante-do-flamengo-entra-na-mira-do-monaco\/","url":"https:\/\/www.gaveanews.com\/index.php\/2021\/12\/30\/atacante-do-flamengo-entra-na-mira-do-monaco\/","name":"Atacante do Flamengo entra na mira do Monaco","isPartOf":{"@id":"https:\/\/www.gaveanews.com\/#website"},"primaryImageOfPage":{"@id":"https:\/\/www.gaveanews.com\/index.php\/2021\/12\/30\/atacante-do-flamengo-entra-na-mira-do-monaco\/#primaryimage"},"image":{"@id":"https:\/\/www.gaveanews.com\/index.php\/2021\/12\/30\/atacante-do-flamengo-entra-na-mira-do-monaco\/#primaryimage"},"thumbnailUrl":"https:\/\/www.gaveanews.com\/wp-content\/uploads\/Lazaro-em-acao-com-a-camisa-10-do-Flamengo.webp","datePublished":"2021-12-31T02:31:29+00:00","dateModified":"2021-12-31T02:31:32+00:00","author":{"@id":"https:\/\/www.gaveanews.com\/#\/schema\/person\/2ec14f73fb96be2caf28f91afb14749d"},"breadcrumb":{"@id":"https:\/\/www.gaveanews.com\/index.php\/2021\/12\/30\/atacante-do-flamengo-entra-na-mira-do-monaco\/#breadcrumb"},"inLanguage":"pt-BR","potentialAction":[{"@type":"ReadAction","target":["https:\/\/www.gaveanews.com\/index.php\/2021\/12\/30\/atacante-do-flamengo-entra-na-mira-do-monaco\/"]}]},{"@type":"ImageObject","inLanguage":"pt-BR","@id":"https:\/\/www.gaveanews.com\/index.php\/2021\/12\/30\/atacante-do-flamengo-entra-na-mira-do-monaco\/#primaryimage","url":"https:\/\/www.gaveanews.com\/wp-content\/uploads\/Lazaro-em-acao-com-a-camisa-10-do-Flamengo.webp","contentUrl":"https:\/\/www.gaveanews.com\/wp-content\/uploads\/Lazaro-em-acao-com-a-camisa-10-do-Flamengo.webp","caption":"L\u00e1zaro em a\u00e7\u00e3o com a camisa 10 do Flamengo (Foto: Reprodu\u00e7\u00e3o)"},{"@type":"BreadcrumbList","@id":"https:\/\/www.gaveanews.com\/index.php\/2021\/12\/30\/atacante-do-flamengo-entra-na-mira-do-monaco\/#breadcrumb","itemListElement":[{"@type":"ListItem","position":1,"name":"Home","item":"https:\/\/www.gaveanews.com\/"},{"@type":"ListItem","position":2,"name":"Atacante do Flamengo entra na mira do Monaco"}]},{"@type":"WebSite","@id":"https:\/\/www.gaveanews.com\/#website","url":"https:\/\/www.gaveanews.com\/","name":"G\u00e1vea News","description":"Veja todas as not\u00edcias sobre o Flamengo: Contrata\u00e7\u00f5es, categorias de base, resultados das partidas, tabela de classifica\u00e7\u00e3o, pr\u00f3ximos jogos!","potentialAction":[{"@type":"SearchAction","target":{"@type":"EntryPoint","urlTemplate":"https:\/\/www.gaveanews.com\/?s={search_term_string}"},"query-input":{"@type":"PropertyValueSpecification","valueRequired":true,"valueName":"search_term_string"}}],"inLanguage":"pt-BR"},{"@type":"Person","@id":"https:\/\/www.gaveanews.com\/#\/schema\/person\/2ec14f73fb96be2caf28f91afb14749d","name":"Equipe G\u00e1vea News","image":{"@type":"ImageObject","inLanguage":"pt-BR","@id":"https:\/\/www.gaveanews.com\/#\/schema\/person\/image\/","url":"https:\/\/secure.gravatar.com\/avatar\/1e1956f1facbffd3f8fa53a326721950116b3b9dc9bd44939c01180fd4a745a9?s=96&d=mm&r=g","contentUrl":"https:\/\/secure.gravatar.com\/avatar\/1e1956f1facbffd3f8fa53a326721950116b3b9dc9bd44939c01180fd4a745a9?s=96&d=mm&r=g","caption":"Equipe G\u00e1vea News"}}]}},"_links":{"self":[{"href":"https:\/\/www.gaveanews.com\/index.php\/wp-json\/wp\/v2\/posts\/74214","targetHints":{"allow":["GET"]}}],"collection":[{"href":"https:\/\/www.gaveanews.com\/index.php\/wp-json\/wp\/v2\/posts"}],"about":[{"href":"https:\/\/www.gaveanews.com\/index.php\/wp-json\/wp\/v2\/types\/post"}],"author":[{"embeddable":true,"href":"https:\/\/www.gaveanews.com\/index.php\/wp-json\/wp\/v2\/users\/1"}],"replies":[{"embeddable":true,"href":"https:\/\/www.gaveanews.com\/index.php\/wp-json\/wp\/v2\/comments?post=74214"}],"version-history":[{"count":0,"href":"https:\/\/www.gaveanews.com\/index.php\/wp-json\/wp\/v2\/posts\/74214\/revisions"}],"wp:featuredmedia":[{"embeddable":true,"href":"https:\/\/www.gaveanews.com\/index.php\/wp-json\/wp\/v2\/media\/31986"}],"wp:attachment":[{"href":"https:\/\/www.gaveanews.com\/index.php\/wp-json\/wp\/v2\/media?parent=74214"}],"wp:term":[{"taxonomy":"category","embeddable":true,"href":"https:\/\/www.gaveanews.com\/index.php\/wp-json\/wp\/v2\/categories?post=74214"},{"taxonomy":"post_tag","embeddable":true,"href":"https:\/\/www.gaveanews.com\/index.php\/wp-json\/wp\/v2\/tags?post=74214"}],"curies":[{"name":"wp","href":"https:\/\/api.w.org\/{rel}","templated":true}]}}