{"id":74220,"date":"2021-12-31T00:58:32","date_gmt":"2021-12-31T03:58:32","guid":{"rendered":"https:\/\/www.gaveanews.com\/?p=74220"},"modified":"2021-12-31T00:58:35","modified_gmt":"2021-12-31T03:58:35","slug":"talvez-o-flamengo-seja-o-time-que-menos-precise-do-philippe-coutinho-diz-comentarista","status":"publish","type":"post","link":"https:\/\/www.gaveanews.com\/index.php\/2021\/12\/31\/talvez-o-flamengo-seja-o-time-que-menos-precise-do-philippe-coutinho-diz-comentarista\/","title":{"rendered":"\u201cTalvez, o Flamengo seja o time que menos precise do Philippe Coutinho\u201d, diz comentarista"},"content":{"rendered":"\n<p>Em um momento complicado do Barcelona e com pouco espa\u00e7o no clube catal\u00e3o, o meio-campista brasileiro Philippe Coutinho n\u00e3o descarta retornar ao futebol brasileiro no primeiro semestre de 2022 com o objetivo de ficar em evid\u00eancia para a sele\u00e7\u00e3o brasileira, j\u00e1 que \u00e9 ano de Copa do Mundo no Qatar.<\/p>\n\n\n\n<p>No UOL News Esporte, Milly Lacombe afirma que Coutinho teria lugar em qualquer clube brasileiro e que caberia bem no Corinthians, ressaltando tamb\u00e9m que \u00e9 mais um caso de jogador que o torcedor brasileiro pouco viu jogar nos gramados do pa\u00eds, j\u00e1 que foi muito jovem atuar no futebol europeu.<\/p>\n\n\n\n<p><strong><em>\u2014 O Philippe Coutinho \u00e9 mais uma dessas hist\u00f3rias que a gente mal viu jogar aqui, o torcedor e a torcedora do Vasco que tiveram, voc\u00ea v\u00ea um craque nascer, quando voc\u00ea torce para aquele time, voc\u00ea v\u00ea o craque nascendo, mas saiu rapidamente<\/em><\/strong>, diz Milly. <\/p>\n\n\n\n<p><strong><em>\u2014 Eu acho que ele cairia bem em qualquer time aqui, em qualquer time do Brasil, ele \u00e9 um grande jogador, eu gosto quando eles fazem o caminho de volta, mas eu adoraria que eles n\u00e3o tivessem que fazer isso, que eles n\u00e3o precisassem sair, mas acho o Philippe Coutinho um craque<\/em><\/strong>, completa.<\/p>\n\n\n\n<p>Alicia Klein afirma que o Flamengo \u00e9 talvez o clube que menos precise de um jogador como Coutinho devido \u00e0 qualidade dos jogadores que tem para a posi\u00e7\u00e3o, como \u00e9 o caso do uruguaio Arrascaeta, mas tamb\u00e9m considera que ele poderia se encaixar bem no futebol brasileiro.<\/p>\n\n\n\n<p><strong><em>\u2014 Ele foi especulado no Flamengo e acho que talvez o Flamengo seja o time que menos precise do Philippe Coutinho por j\u00e1 ter ali um meio-campo muito estrelar, de muito talento. Fora isso, acho que ele caberia muito bem, caberia muito bem no Corinthians, caberia bem em qualquer time do Brasil hoje pela habilidade que tem no meio-campo<\/em><\/strong>, diz Alicia.<\/p>\n\n\n\n<p><strong><em>\u2014 Por ser tamb\u00e9m um jogador muito para o ataque, essa posi\u00e7\u00e3o do meia-atacante hoje no Brasil a gente n\u00e3o tem um n\u00edvel de talento muito forte, especialmente se olhar para fora do trio Flamengo, Galo e Palmeiras, ent\u00e3o eu acho que ele tem lugar. A gente fica olhando e fala, a gente vira a segunda op\u00e7\u00e3o porque se ele tivesse lugar na ponta na Europa, ele certamente preferiria ficar l\u00e1, est\u00e1 querendo vir para c\u00e1 porque o Barcelona est\u00e1 mal, ele est\u00e1 sem espa\u00e7o e jogar em um time de ponta no Brasil \u00e9 um caminho mais pr\u00f3ximo, \u00e9 um atalho para a sele\u00e7\u00e3o brasileira<\/em><\/strong>, conclui.<\/p>\n\n\n\n<p>Retirado de: UOL<\/p>\n","protected":false},"excerpt":{"rendered":"<p>Em um momento complicado do Barcelona e com pouco espa\u00e7o no clube catal\u00e3o, o meio-campista brasileiro Philippe Coutinho n\u00e3o descarta retornar ao futebol brasileiro no primeiro semestre de 2022 com o objetivo de ficar em evid\u00eancia para a sele\u00e7\u00e3o brasileira, j\u00e1 que \u00e9 ano de Copa do Mundo no Qatar. No UOL News Esporte, Milly [&hellip;]<\/p>\n","protected":false},"author":1,"featured_media":74158,"comment_status":"open","ping_status":"closed","sticky":false,"template":"","format":"standard","meta":{"footnotes":""},"categories":[1],"tags":[],"class_list":["post-74220","post","type-post","status-publish","format-standard","has-post-thumbnail","hentry","category-flamengo"],"yoast_head":"<!-- This site is optimized with the Yoast SEO Premium plugin v24.2 (Yoast SEO v26.9) - https:\/\/yoast.com\/product\/yoast-seo-premium-wordpress\/ -->\n<title>\u201cTalvez, o Flamengo seja o time que menos precise do Philippe Coutinho\u201d, diz comentarista<\/title>\n<meta name=\"robots\" content=\"index, follow, max-snippet:-1, max-image-preview:large, max-video-preview:-1\" \/>\n<link rel=\"canonical\" href=\"https:\/\/www.gaveanews.com\/index.php\/2021\/12\/31\/talvez-o-flamengo-seja-o-time-que-menos-precise-do-philippe-coutinho-diz-comentarista\/\" \/>\n<meta property=\"og:locale\" content=\"pt_BR\" \/>\n<meta property=\"og:type\" content=\"article\" \/>\n<meta property=\"og:title\" content=\"\u201cTalvez, o Flamengo seja o time que menos precise do Philippe Coutinho\u201d, diz comentarista\" \/>\n<meta property=\"og:description\" content=\"Em um momento complicado do Barcelona e com pouco espa\u00e7o no clube catal\u00e3o, o meio-campista brasileiro Philippe Coutinho n\u00e3o descarta retornar ao futebol brasileiro no primeiro semestre de 2022 com o objetivo de ficar em evid\u00eancia para a sele\u00e7\u00e3o brasileira, j\u00e1 que \u00e9 ano de Copa do Mundo no Qatar. No UOL News Esporte, Milly [&hellip;]\" \/>\n<meta property=\"og:url\" content=\"https:\/\/www.gaveanews.com\/index.php\/2021\/12\/31\/talvez-o-flamengo-seja-o-time-que-menos-precise-do-philippe-coutinho-diz-comentarista\/\" \/>\n<meta property=\"og:site_name\" content=\"G\u00e1vea News\" \/>\n<meta property=\"article:publisher\" content=\"https:\/\/facebook.com\/gaveaNews\/\" \/>\n<meta property=\"article:published_time\" content=\"2021-12-31T03:58:32+00:00\" \/>\n<meta property=\"article:modified_time\" content=\"2021-12-31T03:58:35+00:00\" \/>\n<meta property=\"og:image\" content=\"https:\/\/www.gaveanews.com\/wp-content\/uploads\/Philippe-Coutinho-com-a-camisa-do-Barcelona.webp\" \/>\n\t<meta property=\"og:image:width\" content=\"710\" \/>\n\t<meta property=\"og:image:height\" content=\"710\" \/>\n\t<meta property=\"og:image:type\" content=\"image\/jpeg\" \/>\n<meta name=\"author\" content=\"Equipe G\u00e1vea News\" \/>\n<meta name=\"twitter:card\" content=\"summary_large_image\" \/>\n<meta name=\"twitter:label1\" content=\"Escrito por\" \/>\n\t<meta name=\"twitter:data1\" content=\"Equipe G\u00e1vea News\" \/>\n\t<meta name=\"twitter:label2\" content=\"Est. tempo de leitura\" \/>\n\t<meta name=\"twitter:data2\" content=\"2 minutos\" \/>\n<script type=\"application\/ld+json\" class=\"yoast-schema-graph\">{\"@context\":\"https:\/\/schema.org\",\"@graph\":[{\"@type\":\"NewsArticle\",\"@id\":\"https:\/\/www.gaveanews.com\/index.php\/2021\/12\/31\/talvez-o-flamengo-seja-o-time-que-menos-precise-do-philippe-coutinho-diz-comentarista\/#article\",\"isPartOf\":{\"@id\":\"https:\/\/www.gaveanews.com\/index.php\/2021\/12\/31\/talvez-o-flamengo-seja-o-time-que-menos-precise-do-philippe-coutinho-diz-comentarista\/\"},\"author\":{\"name\":\"Equipe G\u00e1vea News\",\"@id\":\"https:\/\/www.gaveanews.com\/#\/schema\/person\/2ec14f73fb96be2caf28f91afb14749d\"},\"headline\":\"\u201cTalvez, o Flamengo seja o time que menos precise do Philippe Coutinho\u201d, diz comentarista\",\"datePublished\":\"2021-12-31T03:58:32+00:00\",\"dateModified\":\"2021-12-31T03:58:35+00:00\",\"mainEntityOfPage\":{\"@id\":\"https:\/\/www.gaveanews.com\/index.php\/2021\/12\/31\/talvez-o-flamengo-seja-o-time-que-menos-precise-do-philippe-coutinho-diz-comentarista\/\"},\"wordCount\":438,\"commentCount\":10,\"image\":{\"@id\":\"https:\/\/www.gaveanews.com\/index.php\/2021\/12\/31\/talvez-o-flamengo-seja-o-time-que-menos-precise-do-philippe-coutinho-diz-comentarista\/#primaryimage\"},\"thumbnailUrl\":\"https:\/\/www.gaveanews.com\/wp-content\/uploads\/Philippe-Coutinho-com-a-camisa-do-Barcelona.webp\",\"articleSection\":[\"Flamengo\"],\"inLanguage\":\"pt-BR\",\"potentialAction\":[{\"@type\":\"CommentAction\",\"name\":\"Comment\",\"target\":[\"https:\/\/www.gaveanews.com\/index.php\/2021\/12\/31\/talvez-o-flamengo-seja-o-time-que-menos-precise-do-philippe-coutinho-diz-comentarista\/#respond\"]}],\"copyrightYear\":\"2021\",\"copyrightHolder\":{\"@id\":\"https:\/\/www.gaveanews.com\/#organization\"}},{\"@type\":\"WebPage\",\"@id\":\"https:\/\/www.gaveanews.com\/index.php\/2021\/12\/31\/talvez-o-flamengo-seja-o-time-que-menos-precise-do-philippe-coutinho-diz-comentarista\/\",\"url\":\"https:\/\/www.gaveanews.com\/index.php\/2021\/12\/31\/talvez-o-flamengo-seja-o-time-que-menos-precise-do-philippe-coutinho-diz-comentarista\/\",\"name\":\"\u201cTalvez, o Flamengo seja o time que menos precise do Philippe Coutinho\u201d, diz comentarista\",\"isPartOf\":{\"@id\":\"https:\/\/www.gaveanews.com\/#website\"},\"primaryImageOfPage\":{\"@id\":\"https:\/\/www.gaveanews.com\/index.php\/2021\/12\/31\/talvez-o-flamengo-seja-o-time-que-menos-precise-do-philippe-coutinho-diz-comentarista\/#primaryimage\"},\"image\":{\"@id\":\"https:\/\/www.gaveanews.com\/index.php\/2021\/12\/31\/talvez-o-flamengo-seja-o-time-que-menos-precise-do-philippe-coutinho-diz-comentarista\/#primaryimage\"},\"thumbnailUrl\":\"https:\/\/www.gaveanews.com\/wp-content\/uploads\/Philippe-Coutinho-com-a-camisa-do-Barcelona.webp\",\"datePublished\":\"2021-12-31T03:58:32+00:00\",\"dateModified\":\"2021-12-31T03:58:35+00:00\",\"author\":{\"@id\":\"https:\/\/www.gaveanews.com\/#\/schema\/person\/2ec14f73fb96be2caf28f91afb14749d\"},\"breadcrumb\":{\"@id\":\"https:\/\/www.gaveanews.com\/index.php\/2021\/12\/31\/talvez-o-flamengo-seja-o-time-que-menos-precise-do-philippe-coutinho-diz-comentarista\/#breadcrumb\"},\"inLanguage\":\"pt-BR\",\"potentialAction\":[{\"@type\":\"ReadAction\",\"target\":[\"https:\/\/www.gaveanews.com\/index.php\/2021\/12\/31\/talvez-o-flamengo-seja-o-time-que-menos-precise-do-philippe-coutinho-diz-comentarista\/\"]}]},{\"@type\":\"ImageObject\",\"inLanguage\":\"pt-BR\",\"@id\":\"https:\/\/www.gaveanews.com\/index.php\/2021\/12\/31\/talvez-o-flamengo-seja-o-time-que-menos-precise-do-philippe-coutinho-diz-comentarista\/#primaryimage\",\"url\":\"https:\/\/www.gaveanews.com\/wp-content\/uploads\/Philippe-Coutinho-com-a-camisa-do-Barcelona.webp\",\"contentUrl\":\"https:\/\/www.gaveanews.com\/wp-content\/uploads\/Philippe-Coutinho-com-a-camisa-do-Barcelona.webp\",\"width\":710,\"height\":710,\"caption\":\"Philippe Coutinho com a camisa do Barcelona (Foto: Divulga\u00e7\u00e3o)\"},{\"@type\":\"BreadcrumbList\",\"@id\":\"https:\/\/www.gaveanews.com\/index.php\/2021\/12\/31\/talvez-o-flamengo-seja-o-time-que-menos-precise-do-philippe-coutinho-diz-comentarista\/#breadcrumb\",\"itemListElement\":[{\"@type\":\"ListItem\",\"position\":1,\"name\":\"Home\",\"item\":\"https:\/\/www.gaveanews.com\/\"},{\"@type\":\"ListItem\",\"position\":2,\"name\":\"\u201cTalvez, o Flamengo seja o time que menos precise do Philippe Coutinho\u201d, diz comentarista\"}]},{\"@type\":\"WebSite\",\"@id\":\"https:\/\/www.gaveanews.com\/#website\",\"url\":\"https:\/\/www.gaveanews.com\/\",\"name\":\"G\u00e1vea News\",\"description\":\"Veja todas as not\u00edcias sobre o Flamengo: Contrata\u00e7\u00f5es, categorias de base, resultados das partidas, tabela de classifica\u00e7\u00e3o, pr\u00f3ximos jogos!\",\"potentialAction\":[{\"@type\":\"SearchAction\",\"target\":{\"@type\":\"EntryPoint\",\"urlTemplate\":\"https:\/\/www.gaveanews.com\/?s={search_term_string}\"},\"query-input\":{\"@type\":\"PropertyValueSpecification\",\"valueRequired\":true,\"valueName\":\"search_term_string\"}}],\"inLanguage\":\"pt-BR\"},{\"@type\":\"Person\",\"@id\":\"https:\/\/www.gaveanews.com\/#\/schema\/person\/2ec14f73fb96be2caf28f91afb14749d\",\"name\":\"Equipe G\u00e1vea News\",\"image\":{\"@type\":\"ImageObject\",\"inLanguage\":\"pt-BR\",\"@id\":\"https:\/\/www.gaveanews.com\/#\/schema\/person\/image\/\",\"url\":\"https:\/\/secure.gravatar.com\/avatar\/1e1956f1facbffd3f8fa53a326721950116b3b9dc9bd44939c01180fd4a745a9?s=96&d=mm&r=g\",\"contentUrl\":\"https:\/\/secure.gravatar.com\/avatar\/1e1956f1facbffd3f8fa53a326721950116b3b9dc9bd44939c01180fd4a745a9?s=96&d=mm&r=g\",\"caption\":\"Equipe G\u00e1vea News\"}}]}<\/script>\n<!-- \/ Yoast SEO Premium plugin. -->","yoast_head_json":{"title":"\u201cTalvez, o Flamengo seja o time que menos precise do Philippe Coutinho\u201d, diz comentarista","robots":{"index":"index","follow":"follow","max-snippet":"max-snippet:-1","max-image-preview":"max-image-preview:large","max-video-preview":"max-video-preview:-1"},"canonical":"https:\/\/www.gaveanews.com\/index.php\/2021\/12\/31\/talvez-o-flamengo-seja-o-time-que-menos-precise-do-philippe-coutinho-diz-comentarista\/","og_locale":"pt_BR","og_type":"article","og_title":"\u201cTalvez, o Flamengo seja o time que menos precise do Philippe Coutinho\u201d, diz comentarista","og_description":"Em um momento complicado do Barcelona e com pouco espa\u00e7o no clube catal\u00e3o, o meio-campista brasileiro Philippe Coutinho n\u00e3o descarta retornar ao futebol brasileiro no primeiro semestre de 2022 com o objetivo de ficar em evid\u00eancia para a sele\u00e7\u00e3o brasileira, j\u00e1 que \u00e9 ano de Copa do Mundo no Qatar. No UOL News Esporte, Milly [&hellip;]","og_url":"https:\/\/www.gaveanews.com\/index.php\/2021\/12\/31\/talvez-o-flamengo-seja-o-time-que-menos-precise-do-philippe-coutinho-diz-comentarista\/","og_site_name":"G\u00e1vea News","article_publisher":"https:\/\/facebook.com\/gaveaNews\/","article_published_time":"2021-12-31T03:58:32+00:00","article_modified_time":"2021-12-31T03:58:35+00:00","og_image":[{"width":710,"height":710,"url":"https:\/\/www.gaveanews.com\/wp-content\/uploads\/Philippe-Coutinho-com-a-camisa-do-Barcelona.webp","type":"image\/jpeg"}],"author":"Equipe G\u00e1vea News","twitter_card":"summary_large_image","twitter_misc":{"Escrito por":"Equipe G\u00e1vea News","Est. tempo de leitura":"2 minutos"},"schema":{"@context":"https:\/\/schema.org","@graph":[{"@type":"NewsArticle","@id":"https:\/\/www.gaveanews.com\/index.php\/2021\/12\/31\/talvez-o-flamengo-seja-o-time-que-menos-precise-do-philippe-coutinho-diz-comentarista\/#article","isPartOf":{"@id":"https:\/\/www.gaveanews.com\/index.php\/2021\/12\/31\/talvez-o-flamengo-seja-o-time-que-menos-precise-do-philippe-coutinho-diz-comentarista\/"},"author":{"name":"Equipe G\u00e1vea News","@id":"https:\/\/www.gaveanews.com\/#\/schema\/person\/2ec14f73fb96be2caf28f91afb14749d"},"headline":"\u201cTalvez, o Flamengo seja o time que menos precise do Philippe Coutinho\u201d, diz comentarista","datePublished":"2021-12-31T03:58:32+00:00","dateModified":"2021-12-31T03:58:35+00:00","mainEntityOfPage":{"@id":"https:\/\/www.gaveanews.com\/index.php\/2021\/12\/31\/talvez-o-flamengo-seja-o-time-que-menos-precise-do-philippe-coutinho-diz-comentarista\/"},"wordCount":438,"commentCount":10,"image":{"@id":"https:\/\/www.gaveanews.com\/index.php\/2021\/12\/31\/talvez-o-flamengo-seja-o-time-que-menos-precise-do-philippe-coutinho-diz-comentarista\/#primaryimage"},"thumbnailUrl":"https:\/\/www.gaveanews.com\/wp-content\/uploads\/Philippe-Coutinho-com-a-camisa-do-Barcelona.webp","articleSection":["Flamengo"],"inLanguage":"pt-BR","potentialAction":[{"@type":"CommentAction","name":"Comment","target":["https:\/\/www.gaveanews.com\/index.php\/2021\/12\/31\/talvez-o-flamengo-seja-o-time-que-menos-precise-do-philippe-coutinho-diz-comentarista\/#respond"]}],"copyrightYear":"2021","copyrightHolder":{"@id":"https:\/\/www.gaveanews.com\/#organization"}},{"@type":"WebPage","@id":"https:\/\/www.gaveanews.com\/index.php\/2021\/12\/31\/talvez-o-flamengo-seja-o-time-que-menos-precise-do-philippe-coutinho-diz-comentarista\/","url":"https:\/\/www.gaveanews.com\/index.php\/2021\/12\/31\/talvez-o-flamengo-seja-o-time-que-menos-precise-do-philippe-coutinho-diz-comentarista\/","name":"\u201cTalvez, o Flamengo seja o time que menos precise do Philippe Coutinho\u201d, diz comentarista","isPartOf":{"@id":"https:\/\/www.gaveanews.com\/#website"},"primaryImageOfPage":{"@id":"https:\/\/www.gaveanews.com\/index.php\/2021\/12\/31\/talvez-o-flamengo-seja-o-time-que-menos-precise-do-philippe-coutinho-diz-comentarista\/#primaryimage"},"image":{"@id":"https:\/\/www.gaveanews.com\/index.php\/2021\/12\/31\/talvez-o-flamengo-seja-o-time-que-menos-precise-do-philippe-coutinho-diz-comentarista\/#primaryimage"},"thumbnailUrl":"https:\/\/www.gaveanews.com\/wp-content\/uploads\/Philippe-Coutinho-com-a-camisa-do-Barcelona.webp","datePublished":"2021-12-31T03:58:32+00:00","dateModified":"2021-12-31T03:58:35+00:00","author":{"@id":"https:\/\/www.gaveanews.com\/#\/schema\/person\/2ec14f73fb96be2caf28f91afb14749d"},"breadcrumb":{"@id":"https:\/\/www.gaveanews.com\/index.php\/2021\/12\/31\/talvez-o-flamengo-seja-o-time-que-menos-precise-do-philippe-coutinho-diz-comentarista\/#breadcrumb"},"inLanguage":"pt-BR","potentialAction":[{"@type":"ReadAction","target":["https:\/\/www.gaveanews.com\/index.php\/2021\/12\/31\/talvez-o-flamengo-seja-o-time-que-menos-precise-do-philippe-coutinho-diz-comentarista\/"]}]},{"@type":"ImageObject","inLanguage":"pt-BR","@id":"https:\/\/www.gaveanews.com\/index.php\/2021\/12\/31\/talvez-o-flamengo-seja-o-time-que-menos-precise-do-philippe-coutinho-diz-comentarista\/#primaryimage","url":"https:\/\/www.gaveanews.com\/wp-content\/uploads\/Philippe-Coutinho-com-a-camisa-do-Barcelona.webp","contentUrl":"https:\/\/www.gaveanews.com\/wp-content\/uploads\/Philippe-Coutinho-com-a-camisa-do-Barcelona.webp","width":710,"height":710,"caption":"Philippe Coutinho com a camisa do Barcelona (Foto: Divulga\u00e7\u00e3o)"},{"@type":"BreadcrumbList","@id":"https:\/\/www.gaveanews.com\/index.php\/2021\/12\/31\/talvez-o-flamengo-seja-o-time-que-menos-precise-do-philippe-coutinho-diz-comentarista\/#breadcrumb","itemListElement":[{"@type":"ListItem","position":1,"name":"Home","item":"https:\/\/www.gaveanews.com\/"},{"@type":"ListItem","position":2,"name":"\u201cTalvez, o Flamengo seja o time que menos precise do Philippe Coutinho\u201d, diz comentarista"}]},{"@type":"WebSite","@id":"https:\/\/www.gaveanews.com\/#website","url":"https:\/\/www.gaveanews.com\/","name":"G\u00e1vea News","description":"Veja todas as not\u00edcias sobre o Flamengo: Contrata\u00e7\u00f5es, categorias de base, resultados das partidas, tabela de classifica\u00e7\u00e3o, pr\u00f3ximos jogos!","potentialAction":[{"@type":"SearchAction","target":{"@type":"EntryPoint","urlTemplate":"https:\/\/www.gaveanews.com\/?s={search_term_string}"},"query-input":{"@type":"PropertyValueSpecification","valueRequired":true,"valueName":"search_term_string"}}],"inLanguage":"pt-BR"},{"@type":"Person","@id":"https:\/\/www.gaveanews.com\/#\/schema\/person\/2ec14f73fb96be2caf28f91afb14749d","name":"Equipe G\u00e1vea News","image":{"@type":"ImageObject","inLanguage":"pt-BR","@id":"https:\/\/www.gaveanews.com\/#\/schema\/person\/image\/","url":"https:\/\/secure.gravatar.com\/avatar\/1e1956f1facbffd3f8fa53a326721950116b3b9dc9bd44939c01180fd4a745a9?s=96&d=mm&r=g","contentUrl":"https:\/\/secure.gravatar.com\/avatar\/1e1956f1facbffd3f8fa53a326721950116b3b9dc9bd44939c01180fd4a745a9?s=96&d=mm&r=g","caption":"Equipe G\u00e1vea News"}}]}},"_links":{"self":[{"href":"https:\/\/www.gaveanews.com\/index.php\/wp-json\/wp\/v2\/posts\/74220","targetHints":{"allow":["GET"]}}],"collection":[{"href":"https:\/\/www.gaveanews.com\/index.php\/wp-json\/wp\/v2\/posts"}],"about":[{"href":"https:\/\/www.gaveanews.com\/index.php\/wp-json\/wp\/v2\/types\/post"}],"author":[{"embeddable":true,"href":"https:\/\/www.gaveanews.com\/index.php\/wp-json\/wp\/v2\/users\/1"}],"replies":[{"embeddable":true,"href":"https:\/\/www.gaveanews.com\/index.php\/wp-json\/wp\/v2\/comments?post=74220"}],"version-history":[{"count":0,"href":"https:\/\/www.gaveanews.com\/index.php\/wp-json\/wp\/v2\/posts\/74220\/revisions"}],"wp:featuredmedia":[{"embeddable":true,"href":"https:\/\/www.gaveanews.com\/index.php\/wp-json\/wp\/v2\/media\/74158"}],"wp:attachment":[{"href":"https:\/\/www.gaveanews.com\/index.php\/wp-json\/wp\/v2\/media?parent=74220"}],"wp:term":[{"taxonomy":"category","embeddable":true,"href":"https:\/\/www.gaveanews.com\/index.php\/wp-json\/wp\/v2\/categories?post=74220"},{"taxonomy":"post_tag","embeddable":true,"href":"https:\/\/www.gaveanews.com\/index.php\/wp-json\/wp\/v2\/tags?post=74220"}],"curies":[{"name":"wp","href":"https:\/\/api.w.org\/{rel}","templated":true}]}}