{"id":74348,"date":"2022-01-04T19:00:13","date_gmt":"2022-01-04T22:00:13","guid":{"rendered":"https:\/\/www.gaveanews.com\/?p=74348"},"modified":"2022-01-04T19:00:15","modified_gmt":"2022-01-04T22:00:15","slug":"video-paulo-sousa-da-exemplo-e-treina-em-casa-antes-de-ir-ao-flamengo","status":"publish","type":"post","link":"https:\/\/www.gaveanews.com\/index.php\/2022\/01\/04\/video-paulo-sousa-da-exemplo-e-treina-em-casa-antes-de-ir-ao-flamengo\/","title":{"rendered":"V\u00eddeo: Paulo Sousa d\u00e1 exemplo e treina em casa antes de ir ao Flamengo"},"content":{"rendered":"\n<p>Anunciado no dia 29 de dezembro, Paulo Sousa chegar\u00e1 no Brasil nesta sexta-feira (07). O t\u00e9cnico viajar\u00e1 ao lado de Marcos Braz, o qual optou por permanecer na Europa ap\u00f3s a contrata\u00e7\u00e3o do portugu\u00eas para acompanh\u00e1-lo em sua vinda ao Rio de Janeiro.<\/p>\n\n\n\n<p>No entanto, mesmo de longe o treinador faz o que pode para se manter apar do dia a dia do clube, al\u00e9m de planejar mudan\u00e7as para a temporada que iniciar\u00e1 em breve. Enquanto isso, o profissional tamb\u00e9m d\u00e1 o exemplo para seus novos atletas.<\/p>\n\n\n\n<p>Em v\u00eddeo publicado pelo t\u00e9cnico no in\u00edcio desta tarde, Paulo Sousa mostra uma parte de seu treino em casa. J\u00e1 se acostumando com a cultura brasileira, o comandante faz sua atividade ao som de Mar\u00edlia Mendon\u00e7a.<\/p>\n\n\n\n<h2 class=\"wp-block-heading\" id=\"h-veja-o-v-deo\"> Veja o v\u00eddeo:<\/h2>\n\n\n\n<figure class=\"wp-block-embed is-type-rich is-provider-twitter wp-block-embed-twitter\"><div class=\"wp-block-embed__wrapper\">\n<blockquote class=\"twitter-tweet\" data-width=\"550\" data-dnt=\"true\"><p lang=\"pt\" dir=\"ltr\">Paulo Sousa vai dando o recado ainda da Europa para o elenco. O t\u00e9cnico de 51 anos mant\u00e9m a boa forma ao som de Mar\u00edlia Mendon\u00e7a <a href=\"https:\/\/twitter.com\/hashtag\/FutGloboCBN?src=hash&amp;ref_src=twsrc%5Etfw\">#FutGloboCBN<\/a> <a href=\"https:\/\/t.co\/VomA8YG3S9\">pic.twitter.com\/VomA8YG3S9<\/a><\/p>&mdash; Renan Moura \ud83c\udf99\ufe0f (@renanmouraglobo) <a href=\"https:\/\/twitter.com\/renanmouraglobo\/status\/1478389688863965194?ref_src=twsrc%5Etfw\">January 4, 2022<\/a><\/blockquote><script async src=\"https:\/\/platform.twitter.com\/widgets.js\" charset=\"utf-8\"><\/script>\n<\/div><\/figure>\n\n\n\n<p>O primeiro encontro entre Paulo Sousa e o elenco rubro-negro acontecer\u00e1 na pr\u00f3xima segunda-feira, dia 10, data da reapresenta\u00e7\u00e3o do time no Ninho do Urubu. Cabe destacar, por\u00e9m, que alguns jogadores se adiantaram e voltaram ao trabalho nesta semana.<\/p>\n\n\n\n<p>Al\u00e9m dos <a href=\"https:\/\/www.gaveanews.com\/index.php\/2022\/01\/03\/14-jogadores-do-flamengo-vao-se-representar-nesta-segunda-veja-lista\/\">jovens chamados pelo clube<\/a> para defender o Mais Querido nas rodadas iniciais do Campeonato Carioca, Gabigol tamb\u00e9m regressou ao CT mais cedo. O camisa 9 foi submetido por exames e avaliado nesta ter\u00e7a-feira (04).<\/p>\n","protected":false},"excerpt":{"rendered":"<p>Anunciado no dia 29 de dezembro, Paulo Sousa chegar\u00e1 no Brasil nesta sexta-feira (07). O t\u00e9cnico viajar\u00e1 ao lado de Marcos Braz, o qual optou por permanecer na Europa ap\u00f3s a contrata\u00e7\u00e3o do portugu\u00eas para acompanh\u00e1-lo em sua vinda ao Rio de Janeiro. No entanto, mesmo de longe o treinador faz o que pode para [&hellip;]<\/p>\n","protected":false},"author":4,"featured_media":73996,"comment_status":"open","ping_status":"closed","sticky":false,"template":"","format":"standard","meta":{"footnotes":""},"categories":[40],"tags":[],"class_list":["post-74348","post","type-post","status-publish","format-standard","has-post-thumbnail","hentry","category-video"],"yoast_head":"<!-- This site is optimized with the Yoast SEO Premium plugin v24.2 (Yoast SEO v26.9) - https:\/\/yoast.com\/product\/yoast-seo-premium-wordpress\/ -->\n<title>V\u00eddeo: Paulo Sousa d\u00e1 exemplo e treina em casa antes de ir ao Flamengo<\/title>\n<meta name=\"robots\" content=\"index, follow, max-snippet:-1, max-image-preview:large, max-video-preview:-1\" \/>\n<link rel=\"canonical\" href=\"https:\/\/www.gaveanews.com\/index.php\/2022\/01\/04\/video-paulo-sousa-da-exemplo-e-treina-em-casa-antes-de-ir-ao-flamengo\/\" \/>\n<meta property=\"og:locale\" content=\"pt_BR\" \/>\n<meta property=\"og:type\" content=\"article\" \/>\n<meta property=\"og:title\" content=\"V\u00eddeo: Paulo Sousa d\u00e1 exemplo e treina em casa antes de ir ao Flamengo\" \/>\n<meta property=\"og:description\" content=\"Anunciado no dia 29 de dezembro, Paulo Sousa chegar\u00e1 no Brasil nesta sexta-feira (07). O t\u00e9cnico viajar\u00e1 ao lado de Marcos Braz, o qual optou por permanecer na Europa ap\u00f3s a contrata\u00e7\u00e3o do portugu\u00eas para acompanh\u00e1-lo em sua vinda ao Rio de Janeiro. No entanto, mesmo de longe o treinador faz o que pode para [&hellip;]\" \/>\n<meta property=\"og:url\" content=\"https:\/\/www.gaveanews.com\/index.php\/2022\/01\/04\/video-paulo-sousa-da-exemplo-e-treina-em-casa-antes-de-ir-ao-flamengo\/\" \/>\n<meta property=\"og:site_name\" content=\"G\u00e1vea News\" \/>\n<meta property=\"article:publisher\" content=\"https:\/\/facebook.com\/gaveaNews\/\" \/>\n<meta property=\"article:published_time\" content=\"2022-01-04T22:00:13+00:00\" \/>\n<meta property=\"article:modified_time\" content=\"2022-01-04T22:00:15+00:00\" \/>\n<meta property=\"og:image\" content=\"https:\/\/www.gaveanews.com\/wp-content\/uploads\/Paulo-Sousa-comandando-a-Selecao-Polonesa.webp\" \/>\n\t<meta property=\"og:image:width\" content=\"1000\" \/>\n\t<meta property=\"og:image:height\" content=\"708\" \/>\n\t<meta property=\"og:image:type\" content=\"image\/jpeg\" \/>\n<meta name=\"author\" content=\"Let\u00edcia Gerheim\" \/>\n<meta name=\"twitter:card\" content=\"summary_large_image\" \/>\n<meta name=\"twitter:label1\" content=\"Escrito por\" \/>\n\t<meta name=\"twitter:data1\" content=\"Let\u00edcia Gerheim\" \/>\n\t<meta name=\"twitter:label2\" content=\"Est. tempo de leitura\" \/>\n\t<meta name=\"twitter:data2\" content=\"1 minuto\" \/>\n<script type=\"application\/ld+json\" class=\"yoast-schema-graph\">{\"@context\":\"https:\/\/schema.org\",\"@graph\":[{\"@type\":\"NewsArticle\",\"@id\":\"https:\/\/www.gaveanews.com\/index.php\/2022\/01\/04\/video-paulo-sousa-da-exemplo-e-treina-em-casa-antes-de-ir-ao-flamengo\/#article\",\"isPartOf\":{\"@id\":\"https:\/\/www.gaveanews.com\/index.php\/2022\/01\/04\/video-paulo-sousa-da-exemplo-e-treina-em-casa-antes-de-ir-ao-flamengo\/\"},\"author\":{\"name\":\"Let\u00edcia Gerheim\",\"@id\":\"https:\/\/www.gaveanews.com\/#\/schema\/person\/714c67050b836198af2450ba1c142a67\"},\"headline\":\"V\u00eddeo: Paulo Sousa d\u00e1 exemplo e treina em casa antes de ir ao Flamengo\",\"datePublished\":\"2022-01-04T22:00:13+00:00\",\"dateModified\":\"2022-01-04T22:00:15+00:00\",\"mainEntityOfPage\":{\"@id\":\"https:\/\/www.gaveanews.com\/index.php\/2022\/01\/04\/video-paulo-sousa-da-exemplo-e-treina-em-casa-antes-de-ir-ao-flamengo\/\"},\"wordCount\":236,\"commentCount\":6,\"image\":{\"@id\":\"https:\/\/www.gaveanews.com\/index.php\/2022\/01\/04\/video-paulo-sousa-da-exemplo-e-treina-em-casa-antes-de-ir-ao-flamengo\/#primaryimage\"},\"thumbnailUrl\":\"https:\/\/www.gaveanews.com\/wp-content\/uploads\/Paulo-Sousa-comandando-a-Selecao-Polonesa.webp\",\"articleSection\":[\"V\u00eddeos\"],\"inLanguage\":\"pt-BR\",\"potentialAction\":[{\"@type\":\"CommentAction\",\"name\":\"Comment\",\"target\":[\"https:\/\/www.gaveanews.com\/index.php\/2022\/01\/04\/video-paulo-sousa-da-exemplo-e-treina-em-casa-antes-de-ir-ao-flamengo\/#respond\"]}],\"copyrightYear\":\"2022\",\"copyrightHolder\":{\"@id\":\"https:\/\/www.gaveanews.com\/#organization\"}},{\"@type\":\"WebPage\",\"@id\":\"https:\/\/www.gaveanews.com\/index.php\/2022\/01\/04\/video-paulo-sousa-da-exemplo-e-treina-em-casa-antes-de-ir-ao-flamengo\/\",\"url\":\"https:\/\/www.gaveanews.com\/index.php\/2022\/01\/04\/video-paulo-sousa-da-exemplo-e-treina-em-casa-antes-de-ir-ao-flamengo\/\",\"name\":\"V\u00eddeo: Paulo Sousa d\u00e1 exemplo e treina em casa antes de ir ao Flamengo\",\"isPartOf\":{\"@id\":\"https:\/\/www.gaveanews.com\/#website\"},\"primaryImageOfPage\":{\"@id\":\"https:\/\/www.gaveanews.com\/index.php\/2022\/01\/04\/video-paulo-sousa-da-exemplo-e-treina-em-casa-antes-de-ir-ao-flamengo\/#primaryimage\"},\"image\":{\"@id\":\"https:\/\/www.gaveanews.com\/index.php\/2022\/01\/04\/video-paulo-sousa-da-exemplo-e-treina-em-casa-antes-de-ir-ao-flamengo\/#primaryimage\"},\"thumbnailUrl\":\"https:\/\/www.gaveanews.com\/wp-content\/uploads\/Paulo-Sousa-comandando-a-Selecao-Polonesa.webp\",\"datePublished\":\"2022-01-04T22:00:13+00:00\",\"dateModified\":\"2022-01-04T22:00:15+00:00\",\"author\":{\"@id\":\"https:\/\/www.gaveanews.com\/#\/schema\/person\/714c67050b836198af2450ba1c142a67\"},\"breadcrumb\":{\"@id\":\"https:\/\/www.gaveanews.com\/index.php\/2022\/01\/04\/video-paulo-sousa-da-exemplo-e-treina-em-casa-antes-de-ir-ao-flamengo\/#breadcrumb\"},\"inLanguage\":\"pt-BR\",\"potentialAction\":[{\"@type\":\"ReadAction\",\"target\":[\"https:\/\/www.gaveanews.com\/index.php\/2022\/01\/04\/video-paulo-sousa-da-exemplo-e-treina-em-casa-antes-de-ir-ao-flamengo\/\"]}]},{\"@type\":\"ImageObject\",\"inLanguage\":\"pt-BR\",\"@id\":\"https:\/\/www.gaveanews.com\/index.php\/2022\/01\/04\/video-paulo-sousa-da-exemplo-e-treina-em-casa-antes-de-ir-ao-flamengo\/#primaryimage\",\"url\":\"https:\/\/www.gaveanews.com\/wp-content\/uploads\/Paulo-Sousa-comandando-a-Selecao-Polonesa.webp\",\"contentUrl\":\"https:\/\/www.gaveanews.com\/wp-content\/uploads\/Paulo-Sousa-comandando-a-Selecao-Polonesa.webp\",\"width\":1000,\"height\":708,\"caption\":\"Paulo Sousa comandando a Sele\u00e7\u00e3o Polonesa (Foto: Reuters)\"},{\"@type\":\"BreadcrumbList\",\"@id\":\"https:\/\/www.gaveanews.com\/index.php\/2022\/01\/04\/video-paulo-sousa-da-exemplo-e-treina-em-casa-antes-de-ir-ao-flamengo\/#breadcrumb\",\"itemListElement\":[{\"@type\":\"ListItem\",\"position\":1,\"name\":\"Home\",\"item\":\"https:\/\/www.gaveanews.com\/\"},{\"@type\":\"ListItem\",\"position\":2,\"name\":\"V\u00eddeo: Paulo Sousa d\u00e1 exemplo e treina em casa antes de ir ao Flamengo\"}]},{\"@type\":\"WebSite\",\"@id\":\"https:\/\/www.gaveanews.com\/#website\",\"url\":\"https:\/\/www.gaveanews.com\/\",\"name\":\"G\u00e1vea News\",\"description\":\"Veja todas as not\u00edcias sobre o Flamengo: Contrata\u00e7\u00f5es, categorias de base, resultados das partidas, tabela de classifica\u00e7\u00e3o, pr\u00f3ximos jogos!\",\"potentialAction\":[{\"@type\":\"SearchAction\",\"target\":{\"@type\":\"EntryPoint\",\"urlTemplate\":\"https:\/\/www.gaveanews.com\/?s={search_term_string}\"},\"query-input\":{\"@type\":\"PropertyValueSpecification\",\"valueRequired\":true,\"valueName\":\"search_term_string\"}}],\"inLanguage\":\"pt-BR\"},{\"@type\":\"Person\",\"@id\":\"https:\/\/www.gaveanews.com\/#\/schema\/person\/714c67050b836198af2450ba1c142a67\",\"name\":\"Let\u00edcia Gerheim\",\"image\":{\"@type\":\"ImageObject\",\"inLanguage\":\"pt-BR\",\"@id\":\"https:\/\/www.gaveanews.com\/#\/schema\/person\/image\/\",\"url\":\"https:\/\/secure.gravatar.com\/avatar\/60734739c50fcebfbac509e2a826ccd0ff405c019bc73aab9354f19ecad1dcb4?s=96&d=mm&r=g\",\"contentUrl\":\"https:\/\/secure.gravatar.com\/avatar\/60734739c50fcebfbac509e2a826ccd0ff405c019bc73aab9354f19ecad1dcb4?s=96&d=mm&r=g\",\"caption\":\"Let\u00edcia Gerheim\"}}]}<\/script>\n<!-- \/ Yoast SEO Premium plugin. -->","yoast_head_json":{"title":"V\u00eddeo: Paulo Sousa d\u00e1 exemplo e treina em casa antes de ir ao Flamengo","robots":{"index":"index","follow":"follow","max-snippet":"max-snippet:-1","max-image-preview":"max-image-preview:large","max-video-preview":"max-video-preview:-1"},"canonical":"https:\/\/www.gaveanews.com\/index.php\/2022\/01\/04\/video-paulo-sousa-da-exemplo-e-treina-em-casa-antes-de-ir-ao-flamengo\/","og_locale":"pt_BR","og_type":"article","og_title":"V\u00eddeo: Paulo Sousa d\u00e1 exemplo e treina em casa antes de ir ao Flamengo","og_description":"Anunciado no dia 29 de dezembro, Paulo Sousa chegar\u00e1 no Brasil nesta sexta-feira (07). O t\u00e9cnico viajar\u00e1 ao lado de Marcos Braz, o qual optou por permanecer na Europa ap\u00f3s a contrata\u00e7\u00e3o do portugu\u00eas para acompanh\u00e1-lo em sua vinda ao Rio de Janeiro. No entanto, mesmo de longe o treinador faz o que pode para [&hellip;]","og_url":"https:\/\/www.gaveanews.com\/index.php\/2022\/01\/04\/video-paulo-sousa-da-exemplo-e-treina-em-casa-antes-de-ir-ao-flamengo\/","og_site_name":"G\u00e1vea News","article_publisher":"https:\/\/facebook.com\/gaveaNews\/","article_published_time":"2022-01-04T22:00:13+00:00","article_modified_time":"2022-01-04T22:00:15+00:00","og_image":[{"width":1000,"height":708,"url":"https:\/\/www.gaveanews.com\/wp-content\/uploads\/Paulo-Sousa-comandando-a-Selecao-Polonesa.webp","type":"image\/jpeg"}],"author":"Let\u00edcia Gerheim","twitter_card":"summary_large_image","twitter_misc":{"Escrito por":"Let\u00edcia Gerheim","Est. tempo de leitura":"1 minuto"},"schema":{"@context":"https:\/\/schema.org","@graph":[{"@type":"NewsArticle","@id":"https:\/\/www.gaveanews.com\/index.php\/2022\/01\/04\/video-paulo-sousa-da-exemplo-e-treina-em-casa-antes-de-ir-ao-flamengo\/#article","isPartOf":{"@id":"https:\/\/www.gaveanews.com\/index.php\/2022\/01\/04\/video-paulo-sousa-da-exemplo-e-treina-em-casa-antes-de-ir-ao-flamengo\/"},"author":{"name":"Let\u00edcia Gerheim","@id":"https:\/\/www.gaveanews.com\/#\/schema\/person\/714c67050b836198af2450ba1c142a67"},"headline":"V\u00eddeo: Paulo Sousa d\u00e1 exemplo e treina em casa antes de ir ao Flamengo","datePublished":"2022-01-04T22:00:13+00:00","dateModified":"2022-01-04T22:00:15+00:00","mainEntityOfPage":{"@id":"https:\/\/www.gaveanews.com\/index.php\/2022\/01\/04\/video-paulo-sousa-da-exemplo-e-treina-em-casa-antes-de-ir-ao-flamengo\/"},"wordCount":236,"commentCount":6,"image":{"@id":"https:\/\/www.gaveanews.com\/index.php\/2022\/01\/04\/video-paulo-sousa-da-exemplo-e-treina-em-casa-antes-de-ir-ao-flamengo\/#primaryimage"},"thumbnailUrl":"https:\/\/www.gaveanews.com\/wp-content\/uploads\/Paulo-Sousa-comandando-a-Selecao-Polonesa.webp","articleSection":["V\u00eddeos"],"inLanguage":"pt-BR","potentialAction":[{"@type":"CommentAction","name":"Comment","target":["https:\/\/www.gaveanews.com\/index.php\/2022\/01\/04\/video-paulo-sousa-da-exemplo-e-treina-em-casa-antes-de-ir-ao-flamengo\/#respond"]}],"copyrightYear":"2022","copyrightHolder":{"@id":"https:\/\/www.gaveanews.com\/#organization"}},{"@type":"WebPage","@id":"https:\/\/www.gaveanews.com\/index.php\/2022\/01\/04\/video-paulo-sousa-da-exemplo-e-treina-em-casa-antes-de-ir-ao-flamengo\/","url":"https:\/\/www.gaveanews.com\/index.php\/2022\/01\/04\/video-paulo-sousa-da-exemplo-e-treina-em-casa-antes-de-ir-ao-flamengo\/","name":"V\u00eddeo: Paulo Sousa d\u00e1 exemplo e treina em casa antes de ir ao Flamengo","isPartOf":{"@id":"https:\/\/www.gaveanews.com\/#website"},"primaryImageOfPage":{"@id":"https:\/\/www.gaveanews.com\/index.php\/2022\/01\/04\/video-paulo-sousa-da-exemplo-e-treina-em-casa-antes-de-ir-ao-flamengo\/#primaryimage"},"image":{"@id":"https:\/\/www.gaveanews.com\/index.php\/2022\/01\/04\/video-paulo-sousa-da-exemplo-e-treina-em-casa-antes-de-ir-ao-flamengo\/#primaryimage"},"thumbnailUrl":"https:\/\/www.gaveanews.com\/wp-content\/uploads\/Paulo-Sousa-comandando-a-Selecao-Polonesa.webp","datePublished":"2022-01-04T22:00:13+00:00","dateModified":"2022-01-04T22:00:15+00:00","author":{"@id":"https:\/\/www.gaveanews.com\/#\/schema\/person\/714c67050b836198af2450ba1c142a67"},"breadcrumb":{"@id":"https:\/\/www.gaveanews.com\/index.php\/2022\/01\/04\/video-paulo-sousa-da-exemplo-e-treina-em-casa-antes-de-ir-ao-flamengo\/#breadcrumb"},"inLanguage":"pt-BR","potentialAction":[{"@type":"ReadAction","target":["https:\/\/www.gaveanews.com\/index.php\/2022\/01\/04\/video-paulo-sousa-da-exemplo-e-treina-em-casa-antes-de-ir-ao-flamengo\/"]}]},{"@type":"ImageObject","inLanguage":"pt-BR","@id":"https:\/\/www.gaveanews.com\/index.php\/2022\/01\/04\/video-paulo-sousa-da-exemplo-e-treina-em-casa-antes-de-ir-ao-flamengo\/#primaryimage","url":"https:\/\/www.gaveanews.com\/wp-content\/uploads\/Paulo-Sousa-comandando-a-Selecao-Polonesa.webp","contentUrl":"https:\/\/www.gaveanews.com\/wp-content\/uploads\/Paulo-Sousa-comandando-a-Selecao-Polonesa.webp","width":1000,"height":708,"caption":"Paulo Sousa comandando a Sele\u00e7\u00e3o Polonesa (Foto: Reuters)"},{"@type":"BreadcrumbList","@id":"https:\/\/www.gaveanews.com\/index.php\/2022\/01\/04\/video-paulo-sousa-da-exemplo-e-treina-em-casa-antes-de-ir-ao-flamengo\/#breadcrumb","itemListElement":[{"@type":"ListItem","position":1,"name":"Home","item":"https:\/\/www.gaveanews.com\/"},{"@type":"ListItem","position":2,"name":"V\u00eddeo: Paulo Sousa d\u00e1 exemplo e treina em casa antes de ir ao Flamengo"}]},{"@type":"WebSite","@id":"https:\/\/www.gaveanews.com\/#website","url":"https:\/\/www.gaveanews.com\/","name":"G\u00e1vea News","description":"Veja todas as not\u00edcias sobre o Flamengo: Contrata\u00e7\u00f5es, categorias de base, resultados das partidas, tabela de classifica\u00e7\u00e3o, pr\u00f3ximos jogos!","potentialAction":[{"@type":"SearchAction","target":{"@type":"EntryPoint","urlTemplate":"https:\/\/www.gaveanews.com\/?s={search_term_string}"},"query-input":{"@type":"PropertyValueSpecification","valueRequired":true,"valueName":"search_term_string"}}],"inLanguage":"pt-BR"},{"@type":"Person","@id":"https:\/\/www.gaveanews.com\/#\/schema\/person\/714c67050b836198af2450ba1c142a67","name":"Let\u00edcia Gerheim","image":{"@type":"ImageObject","inLanguage":"pt-BR","@id":"https:\/\/www.gaveanews.com\/#\/schema\/person\/image\/","url":"https:\/\/secure.gravatar.com\/avatar\/60734739c50fcebfbac509e2a826ccd0ff405c019bc73aab9354f19ecad1dcb4?s=96&d=mm&r=g","contentUrl":"https:\/\/secure.gravatar.com\/avatar\/60734739c50fcebfbac509e2a826ccd0ff405c019bc73aab9354f19ecad1dcb4?s=96&d=mm&r=g","caption":"Let\u00edcia Gerheim"}}]}},"_links":{"self":[{"href":"https:\/\/www.gaveanews.com\/index.php\/wp-json\/wp\/v2\/posts\/74348","targetHints":{"allow":["GET"]}}],"collection":[{"href":"https:\/\/www.gaveanews.com\/index.php\/wp-json\/wp\/v2\/posts"}],"about":[{"href":"https:\/\/www.gaveanews.com\/index.php\/wp-json\/wp\/v2\/types\/post"}],"author":[{"embeddable":true,"href":"https:\/\/www.gaveanews.com\/index.php\/wp-json\/wp\/v2\/users\/4"}],"replies":[{"embeddable":true,"href":"https:\/\/www.gaveanews.com\/index.php\/wp-json\/wp\/v2\/comments?post=74348"}],"version-history":[{"count":0,"href":"https:\/\/www.gaveanews.com\/index.php\/wp-json\/wp\/v2\/posts\/74348\/revisions"}],"wp:featuredmedia":[{"embeddable":true,"href":"https:\/\/www.gaveanews.com\/index.php\/wp-json\/wp\/v2\/media\/73996"}],"wp:attachment":[{"href":"https:\/\/www.gaveanews.com\/index.php\/wp-json\/wp\/v2\/media?parent=74348"}],"wp:term":[{"taxonomy":"category","embeddable":true,"href":"https:\/\/www.gaveanews.com\/index.php\/wp-json\/wp\/v2\/categories?post=74348"},{"taxonomy":"post_tag","embeddable":true,"href":"https:\/\/www.gaveanews.com\/index.php\/wp-json\/wp\/v2\/tags?post=74348"}],"curies":[{"name":"wp","href":"https:\/\/api.w.org\/{rel}","templated":true}]}}