{"id":74358,"date":"2022-01-04T17:48:50","date_gmt":"2022-01-04T20:48:50","guid":{"rendered":"https:\/\/www.gaveanews.com\/?p=74358"},"modified":"2022-01-04T17:48:53","modified_gmt":"2022-01-04T20:48:53","slug":"saidas-do-flamengo-as-situacoes-dos-5-jogadores-que-foram-ventilados","status":"publish","type":"post","link":"https:\/\/www.gaveanews.com\/index.php\/2022\/01\/04\/saidas-do-flamengo-as-situacoes-dos-5-jogadores-que-foram-ventilados\/","title":{"rendered":"Sa\u00eddas do Flamengo: As situa\u00e7\u00f5es dos 5 jogadores que foram ventilados"},"content":{"rendered":"\n<p>Apesar de ainda n\u00e3o ter se movimentado muito no mercado por chegadas, o Flamengo continua sendo muito visado e recebendo e recebendo proposta por seus jogadores. Nas \u00faltimas semanas, o clube acertou as vendas de Bill e Max para clubes do exterior. E novas sa\u00eddas poder\u00e3o ser anunciadas em breve.<\/p>\n\n\n\n<p>Dos atletas que receberam propostas, <strong>Hugo Moura<\/strong> e <strong>Vitor Gabriel<\/strong> s\u00e3o os que possuem negocia\u00e7\u00f5es mais encaminhadas. O clube recebeu ofertas pelos empr\u00e9stimos dos dois jovens e analisa as propostas. O volante poder\u00e1 ser cedido ao Athletico-PR por uma temporada. J\u00e1 o atacante deve compor o elenco do Juventude em 2022.<\/p>\n\n\n\n<p>Quem est\u00e1 com a situa\u00e7\u00e3o mais indefinida \u00e9 <strong>Piris da Motta<\/strong>, que possui contrato com o Mais Querido at\u00e9 o fim de 2022, mas ainda n\u00e3o encontrou interessados no volante. O jogador gera um custo alto ao Fla, o qual pretende negoci\u00e1-lo antes que ele possa assinar um pr\u00e9-contrato e deixe o Rubro-Negro sem compensa\u00e7\u00e3o financeira.<\/p>\n\n\n\n<p>Diferentemente dos demais atletas citados, <strong>Vitinho<\/strong> e <strong>Gabigol<\/strong> at\u00e9 chegaram a receber propostas, mas o Flamengo n\u00e3o se agradou de nenhuma delas e optou por n\u00e3o avan\u00e7ar em nenhuma das negocia\u00e7\u00f5es. <\/p>\n\n\n\n<p>O camisa 9 tem contrato vigente com a equipe da G\u00e1vea at\u00e9 o fim de 2024. Vitinho, no entanto, possui v\u00ednculo com o clube at\u00e9 o fim deste ano, mas a melhora em seu desempenho na \u00faltima temporada faz com que o Fla entenda que pode receber um bom valor pela transfer\u00eancia do atacante.<\/p>\n","protected":false},"excerpt":{"rendered":"<p>Apesar de ainda n\u00e3o ter se movimentado muito no mercado por chegadas, o Flamengo continua sendo muito visado e recebendo e recebendo proposta por seus jogadores. Nas \u00faltimas semanas, o clube acertou as vendas de Bill e Max para clubes do exterior. E novas sa\u00eddas poder\u00e3o ser anunciadas em breve. Dos atletas que receberam propostas, [&hellip;]<\/p>\n","protected":false},"author":4,"featured_media":66912,"comment_status":"open","ping_status":"closed","sticky":false,"template":"","format":"standard","meta":{"footnotes":""},"categories":[48],"tags":[],"class_list":["post-74358","post","type-post","status-publish","format-standard","has-post-thumbnail","hentry","category-negociacoes"],"yoast_head":"<!-- This site is optimized with the Yoast SEO Premium plugin v24.2 (Yoast SEO v26.9) - https:\/\/yoast.com\/product\/yoast-seo-premium-wordpress\/ -->\n<title>Sa\u00eddas do Flamengo: As situa\u00e7\u00f5es dos 5 jogadores que foram ventilados<\/title>\n<meta name=\"robots\" content=\"index, follow, max-snippet:-1, max-image-preview:large, max-video-preview:-1\" \/>\n<link rel=\"canonical\" href=\"https:\/\/www.gaveanews.com\/index.php\/2022\/01\/04\/saidas-do-flamengo-as-situacoes-dos-5-jogadores-que-foram-ventilados\/\" \/>\n<meta property=\"og:locale\" content=\"pt_BR\" \/>\n<meta property=\"og:type\" content=\"article\" \/>\n<meta property=\"og:title\" content=\"Sa\u00eddas do Flamengo: As situa\u00e7\u00f5es dos 5 jogadores que foram ventilados\" \/>\n<meta property=\"og:description\" content=\"Apesar de ainda n\u00e3o ter se movimentado muito no mercado por chegadas, o Flamengo continua sendo muito visado e recebendo e recebendo proposta por seus jogadores. Nas \u00faltimas semanas, o clube acertou as vendas de Bill e Max para clubes do exterior. E novas sa\u00eddas poder\u00e3o ser anunciadas em breve. Dos atletas que receberam propostas, [&hellip;]\" \/>\n<meta property=\"og:url\" content=\"https:\/\/www.gaveanews.com\/index.php\/2022\/01\/04\/saidas-do-flamengo-as-situacoes-dos-5-jogadores-que-foram-ventilados\/\" \/>\n<meta property=\"og:site_name\" content=\"G\u00e1vea News\" \/>\n<meta property=\"article:publisher\" content=\"https:\/\/facebook.com\/gaveaNews\/\" \/>\n<meta property=\"article:published_time\" content=\"2022-01-04T20:48:50+00:00\" \/>\n<meta property=\"article:modified_time\" content=\"2022-01-04T20:48:53+00:00\" \/>\n<meta property=\"og:image\" content=\"https:\/\/www.gaveanews.com\/wp-content\/uploads\/Gabigol-em-acao-pelo-Flamengo-contra-o-Gremio-na-Copa-do-Brasil-2021.webp\" \/>\n\t<meta property=\"og:image:width\" content=\"799\" \/>\n\t<meta property=\"og:image:height\" content=\"533\" \/>\n\t<meta property=\"og:image:type\" content=\"image\/jpeg\" \/>\n<meta name=\"author\" content=\"Let\u00edcia Gerheim\" \/>\n<meta name=\"twitter:card\" content=\"summary_large_image\" \/>\n<meta name=\"twitter:label1\" content=\"Escrito por\" \/>\n\t<meta name=\"twitter:data1\" content=\"Let\u00edcia Gerheim\" \/>\n\t<meta name=\"twitter:label2\" content=\"Est. tempo de leitura\" \/>\n\t<meta name=\"twitter:data2\" content=\"2 minutos\" \/>\n<script type=\"application\/ld+json\" class=\"yoast-schema-graph\">{\"@context\":\"https:\/\/schema.org\",\"@graph\":[{\"@type\":\"NewsArticle\",\"@id\":\"https:\/\/www.gaveanews.com\/index.php\/2022\/01\/04\/saidas-do-flamengo-as-situacoes-dos-5-jogadores-que-foram-ventilados\/#article\",\"isPartOf\":{\"@id\":\"https:\/\/www.gaveanews.com\/index.php\/2022\/01\/04\/saidas-do-flamengo-as-situacoes-dos-5-jogadores-que-foram-ventilados\/\"},\"author\":{\"name\":\"Let\u00edcia Gerheim\",\"@id\":\"https:\/\/www.gaveanews.com\/#\/schema\/person\/714c67050b836198af2450ba1c142a67\"},\"headline\":\"Sa\u00eddas do Flamengo: As situa\u00e7\u00f5es dos 5 jogadores que foram ventilados\",\"datePublished\":\"2022-01-04T20:48:50+00:00\",\"dateModified\":\"2022-01-04T20:48:53+00:00\",\"mainEntityOfPage\":{\"@id\":\"https:\/\/www.gaveanews.com\/index.php\/2022\/01\/04\/saidas-do-flamengo-as-situacoes-dos-5-jogadores-que-foram-ventilados\/\"},\"wordCount\":267,\"commentCount\":4,\"image\":{\"@id\":\"https:\/\/www.gaveanews.com\/index.php\/2022\/01\/04\/saidas-do-flamengo-as-situacoes-dos-5-jogadores-que-foram-ventilados\/#primaryimage\"},\"thumbnailUrl\":\"https:\/\/www.gaveanews.com\/wp-content\/uploads\/Gabigol-em-acao-pelo-Flamengo-contra-o-Gremio-na-Copa-do-Brasil-2021.webp\",\"articleSection\":[\"Negocia\u00e7\u00f5es\"],\"inLanguage\":\"pt-BR\",\"potentialAction\":[{\"@type\":\"CommentAction\",\"name\":\"Comment\",\"target\":[\"https:\/\/www.gaveanews.com\/index.php\/2022\/01\/04\/saidas-do-flamengo-as-situacoes-dos-5-jogadores-que-foram-ventilados\/#respond\"]}],\"copyrightYear\":\"2022\",\"copyrightHolder\":{\"@id\":\"https:\/\/www.gaveanews.com\/#organization\"}},{\"@type\":\"WebPage\",\"@id\":\"https:\/\/www.gaveanews.com\/index.php\/2022\/01\/04\/saidas-do-flamengo-as-situacoes-dos-5-jogadores-que-foram-ventilados\/\",\"url\":\"https:\/\/www.gaveanews.com\/index.php\/2022\/01\/04\/saidas-do-flamengo-as-situacoes-dos-5-jogadores-que-foram-ventilados\/\",\"name\":\"Sa\u00eddas do Flamengo: As situa\u00e7\u00f5es dos 5 jogadores que foram ventilados\",\"isPartOf\":{\"@id\":\"https:\/\/www.gaveanews.com\/#website\"},\"primaryImageOfPage\":{\"@id\":\"https:\/\/www.gaveanews.com\/index.php\/2022\/01\/04\/saidas-do-flamengo-as-situacoes-dos-5-jogadores-que-foram-ventilados\/#primaryimage\"},\"image\":{\"@id\":\"https:\/\/www.gaveanews.com\/index.php\/2022\/01\/04\/saidas-do-flamengo-as-situacoes-dos-5-jogadores-que-foram-ventilados\/#primaryimage\"},\"thumbnailUrl\":\"https:\/\/www.gaveanews.com\/wp-content\/uploads\/Gabigol-em-acao-pelo-Flamengo-contra-o-Gremio-na-Copa-do-Brasil-2021.webp\",\"datePublished\":\"2022-01-04T20:48:50+00:00\",\"dateModified\":\"2022-01-04T20:48:53+00:00\",\"author\":{\"@id\":\"https:\/\/www.gaveanews.com\/#\/schema\/person\/714c67050b836198af2450ba1c142a67\"},\"breadcrumb\":{\"@id\":\"https:\/\/www.gaveanews.com\/index.php\/2022\/01\/04\/saidas-do-flamengo-as-situacoes-dos-5-jogadores-que-foram-ventilados\/#breadcrumb\"},\"inLanguage\":\"pt-BR\",\"potentialAction\":[{\"@type\":\"ReadAction\",\"target\":[\"https:\/\/www.gaveanews.com\/index.php\/2022\/01\/04\/saidas-do-flamengo-as-situacoes-dos-5-jogadores-que-foram-ventilados\/\"]}]},{\"@type\":\"ImageObject\",\"inLanguage\":\"pt-BR\",\"@id\":\"https:\/\/www.gaveanews.com\/index.php\/2022\/01\/04\/saidas-do-flamengo-as-situacoes-dos-5-jogadores-que-foram-ventilados\/#primaryimage\",\"url\":\"https:\/\/www.gaveanews.com\/wp-content\/uploads\/Gabigol-em-acao-pelo-Flamengo-contra-o-Gremio-na-Copa-do-Brasil-2021.webp\",\"contentUrl\":\"https:\/\/www.gaveanews.com\/wp-content\/uploads\/Gabigol-em-acao-pelo-Flamengo-contra-o-Gremio-na-Copa-do-Brasil-2021.webp\",\"width\":799,\"height\":533,\"caption\":\"Gabigol em a\u00e7\u00e3o pelo Flamengo contra o Gr\u00eamio na Copa do Brasil 2021 (Foto: Alexandre Vidal\/Flamengo)\"},{\"@type\":\"BreadcrumbList\",\"@id\":\"https:\/\/www.gaveanews.com\/index.php\/2022\/01\/04\/saidas-do-flamengo-as-situacoes-dos-5-jogadores-que-foram-ventilados\/#breadcrumb\",\"itemListElement\":[{\"@type\":\"ListItem\",\"position\":1,\"name\":\"Home\",\"item\":\"https:\/\/www.gaveanews.com\/\"},{\"@type\":\"ListItem\",\"position\":2,\"name\":\"Sa\u00eddas do Flamengo: As situa\u00e7\u00f5es dos 5 jogadores que foram ventilados\"}]},{\"@type\":\"WebSite\",\"@id\":\"https:\/\/www.gaveanews.com\/#website\",\"url\":\"https:\/\/www.gaveanews.com\/\",\"name\":\"G\u00e1vea News\",\"description\":\"Veja todas as not\u00edcias sobre o Flamengo: Contrata\u00e7\u00f5es, categorias de base, resultados das partidas, tabela de classifica\u00e7\u00e3o, pr\u00f3ximos jogos!\",\"potentialAction\":[{\"@type\":\"SearchAction\",\"target\":{\"@type\":\"EntryPoint\",\"urlTemplate\":\"https:\/\/www.gaveanews.com\/?s={search_term_string}\"},\"query-input\":{\"@type\":\"PropertyValueSpecification\",\"valueRequired\":true,\"valueName\":\"search_term_string\"}}],\"inLanguage\":\"pt-BR\"},{\"@type\":\"Person\",\"@id\":\"https:\/\/www.gaveanews.com\/#\/schema\/person\/714c67050b836198af2450ba1c142a67\",\"name\":\"Let\u00edcia Gerheim\",\"image\":{\"@type\":\"ImageObject\",\"inLanguage\":\"pt-BR\",\"@id\":\"https:\/\/www.gaveanews.com\/#\/schema\/person\/image\/\",\"url\":\"https:\/\/secure.gravatar.com\/avatar\/60734739c50fcebfbac509e2a826ccd0ff405c019bc73aab9354f19ecad1dcb4?s=96&d=mm&r=g\",\"contentUrl\":\"https:\/\/secure.gravatar.com\/avatar\/60734739c50fcebfbac509e2a826ccd0ff405c019bc73aab9354f19ecad1dcb4?s=96&d=mm&r=g\",\"caption\":\"Let\u00edcia Gerheim\"}}]}<\/script>\n<!-- \/ Yoast SEO Premium plugin. -->","yoast_head_json":{"title":"Sa\u00eddas do Flamengo: As situa\u00e7\u00f5es dos 5 jogadores que foram ventilados","robots":{"index":"index","follow":"follow","max-snippet":"max-snippet:-1","max-image-preview":"max-image-preview:large","max-video-preview":"max-video-preview:-1"},"canonical":"https:\/\/www.gaveanews.com\/index.php\/2022\/01\/04\/saidas-do-flamengo-as-situacoes-dos-5-jogadores-que-foram-ventilados\/","og_locale":"pt_BR","og_type":"article","og_title":"Sa\u00eddas do Flamengo: As situa\u00e7\u00f5es dos 5 jogadores que foram ventilados","og_description":"Apesar de ainda n\u00e3o ter se movimentado muito no mercado por chegadas, o Flamengo continua sendo muito visado e recebendo e recebendo proposta por seus jogadores. Nas \u00faltimas semanas, o clube acertou as vendas de Bill e Max para clubes do exterior. E novas sa\u00eddas poder\u00e3o ser anunciadas em breve. Dos atletas que receberam propostas, [&hellip;]","og_url":"https:\/\/www.gaveanews.com\/index.php\/2022\/01\/04\/saidas-do-flamengo-as-situacoes-dos-5-jogadores-que-foram-ventilados\/","og_site_name":"G\u00e1vea News","article_publisher":"https:\/\/facebook.com\/gaveaNews\/","article_published_time":"2022-01-04T20:48:50+00:00","article_modified_time":"2022-01-04T20:48:53+00:00","og_image":[{"width":799,"height":533,"url":"https:\/\/www.gaveanews.com\/wp-content\/uploads\/Gabigol-em-acao-pelo-Flamengo-contra-o-Gremio-na-Copa-do-Brasil-2021.webp","type":"image\/jpeg"}],"author":"Let\u00edcia Gerheim","twitter_card":"summary_large_image","twitter_misc":{"Escrito por":"Let\u00edcia Gerheim","Est. tempo de leitura":"2 minutos"},"schema":{"@context":"https:\/\/schema.org","@graph":[{"@type":"NewsArticle","@id":"https:\/\/www.gaveanews.com\/index.php\/2022\/01\/04\/saidas-do-flamengo-as-situacoes-dos-5-jogadores-que-foram-ventilados\/#article","isPartOf":{"@id":"https:\/\/www.gaveanews.com\/index.php\/2022\/01\/04\/saidas-do-flamengo-as-situacoes-dos-5-jogadores-que-foram-ventilados\/"},"author":{"name":"Let\u00edcia Gerheim","@id":"https:\/\/www.gaveanews.com\/#\/schema\/person\/714c67050b836198af2450ba1c142a67"},"headline":"Sa\u00eddas do Flamengo: As situa\u00e7\u00f5es dos 5 jogadores que foram ventilados","datePublished":"2022-01-04T20:48:50+00:00","dateModified":"2022-01-04T20:48:53+00:00","mainEntityOfPage":{"@id":"https:\/\/www.gaveanews.com\/index.php\/2022\/01\/04\/saidas-do-flamengo-as-situacoes-dos-5-jogadores-que-foram-ventilados\/"},"wordCount":267,"commentCount":4,"image":{"@id":"https:\/\/www.gaveanews.com\/index.php\/2022\/01\/04\/saidas-do-flamengo-as-situacoes-dos-5-jogadores-que-foram-ventilados\/#primaryimage"},"thumbnailUrl":"https:\/\/www.gaveanews.com\/wp-content\/uploads\/Gabigol-em-acao-pelo-Flamengo-contra-o-Gremio-na-Copa-do-Brasil-2021.webp","articleSection":["Negocia\u00e7\u00f5es"],"inLanguage":"pt-BR","potentialAction":[{"@type":"CommentAction","name":"Comment","target":["https:\/\/www.gaveanews.com\/index.php\/2022\/01\/04\/saidas-do-flamengo-as-situacoes-dos-5-jogadores-que-foram-ventilados\/#respond"]}],"copyrightYear":"2022","copyrightHolder":{"@id":"https:\/\/www.gaveanews.com\/#organization"}},{"@type":"WebPage","@id":"https:\/\/www.gaveanews.com\/index.php\/2022\/01\/04\/saidas-do-flamengo-as-situacoes-dos-5-jogadores-que-foram-ventilados\/","url":"https:\/\/www.gaveanews.com\/index.php\/2022\/01\/04\/saidas-do-flamengo-as-situacoes-dos-5-jogadores-que-foram-ventilados\/","name":"Sa\u00eddas do Flamengo: As situa\u00e7\u00f5es dos 5 jogadores que foram ventilados","isPartOf":{"@id":"https:\/\/www.gaveanews.com\/#website"},"primaryImageOfPage":{"@id":"https:\/\/www.gaveanews.com\/index.php\/2022\/01\/04\/saidas-do-flamengo-as-situacoes-dos-5-jogadores-que-foram-ventilados\/#primaryimage"},"image":{"@id":"https:\/\/www.gaveanews.com\/index.php\/2022\/01\/04\/saidas-do-flamengo-as-situacoes-dos-5-jogadores-que-foram-ventilados\/#primaryimage"},"thumbnailUrl":"https:\/\/www.gaveanews.com\/wp-content\/uploads\/Gabigol-em-acao-pelo-Flamengo-contra-o-Gremio-na-Copa-do-Brasil-2021.webp","datePublished":"2022-01-04T20:48:50+00:00","dateModified":"2022-01-04T20:48:53+00:00","author":{"@id":"https:\/\/www.gaveanews.com\/#\/schema\/person\/714c67050b836198af2450ba1c142a67"},"breadcrumb":{"@id":"https:\/\/www.gaveanews.com\/index.php\/2022\/01\/04\/saidas-do-flamengo-as-situacoes-dos-5-jogadores-que-foram-ventilados\/#breadcrumb"},"inLanguage":"pt-BR","potentialAction":[{"@type":"ReadAction","target":["https:\/\/www.gaveanews.com\/index.php\/2022\/01\/04\/saidas-do-flamengo-as-situacoes-dos-5-jogadores-que-foram-ventilados\/"]}]},{"@type":"ImageObject","inLanguage":"pt-BR","@id":"https:\/\/www.gaveanews.com\/index.php\/2022\/01\/04\/saidas-do-flamengo-as-situacoes-dos-5-jogadores-que-foram-ventilados\/#primaryimage","url":"https:\/\/www.gaveanews.com\/wp-content\/uploads\/Gabigol-em-acao-pelo-Flamengo-contra-o-Gremio-na-Copa-do-Brasil-2021.webp","contentUrl":"https:\/\/www.gaveanews.com\/wp-content\/uploads\/Gabigol-em-acao-pelo-Flamengo-contra-o-Gremio-na-Copa-do-Brasil-2021.webp","width":799,"height":533,"caption":"Gabigol em a\u00e7\u00e3o pelo Flamengo contra o Gr\u00eamio na Copa do Brasil 2021 (Foto: Alexandre Vidal\/Flamengo)"},{"@type":"BreadcrumbList","@id":"https:\/\/www.gaveanews.com\/index.php\/2022\/01\/04\/saidas-do-flamengo-as-situacoes-dos-5-jogadores-que-foram-ventilados\/#breadcrumb","itemListElement":[{"@type":"ListItem","position":1,"name":"Home","item":"https:\/\/www.gaveanews.com\/"},{"@type":"ListItem","position":2,"name":"Sa\u00eddas do Flamengo: As situa\u00e7\u00f5es dos 5 jogadores que foram ventilados"}]},{"@type":"WebSite","@id":"https:\/\/www.gaveanews.com\/#website","url":"https:\/\/www.gaveanews.com\/","name":"G\u00e1vea News","description":"Veja todas as not\u00edcias sobre o Flamengo: Contrata\u00e7\u00f5es, categorias de base, resultados das partidas, tabela de classifica\u00e7\u00e3o, pr\u00f3ximos jogos!","potentialAction":[{"@type":"SearchAction","target":{"@type":"EntryPoint","urlTemplate":"https:\/\/www.gaveanews.com\/?s={search_term_string}"},"query-input":{"@type":"PropertyValueSpecification","valueRequired":true,"valueName":"search_term_string"}}],"inLanguage":"pt-BR"},{"@type":"Person","@id":"https:\/\/www.gaveanews.com\/#\/schema\/person\/714c67050b836198af2450ba1c142a67","name":"Let\u00edcia Gerheim","image":{"@type":"ImageObject","inLanguage":"pt-BR","@id":"https:\/\/www.gaveanews.com\/#\/schema\/person\/image\/","url":"https:\/\/secure.gravatar.com\/avatar\/60734739c50fcebfbac509e2a826ccd0ff405c019bc73aab9354f19ecad1dcb4?s=96&d=mm&r=g","contentUrl":"https:\/\/secure.gravatar.com\/avatar\/60734739c50fcebfbac509e2a826ccd0ff405c019bc73aab9354f19ecad1dcb4?s=96&d=mm&r=g","caption":"Let\u00edcia Gerheim"}}]}},"_links":{"self":[{"href":"https:\/\/www.gaveanews.com\/index.php\/wp-json\/wp\/v2\/posts\/74358","targetHints":{"allow":["GET"]}}],"collection":[{"href":"https:\/\/www.gaveanews.com\/index.php\/wp-json\/wp\/v2\/posts"}],"about":[{"href":"https:\/\/www.gaveanews.com\/index.php\/wp-json\/wp\/v2\/types\/post"}],"author":[{"embeddable":true,"href":"https:\/\/www.gaveanews.com\/index.php\/wp-json\/wp\/v2\/users\/4"}],"replies":[{"embeddable":true,"href":"https:\/\/www.gaveanews.com\/index.php\/wp-json\/wp\/v2\/comments?post=74358"}],"version-history":[{"count":0,"href":"https:\/\/www.gaveanews.com\/index.php\/wp-json\/wp\/v2\/posts\/74358\/revisions"}],"wp:featuredmedia":[{"embeddable":true,"href":"https:\/\/www.gaveanews.com\/index.php\/wp-json\/wp\/v2\/media\/66912"}],"wp:attachment":[{"href":"https:\/\/www.gaveanews.com\/index.php\/wp-json\/wp\/v2\/media?parent=74358"}],"wp:term":[{"taxonomy":"category","embeddable":true,"href":"https:\/\/www.gaveanews.com\/index.php\/wp-json\/wp\/v2\/categories?post=74358"},{"taxonomy":"post_tag","embeddable":true,"href":"https:\/\/www.gaveanews.com\/index.php\/wp-json\/wp\/v2\/tags?post=74358"}],"curies":[{"name":"wp","href":"https:\/\/api.w.org\/{rel}","templated":true}]}}