{"id":74376,"date":"2022-01-04T21:27:56","date_gmt":"2022-01-05T00:27:56","guid":{"rendered":"https:\/\/www.gaveanews.com\/?p=74376"},"modified":"2022-01-04T21:28:38","modified_gmt":"2022-01-05T00:28:38","slug":"flamengo-encaminha-a-chegada-de-seu-primeiro-reforco","status":"publish","type":"post","link":"https:\/\/www.gaveanews.com\/index.php\/2022\/01\/04\/flamengo-encaminha-a-chegada-de-seu-primeiro-reforco\/","title":{"rendered":"Flamengo encaminha a chegada de seu primeiro refor\u00e7o"},"content":{"rendered":"\n<p>O Flamengo segue atento ao mercado na busca da contrata\u00e7\u00e3o de jogadores para fortalecer o seu elenco para 2022. Inclusive, Paulo Sousa tem tido conversas com os dirigentes para indicar alguns poss\u00edveis refor\u00e7os para o Mais Querido. E um dos nomes que entraram no radar do rubro-negro parece estar se desligando do seu clube.<\/p>\n\n\n\n<p>De acordo com o jornalista Germ\u00e1n Garcia, o goleiro do Porto, Marches\u00edn pediu para deixar o clube. O argentino recentemente teve o seu nome vinculado ao Flamengo, isso porque Marcos Braz e Bruno Spindel estiveram no est\u00e1dio do Drag\u00e3o para assistir o cl\u00e1ssico entre Porto x Benfica e gostaram das caracter\u00edsticas do goleiro.<\/p>\n\n\n\n<p>Os dirigentes rubro-negros garantiram que o clube deve fazer de duas a quatro contrata\u00e7\u00f5es pontuais, e a posi\u00e7\u00e3o de goleiro \u00e9 um ponto que est\u00e1 em pauta no Flamengo. Marches\u00edn tem 33 anos, est\u00e1 no Porto desde 2019. O goleiro coleciona convoca\u00e7\u00f5es para a sele\u00e7\u00e3o argentina, inclusive estava no plantel que conquistou a Copa Am\u00e9rica de 2021, no Brasil.<\/p>\n\n\n\n<div class=\"wp-block-image is-style-default\"><figure class=\"aligncenter size-large is-resized\"><img loading=\"lazy\" decoding=\"async\" src=\"https:\/\/diariodofla.com.br\/wp-content\/uploads\/2022\/01\/Marchesin-1.webp\" alt=\"\" width=\"746\" height=\"419\"\/><figcaption>Marches\u00edn em a\u00e7\u00e3o pela Argentina<\/figcaption><\/figure><\/div>\n\n\n\n<p>Retirado de: Di\u00e1rio do Fla<\/p>\n","protected":false},"excerpt":{"rendered":"<p>O Flamengo segue atento ao mercado na busca da contrata\u00e7\u00e3o de jogadores para fortalecer o seu elenco para 2022. Inclusive, Paulo Sousa tem tido conversas com os dirigentes para indicar alguns poss\u00edveis refor\u00e7os para o Mais Querido. E um dos nomes que entraram no radar do rubro-negro parece estar se desligando do seu clube. De [&hellip;]<\/p>\n","protected":false},"author":1,"featured_media":46957,"comment_status":"open","ping_status":"closed","sticky":false,"template":"","format":"standard","meta":{"footnotes":""},"categories":[48],"tags":[],"class_list":["post-74376","post","type-post","status-publish","format-standard","has-post-thumbnail","hentry","category-negociacoes"],"yoast_head":"<!-- This site is optimized with the Yoast SEO Premium plugin v24.2 (Yoast SEO v26.9) - https:\/\/yoast.com\/product\/yoast-seo-premium-wordpress\/ -->\n<title>Flamengo encaminha a chegada de seu primeiro refor\u00e7o<\/title>\n<meta name=\"description\" content=\"O Flamengo segue atento ao mercado na busca da contrata\u00e7\u00e3o de jogadores para fortalecer o seu elenco para 2022.\" \/>\n<meta name=\"robots\" content=\"index, follow, max-snippet:-1, max-image-preview:large, max-video-preview:-1\" \/>\n<link rel=\"canonical\" href=\"https:\/\/www.gaveanews.com\/index.php\/2022\/01\/04\/flamengo-encaminha-a-chegada-de-seu-primeiro-reforco\/\" \/>\n<meta property=\"og:locale\" content=\"pt_BR\" \/>\n<meta property=\"og:type\" content=\"article\" \/>\n<meta property=\"og:title\" content=\"Flamengo encaminha a chegada de seu primeiro refor\u00e7o\" \/>\n<meta property=\"og:description\" content=\"O Flamengo segue atento ao mercado na busca da contrata\u00e7\u00e3o de jogadores para fortalecer o seu elenco para 2022.\" \/>\n<meta property=\"og:url\" content=\"https:\/\/www.gaveanews.com\/index.php\/2022\/01\/04\/flamengo-encaminha-a-chegada-de-seu-primeiro-reforco\/\" \/>\n<meta property=\"og:site_name\" content=\"G\u00e1vea News\" \/>\n<meta property=\"article:publisher\" content=\"https:\/\/facebook.com\/gaveaNews\/\" \/>\n<meta property=\"article:published_time\" content=\"2022-01-05T00:27:56+00:00\" \/>\n<meta property=\"article:modified_time\" content=\"2022-01-05T00:28:38+00:00\" \/>\n<meta property=\"og:image\" content=\"https:\/\/www.gaveanews.com\/wp-content\/uploads\/Marcos-Braz-no-gramado-do-Maracana.webp\" \/>\n\t<meta property=\"og:image:width\" content=\"799\" \/>\n\t<meta property=\"og:image:height\" content=\"532\" \/>\n\t<meta property=\"og:image:type\" content=\"image\/jpeg\" \/>\n<meta name=\"author\" content=\"Equipe G\u00e1vea News\" \/>\n<meta name=\"twitter:card\" content=\"summary_large_image\" \/>\n<meta name=\"twitter:label1\" content=\"Escrito por\" \/>\n\t<meta name=\"twitter:data1\" content=\"Equipe G\u00e1vea News\" \/>\n\t<meta name=\"twitter:label2\" content=\"Est. tempo de leitura\" \/>\n\t<meta name=\"twitter:data2\" content=\"1 minuto\" \/>\n<script type=\"application\/ld+json\" class=\"yoast-schema-graph\">{\"@context\":\"https:\/\/schema.org\",\"@graph\":[{\"@type\":\"NewsArticle\",\"@id\":\"https:\/\/www.gaveanews.com\/index.php\/2022\/01\/04\/flamengo-encaminha-a-chegada-de-seu-primeiro-reforco\/#article\",\"isPartOf\":{\"@id\":\"https:\/\/www.gaveanews.com\/index.php\/2022\/01\/04\/flamengo-encaminha-a-chegada-de-seu-primeiro-reforco\/\"},\"author\":{\"name\":\"Equipe G\u00e1vea News\",\"@id\":\"https:\/\/www.gaveanews.com\/#\/schema\/person\/2ec14f73fb96be2caf28f91afb14749d\"},\"headline\":\"Flamengo encaminha a chegada de seu primeiro refor\u00e7o\",\"datePublished\":\"2022-01-05T00:27:56+00:00\",\"dateModified\":\"2022-01-05T00:28:38+00:00\",\"mainEntityOfPage\":{\"@id\":\"https:\/\/www.gaveanews.com\/index.php\/2022\/01\/04\/flamengo-encaminha-a-chegada-de-seu-primeiro-reforco\/\"},\"wordCount\":198,\"commentCount\":32,\"image\":{\"@id\":\"https:\/\/www.gaveanews.com\/index.php\/2022\/01\/04\/flamengo-encaminha-a-chegada-de-seu-primeiro-reforco\/#primaryimage\"},\"thumbnailUrl\":\"https:\/\/www.gaveanews.com\/wp-content\/uploads\/Marcos-Braz-no-gramado-do-Maracana.webp\",\"articleSection\":[\"Negocia\u00e7\u00f5es\"],\"inLanguage\":\"pt-BR\",\"potentialAction\":[{\"@type\":\"CommentAction\",\"name\":\"Comment\",\"target\":[\"https:\/\/www.gaveanews.com\/index.php\/2022\/01\/04\/flamengo-encaminha-a-chegada-de-seu-primeiro-reforco\/#respond\"]}],\"copyrightYear\":\"2022\",\"copyrightHolder\":{\"@id\":\"https:\/\/www.gaveanews.com\/#organization\"}},{\"@type\":\"WebPage\",\"@id\":\"https:\/\/www.gaveanews.com\/index.php\/2022\/01\/04\/flamengo-encaminha-a-chegada-de-seu-primeiro-reforco\/\",\"url\":\"https:\/\/www.gaveanews.com\/index.php\/2022\/01\/04\/flamengo-encaminha-a-chegada-de-seu-primeiro-reforco\/\",\"name\":\"Flamengo encaminha a chegada de seu primeiro refor\u00e7o\",\"isPartOf\":{\"@id\":\"https:\/\/www.gaveanews.com\/#website\"},\"primaryImageOfPage\":{\"@id\":\"https:\/\/www.gaveanews.com\/index.php\/2022\/01\/04\/flamengo-encaminha-a-chegada-de-seu-primeiro-reforco\/#primaryimage\"},\"image\":{\"@id\":\"https:\/\/www.gaveanews.com\/index.php\/2022\/01\/04\/flamengo-encaminha-a-chegada-de-seu-primeiro-reforco\/#primaryimage\"},\"thumbnailUrl\":\"https:\/\/www.gaveanews.com\/wp-content\/uploads\/Marcos-Braz-no-gramado-do-Maracana.webp\",\"datePublished\":\"2022-01-05T00:27:56+00:00\",\"dateModified\":\"2022-01-05T00:28:38+00:00\",\"author\":{\"@id\":\"https:\/\/www.gaveanews.com\/#\/schema\/person\/2ec14f73fb96be2caf28f91afb14749d\"},\"description\":\"O Flamengo segue atento ao mercado na busca da contrata\u00e7\u00e3o de jogadores para fortalecer o seu elenco para 2022.\",\"breadcrumb\":{\"@id\":\"https:\/\/www.gaveanews.com\/index.php\/2022\/01\/04\/flamengo-encaminha-a-chegada-de-seu-primeiro-reforco\/#breadcrumb\"},\"inLanguage\":\"pt-BR\",\"potentialAction\":[{\"@type\":\"ReadAction\",\"target\":[\"https:\/\/www.gaveanews.com\/index.php\/2022\/01\/04\/flamengo-encaminha-a-chegada-de-seu-primeiro-reforco\/\"]}]},{\"@type\":\"ImageObject\",\"inLanguage\":\"pt-BR\",\"@id\":\"https:\/\/www.gaveanews.com\/index.php\/2022\/01\/04\/flamengo-encaminha-a-chegada-de-seu-primeiro-reforco\/#primaryimage\",\"url\":\"https:\/\/www.gaveanews.com\/wp-content\/uploads\/Marcos-Braz-no-gramado-do-Maracana.webp\",\"contentUrl\":\"https:\/\/www.gaveanews.com\/wp-content\/uploads\/Marcos-Braz-no-gramado-do-Maracana.webp\",\"width\":799,\"height\":532,\"caption\":\"Marcos Braz no gramado do Maracan\u00e3 (Foto: Alexandre Vidal\/Flamengo)\"},{\"@type\":\"BreadcrumbList\",\"@id\":\"https:\/\/www.gaveanews.com\/index.php\/2022\/01\/04\/flamengo-encaminha-a-chegada-de-seu-primeiro-reforco\/#breadcrumb\",\"itemListElement\":[{\"@type\":\"ListItem\",\"position\":1,\"name\":\"Home\",\"item\":\"https:\/\/www.gaveanews.com\/\"},{\"@type\":\"ListItem\",\"position\":2,\"name\":\"Flamengo encaminha a chegada de seu primeiro refor\u00e7o\"}]},{\"@type\":\"WebSite\",\"@id\":\"https:\/\/www.gaveanews.com\/#website\",\"url\":\"https:\/\/www.gaveanews.com\/\",\"name\":\"G\u00e1vea News\",\"description\":\"Veja todas as not\u00edcias sobre o Flamengo: Contrata\u00e7\u00f5es, categorias de base, resultados das partidas, tabela de classifica\u00e7\u00e3o, pr\u00f3ximos jogos!\",\"potentialAction\":[{\"@type\":\"SearchAction\",\"target\":{\"@type\":\"EntryPoint\",\"urlTemplate\":\"https:\/\/www.gaveanews.com\/?s={search_term_string}\"},\"query-input\":{\"@type\":\"PropertyValueSpecification\",\"valueRequired\":true,\"valueName\":\"search_term_string\"}}],\"inLanguage\":\"pt-BR\"},{\"@type\":\"Person\",\"@id\":\"https:\/\/www.gaveanews.com\/#\/schema\/person\/2ec14f73fb96be2caf28f91afb14749d\",\"name\":\"Equipe G\u00e1vea News\",\"image\":{\"@type\":\"ImageObject\",\"inLanguage\":\"pt-BR\",\"@id\":\"https:\/\/www.gaveanews.com\/#\/schema\/person\/image\/\",\"url\":\"https:\/\/secure.gravatar.com\/avatar\/1e1956f1facbffd3f8fa53a326721950116b3b9dc9bd44939c01180fd4a745a9?s=96&d=mm&r=g\",\"contentUrl\":\"https:\/\/secure.gravatar.com\/avatar\/1e1956f1facbffd3f8fa53a326721950116b3b9dc9bd44939c01180fd4a745a9?s=96&d=mm&r=g\",\"caption\":\"Equipe G\u00e1vea News\"}}]}<\/script>\n<!-- \/ Yoast SEO Premium plugin. -->","yoast_head_json":{"title":"Flamengo encaminha a chegada de seu primeiro refor\u00e7o","description":"O Flamengo segue atento ao mercado na busca da contrata\u00e7\u00e3o de jogadores para fortalecer o seu elenco para 2022.","robots":{"index":"index","follow":"follow","max-snippet":"max-snippet:-1","max-image-preview":"max-image-preview:large","max-video-preview":"max-video-preview:-1"},"canonical":"https:\/\/www.gaveanews.com\/index.php\/2022\/01\/04\/flamengo-encaminha-a-chegada-de-seu-primeiro-reforco\/","og_locale":"pt_BR","og_type":"article","og_title":"Flamengo encaminha a chegada de seu primeiro refor\u00e7o","og_description":"O Flamengo segue atento ao mercado na busca da contrata\u00e7\u00e3o de jogadores para fortalecer o seu elenco para 2022.","og_url":"https:\/\/www.gaveanews.com\/index.php\/2022\/01\/04\/flamengo-encaminha-a-chegada-de-seu-primeiro-reforco\/","og_site_name":"G\u00e1vea News","article_publisher":"https:\/\/facebook.com\/gaveaNews\/","article_published_time":"2022-01-05T00:27:56+00:00","article_modified_time":"2022-01-05T00:28:38+00:00","og_image":[{"width":799,"height":532,"url":"https:\/\/www.gaveanews.com\/wp-content\/uploads\/Marcos-Braz-no-gramado-do-Maracana.webp","type":"image\/jpeg"}],"author":"Equipe G\u00e1vea News","twitter_card":"summary_large_image","twitter_misc":{"Escrito por":"Equipe G\u00e1vea News","Est. tempo de leitura":"1 minuto"},"schema":{"@context":"https:\/\/schema.org","@graph":[{"@type":"NewsArticle","@id":"https:\/\/www.gaveanews.com\/index.php\/2022\/01\/04\/flamengo-encaminha-a-chegada-de-seu-primeiro-reforco\/#article","isPartOf":{"@id":"https:\/\/www.gaveanews.com\/index.php\/2022\/01\/04\/flamengo-encaminha-a-chegada-de-seu-primeiro-reforco\/"},"author":{"name":"Equipe G\u00e1vea News","@id":"https:\/\/www.gaveanews.com\/#\/schema\/person\/2ec14f73fb96be2caf28f91afb14749d"},"headline":"Flamengo encaminha a chegada de seu primeiro refor\u00e7o","datePublished":"2022-01-05T00:27:56+00:00","dateModified":"2022-01-05T00:28:38+00:00","mainEntityOfPage":{"@id":"https:\/\/www.gaveanews.com\/index.php\/2022\/01\/04\/flamengo-encaminha-a-chegada-de-seu-primeiro-reforco\/"},"wordCount":198,"commentCount":32,"image":{"@id":"https:\/\/www.gaveanews.com\/index.php\/2022\/01\/04\/flamengo-encaminha-a-chegada-de-seu-primeiro-reforco\/#primaryimage"},"thumbnailUrl":"https:\/\/www.gaveanews.com\/wp-content\/uploads\/Marcos-Braz-no-gramado-do-Maracana.webp","articleSection":["Negocia\u00e7\u00f5es"],"inLanguage":"pt-BR","potentialAction":[{"@type":"CommentAction","name":"Comment","target":["https:\/\/www.gaveanews.com\/index.php\/2022\/01\/04\/flamengo-encaminha-a-chegada-de-seu-primeiro-reforco\/#respond"]}],"copyrightYear":"2022","copyrightHolder":{"@id":"https:\/\/www.gaveanews.com\/#organization"}},{"@type":"WebPage","@id":"https:\/\/www.gaveanews.com\/index.php\/2022\/01\/04\/flamengo-encaminha-a-chegada-de-seu-primeiro-reforco\/","url":"https:\/\/www.gaveanews.com\/index.php\/2022\/01\/04\/flamengo-encaminha-a-chegada-de-seu-primeiro-reforco\/","name":"Flamengo encaminha a chegada de seu primeiro refor\u00e7o","isPartOf":{"@id":"https:\/\/www.gaveanews.com\/#website"},"primaryImageOfPage":{"@id":"https:\/\/www.gaveanews.com\/index.php\/2022\/01\/04\/flamengo-encaminha-a-chegada-de-seu-primeiro-reforco\/#primaryimage"},"image":{"@id":"https:\/\/www.gaveanews.com\/index.php\/2022\/01\/04\/flamengo-encaminha-a-chegada-de-seu-primeiro-reforco\/#primaryimage"},"thumbnailUrl":"https:\/\/www.gaveanews.com\/wp-content\/uploads\/Marcos-Braz-no-gramado-do-Maracana.webp","datePublished":"2022-01-05T00:27:56+00:00","dateModified":"2022-01-05T00:28:38+00:00","author":{"@id":"https:\/\/www.gaveanews.com\/#\/schema\/person\/2ec14f73fb96be2caf28f91afb14749d"},"description":"O Flamengo segue atento ao mercado na busca da contrata\u00e7\u00e3o de jogadores para fortalecer o seu elenco para 2022.","breadcrumb":{"@id":"https:\/\/www.gaveanews.com\/index.php\/2022\/01\/04\/flamengo-encaminha-a-chegada-de-seu-primeiro-reforco\/#breadcrumb"},"inLanguage":"pt-BR","potentialAction":[{"@type":"ReadAction","target":["https:\/\/www.gaveanews.com\/index.php\/2022\/01\/04\/flamengo-encaminha-a-chegada-de-seu-primeiro-reforco\/"]}]},{"@type":"ImageObject","inLanguage":"pt-BR","@id":"https:\/\/www.gaveanews.com\/index.php\/2022\/01\/04\/flamengo-encaminha-a-chegada-de-seu-primeiro-reforco\/#primaryimage","url":"https:\/\/www.gaveanews.com\/wp-content\/uploads\/Marcos-Braz-no-gramado-do-Maracana.webp","contentUrl":"https:\/\/www.gaveanews.com\/wp-content\/uploads\/Marcos-Braz-no-gramado-do-Maracana.webp","width":799,"height":532,"caption":"Marcos Braz no gramado do Maracan\u00e3 (Foto: Alexandre Vidal\/Flamengo)"},{"@type":"BreadcrumbList","@id":"https:\/\/www.gaveanews.com\/index.php\/2022\/01\/04\/flamengo-encaminha-a-chegada-de-seu-primeiro-reforco\/#breadcrumb","itemListElement":[{"@type":"ListItem","position":1,"name":"Home","item":"https:\/\/www.gaveanews.com\/"},{"@type":"ListItem","position":2,"name":"Flamengo encaminha a chegada de seu primeiro refor\u00e7o"}]},{"@type":"WebSite","@id":"https:\/\/www.gaveanews.com\/#website","url":"https:\/\/www.gaveanews.com\/","name":"G\u00e1vea News","description":"Veja todas as not\u00edcias sobre o Flamengo: Contrata\u00e7\u00f5es, categorias de base, resultados das partidas, tabela de classifica\u00e7\u00e3o, pr\u00f3ximos jogos!","potentialAction":[{"@type":"SearchAction","target":{"@type":"EntryPoint","urlTemplate":"https:\/\/www.gaveanews.com\/?s={search_term_string}"},"query-input":{"@type":"PropertyValueSpecification","valueRequired":true,"valueName":"search_term_string"}}],"inLanguage":"pt-BR"},{"@type":"Person","@id":"https:\/\/www.gaveanews.com\/#\/schema\/person\/2ec14f73fb96be2caf28f91afb14749d","name":"Equipe G\u00e1vea News","image":{"@type":"ImageObject","inLanguage":"pt-BR","@id":"https:\/\/www.gaveanews.com\/#\/schema\/person\/image\/","url":"https:\/\/secure.gravatar.com\/avatar\/1e1956f1facbffd3f8fa53a326721950116b3b9dc9bd44939c01180fd4a745a9?s=96&d=mm&r=g","contentUrl":"https:\/\/secure.gravatar.com\/avatar\/1e1956f1facbffd3f8fa53a326721950116b3b9dc9bd44939c01180fd4a745a9?s=96&d=mm&r=g","caption":"Equipe G\u00e1vea News"}}]}},"_links":{"self":[{"href":"https:\/\/www.gaveanews.com\/index.php\/wp-json\/wp\/v2\/posts\/74376","targetHints":{"allow":["GET"]}}],"collection":[{"href":"https:\/\/www.gaveanews.com\/index.php\/wp-json\/wp\/v2\/posts"}],"about":[{"href":"https:\/\/www.gaveanews.com\/index.php\/wp-json\/wp\/v2\/types\/post"}],"author":[{"embeddable":true,"href":"https:\/\/www.gaveanews.com\/index.php\/wp-json\/wp\/v2\/users\/1"}],"replies":[{"embeddable":true,"href":"https:\/\/www.gaveanews.com\/index.php\/wp-json\/wp\/v2\/comments?post=74376"}],"version-history":[{"count":0,"href":"https:\/\/www.gaveanews.com\/index.php\/wp-json\/wp\/v2\/posts\/74376\/revisions"}],"wp:featuredmedia":[{"embeddable":true,"href":"https:\/\/www.gaveanews.com\/index.php\/wp-json\/wp\/v2\/media\/46957"}],"wp:attachment":[{"href":"https:\/\/www.gaveanews.com\/index.php\/wp-json\/wp\/v2\/media?parent=74376"}],"wp:term":[{"taxonomy":"category","embeddable":true,"href":"https:\/\/www.gaveanews.com\/index.php\/wp-json\/wp\/v2\/categories?post=74376"},{"taxonomy":"post_tag","embeddable":true,"href":"https:\/\/www.gaveanews.com\/index.php\/wp-json\/wp\/v2\/tags?post=74376"}],"curies":[{"name":"wp","href":"https:\/\/api.w.org\/{rel}","templated":true}]}}