{"id":74381,"date":"2022-01-04T22:34:12","date_gmt":"2022-01-05T01:34:12","guid":{"rendered":"https:\/\/www.gaveanews.com\/?p=74381"},"modified":"2022-01-04T22:34:16","modified_gmt":"2022-01-05T01:34:16","slug":"hugo-souza-relembra-conselho-marcante-de-david-luiz","status":"publish","type":"post","link":"https:\/\/www.gaveanews.com\/index.php\/2022\/01\/04\/hugo-souza-relembra-conselho-marcante-de-david-luiz\/","title":{"rendered":"Hugo Souza relembra conselho marcante de David Luiz"},"content":{"rendered":"\n<p>O Flamengo viveu momentos de crise no final de 2021, com as perdas dos t\u00edtulos da Conmebol Libertadores, da Copa do Brasil e do Brasileir\u00e3o. Nesses momentos, alguns jogadores sofreram mais do que outros.<\/p>\n\n\n\n<p>Com uma temporada de altos e baixos, Hugo Souza ficou de fora de jogos da equipe, mesmo quando Diego Alves foi aus\u00eancia e sofreu por conta da desconfian\u00e7a que ele mesmo teve de si.<\/p>\n\n\n\n<p>Em entrevista ao site ge, o arqueiro revelou que muitos colegas de vesti\u00e1rio mais experientes o ajudaram nos momentos de crise pessoal com conselhos e apoio.<\/p>\n\n\n\n<p><strong><em>\u2014 Temos um grupo muito bom. Os mais velhos abra\u00e7am, d\u00e3o conselho. Aprendo todo dia com Diego Alves, que tem uma experi\u00eancia enorme na Europa e \u00e9 um grande goleiro. Tem o Diego, Filipe Lu\u00eds, que t\u00eam uma carreira gigante\u2026 Eles s\u00e3o refer\u00eancias e me passaram tranquilidade, diziam que meu momento ia chegar<\/em><\/strong>, disse. Lembro de um dia que eu tinha treinado muito bem, a\u00ed o Diego me chamou a falou: <\/p>\n\n\n\n<p><strong><em>\u2014 Est\u00e1 vendo, esse \u00e9 o Hugo que eu conhe\u00e7o, que treina com alegria, disposto. Esse \u00e9 o Hugo que eu conhe\u00e7o. Voc\u00ea sabe que \u00e9 bom&#8221;. O David Luiz tamb\u00e9m \u00e9 um cara sensacional. Dois dias depois de chegar, me chama para conversar e diz: &#8220;Mais alegria para treinar. Vamos treinar, p\u00f4. Eu sei o que voc\u00ea est\u00e1 sentindo. Voc\u00ea acha que eu n\u00e3o sei que voc\u00ea est\u00e1 frustrado e triste? Futebol n\u00e3o combina com tristeza, combina com alegria<\/em><\/strong>, completou.<\/p>\n\n\n\n<p><strong><em>\u2014 Eu disse que seguia trabalhando, mas por dentro realmente eu n\u00e3o estava bem. Sabia onde eu tinha chegado e onde eu estava na \u00e9poca. Peguei aquilo para mim e comecei a fazer os melhores treinos poss\u00edveis da minha carreira. A\u00ed a oportunidade apareceu<\/em><\/strong>, finalizou.<\/p>\n\n\n\n<p>Retirado de: ESPN<\/p>\n","protected":false},"excerpt":{"rendered":"<p>O Flamengo viveu momentos de crise no final de 2021, com as perdas dos t\u00edtulos da Conmebol Libertadores, da Copa do Brasil e do Brasileir\u00e3o. Nesses momentos, alguns jogadores sofreram mais do que outros. Com uma temporada de altos e baixos, Hugo Souza ficou de fora de jogos da equipe, mesmo quando Diego Alves foi [&hellip;]<\/p>\n","protected":false},"author":1,"featured_media":56320,"comment_status":"open","ping_status":"closed","sticky":false,"template":"","format":"standard","meta":{"footnotes":""},"categories":[1],"tags":[],"class_list":["post-74381","post","type-post","status-publish","format-standard","has-post-thumbnail","hentry","category-flamengo"],"yoast_head":"<!-- This site is optimized with the Yoast SEO Premium plugin v24.2 (Yoast SEO v26.9) - https:\/\/yoast.com\/product\/yoast-seo-premium-wordpress\/ -->\n<title>Hugo Souza relembra conselho marcante de David Luiz<\/title>\n<meta name=\"robots\" content=\"index, follow, max-snippet:-1, max-image-preview:large, max-video-preview:-1\" \/>\n<link rel=\"canonical\" href=\"https:\/\/www.gaveanews.com\/index.php\/2022\/01\/04\/hugo-souza-relembra-conselho-marcante-de-david-luiz\/\" \/>\n<meta property=\"og:locale\" content=\"pt_BR\" \/>\n<meta property=\"og:type\" content=\"article\" \/>\n<meta property=\"og:title\" content=\"Hugo Souza relembra conselho marcante de David Luiz\" \/>\n<meta property=\"og:description\" content=\"O Flamengo viveu momentos de crise no final de 2021, com as perdas dos t\u00edtulos da Conmebol Libertadores, da Copa do Brasil e do Brasileir\u00e3o. Nesses momentos, alguns jogadores sofreram mais do que outros. Com uma temporada de altos e baixos, Hugo Souza ficou de fora de jogos da equipe, mesmo quando Diego Alves foi [&hellip;]\" \/>\n<meta property=\"og:url\" content=\"https:\/\/www.gaveanews.com\/index.php\/2022\/01\/04\/hugo-souza-relembra-conselho-marcante-de-david-luiz\/\" \/>\n<meta property=\"og:site_name\" content=\"G\u00e1vea News\" \/>\n<meta property=\"article:publisher\" content=\"https:\/\/facebook.com\/gaveaNews\/\" \/>\n<meta property=\"article:published_time\" content=\"2022-01-05T01:34:12+00:00\" \/>\n<meta property=\"article:modified_time\" content=\"2022-01-05T01:34:16+00:00\" \/>\n<meta property=\"og:image\" content=\"https:\/\/www.gaveanews.com\/wp-content\/uploads\/Hugo-Souza-em-acao-pelo-Flamengo-contra-o-Vasco.webp\" \/>\n\t<meta property=\"og:image:width\" content=\"640\" \/>\n\t<meta property=\"og:image:height\" content=\"400\" \/>\n\t<meta property=\"og:image:type\" content=\"image\/jpeg\" \/>\n<meta name=\"author\" content=\"Equipe G\u00e1vea News\" \/>\n<meta name=\"twitter:card\" content=\"summary_large_image\" \/>\n<meta name=\"twitter:label1\" content=\"Escrito por\" \/>\n\t<meta name=\"twitter:data1\" content=\"Equipe G\u00e1vea News\" \/>\n\t<meta name=\"twitter:label2\" content=\"Est. tempo de leitura\" \/>\n\t<meta name=\"twitter:data2\" content=\"2 minutos\" \/>\n<script type=\"application\/ld+json\" class=\"yoast-schema-graph\">{\"@context\":\"https:\/\/schema.org\",\"@graph\":[{\"@type\":\"NewsArticle\",\"@id\":\"https:\/\/www.gaveanews.com\/index.php\/2022\/01\/04\/hugo-souza-relembra-conselho-marcante-de-david-luiz\/#article\",\"isPartOf\":{\"@id\":\"https:\/\/www.gaveanews.com\/index.php\/2022\/01\/04\/hugo-souza-relembra-conselho-marcante-de-david-luiz\/\"},\"author\":{\"name\":\"Equipe G\u00e1vea News\",\"@id\":\"https:\/\/www.gaveanews.com\/#\/schema\/person\/2ec14f73fb96be2caf28f91afb14749d\"},\"headline\":\"Hugo Souza relembra conselho marcante de David Luiz\",\"datePublished\":\"2022-01-05T01:34:12+00:00\",\"dateModified\":\"2022-01-05T01:34:16+00:00\",\"mainEntityOfPage\":{\"@id\":\"https:\/\/www.gaveanews.com\/index.php\/2022\/01\/04\/hugo-souza-relembra-conselho-marcante-de-david-luiz\/\"},\"wordCount\":312,\"commentCount\":9,\"image\":{\"@id\":\"https:\/\/www.gaveanews.com\/index.php\/2022\/01\/04\/hugo-souza-relembra-conselho-marcante-de-david-luiz\/#primaryimage\"},\"thumbnailUrl\":\"https:\/\/www.gaveanews.com\/wp-content\/uploads\/Hugo-Souza-em-acao-pelo-Flamengo-contra-o-Vasco.webp\",\"articleSection\":[\"Flamengo\"],\"inLanguage\":\"pt-BR\",\"potentialAction\":[{\"@type\":\"CommentAction\",\"name\":\"Comment\",\"target\":[\"https:\/\/www.gaveanews.com\/index.php\/2022\/01\/04\/hugo-souza-relembra-conselho-marcante-de-david-luiz\/#respond\"]}],\"copyrightYear\":\"2022\",\"copyrightHolder\":{\"@id\":\"https:\/\/www.gaveanews.com\/#organization\"}},{\"@type\":\"WebPage\",\"@id\":\"https:\/\/www.gaveanews.com\/index.php\/2022\/01\/04\/hugo-souza-relembra-conselho-marcante-de-david-luiz\/\",\"url\":\"https:\/\/www.gaveanews.com\/index.php\/2022\/01\/04\/hugo-souza-relembra-conselho-marcante-de-david-luiz\/\",\"name\":\"Hugo Souza relembra conselho marcante de David Luiz\",\"isPartOf\":{\"@id\":\"https:\/\/www.gaveanews.com\/#website\"},\"primaryImageOfPage\":{\"@id\":\"https:\/\/www.gaveanews.com\/index.php\/2022\/01\/04\/hugo-souza-relembra-conselho-marcante-de-david-luiz\/#primaryimage\"},\"image\":{\"@id\":\"https:\/\/www.gaveanews.com\/index.php\/2022\/01\/04\/hugo-souza-relembra-conselho-marcante-de-david-luiz\/#primaryimage\"},\"thumbnailUrl\":\"https:\/\/www.gaveanews.com\/wp-content\/uploads\/Hugo-Souza-em-acao-pelo-Flamengo-contra-o-Vasco.webp\",\"datePublished\":\"2022-01-05T01:34:12+00:00\",\"dateModified\":\"2022-01-05T01:34:16+00:00\",\"author\":{\"@id\":\"https:\/\/www.gaveanews.com\/#\/schema\/person\/2ec14f73fb96be2caf28f91afb14749d\"},\"breadcrumb\":{\"@id\":\"https:\/\/www.gaveanews.com\/index.php\/2022\/01\/04\/hugo-souza-relembra-conselho-marcante-de-david-luiz\/#breadcrumb\"},\"inLanguage\":\"pt-BR\",\"potentialAction\":[{\"@type\":\"ReadAction\",\"target\":[\"https:\/\/www.gaveanews.com\/index.php\/2022\/01\/04\/hugo-souza-relembra-conselho-marcante-de-david-luiz\/\"]}]},{\"@type\":\"ImageObject\",\"inLanguage\":\"pt-BR\",\"@id\":\"https:\/\/www.gaveanews.com\/index.php\/2022\/01\/04\/hugo-souza-relembra-conselho-marcante-de-david-luiz\/#primaryimage\",\"url\":\"https:\/\/www.gaveanews.com\/wp-content\/uploads\/Hugo-Souza-em-acao-pelo-Flamengo-contra-o-Vasco.webp\",\"contentUrl\":\"https:\/\/www.gaveanews.com\/wp-content\/uploads\/Hugo-Souza-em-acao-pelo-Flamengo-contra-o-Vasco.webp\",\"width\":640,\"height\":400,\"caption\":\"Hugo Souza em a\u00e7\u00e3o pelo Flamengo contra o Vasco (Foto: Alexandre Vidal\/Flamengo)\"},{\"@type\":\"BreadcrumbList\",\"@id\":\"https:\/\/www.gaveanews.com\/index.php\/2022\/01\/04\/hugo-souza-relembra-conselho-marcante-de-david-luiz\/#breadcrumb\",\"itemListElement\":[{\"@type\":\"ListItem\",\"position\":1,\"name\":\"Home\",\"item\":\"https:\/\/www.gaveanews.com\/\"},{\"@type\":\"ListItem\",\"position\":2,\"name\":\"Hugo Souza relembra conselho marcante de David Luiz\"}]},{\"@type\":\"WebSite\",\"@id\":\"https:\/\/www.gaveanews.com\/#website\",\"url\":\"https:\/\/www.gaveanews.com\/\",\"name\":\"G\u00e1vea News\",\"description\":\"Veja todas as not\u00edcias sobre o Flamengo: Contrata\u00e7\u00f5es, categorias de base, resultados das partidas, tabela de classifica\u00e7\u00e3o, pr\u00f3ximos jogos!\",\"potentialAction\":[{\"@type\":\"SearchAction\",\"target\":{\"@type\":\"EntryPoint\",\"urlTemplate\":\"https:\/\/www.gaveanews.com\/?s={search_term_string}\"},\"query-input\":{\"@type\":\"PropertyValueSpecification\",\"valueRequired\":true,\"valueName\":\"search_term_string\"}}],\"inLanguage\":\"pt-BR\"},{\"@type\":\"Person\",\"@id\":\"https:\/\/www.gaveanews.com\/#\/schema\/person\/2ec14f73fb96be2caf28f91afb14749d\",\"name\":\"Equipe G\u00e1vea News\",\"image\":{\"@type\":\"ImageObject\",\"inLanguage\":\"pt-BR\",\"@id\":\"https:\/\/www.gaveanews.com\/#\/schema\/person\/image\/\",\"url\":\"https:\/\/secure.gravatar.com\/avatar\/1e1956f1facbffd3f8fa53a326721950116b3b9dc9bd44939c01180fd4a745a9?s=96&d=mm&r=g\",\"contentUrl\":\"https:\/\/secure.gravatar.com\/avatar\/1e1956f1facbffd3f8fa53a326721950116b3b9dc9bd44939c01180fd4a745a9?s=96&d=mm&r=g\",\"caption\":\"Equipe G\u00e1vea News\"}}]}<\/script>\n<!-- \/ Yoast SEO Premium plugin. -->","yoast_head_json":{"title":"Hugo Souza relembra conselho marcante de David Luiz","robots":{"index":"index","follow":"follow","max-snippet":"max-snippet:-1","max-image-preview":"max-image-preview:large","max-video-preview":"max-video-preview:-1"},"canonical":"https:\/\/www.gaveanews.com\/index.php\/2022\/01\/04\/hugo-souza-relembra-conselho-marcante-de-david-luiz\/","og_locale":"pt_BR","og_type":"article","og_title":"Hugo Souza relembra conselho marcante de David Luiz","og_description":"O Flamengo viveu momentos de crise no final de 2021, com as perdas dos t\u00edtulos da Conmebol Libertadores, da Copa do Brasil e do Brasileir\u00e3o. Nesses momentos, alguns jogadores sofreram mais do que outros. Com uma temporada de altos e baixos, Hugo Souza ficou de fora de jogos da equipe, mesmo quando Diego Alves foi [&hellip;]","og_url":"https:\/\/www.gaveanews.com\/index.php\/2022\/01\/04\/hugo-souza-relembra-conselho-marcante-de-david-luiz\/","og_site_name":"G\u00e1vea News","article_publisher":"https:\/\/facebook.com\/gaveaNews\/","article_published_time":"2022-01-05T01:34:12+00:00","article_modified_time":"2022-01-05T01:34:16+00:00","og_image":[{"width":640,"height":400,"url":"https:\/\/www.gaveanews.com\/wp-content\/uploads\/Hugo-Souza-em-acao-pelo-Flamengo-contra-o-Vasco.webp","type":"image\/jpeg"}],"author":"Equipe G\u00e1vea News","twitter_card":"summary_large_image","twitter_misc":{"Escrito por":"Equipe G\u00e1vea News","Est. tempo de leitura":"2 minutos"},"schema":{"@context":"https:\/\/schema.org","@graph":[{"@type":"NewsArticle","@id":"https:\/\/www.gaveanews.com\/index.php\/2022\/01\/04\/hugo-souza-relembra-conselho-marcante-de-david-luiz\/#article","isPartOf":{"@id":"https:\/\/www.gaveanews.com\/index.php\/2022\/01\/04\/hugo-souza-relembra-conselho-marcante-de-david-luiz\/"},"author":{"name":"Equipe G\u00e1vea News","@id":"https:\/\/www.gaveanews.com\/#\/schema\/person\/2ec14f73fb96be2caf28f91afb14749d"},"headline":"Hugo Souza relembra conselho marcante de David Luiz","datePublished":"2022-01-05T01:34:12+00:00","dateModified":"2022-01-05T01:34:16+00:00","mainEntityOfPage":{"@id":"https:\/\/www.gaveanews.com\/index.php\/2022\/01\/04\/hugo-souza-relembra-conselho-marcante-de-david-luiz\/"},"wordCount":312,"commentCount":9,"image":{"@id":"https:\/\/www.gaveanews.com\/index.php\/2022\/01\/04\/hugo-souza-relembra-conselho-marcante-de-david-luiz\/#primaryimage"},"thumbnailUrl":"https:\/\/www.gaveanews.com\/wp-content\/uploads\/Hugo-Souza-em-acao-pelo-Flamengo-contra-o-Vasco.webp","articleSection":["Flamengo"],"inLanguage":"pt-BR","potentialAction":[{"@type":"CommentAction","name":"Comment","target":["https:\/\/www.gaveanews.com\/index.php\/2022\/01\/04\/hugo-souza-relembra-conselho-marcante-de-david-luiz\/#respond"]}],"copyrightYear":"2022","copyrightHolder":{"@id":"https:\/\/www.gaveanews.com\/#organization"}},{"@type":"WebPage","@id":"https:\/\/www.gaveanews.com\/index.php\/2022\/01\/04\/hugo-souza-relembra-conselho-marcante-de-david-luiz\/","url":"https:\/\/www.gaveanews.com\/index.php\/2022\/01\/04\/hugo-souza-relembra-conselho-marcante-de-david-luiz\/","name":"Hugo Souza relembra conselho marcante de David Luiz","isPartOf":{"@id":"https:\/\/www.gaveanews.com\/#website"},"primaryImageOfPage":{"@id":"https:\/\/www.gaveanews.com\/index.php\/2022\/01\/04\/hugo-souza-relembra-conselho-marcante-de-david-luiz\/#primaryimage"},"image":{"@id":"https:\/\/www.gaveanews.com\/index.php\/2022\/01\/04\/hugo-souza-relembra-conselho-marcante-de-david-luiz\/#primaryimage"},"thumbnailUrl":"https:\/\/www.gaveanews.com\/wp-content\/uploads\/Hugo-Souza-em-acao-pelo-Flamengo-contra-o-Vasco.webp","datePublished":"2022-01-05T01:34:12+00:00","dateModified":"2022-01-05T01:34:16+00:00","author":{"@id":"https:\/\/www.gaveanews.com\/#\/schema\/person\/2ec14f73fb96be2caf28f91afb14749d"},"breadcrumb":{"@id":"https:\/\/www.gaveanews.com\/index.php\/2022\/01\/04\/hugo-souza-relembra-conselho-marcante-de-david-luiz\/#breadcrumb"},"inLanguage":"pt-BR","potentialAction":[{"@type":"ReadAction","target":["https:\/\/www.gaveanews.com\/index.php\/2022\/01\/04\/hugo-souza-relembra-conselho-marcante-de-david-luiz\/"]}]},{"@type":"ImageObject","inLanguage":"pt-BR","@id":"https:\/\/www.gaveanews.com\/index.php\/2022\/01\/04\/hugo-souza-relembra-conselho-marcante-de-david-luiz\/#primaryimage","url":"https:\/\/www.gaveanews.com\/wp-content\/uploads\/Hugo-Souza-em-acao-pelo-Flamengo-contra-o-Vasco.webp","contentUrl":"https:\/\/www.gaveanews.com\/wp-content\/uploads\/Hugo-Souza-em-acao-pelo-Flamengo-contra-o-Vasco.webp","width":640,"height":400,"caption":"Hugo Souza em a\u00e7\u00e3o pelo Flamengo contra o Vasco (Foto: Alexandre Vidal\/Flamengo)"},{"@type":"BreadcrumbList","@id":"https:\/\/www.gaveanews.com\/index.php\/2022\/01\/04\/hugo-souza-relembra-conselho-marcante-de-david-luiz\/#breadcrumb","itemListElement":[{"@type":"ListItem","position":1,"name":"Home","item":"https:\/\/www.gaveanews.com\/"},{"@type":"ListItem","position":2,"name":"Hugo Souza relembra conselho marcante de David Luiz"}]},{"@type":"WebSite","@id":"https:\/\/www.gaveanews.com\/#website","url":"https:\/\/www.gaveanews.com\/","name":"G\u00e1vea News","description":"Veja todas as not\u00edcias sobre o Flamengo: Contrata\u00e7\u00f5es, categorias de base, resultados das partidas, tabela de classifica\u00e7\u00e3o, pr\u00f3ximos jogos!","potentialAction":[{"@type":"SearchAction","target":{"@type":"EntryPoint","urlTemplate":"https:\/\/www.gaveanews.com\/?s={search_term_string}"},"query-input":{"@type":"PropertyValueSpecification","valueRequired":true,"valueName":"search_term_string"}}],"inLanguage":"pt-BR"},{"@type":"Person","@id":"https:\/\/www.gaveanews.com\/#\/schema\/person\/2ec14f73fb96be2caf28f91afb14749d","name":"Equipe G\u00e1vea News","image":{"@type":"ImageObject","inLanguage":"pt-BR","@id":"https:\/\/www.gaveanews.com\/#\/schema\/person\/image\/","url":"https:\/\/secure.gravatar.com\/avatar\/1e1956f1facbffd3f8fa53a326721950116b3b9dc9bd44939c01180fd4a745a9?s=96&d=mm&r=g","contentUrl":"https:\/\/secure.gravatar.com\/avatar\/1e1956f1facbffd3f8fa53a326721950116b3b9dc9bd44939c01180fd4a745a9?s=96&d=mm&r=g","caption":"Equipe G\u00e1vea News"}}]}},"_links":{"self":[{"href":"https:\/\/www.gaveanews.com\/index.php\/wp-json\/wp\/v2\/posts\/74381","targetHints":{"allow":["GET"]}}],"collection":[{"href":"https:\/\/www.gaveanews.com\/index.php\/wp-json\/wp\/v2\/posts"}],"about":[{"href":"https:\/\/www.gaveanews.com\/index.php\/wp-json\/wp\/v2\/types\/post"}],"author":[{"embeddable":true,"href":"https:\/\/www.gaveanews.com\/index.php\/wp-json\/wp\/v2\/users\/1"}],"replies":[{"embeddable":true,"href":"https:\/\/www.gaveanews.com\/index.php\/wp-json\/wp\/v2\/comments?post=74381"}],"version-history":[{"count":0,"href":"https:\/\/www.gaveanews.com\/index.php\/wp-json\/wp\/v2\/posts\/74381\/revisions"}],"wp:featuredmedia":[{"embeddable":true,"href":"https:\/\/www.gaveanews.com\/index.php\/wp-json\/wp\/v2\/media\/56320"}],"wp:attachment":[{"href":"https:\/\/www.gaveanews.com\/index.php\/wp-json\/wp\/v2\/media?parent=74381"}],"wp:term":[{"taxonomy":"category","embeddable":true,"href":"https:\/\/www.gaveanews.com\/index.php\/wp-json\/wp\/v2\/categories?post=74381"},{"taxonomy":"post_tag","embeddable":true,"href":"https:\/\/www.gaveanews.com\/index.php\/wp-json\/wp\/v2\/tags?post=74381"}],"curies":[{"name":"wp","href":"https:\/\/api.w.org\/{rel}","templated":true}]}}