{"id":74393,"date":"2022-01-05T12:54:35","date_gmt":"2022-01-05T15:54:35","guid":{"rendered":"https:\/\/www.gaveanews.com\/?p=74393"},"modified":"2022-01-05T12:54:38","modified_gmt":"2022-01-05T15:54:38","slug":"paulo-sousa-pede-e-flamengo-implanta-primeira-mudanca-no-ct","status":"publish","type":"post","link":"https:\/\/www.gaveanews.com\/index.php\/2022\/01\/05\/paulo-sousa-pede-e-flamengo-implanta-primeira-mudanca-no-ct\/","title":{"rendered":"Paulo Sousa pede, e Flamengo implanta primeira mudan\u00e7a no CT"},"content":{"rendered":"\n<p>Na pr\u00f3xima segunda-feira (10), o elenco principal do Flamengo se apresentar\u00e1 para das in\u00edcio \u00e0s atividades visando a temporada de 2022. Neste primeiro contato do ano, os jogadores se deparar\u00e3o com algumas novidades.<\/p>\n\n\n\n<p>A principal delas, de fato, \u00e9 a chegada do t\u00e9cnico Paulo Sousa e sua comiss\u00e3o, contratados para trabalhar pelo time por duas temporadas. Al\u00e9m disso, o comandante tamb\u00e9m ser\u00e1 o respons\u00e1vel pela implanta\u00e7\u00e3o de um tel\u00e3o no campo do CT.<\/p>\n\n\n\n<p>O portugu\u00eas solicitou aos dirigentes rubro-negros a coloca\u00e7\u00e3o de equipamentos que o possibilitem fazer ajustes imediatos na beira do gramado e, consequentemente, melhorar a qualidade dos treinamentos. O pedido foi atendido e o tel\u00e3o j\u00e1 foi encomendado. As grava\u00e7\u00f5es ser\u00e3o feitas por drones que o Flamengo possui em sua estrutura.<\/p>\n\n\n\n<h2 class=\"wp-block-heading\" id=\"h-confira-exemplos-do-resultado-final\">Confira exemplos do resultado final:<\/h2>\n\n\n\n<figure class=\"wp-block-image\"><img decoding=\"async\" src=\"https:\/\/s2.glbimg.com\/HHVJAdOGh4nwFiTYCdyvYzKkeIQ=\/0x0:947x514\/984x0\/smart\/filters:strip_icc()\/i.s3.glbimg.com\/v1\/AUTH_bc8228b6673f488aa253bbcb03c80ec5\/internal_photos\/bs\/2022\/c\/T\/BQaba9T76w4IoRy36M2w\/mourin.webp\" alt=\"No Centro Sportivo Fulvio Bernardini, da Roma, Mourinho comanda treinamentos com um tel\u00e3o \u00e0 disposi\u00e7\u00e3o \u2014 Foto: Reprodu\u00e7\u00e3o\/Roma\"\/><figcaption>Ideia de implantar um tel\u00e3o no CT j\u00e1 \u00e9 utilizada na Roma (Foto: Reprodu\u00e7\u00e3o\/Roma)<\/figcaption><\/figure>\n\n\n\n<h2 class=\"wp-block-heading\" id=\"h-veja-como-funcionar-o-tel-o\">Veja como funcionar\u00e1 o tel\u00e3o:<\/h2>\n\n\n\n<figure class=\"wp-block-embed is-type-rich is-provider-twitter wp-block-embed-twitter\"><div class=\"wp-block-embed__wrapper\">\n<blockquote class=\"twitter-tweet\" data-width=\"550\" data-dnt=\"true\"><p lang=\"it\" dir=\"ltr\">\ud83d\udc4b squaDRONE giallorosso all&#39;opera \ud83d\udfe8\ud83d\udfe5<br><br>\ud83c\udd95  Nuova stagione, nuova tecnologia a supporto degli allenamenti della squadra \ud83d\udc40<a href=\"https:\/\/twitter.com\/hashtag\/ASRoma?src=hash&amp;ref_src=twsrc%5Etfw\">#ASRoma<\/a> <a href=\"https:\/\/t.co\/IybZRHoUad\">pic.twitter.com\/IybZRHoUad<\/a><\/p>&mdash; AS Roma (@OfficialASRoma) <a href=\"https:\/\/twitter.com\/OfficialASRoma\/status\/1416408238594080773?ref_src=twsrc%5Etfw\">July 17, 2021<\/a><\/blockquote><script async src=\"https:\/\/platform.twitter.com\/widgets.js\" charset=\"utf-8\"><\/script>\n<\/div><\/figure>\n","protected":false},"excerpt":{"rendered":"<p>Na pr\u00f3xima segunda-feira (10), o elenco principal do Flamengo se apresentar\u00e1 para das in\u00edcio \u00e0s atividades visando a temporada de 2022. Neste primeiro contato do ano, os jogadores se deparar\u00e3o com algumas novidades. A principal delas, de fato, \u00e9 a chegada do t\u00e9cnico Paulo Sousa e sua comiss\u00e3o, contratados para trabalhar pelo time por duas [&hellip;]<\/p>\n","protected":false},"author":4,"featured_media":74394,"comment_status":"open","ping_status":"closed","sticky":false,"template":"","format":"standard","meta":{"footnotes":""},"categories":[1],"tags":[],"class_list":["post-74393","post","type-post","status-publish","format-standard","has-post-thumbnail","hentry","category-flamengo"],"yoast_head":"<!-- This site is optimized with the Yoast SEO Premium plugin v24.2 (Yoast SEO v26.9) - https:\/\/yoast.com\/product\/yoast-seo-premium-wordpress\/ -->\n<title>Paulo Sousa pede, e Flamengo implanta primeira mudan\u00e7a no CT<\/title>\n<meta name=\"robots\" content=\"index, follow, max-snippet:-1, max-image-preview:large, max-video-preview:-1\" \/>\n<link rel=\"canonical\" href=\"https:\/\/www.gaveanews.com\/index.php\/2022\/01\/05\/paulo-sousa-pede-e-flamengo-implanta-primeira-mudanca-no-ct\/\" \/>\n<meta property=\"og:locale\" content=\"pt_BR\" \/>\n<meta property=\"og:type\" content=\"article\" \/>\n<meta property=\"og:title\" content=\"Paulo Sousa pede, e Flamengo implanta primeira mudan\u00e7a no CT\" \/>\n<meta property=\"og:description\" content=\"Na pr\u00f3xima segunda-feira (10), o elenco principal do Flamengo se apresentar\u00e1 para das in\u00edcio \u00e0s atividades visando a temporada de 2022. Neste primeiro contato do ano, os jogadores se deparar\u00e3o com algumas novidades. A principal delas, de fato, \u00e9 a chegada do t\u00e9cnico Paulo Sousa e sua comiss\u00e3o, contratados para trabalhar pelo time por duas [&hellip;]\" \/>\n<meta property=\"og:url\" content=\"https:\/\/www.gaveanews.com\/index.php\/2022\/01\/05\/paulo-sousa-pede-e-flamengo-implanta-primeira-mudanca-no-ct\/\" \/>\n<meta property=\"og:site_name\" content=\"G\u00e1vea News\" \/>\n<meta property=\"article:publisher\" content=\"https:\/\/facebook.com\/gaveaNews\/\" \/>\n<meta property=\"article:published_time\" content=\"2022-01-05T15:54:35+00:00\" \/>\n<meta property=\"article:modified_time\" content=\"2022-01-05T15:54:38+00:00\" \/>\n<meta property=\"og:image\" content=\"https:\/\/www.gaveanews.com\/wp-content\/uploads\/Tecnico-Paulo-Sousa.webp\" \/>\n\t<meta property=\"og:image:width\" content=\"650\" \/>\n\t<meta property=\"og:image:height\" content=\"400\" \/>\n\t<meta property=\"og:image:type\" content=\"image\/jpeg\" \/>\n<meta name=\"author\" content=\"Let\u00edcia Gerheim\" \/>\n<meta name=\"twitter:card\" content=\"summary_large_image\" \/>\n<meta name=\"twitter:label1\" content=\"Escrito por\" \/>\n\t<meta name=\"twitter:data1\" content=\"Let\u00edcia Gerheim\" \/>\n\t<meta name=\"twitter:label2\" content=\"Est. tempo de leitura\" \/>\n\t<meta name=\"twitter:data2\" content=\"1 minuto\" \/>\n<script type=\"application\/ld+json\" class=\"yoast-schema-graph\">{\"@context\":\"https:\/\/schema.org\",\"@graph\":[{\"@type\":\"NewsArticle\",\"@id\":\"https:\/\/www.gaveanews.com\/index.php\/2022\/01\/05\/paulo-sousa-pede-e-flamengo-implanta-primeira-mudanca-no-ct\/#article\",\"isPartOf\":{\"@id\":\"https:\/\/www.gaveanews.com\/index.php\/2022\/01\/05\/paulo-sousa-pede-e-flamengo-implanta-primeira-mudanca-no-ct\/\"},\"author\":{\"name\":\"Let\u00edcia Gerheim\",\"@id\":\"https:\/\/www.gaveanews.com\/#\/schema\/person\/714c67050b836198af2450ba1c142a67\"},\"headline\":\"Paulo Sousa pede, e Flamengo implanta primeira mudan\u00e7a no CT\",\"datePublished\":\"2022-01-05T15:54:35+00:00\",\"dateModified\":\"2022-01-05T15:54:38+00:00\",\"mainEntityOfPage\":{\"@id\":\"https:\/\/www.gaveanews.com\/index.php\/2022\/01\/05\/paulo-sousa-pede-e-flamengo-implanta-primeira-mudanca-no-ct\/\"},\"wordCount\":179,\"commentCount\":40,\"image\":{\"@id\":\"https:\/\/www.gaveanews.com\/index.php\/2022\/01\/05\/paulo-sousa-pede-e-flamengo-implanta-primeira-mudanca-no-ct\/#primaryimage\"},\"thumbnailUrl\":\"https:\/\/www.gaveanews.com\/wp-content\/uploads\/Tecnico-Paulo-Sousa.webp\",\"articleSection\":[\"Flamengo\"],\"inLanguage\":\"pt-BR\",\"potentialAction\":[{\"@type\":\"CommentAction\",\"name\":\"Comment\",\"target\":[\"https:\/\/www.gaveanews.com\/index.php\/2022\/01\/05\/paulo-sousa-pede-e-flamengo-implanta-primeira-mudanca-no-ct\/#respond\"]}],\"copyrightYear\":\"2022\",\"copyrightHolder\":{\"@id\":\"https:\/\/www.gaveanews.com\/#organization\"}},{\"@type\":\"WebPage\",\"@id\":\"https:\/\/www.gaveanews.com\/index.php\/2022\/01\/05\/paulo-sousa-pede-e-flamengo-implanta-primeira-mudanca-no-ct\/\",\"url\":\"https:\/\/www.gaveanews.com\/index.php\/2022\/01\/05\/paulo-sousa-pede-e-flamengo-implanta-primeira-mudanca-no-ct\/\",\"name\":\"Paulo Sousa pede, e Flamengo implanta primeira mudan\u00e7a no CT\",\"isPartOf\":{\"@id\":\"https:\/\/www.gaveanews.com\/#website\"},\"primaryImageOfPage\":{\"@id\":\"https:\/\/www.gaveanews.com\/index.php\/2022\/01\/05\/paulo-sousa-pede-e-flamengo-implanta-primeira-mudanca-no-ct\/#primaryimage\"},\"image\":{\"@id\":\"https:\/\/www.gaveanews.com\/index.php\/2022\/01\/05\/paulo-sousa-pede-e-flamengo-implanta-primeira-mudanca-no-ct\/#primaryimage\"},\"thumbnailUrl\":\"https:\/\/www.gaveanews.com\/wp-content\/uploads\/Tecnico-Paulo-Sousa.webp\",\"datePublished\":\"2022-01-05T15:54:35+00:00\",\"dateModified\":\"2022-01-05T15:54:38+00:00\",\"author\":{\"@id\":\"https:\/\/www.gaveanews.com\/#\/schema\/person\/714c67050b836198af2450ba1c142a67\"},\"breadcrumb\":{\"@id\":\"https:\/\/www.gaveanews.com\/index.php\/2022\/01\/05\/paulo-sousa-pede-e-flamengo-implanta-primeira-mudanca-no-ct\/#breadcrumb\"},\"inLanguage\":\"pt-BR\",\"potentialAction\":[{\"@type\":\"ReadAction\",\"target\":[\"https:\/\/www.gaveanews.com\/index.php\/2022\/01\/05\/paulo-sousa-pede-e-flamengo-implanta-primeira-mudanca-no-ct\/\"]}]},{\"@type\":\"ImageObject\",\"inLanguage\":\"pt-BR\",\"@id\":\"https:\/\/www.gaveanews.com\/index.php\/2022\/01\/05\/paulo-sousa-pede-e-flamengo-implanta-primeira-mudanca-no-ct\/#primaryimage\",\"url\":\"https:\/\/www.gaveanews.com\/wp-content\/uploads\/Tecnico-Paulo-Sousa.webp\",\"contentUrl\":\"https:\/\/www.gaveanews.com\/wp-content\/uploads\/Tecnico-Paulo-Sousa.webp\",\"width\":650,\"height\":400,\"caption\":\"Paulo Sousa, t\u00e9cnico contratado pelo Flamengo para as temporadas 2022 e 2023 (Foto: Divulga\u00e7\u00e3o\/UEFA)\"},{\"@type\":\"BreadcrumbList\",\"@id\":\"https:\/\/www.gaveanews.com\/index.php\/2022\/01\/05\/paulo-sousa-pede-e-flamengo-implanta-primeira-mudanca-no-ct\/#breadcrumb\",\"itemListElement\":[{\"@type\":\"ListItem\",\"position\":1,\"name\":\"Home\",\"item\":\"https:\/\/www.gaveanews.com\/\"},{\"@type\":\"ListItem\",\"position\":2,\"name\":\"Paulo Sousa pede, e Flamengo implanta primeira mudan\u00e7a no CT\"}]},{\"@type\":\"WebSite\",\"@id\":\"https:\/\/www.gaveanews.com\/#website\",\"url\":\"https:\/\/www.gaveanews.com\/\",\"name\":\"G\u00e1vea News\",\"description\":\"Veja todas as not\u00edcias sobre o Flamengo: Contrata\u00e7\u00f5es, categorias de base, resultados das partidas, tabela de classifica\u00e7\u00e3o, pr\u00f3ximos jogos!\",\"potentialAction\":[{\"@type\":\"SearchAction\",\"target\":{\"@type\":\"EntryPoint\",\"urlTemplate\":\"https:\/\/www.gaveanews.com\/?s={search_term_string}\"},\"query-input\":{\"@type\":\"PropertyValueSpecification\",\"valueRequired\":true,\"valueName\":\"search_term_string\"}}],\"inLanguage\":\"pt-BR\"},{\"@type\":\"Person\",\"@id\":\"https:\/\/www.gaveanews.com\/#\/schema\/person\/714c67050b836198af2450ba1c142a67\",\"name\":\"Let\u00edcia Gerheim\",\"image\":{\"@type\":\"ImageObject\",\"inLanguage\":\"pt-BR\",\"@id\":\"https:\/\/www.gaveanews.com\/#\/schema\/person\/image\/\",\"url\":\"https:\/\/secure.gravatar.com\/avatar\/60734739c50fcebfbac509e2a826ccd0ff405c019bc73aab9354f19ecad1dcb4?s=96&d=mm&r=g\",\"contentUrl\":\"https:\/\/secure.gravatar.com\/avatar\/60734739c50fcebfbac509e2a826ccd0ff405c019bc73aab9354f19ecad1dcb4?s=96&d=mm&r=g\",\"caption\":\"Let\u00edcia Gerheim\"}}]}<\/script>\n<!-- \/ Yoast SEO Premium plugin. -->","yoast_head_json":{"title":"Paulo Sousa pede, e Flamengo implanta primeira mudan\u00e7a no CT","robots":{"index":"index","follow":"follow","max-snippet":"max-snippet:-1","max-image-preview":"max-image-preview:large","max-video-preview":"max-video-preview:-1"},"canonical":"https:\/\/www.gaveanews.com\/index.php\/2022\/01\/05\/paulo-sousa-pede-e-flamengo-implanta-primeira-mudanca-no-ct\/","og_locale":"pt_BR","og_type":"article","og_title":"Paulo Sousa pede, e Flamengo implanta primeira mudan\u00e7a no CT","og_description":"Na pr\u00f3xima segunda-feira (10), o elenco principal do Flamengo se apresentar\u00e1 para das in\u00edcio \u00e0s atividades visando a temporada de 2022. Neste primeiro contato do ano, os jogadores se deparar\u00e3o com algumas novidades. A principal delas, de fato, \u00e9 a chegada do t\u00e9cnico Paulo Sousa e sua comiss\u00e3o, contratados para trabalhar pelo time por duas [&hellip;]","og_url":"https:\/\/www.gaveanews.com\/index.php\/2022\/01\/05\/paulo-sousa-pede-e-flamengo-implanta-primeira-mudanca-no-ct\/","og_site_name":"G\u00e1vea News","article_publisher":"https:\/\/facebook.com\/gaveaNews\/","article_published_time":"2022-01-05T15:54:35+00:00","article_modified_time":"2022-01-05T15:54:38+00:00","og_image":[{"width":650,"height":400,"url":"https:\/\/www.gaveanews.com\/wp-content\/uploads\/Tecnico-Paulo-Sousa.webp","type":"image\/jpeg"}],"author":"Let\u00edcia Gerheim","twitter_card":"summary_large_image","twitter_misc":{"Escrito por":"Let\u00edcia Gerheim","Est. tempo de leitura":"1 minuto"},"schema":{"@context":"https:\/\/schema.org","@graph":[{"@type":"NewsArticle","@id":"https:\/\/www.gaveanews.com\/index.php\/2022\/01\/05\/paulo-sousa-pede-e-flamengo-implanta-primeira-mudanca-no-ct\/#article","isPartOf":{"@id":"https:\/\/www.gaveanews.com\/index.php\/2022\/01\/05\/paulo-sousa-pede-e-flamengo-implanta-primeira-mudanca-no-ct\/"},"author":{"name":"Let\u00edcia Gerheim","@id":"https:\/\/www.gaveanews.com\/#\/schema\/person\/714c67050b836198af2450ba1c142a67"},"headline":"Paulo Sousa pede, e Flamengo implanta primeira mudan\u00e7a no CT","datePublished":"2022-01-05T15:54:35+00:00","dateModified":"2022-01-05T15:54:38+00:00","mainEntityOfPage":{"@id":"https:\/\/www.gaveanews.com\/index.php\/2022\/01\/05\/paulo-sousa-pede-e-flamengo-implanta-primeira-mudanca-no-ct\/"},"wordCount":179,"commentCount":40,"image":{"@id":"https:\/\/www.gaveanews.com\/index.php\/2022\/01\/05\/paulo-sousa-pede-e-flamengo-implanta-primeira-mudanca-no-ct\/#primaryimage"},"thumbnailUrl":"https:\/\/www.gaveanews.com\/wp-content\/uploads\/Tecnico-Paulo-Sousa.webp","articleSection":["Flamengo"],"inLanguage":"pt-BR","potentialAction":[{"@type":"CommentAction","name":"Comment","target":["https:\/\/www.gaveanews.com\/index.php\/2022\/01\/05\/paulo-sousa-pede-e-flamengo-implanta-primeira-mudanca-no-ct\/#respond"]}],"copyrightYear":"2022","copyrightHolder":{"@id":"https:\/\/www.gaveanews.com\/#organization"}},{"@type":"WebPage","@id":"https:\/\/www.gaveanews.com\/index.php\/2022\/01\/05\/paulo-sousa-pede-e-flamengo-implanta-primeira-mudanca-no-ct\/","url":"https:\/\/www.gaveanews.com\/index.php\/2022\/01\/05\/paulo-sousa-pede-e-flamengo-implanta-primeira-mudanca-no-ct\/","name":"Paulo Sousa pede, e Flamengo implanta primeira mudan\u00e7a no CT","isPartOf":{"@id":"https:\/\/www.gaveanews.com\/#website"},"primaryImageOfPage":{"@id":"https:\/\/www.gaveanews.com\/index.php\/2022\/01\/05\/paulo-sousa-pede-e-flamengo-implanta-primeira-mudanca-no-ct\/#primaryimage"},"image":{"@id":"https:\/\/www.gaveanews.com\/index.php\/2022\/01\/05\/paulo-sousa-pede-e-flamengo-implanta-primeira-mudanca-no-ct\/#primaryimage"},"thumbnailUrl":"https:\/\/www.gaveanews.com\/wp-content\/uploads\/Tecnico-Paulo-Sousa.webp","datePublished":"2022-01-05T15:54:35+00:00","dateModified":"2022-01-05T15:54:38+00:00","author":{"@id":"https:\/\/www.gaveanews.com\/#\/schema\/person\/714c67050b836198af2450ba1c142a67"},"breadcrumb":{"@id":"https:\/\/www.gaveanews.com\/index.php\/2022\/01\/05\/paulo-sousa-pede-e-flamengo-implanta-primeira-mudanca-no-ct\/#breadcrumb"},"inLanguage":"pt-BR","potentialAction":[{"@type":"ReadAction","target":["https:\/\/www.gaveanews.com\/index.php\/2022\/01\/05\/paulo-sousa-pede-e-flamengo-implanta-primeira-mudanca-no-ct\/"]}]},{"@type":"ImageObject","inLanguage":"pt-BR","@id":"https:\/\/www.gaveanews.com\/index.php\/2022\/01\/05\/paulo-sousa-pede-e-flamengo-implanta-primeira-mudanca-no-ct\/#primaryimage","url":"https:\/\/www.gaveanews.com\/wp-content\/uploads\/Tecnico-Paulo-Sousa.webp","contentUrl":"https:\/\/www.gaveanews.com\/wp-content\/uploads\/Tecnico-Paulo-Sousa.webp","width":650,"height":400,"caption":"Paulo Sousa, t\u00e9cnico contratado pelo Flamengo para as temporadas 2022 e 2023 (Foto: Divulga\u00e7\u00e3o\/UEFA)"},{"@type":"BreadcrumbList","@id":"https:\/\/www.gaveanews.com\/index.php\/2022\/01\/05\/paulo-sousa-pede-e-flamengo-implanta-primeira-mudanca-no-ct\/#breadcrumb","itemListElement":[{"@type":"ListItem","position":1,"name":"Home","item":"https:\/\/www.gaveanews.com\/"},{"@type":"ListItem","position":2,"name":"Paulo Sousa pede, e Flamengo implanta primeira mudan\u00e7a no CT"}]},{"@type":"WebSite","@id":"https:\/\/www.gaveanews.com\/#website","url":"https:\/\/www.gaveanews.com\/","name":"G\u00e1vea News","description":"Veja todas as not\u00edcias sobre o Flamengo: Contrata\u00e7\u00f5es, categorias de base, resultados das partidas, tabela de classifica\u00e7\u00e3o, pr\u00f3ximos jogos!","potentialAction":[{"@type":"SearchAction","target":{"@type":"EntryPoint","urlTemplate":"https:\/\/www.gaveanews.com\/?s={search_term_string}"},"query-input":{"@type":"PropertyValueSpecification","valueRequired":true,"valueName":"search_term_string"}}],"inLanguage":"pt-BR"},{"@type":"Person","@id":"https:\/\/www.gaveanews.com\/#\/schema\/person\/714c67050b836198af2450ba1c142a67","name":"Let\u00edcia Gerheim","image":{"@type":"ImageObject","inLanguage":"pt-BR","@id":"https:\/\/www.gaveanews.com\/#\/schema\/person\/image\/","url":"https:\/\/secure.gravatar.com\/avatar\/60734739c50fcebfbac509e2a826ccd0ff405c019bc73aab9354f19ecad1dcb4?s=96&d=mm&r=g","contentUrl":"https:\/\/secure.gravatar.com\/avatar\/60734739c50fcebfbac509e2a826ccd0ff405c019bc73aab9354f19ecad1dcb4?s=96&d=mm&r=g","caption":"Let\u00edcia Gerheim"}}]}},"_links":{"self":[{"href":"https:\/\/www.gaveanews.com\/index.php\/wp-json\/wp\/v2\/posts\/74393","targetHints":{"allow":["GET"]}}],"collection":[{"href":"https:\/\/www.gaveanews.com\/index.php\/wp-json\/wp\/v2\/posts"}],"about":[{"href":"https:\/\/www.gaveanews.com\/index.php\/wp-json\/wp\/v2\/types\/post"}],"author":[{"embeddable":true,"href":"https:\/\/www.gaveanews.com\/index.php\/wp-json\/wp\/v2\/users\/4"}],"replies":[{"embeddable":true,"href":"https:\/\/www.gaveanews.com\/index.php\/wp-json\/wp\/v2\/comments?post=74393"}],"version-history":[{"count":0,"href":"https:\/\/www.gaveanews.com\/index.php\/wp-json\/wp\/v2\/posts\/74393\/revisions"}],"wp:featuredmedia":[{"embeddable":true,"href":"https:\/\/www.gaveanews.com\/index.php\/wp-json\/wp\/v2\/media\/74394"}],"wp:attachment":[{"href":"https:\/\/www.gaveanews.com\/index.php\/wp-json\/wp\/v2\/media?parent=74393"}],"wp:term":[{"taxonomy":"category","embeddable":true,"href":"https:\/\/www.gaveanews.com\/index.php\/wp-json\/wp\/v2\/categories?post=74393"},{"taxonomy":"post_tag","embeddable":true,"href":"https:\/\/www.gaveanews.com\/index.php\/wp-json\/wp\/v2\/tags?post=74393"}],"curies":[{"name":"wp","href":"https:\/\/api.w.org\/{rel}","templated":true}]}}