{"id":74404,"date":"2022-01-05T15:36:21","date_gmt":"2022-01-05T18:36:21","guid":{"rendered":"https:\/\/www.gaveanews.com\/?p=74404"},"modified":"2022-01-05T15:36:23","modified_gmt":"2022-01-05T18:36:23","slug":"cbf-planeja-reformulacao-na-arbitragem-para-2022","status":"publish","type":"post","link":"https:\/\/www.gaveanews.com\/index.php\/2022\/01\/05\/cbf-planeja-reformulacao-na-arbitragem-para-2022\/","title":{"rendered":"CBF planeja reformula\u00e7\u00e3o na arbitragem para 2022"},"content":{"rendered":"\n<p>As competi\u00e7\u00f5es realizadas pela entidade nacional est\u00e3o sendo planejadas e dever\u00e3o contar com mudan\u00e7as. O presidente Ednaldo Pereira pretende solucionar algumas quest\u00f5es com a arbitragem dos torneios, a qual tem recebido muitas cr\u00edticas ap\u00f3s tomadas de decis\u00f5es incorretas.<\/p>\n\n\n\n<p>A CBF entende que parte das escolhas feitas dentro de campo n\u00e3o coincidem com as regras de jogo, principalmente no tocante \u00e0s interfer\u00eancias do VAR. Para sanar a quest\u00e3o, inicialmente, os \u00e1rbitros receber\u00e3o um novo treinamento.<\/p>\n\n\n\n<p>Outra mudan\u00e7a esperada acontecer\u00e1 no comando do setor. Desde a sa\u00edda do ex-chefe da comiss\u00e3o de arbitragem, Al\u00edcio Pena J\u00fanior o comanda de forma interina. Contudo, ele n\u00e3o permanecer\u00e1 no cargo.<\/p>\n\n\n\n<p>A ideia do presidente da entidade \u00e9 de encontrar um novo profissional para a fun\u00e7\u00e3o. O problema, no entanto, \u00e9 que a entidade est\u00e1 com dificuldades na busca por um consenso em rela\u00e7\u00e3o ao novo nome. <\/p>\n\n\n\n<p>Isso porque, uma ala defende a escolha de Giuliano Bozzano, atual diretor da Escola Nacional de Arbitragem, mas outra quer que o pr\u00f3ximo ocupante da vaga seja algu\u00e9m com experi\u00eancia na \u00e1rea administrativa. A informa\u00e7\u00e3o inicial \u00e9 do portal <em>&#8220;UOL&#8221;<\/em>.<\/p>\n\n\n\n<p>Por isso, existe a possibilidade do novo presidente da Comiss\u00e3o de Arbitragem ser anunciado apenas para a temporada de 2023. Enquanto isso, a CBF realiza mudan\u00e7as relacionadas aos \u00e1rbitros que j\u00e1 possui.<\/p>\n\n\n\n<p>Cabe destacar, por\u00e9m, que alguns profissionais mais conhecidos, como Anderson Daronco e Wilton Pereira Sampaio, far\u00e3o pr\u00e9-temporada com a Conmebol. Al\u00e9m deles, Edina Alves e Daiane Carolina tamb\u00e9m n\u00e3o estar\u00e3o presentes pois est\u00e3o em Portugal participando de cursos preparat\u00f3rios sobre o uso do VAR.<\/p>\n","protected":false},"excerpt":{"rendered":"<p>As competi\u00e7\u00f5es realizadas pela entidade nacional est\u00e3o sendo planejadas e dever\u00e3o contar com mudan\u00e7as. O presidente Ednaldo Pereira pretende solucionar algumas quest\u00f5es com a arbitragem dos torneios, a qual tem recebido muitas cr\u00edticas ap\u00f3s tomadas de decis\u00f5es incorretas. A CBF entende que parte das escolhas feitas dentro de campo n\u00e3o coincidem com as regras de [&hellip;]<\/p>\n","protected":false},"author":4,"featured_media":16271,"comment_status":"open","ping_status":"closed","sticky":false,"template":"","format":"standard","meta":{"footnotes":""},"categories":[1],"tags":[],"class_list":["post-74404","post","type-post","status-publish","format-standard","has-post-thumbnail","hentry","category-flamengo"],"yoast_head":"<!-- This site is optimized with the Yoast SEO Premium plugin v24.2 (Yoast SEO v26.9) - https:\/\/yoast.com\/product\/yoast-seo-premium-wordpress\/ -->\n<title>CBF planeja reformula\u00e7\u00e3o na arbitragem para 2022<\/title>\n<meta name=\"robots\" content=\"index, follow, max-snippet:-1, max-image-preview:large, max-video-preview:-1\" \/>\n<link rel=\"canonical\" href=\"https:\/\/www.gaveanews.com\/index.php\/2022\/01\/05\/cbf-planeja-reformulacao-na-arbitragem-para-2022\/\" \/>\n<meta property=\"og:locale\" content=\"pt_BR\" \/>\n<meta property=\"og:type\" content=\"article\" \/>\n<meta property=\"og:title\" content=\"CBF planeja reformula\u00e7\u00e3o na arbitragem para 2022\" \/>\n<meta property=\"og:description\" content=\"As competi\u00e7\u00f5es realizadas pela entidade nacional est\u00e3o sendo planejadas e dever\u00e3o contar com mudan\u00e7as. O presidente Ednaldo Pereira pretende solucionar algumas quest\u00f5es com a arbitragem dos torneios, a qual tem recebido muitas cr\u00edticas ap\u00f3s tomadas de decis\u00f5es incorretas. A CBF entende que parte das escolhas feitas dentro de campo n\u00e3o coincidem com as regras de [&hellip;]\" \/>\n<meta property=\"og:url\" content=\"https:\/\/www.gaveanews.com\/index.php\/2022\/01\/05\/cbf-planeja-reformulacao-na-arbitragem-para-2022\/\" \/>\n<meta property=\"og:site_name\" content=\"G\u00e1vea News\" \/>\n<meta property=\"article:publisher\" content=\"https:\/\/facebook.com\/gaveaNews\/\" \/>\n<meta property=\"article:published_time\" content=\"2022-01-05T18:36:21+00:00\" \/>\n<meta property=\"article:modified_time\" content=\"2022-01-05T18:36:23+00:00\" \/>\n<meta property=\"og:image\" content=\"https:\/\/www.gaveanews.com\/wp-content\/uploads\/2019\/02\/Sede-da-CBF-no-Rio-de-Janeiro.webp\" \/>\n\t<meta property=\"og:image:width\" content=\"690\" \/>\n\t<meta property=\"og:image:height\" content=\"518\" \/>\n\t<meta property=\"og:image:type\" content=\"image\/jpeg\" \/>\n<meta name=\"author\" content=\"Let\u00edcia Gerheim\" \/>\n<meta name=\"twitter:card\" content=\"summary_large_image\" \/>\n<meta name=\"twitter:label1\" content=\"Escrito por\" \/>\n\t<meta name=\"twitter:data1\" content=\"Let\u00edcia Gerheim\" \/>\n\t<meta name=\"twitter:label2\" content=\"Est. tempo de leitura\" \/>\n\t<meta name=\"twitter:data2\" content=\"2 minutos\" \/>\n<script type=\"application\/ld+json\" class=\"yoast-schema-graph\">{\"@context\":\"https:\/\/schema.org\",\"@graph\":[{\"@type\":\"NewsArticle\",\"@id\":\"https:\/\/www.gaveanews.com\/index.php\/2022\/01\/05\/cbf-planeja-reformulacao-na-arbitragem-para-2022\/#article\",\"isPartOf\":{\"@id\":\"https:\/\/www.gaveanews.com\/index.php\/2022\/01\/05\/cbf-planeja-reformulacao-na-arbitragem-para-2022\/\"},\"author\":{\"name\":\"Let\u00edcia Gerheim\",\"@id\":\"https:\/\/www.gaveanews.com\/#\/schema\/person\/714c67050b836198af2450ba1c142a67\"},\"headline\":\"CBF planeja reformula\u00e7\u00e3o na arbitragem para 2022\",\"datePublished\":\"2022-01-05T18:36:21+00:00\",\"dateModified\":\"2022-01-05T18:36:23+00:00\",\"mainEntityOfPage\":{\"@id\":\"https:\/\/www.gaveanews.com\/index.php\/2022\/01\/05\/cbf-planeja-reformulacao-na-arbitragem-para-2022\/\"},\"wordCount\":295,\"commentCount\":7,\"image\":{\"@id\":\"https:\/\/www.gaveanews.com\/index.php\/2022\/01\/05\/cbf-planeja-reformulacao-na-arbitragem-para-2022\/#primaryimage\"},\"thumbnailUrl\":\"https:\/\/www.gaveanews.com\/wp-content\/uploads\/2019\/02\/Sede-da-CBF-no-Rio-de-Janeiro.webp\",\"articleSection\":[\"Flamengo\"],\"inLanguage\":\"pt-BR\",\"potentialAction\":[{\"@type\":\"CommentAction\",\"name\":\"Comment\",\"target\":[\"https:\/\/www.gaveanews.com\/index.php\/2022\/01\/05\/cbf-planeja-reformulacao-na-arbitragem-para-2022\/#respond\"]}],\"copyrightYear\":\"2022\",\"copyrightHolder\":{\"@id\":\"https:\/\/www.gaveanews.com\/#organization\"}},{\"@type\":\"WebPage\",\"@id\":\"https:\/\/www.gaveanews.com\/index.php\/2022\/01\/05\/cbf-planeja-reformulacao-na-arbitragem-para-2022\/\",\"url\":\"https:\/\/www.gaveanews.com\/index.php\/2022\/01\/05\/cbf-planeja-reformulacao-na-arbitragem-para-2022\/\",\"name\":\"CBF planeja reformula\u00e7\u00e3o na arbitragem para 2022\",\"isPartOf\":{\"@id\":\"https:\/\/www.gaveanews.com\/#website\"},\"primaryImageOfPage\":{\"@id\":\"https:\/\/www.gaveanews.com\/index.php\/2022\/01\/05\/cbf-planeja-reformulacao-na-arbitragem-para-2022\/#primaryimage\"},\"image\":{\"@id\":\"https:\/\/www.gaveanews.com\/index.php\/2022\/01\/05\/cbf-planeja-reformulacao-na-arbitragem-para-2022\/#primaryimage\"},\"thumbnailUrl\":\"https:\/\/www.gaveanews.com\/wp-content\/uploads\/2019\/02\/Sede-da-CBF-no-Rio-de-Janeiro.webp\",\"datePublished\":\"2022-01-05T18:36:21+00:00\",\"dateModified\":\"2022-01-05T18:36:23+00:00\",\"author\":{\"@id\":\"https:\/\/www.gaveanews.com\/#\/schema\/person\/714c67050b836198af2450ba1c142a67\"},\"breadcrumb\":{\"@id\":\"https:\/\/www.gaveanews.com\/index.php\/2022\/01\/05\/cbf-planeja-reformulacao-na-arbitragem-para-2022\/#breadcrumb\"},\"inLanguage\":\"pt-BR\",\"potentialAction\":[{\"@type\":\"ReadAction\",\"target\":[\"https:\/\/www.gaveanews.com\/index.php\/2022\/01\/05\/cbf-planeja-reformulacao-na-arbitragem-para-2022\/\"]}]},{\"@type\":\"ImageObject\",\"inLanguage\":\"pt-BR\",\"@id\":\"https:\/\/www.gaveanews.com\/index.php\/2022\/01\/05\/cbf-planeja-reformulacao-na-arbitragem-para-2022\/#primaryimage\",\"url\":\"https:\/\/www.gaveanews.com\/wp-content\/uploads\/2019\/02\/Sede-da-CBF-no-Rio-de-Janeiro.webp\",\"contentUrl\":\"https:\/\/www.gaveanews.com\/wp-content\/uploads\/2019\/02\/Sede-da-CBF-no-Rio-de-Janeiro.webp\",\"width\":690,\"height\":518,\"caption\":\"Sede da CBF no Rio de Janeiro (Foto: Cah\u00ea Mota\/Globo Esporte)\"},{\"@type\":\"BreadcrumbList\",\"@id\":\"https:\/\/www.gaveanews.com\/index.php\/2022\/01\/05\/cbf-planeja-reformulacao-na-arbitragem-para-2022\/#breadcrumb\",\"itemListElement\":[{\"@type\":\"ListItem\",\"position\":1,\"name\":\"Home\",\"item\":\"https:\/\/www.gaveanews.com\/\"},{\"@type\":\"ListItem\",\"position\":2,\"name\":\"CBF planeja reformula\u00e7\u00e3o na arbitragem para 2022\"}]},{\"@type\":\"WebSite\",\"@id\":\"https:\/\/www.gaveanews.com\/#website\",\"url\":\"https:\/\/www.gaveanews.com\/\",\"name\":\"G\u00e1vea News\",\"description\":\"Veja todas as not\u00edcias sobre o Flamengo: Contrata\u00e7\u00f5es, categorias de base, resultados das partidas, tabela de classifica\u00e7\u00e3o, pr\u00f3ximos jogos!\",\"potentialAction\":[{\"@type\":\"SearchAction\",\"target\":{\"@type\":\"EntryPoint\",\"urlTemplate\":\"https:\/\/www.gaveanews.com\/?s={search_term_string}\"},\"query-input\":{\"@type\":\"PropertyValueSpecification\",\"valueRequired\":true,\"valueName\":\"search_term_string\"}}],\"inLanguage\":\"pt-BR\"},{\"@type\":\"Person\",\"@id\":\"https:\/\/www.gaveanews.com\/#\/schema\/person\/714c67050b836198af2450ba1c142a67\",\"name\":\"Let\u00edcia Gerheim\",\"image\":{\"@type\":\"ImageObject\",\"inLanguage\":\"pt-BR\",\"@id\":\"https:\/\/www.gaveanews.com\/#\/schema\/person\/image\/\",\"url\":\"https:\/\/secure.gravatar.com\/avatar\/60734739c50fcebfbac509e2a826ccd0ff405c019bc73aab9354f19ecad1dcb4?s=96&d=mm&r=g\",\"contentUrl\":\"https:\/\/secure.gravatar.com\/avatar\/60734739c50fcebfbac509e2a826ccd0ff405c019bc73aab9354f19ecad1dcb4?s=96&d=mm&r=g\",\"caption\":\"Let\u00edcia Gerheim\"}}]}<\/script>\n<!-- \/ Yoast SEO Premium plugin. -->","yoast_head_json":{"title":"CBF planeja reformula\u00e7\u00e3o na arbitragem para 2022","robots":{"index":"index","follow":"follow","max-snippet":"max-snippet:-1","max-image-preview":"max-image-preview:large","max-video-preview":"max-video-preview:-1"},"canonical":"https:\/\/www.gaveanews.com\/index.php\/2022\/01\/05\/cbf-planeja-reformulacao-na-arbitragem-para-2022\/","og_locale":"pt_BR","og_type":"article","og_title":"CBF planeja reformula\u00e7\u00e3o na arbitragem para 2022","og_description":"As competi\u00e7\u00f5es realizadas pela entidade nacional est\u00e3o sendo planejadas e dever\u00e3o contar com mudan\u00e7as. O presidente Ednaldo Pereira pretende solucionar algumas quest\u00f5es com a arbitragem dos torneios, a qual tem recebido muitas cr\u00edticas ap\u00f3s tomadas de decis\u00f5es incorretas. A CBF entende que parte das escolhas feitas dentro de campo n\u00e3o coincidem com as regras de [&hellip;]","og_url":"https:\/\/www.gaveanews.com\/index.php\/2022\/01\/05\/cbf-planeja-reformulacao-na-arbitragem-para-2022\/","og_site_name":"G\u00e1vea News","article_publisher":"https:\/\/facebook.com\/gaveaNews\/","article_published_time":"2022-01-05T18:36:21+00:00","article_modified_time":"2022-01-05T18:36:23+00:00","og_image":[{"width":690,"height":518,"url":"https:\/\/www.gaveanews.com\/wp-content\/uploads\/2019\/02\/Sede-da-CBF-no-Rio-de-Janeiro.webp","type":"image\/jpeg"}],"author":"Let\u00edcia Gerheim","twitter_card":"summary_large_image","twitter_misc":{"Escrito por":"Let\u00edcia Gerheim","Est. tempo de leitura":"2 minutos"},"schema":{"@context":"https:\/\/schema.org","@graph":[{"@type":"NewsArticle","@id":"https:\/\/www.gaveanews.com\/index.php\/2022\/01\/05\/cbf-planeja-reformulacao-na-arbitragem-para-2022\/#article","isPartOf":{"@id":"https:\/\/www.gaveanews.com\/index.php\/2022\/01\/05\/cbf-planeja-reformulacao-na-arbitragem-para-2022\/"},"author":{"name":"Let\u00edcia Gerheim","@id":"https:\/\/www.gaveanews.com\/#\/schema\/person\/714c67050b836198af2450ba1c142a67"},"headline":"CBF planeja reformula\u00e7\u00e3o na arbitragem para 2022","datePublished":"2022-01-05T18:36:21+00:00","dateModified":"2022-01-05T18:36:23+00:00","mainEntityOfPage":{"@id":"https:\/\/www.gaveanews.com\/index.php\/2022\/01\/05\/cbf-planeja-reformulacao-na-arbitragem-para-2022\/"},"wordCount":295,"commentCount":7,"image":{"@id":"https:\/\/www.gaveanews.com\/index.php\/2022\/01\/05\/cbf-planeja-reformulacao-na-arbitragem-para-2022\/#primaryimage"},"thumbnailUrl":"https:\/\/www.gaveanews.com\/wp-content\/uploads\/2019\/02\/Sede-da-CBF-no-Rio-de-Janeiro.webp","articleSection":["Flamengo"],"inLanguage":"pt-BR","potentialAction":[{"@type":"CommentAction","name":"Comment","target":["https:\/\/www.gaveanews.com\/index.php\/2022\/01\/05\/cbf-planeja-reformulacao-na-arbitragem-para-2022\/#respond"]}],"copyrightYear":"2022","copyrightHolder":{"@id":"https:\/\/www.gaveanews.com\/#organization"}},{"@type":"WebPage","@id":"https:\/\/www.gaveanews.com\/index.php\/2022\/01\/05\/cbf-planeja-reformulacao-na-arbitragem-para-2022\/","url":"https:\/\/www.gaveanews.com\/index.php\/2022\/01\/05\/cbf-planeja-reformulacao-na-arbitragem-para-2022\/","name":"CBF planeja reformula\u00e7\u00e3o na arbitragem para 2022","isPartOf":{"@id":"https:\/\/www.gaveanews.com\/#website"},"primaryImageOfPage":{"@id":"https:\/\/www.gaveanews.com\/index.php\/2022\/01\/05\/cbf-planeja-reformulacao-na-arbitragem-para-2022\/#primaryimage"},"image":{"@id":"https:\/\/www.gaveanews.com\/index.php\/2022\/01\/05\/cbf-planeja-reformulacao-na-arbitragem-para-2022\/#primaryimage"},"thumbnailUrl":"https:\/\/www.gaveanews.com\/wp-content\/uploads\/2019\/02\/Sede-da-CBF-no-Rio-de-Janeiro.webp","datePublished":"2022-01-05T18:36:21+00:00","dateModified":"2022-01-05T18:36:23+00:00","author":{"@id":"https:\/\/www.gaveanews.com\/#\/schema\/person\/714c67050b836198af2450ba1c142a67"},"breadcrumb":{"@id":"https:\/\/www.gaveanews.com\/index.php\/2022\/01\/05\/cbf-planeja-reformulacao-na-arbitragem-para-2022\/#breadcrumb"},"inLanguage":"pt-BR","potentialAction":[{"@type":"ReadAction","target":["https:\/\/www.gaveanews.com\/index.php\/2022\/01\/05\/cbf-planeja-reformulacao-na-arbitragem-para-2022\/"]}]},{"@type":"ImageObject","inLanguage":"pt-BR","@id":"https:\/\/www.gaveanews.com\/index.php\/2022\/01\/05\/cbf-planeja-reformulacao-na-arbitragem-para-2022\/#primaryimage","url":"https:\/\/www.gaveanews.com\/wp-content\/uploads\/2019\/02\/Sede-da-CBF-no-Rio-de-Janeiro.webp","contentUrl":"https:\/\/www.gaveanews.com\/wp-content\/uploads\/2019\/02\/Sede-da-CBF-no-Rio-de-Janeiro.webp","width":690,"height":518,"caption":"Sede da CBF no Rio de Janeiro (Foto: Cah\u00ea Mota\/Globo Esporte)"},{"@type":"BreadcrumbList","@id":"https:\/\/www.gaveanews.com\/index.php\/2022\/01\/05\/cbf-planeja-reformulacao-na-arbitragem-para-2022\/#breadcrumb","itemListElement":[{"@type":"ListItem","position":1,"name":"Home","item":"https:\/\/www.gaveanews.com\/"},{"@type":"ListItem","position":2,"name":"CBF planeja reformula\u00e7\u00e3o na arbitragem para 2022"}]},{"@type":"WebSite","@id":"https:\/\/www.gaveanews.com\/#website","url":"https:\/\/www.gaveanews.com\/","name":"G\u00e1vea News","description":"Veja todas as not\u00edcias sobre o Flamengo: Contrata\u00e7\u00f5es, categorias de base, resultados das partidas, tabela de classifica\u00e7\u00e3o, pr\u00f3ximos jogos!","potentialAction":[{"@type":"SearchAction","target":{"@type":"EntryPoint","urlTemplate":"https:\/\/www.gaveanews.com\/?s={search_term_string}"},"query-input":{"@type":"PropertyValueSpecification","valueRequired":true,"valueName":"search_term_string"}}],"inLanguage":"pt-BR"},{"@type":"Person","@id":"https:\/\/www.gaveanews.com\/#\/schema\/person\/714c67050b836198af2450ba1c142a67","name":"Let\u00edcia Gerheim","image":{"@type":"ImageObject","inLanguage":"pt-BR","@id":"https:\/\/www.gaveanews.com\/#\/schema\/person\/image\/","url":"https:\/\/secure.gravatar.com\/avatar\/60734739c50fcebfbac509e2a826ccd0ff405c019bc73aab9354f19ecad1dcb4?s=96&d=mm&r=g","contentUrl":"https:\/\/secure.gravatar.com\/avatar\/60734739c50fcebfbac509e2a826ccd0ff405c019bc73aab9354f19ecad1dcb4?s=96&d=mm&r=g","caption":"Let\u00edcia Gerheim"}}]}},"_links":{"self":[{"href":"https:\/\/www.gaveanews.com\/index.php\/wp-json\/wp\/v2\/posts\/74404","targetHints":{"allow":["GET"]}}],"collection":[{"href":"https:\/\/www.gaveanews.com\/index.php\/wp-json\/wp\/v2\/posts"}],"about":[{"href":"https:\/\/www.gaveanews.com\/index.php\/wp-json\/wp\/v2\/types\/post"}],"author":[{"embeddable":true,"href":"https:\/\/www.gaveanews.com\/index.php\/wp-json\/wp\/v2\/users\/4"}],"replies":[{"embeddable":true,"href":"https:\/\/www.gaveanews.com\/index.php\/wp-json\/wp\/v2\/comments?post=74404"}],"version-history":[{"count":0,"href":"https:\/\/www.gaveanews.com\/index.php\/wp-json\/wp\/v2\/posts\/74404\/revisions"}],"wp:featuredmedia":[{"embeddable":true,"href":"https:\/\/www.gaveanews.com\/index.php\/wp-json\/wp\/v2\/media\/16271"}],"wp:attachment":[{"href":"https:\/\/www.gaveanews.com\/index.php\/wp-json\/wp\/v2\/media?parent=74404"}],"wp:term":[{"taxonomy":"category","embeddable":true,"href":"https:\/\/www.gaveanews.com\/index.php\/wp-json\/wp\/v2\/categories?post=74404"},{"taxonomy":"post_tag","embeddable":true,"href":"https:\/\/www.gaveanews.com\/index.php\/wp-json\/wp\/v2\/tags?post=74404"}],"curies":[{"name":"wp","href":"https:\/\/api.w.org\/{rel}","templated":true}]}}