{"id":74414,"date":"2022-01-05T18:15:35","date_gmt":"2022-01-05T21:15:35","guid":{"rendered":"https:\/\/www.gaveanews.com\/?p=74414"},"modified":"2022-01-05T18:15:38","modified_gmt":"2022-01-05T21:15:38","slug":"comentarista-da-espn-critica-paulo-sousa-por-pedir-telao-no-ct-do-fla","status":"publish","type":"post","link":"https:\/\/www.gaveanews.com\/index.php\/2022\/01\/05\/comentarista-da-espn-critica-paulo-sousa-por-pedir-telao-no-ct-do-fla\/","title":{"rendered":"Comentarista da ESPN critica Paulo Sousa por pedir tel\u00e3o no CT do Fla"},"content":{"rendered":"\n<p>De Portugal e h\u00e1 poucos dias de realizar sua primeira atividade junto ao elenco do Flamengo, Paulo Sousa solicitou aos dirigentes que coloquem um tel\u00e3o no campo do CT rubro-negro. <a href=\"https:\/\/www.gaveanews.com\/index.php\/2022\/01\/05\/paulo-sousa-pede-e-flamengo-implanta-primeira-mudanca-no-ct\/\">(Veja como a novidade funcionar\u00e1)<\/a><\/p>\n\n\n\n<p>A ideia do t\u00e9cnico \u00e9 de trazer uma tecnologia que possibilite a realiza\u00e7\u00e3o ajustes imediatos na beira do gramado e, por consequ\u00eancia, melhore a qualidade dos treinamentos. O pedido foi aceito e o Mais Querido j\u00e1 encomendou o equipamento.<\/p>\n\n\n\n<p>Por\u00e9m, embora a iniciativa do treinador tenha animado a muitos torcedores, o comentarista Z\u00e9 Elias n\u00e3o curtiu o pedido de Paulo Sousa e criticou o t\u00e9cnico.<\/p>\n\n\n\n<p><em><strong>\u2014 Esse neg\u00f3cio do Paulo Sousa pedir tel\u00e3o no CT do Flamengo \u00e9 exagero. N\u00e3o precisa ficar mostrando para todo mundo o que voc\u00ea pode fazer. Particularmente, n\u00e3o concordo com isso. J\u00e1 chegou exagerando. Mas faz parte do Paulo Sousa, conhecendo ele<\/strong><\/em> &#8211; disse o comentarista em programa da ESPN.<\/p>\n\n\n\n<p>Z\u00e9 Elias e Paulo Sousa atuaram juntos na temporada de 1988\/89, quando defendiam a Inter de Mil\u00e3o. Al\u00e9m disso, os ex-jogadores tamb\u00e9m j\u00e1 se enfrentaram dentro das quatro linhas, jogando em times opostos em pa\u00edses como Alemanha, It\u00e1lia e Gr\u00e9cia.<\/p>\n\n\n\n<p>Apesar do coment\u00e1rio, o Flamengo acatou o pedido feito pelo t\u00e9cnico e receber\u00e1 o equipamento em breve. O tel\u00e3o, no entanto, deve chegar ap\u00f3s a reapresenta\u00e7\u00e3o do elenco principal. A primeira atividade dos jogadores acontecer\u00e1 na pr\u00f3xima segunda-feira (10).<\/p>\n","protected":false},"excerpt":{"rendered":"<p>De Portugal e h\u00e1 poucos dias de realizar sua primeira atividade junto ao elenco do Flamengo, Paulo Sousa solicitou aos dirigentes que coloquem um tel\u00e3o no campo do CT rubro-negro. (Veja como a novidade funcionar\u00e1) A ideia do t\u00e9cnico \u00e9 de trazer uma tecnologia que possibilite a realiza\u00e7\u00e3o ajustes imediatos na beira do gramado e, [&hellip;]<\/p>\n","protected":false},"author":4,"featured_media":74235,"comment_status":"open","ping_status":"closed","sticky":false,"template":"","format":"standard","meta":{"footnotes":""},"categories":[1],"tags":[],"class_list":["post-74414","post","type-post","status-publish","format-standard","has-post-thumbnail","hentry","category-flamengo"],"yoast_head":"<!-- This site is optimized with the Yoast SEO Premium plugin v24.2 (Yoast SEO v26.9) - https:\/\/yoast.com\/product\/yoast-seo-premium-wordpress\/ -->\n<title>Comentarista da ESPN critica Paulo Sousa por pedir tel\u00e3o no CT do Fla<\/title>\n<meta name=\"robots\" content=\"index, follow, max-snippet:-1, max-image-preview:large, max-video-preview:-1\" \/>\n<link rel=\"canonical\" href=\"https:\/\/www.gaveanews.com\/index.php\/2022\/01\/05\/comentarista-da-espn-critica-paulo-sousa-por-pedir-telao-no-ct-do-fla\/\" \/>\n<meta property=\"og:locale\" content=\"pt_BR\" \/>\n<meta property=\"og:type\" content=\"article\" \/>\n<meta property=\"og:title\" content=\"Comentarista da ESPN critica Paulo Sousa por pedir tel\u00e3o no CT do Fla\" \/>\n<meta property=\"og:description\" content=\"De Portugal e h\u00e1 poucos dias de realizar sua primeira atividade junto ao elenco do Flamengo, Paulo Sousa solicitou aos dirigentes que coloquem um tel\u00e3o no campo do CT rubro-negro. (Veja como a novidade funcionar\u00e1) A ideia do t\u00e9cnico \u00e9 de trazer uma tecnologia que possibilite a realiza\u00e7\u00e3o ajustes imediatos na beira do gramado e, [&hellip;]\" \/>\n<meta property=\"og:url\" content=\"https:\/\/www.gaveanews.com\/index.php\/2022\/01\/05\/comentarista-da-espn-critica-paulo-sousa-por-pedir-telao-no-ct-do-fla\/\" \/>\n<meta property=\"og:site_name\" content=\"G\u00e1vea News\" \/>\n<meta property=\"article:publisher\" content=\"https:\/\/facebook.com\/gaveaNews\/\" \/>\n<meta property=\"article:published_time\" content=\"2022-01-05T21:15:35+00:00\" \/>\n<meta property=\"article:modified_time\" content=\"2022-01-05T21:15:38+00:00\" \/>\n<meta property=\"og:image\" content=\"https:\/\/www.gaveanews.com\/wp-content\/uploads\/Paulo-Sousa-tecnico-do-Flamengo.webp\" \/>\n\t<meta property=\"og:image:width\" content=\"846\" \/>\n\t<meta property=\"og:image:height\" content=\"475\" \/>\n\t<meta property=\"og:image:type\" content=\"image\/jpeg\" \/>\n<meta name=\"author\" content=\"Let\u00edcia Gerheim\" \/>\n<meta name=\"twitter:card\" content=\"summary_large_image\" \/>\n<meta name=\"twitter:label1\" content=\"Escrito por\" \/>\n\t<meta name=\"twitter:data1\" content=\"Let\u00edcia Gerheim\" \/>\n\t<meta name=\"twitter:label2\" content=\"Est. tempo de leitura\" \/>\n\t<meta name=\"twitter:data2\" content=\"1 minuto\" \/>\n<script type=\"application\/ld+json\" class=\"yoast-schema-graph\">{\"@context\":\"https:\/\/schema.org\",\"@graph\":[{\"@type\":\"NewsArticle\",\"@id\":\"https:\/\/www.gaveanews.com\/index.php\/2022\/01\/05\/comentarista-da-espn-critica-paulo-sousa-por-pedir-telao-no-ct-do-fla\/#article\",\"isPartOf\":{\"@id\":\"https:\/\/www.gaveanews.com\/index.php\/2022\/01\/05\/comentarista-da-espn-critica-paulo-sousa-por-pedir-telao-no-ct-do-fla\/\"},\"author\":{\"name\":\"Let\u00edcia Gerheim\",\"@id\":\"https:\/\/www.gaveanews.com\/#\/schema\/person\/714c67050b836198af2450ba1c142a67\"},\"headline\":\"Comentarista da ESPN critica Paulo Sousa por pedir tel\u00e3o no CT do Fla\",\"datePublished\":\"2022-01-05T21:15:35+00:00\",\"dateModified\":\"2022-01-05T21:15:38+00:00\",\"mainEntityOfPage\":{\"@id\":\"https:\/\/www.gaveanews.com\/index.php\/2022\/01\/05\/comentarista-da-espn-critica-paulo-sousa-por-pedir-telao-no-ct-do-fla\/\"},\"wordCount\":261,\"commentCount\":49,\"image\":{\"@id\":\"https:\/\/www.gaveanews.com\/index.php\/2022\/01\/05\/comentarista-da-espn-critica-paulo-sousa-por-pedir-telao-no-ct-do-fla\/#primaryimage\"},\"thumbnailUrl\":\"https:\/\/www.gaveanews.com\/wp-content\/uploads\/Paulo-Sousa-tecnico-do-Flamengo.webp\",\"articleSection\":[\"Flamengo\"],\"inLanguage\":\"pt-BR\",\"potentialAction\":[{\"@type\":\"CommentAction\",\"name\":\"Comment\",\"target\":[\"https:\/\/www.gaveanews.com\/index.php\/2022\/01\/05\/comentarista-da-espn-critica-paulo-sousa-por-pedir-telao-no-ct-do-fla\/#respond\"]}],\"copyrightYear\":\"2022\",\"copyrightHolder\":{\"@id\":\"https:\/\/www.gaveanews.com\/#organization\"}},{\"@type\":\"WebPage\",\"@id\":\"https:\/\/www.gaveanews.com\/index.php\/2022\/01\/05\/comentarista-da-espn-critica-paulo-sousa-por-pedir-telao-no-ct-do-fla\/\",\"url\":\"https:\/\/www.gaveanews.com\/index.php\/2022\/01\/05\/comentarista-da-espn-critica-paulo-sousa-por-pedir-telao-no-ct-do-fla\/\",\"name\":\"Comentarista da ESPN critica Paulo Sousa por pedir tel\u00e3o no CT do Fla\",\"isPartOf\":{\"@id\":\"https:\/\/www.gaveanews.com\/#website\"},\"primaryImageOfPage\":{\"@id\":\"https:\/\/www.gaveanews.com\/index.php\/2022\/01\/05\/comentarista-da-espn-critica-paulo-sousa-por-pedir-telao-no-ct-do-fla\/#primaryimage\"},\"image\":{\"@id\":\"https:\/\/www.gaveanews.com\/index.php\/2022\/01\/05\/comentarista-da-espn-critica-paulo-sousa-por-pedir-telao-no-ct-do-fla\/#primaryimage\"},\"thumbnailUrl\":\"https:\/\/www.gaveanews.com\/wp-content\/uploads\/Paulo-Sousa-tecnico-do-Flamengo.webp\",\"datePublished\":\"2022-01-05T21:15:35+00:00\",\"dateModified\":\"2022-01-05T21:15:38+00:00\",\"author\":{\"@id\":\"https:\/\/www.gaveanews.com\/#\/schema\/person\/714c67050b836198af2450ba1c142a67\"},\"breadcrumb\":{\"@id\":\"https:\/\/www.gaveanews.com\/index.php\/2022\/01\/05\/comentarista-da-espn-critica-paulo-sousa-por-pedir-telao-no-ct-do-fla\/#breadcrumb\"},\"inLanguage\":\"pt-BR\",\"potentialAction\":[{\"@type\":\"ReadAction\",\"target\":[\"https:\/\/www.gaveanews.com\/index.php\/2022\/01\/05\/comentarista-da-espn-critica-paulo-sousa-por-pedir-telao-no-ct-do-fla\/\"]}]},{\"@type\":\"ImageObject\",\"inLanguage\":\"pt-BR\",\"@id\":\"https:\/\/www.gaveanews.com\/index.php\/2022\/01\/05\/comentarista-da-espn-critica-paulo-sousa-por-pedir-telao-no-ct-do-fla\/#primaryimage\",\"url\":\"https:\/\/www.gaveanews.com\/wp-content\/uploads\/Paulo-Sousa-tecnico-do-Flamengo.webp\",\"contentUrl\":\"https:\/\/www.gaveanews.com\/wp-content\/uploads\/Paulo-Sousa-tecnico-do-Flamengo.webp\",\"width\":846,\"height\":475,\"caption\":\"Paulo Sousa, t\u00e9cnico do Flamengo (Foto: Vicenzo Pinto\/AFP)\"},{\"@type\":\"BreadcrumbList\",\"@id\":\"https:\/\/www.gaveanews.com\/index.php\/2022\/01\/05\/comentarista-da-espn-critica-paulo-sousa-por-pedir-telao-no-ct-do-fla\/#breadcrumb\",\"itemListElement\":[{\"@type\":\"ListItem\",\"position\":1,\"name\":\"Home\",\"item\":\"https:\/\/www.gaveanews.com\/\"},{\"@type\":\"ListItem\",\"position\":2,\"name\":\"Comentarista da ESPN critica Paulo Sousa por pedir tel\u00e3o no CT do Fla\"}]},{\"@type\":\"WebSite\",\"@id\":\"https:\/\/www.gaveanews.com\/#website\",\"url\":\"https:\/\/www.gaveanews.com\/\",\"name\":\"G\u00e1vea News\",\"description\":\"Veja todas as not\u00edcias sobre o Flamengo: Contrata\u00e7\u00f5es, categorias de base, resultados das partidas, tabela de classifica\u00e7\u00e3o, pr\u00f3ximos jogos!\",\"potentialAction\":[{\"@type\":\"SearchAction\",\"target\":{\"@type\":\"EntryPoint\",\"urlTemplate\":\"https:\/\/www.gaveanews.com\/?s={search_term_string}\"},\"query-input\":{\"@type\":\"PropertyValueSpecification\",\"valueRequired\":true,\"valueName\":\"search_term_string\"}}],\"inLanguage\":\"pt-BR\"},{\"@type\":\"Person\",\"@id\":\"https:\/\/www.gaveanews.com\/#\/schema\/person\/714c67050b836198af2450ba1c142a67\",\"name\":\"Let\u00edcia Gerheim\",\"image\":{\"@type\":\"ImageObject\",\"inLanguage\":\"pt-BR\",\"@id\":\"https:\/\/www.gaveanews.com\/#\/schema\/person\/image\/\",\"url\":\"https:\/\/secure.gravatar.com\/avatar\/60734739c50fcebfbac509e2a826ccd0ff405c019bc73aab9354f19ecad1dcb4?s=96&d=mm&r=g\",\"contentUrl\":\"https:\/\/secure.gravatar.com\/avatar\/60734739c50fcebfbac509e2a826ccd0ff405c019bc73aab9354f19ecad1dcb4?s=96&d=mm&r=g\",\"caption\":\"Let\u00edcia Gerheim\"}}]}<\/script>\n<!-- \/ Yoast SEO Premium plugin. -->","yoast_head_json":{"title":"Comentarista da ESPN critica Paulo Sousa por pedir tel\u00e3o no CT do Fla","robots":{"index":"index","follow":"follow","max-snippet":"max-snippet:-1","max-image-preview":"max-image-preview:large","max-video-preview":"max-video-preview:-1"},"canonical":"https:\/\/www.gaveanews.com\/index.php\/2022\/01\/05\/comentarista-da-espn-critica-paulo-sousa-por-pedir-telao-no-ct-do-fla\/","og_locale":"pt_BR","og_type":"article","og_title":"Comentarista da ESPN critica Paulo Sousa por pedir tel\u00e3o no CT do Fla","og_description":"De Portugal e h\u00e1 poucos dias de realizar sua primeira atividade junto ao elenco do Flamengo, Paulo Sousa solicitou aos dirigentes que coloquem um tel\u00e3o no campo do CT rubro-negro. (Veja como a novidade funcionar\u00e1) A ideia do t\u00e9cnico \u00e9 de trazer uma tecnologia que possibilite a realiza\u00e7\u00e3o ajustes imediatos na beira do gramado e, [&hellip;]","og_url":"https:\/\/www.gaveanews.com\/index.php\/2022\/01\/05\/comentarista-da-espn-critica-paulo-sousa-por-pedir-telao-no-ct-do-fla\/","og_site_name":"G\u00e1vea News","article_publisher":"https:\/\/facebook.com\/gaveaNews\/","article_published_time":"2022-01-05T21:15:35+00:00","article_modified_time":"2022-01-05T21:15:38+00:00","og_image":[{"width":846,"height":475,"url":"https:\/\/www.gaveanews.com\/wp-content\/uploads\/Paulo-Sousa-tecnico-do-Flamengo.webp","type":"image\/jpeg"}],"author":"Let\u00edcia Gerheim","twitter_card":"summary_large_image","twitter_misc":{"Escrito por":"Let\u00edcia Gerheim","Est. tempo de leitura":"1 minuto"},"schema":{"@context":"https:\/\/schema.org","@graph":[{"@type":"NewsArticle","@id":"https:\/\/www.gaveanews.com\/index.php\/2022\/01\/05\/comentarista-da-espn-critica-paulo-sousa-por-pedir-telao-no-ct-do-fla\/#article","isPartOf":{"@id":"https:\/\/www.gaveanews.com\/index.php\/2022\/01\/05\/comentarista-da-espn-critica-paulo-sousa-por-pedir-telao-no-ct-do-fla\/"},"author":{"name":"Let\u00edcia Gerheim","@id":"https:\/\/www.gaveanews.com\/#\/schema\/person\/714c67050b836198af2450ba1c142a67"},"headline":"Comentarista da ESPN critica Paulo Sousa por pedir tel\u00e3o no CT do Fla","datePublished":"2022-01-05T21:15:35+00:00","dateModified":"2022-01-05T21:15:38+00:00","mainEntityOfPage":{"@id":"https:\/\/www.gaveanews.com\/index.php\/2022\/01\/05\/comentarista-da-espn-critica-paulo-sousa-por-pedir-telao-no-ct-do-fla\/"},"wordCount":261,"commentCount":49,"image":{"@id":"https:\/\/www.gaveanews.com\/index.php\/2022\/01\/05\/comentarista-da-espn-critica-paulo-sousa-por-pedir-telao-no-ct-do-fla\/#primaryimage"},"thumbnailUrl":"https:\/\/www.gaveanews.com\/wp-content\/uploads\/Paulo-Sousa-tecnico-do-Flamengo.webp","articleSection":["Flamengo"],"inLanguage":"pt-BR","potentialAction":[{"@type":"CommentAction","name":"Comment","target":["https:\/\/www.gaveanews.com\/index.php\/2022\/01\/05\/comentarista-da-espn-critica-paulo-sousa-por-pedir-telao-no-ct-do-fla\/#respond"]}],"copyrightYear":"2022","copyrightHolder":{"@id":"https:\/\/www.gaveanews.com\/#organization"}},{"@type":"WebPage","@id":"https:\/\/www.gaveanews.com\/index.php\/2022\/01\/05\/comentarista-da-espn-critica-paulo-sousa-por-pedir-telao-no-ct-do-fla\/","url":"https:\/\/www.gaveanews.com\/index.php\/2022\/01\/05\/comentarista-da-espn-critica-paulo-sousa-por-pedir-telao-no-ct-do-fla\/","name":"Comentarista da ESPN critica Paulo Sousa por pedir tel\u00e3o no CT do Fla","isPartOf":{"@id":"https:\/\/www.gaveanews.com\/#website"},"primaryImageOfPage":{"@id":"https:\/\/www.gaveanews.com\/index.php\/2022\/01\/05\/comentarista-da-espn-critica-paulo-sousa-por-pedir-telao-no-ct-do-fla\/#primaryimage"},"image":{"@id":"https:\/\/www.gaveanews.com\/index.php\/2022\/01\/05\/comentarista-da-espn-critica-paulo-sousa-por-pedir-telao-no-ct-do-fla\/#primaryimage"},"thumbnailUrl":"https:\/\/www.gaveanews.com\/wp-content\/uploads\/Paulo-Sousa-tecnico-do-Flamengo.webp","datePublished":"2022-01-05T21:15:35+00:00","dateModified":"2022-01-05T21:15:38+00:00","author":{"@id":"https:\/\/www.gaveanews.com\/#\/schema\/person\/714c67050b836198af2450ba1c142a67"},"breadcrumb":{"@id":"https:\/\/www.gaveanews.com\/index.php\/2022\/01\/05\/comentarista-da-espn-critica-paulo-sousa-por-pedir-telao-no-ct-do-fla\/#breadcrumb"},"inLanguage":"pt-BR","potentialAction":[{"@type":"ReadAction","target":["https:\/\/www.gaveanews.com\/index.php\/2022\/01\/05\/comentarista-da-espn-critica-paulo-sousa-por-pedir-telao-no-ct-do-fla\/"]}]},{"@type":"ImageObject","inLanguage":"pt-BR","@id":"https:\/\/www.gaveanews.com\/index.php\/2022\/01\/05\/comentarista-da-espn-critica-paulo-sousa-por-pedir-telao-no-ct-do-fla\/#primaryimage","url":"https:\/\/www.gaveanews.com\/wp-content\/uploads\/Paulo-Sousa-tecnico-do-Flamengo.webp","contentUrl":"https:\/\/www.gaveanews.com\/wp-content\/uploads\/Paulo-Sousa-tecnico-do-Flamengo.webp","width":846,"height":475,"caption":"Paulo Sousa, t\u00e9cnico do Flamengo (Foto: Vicenzo Pinto\/AFP)"},{"@type":"BreadcrumbList","@id":"https:\/\/www.gaveanews.com\/index.php\/2022\/01\/05\/comentarista-da-espn-critica-paulo-sousa-por-pedir-telao-no-ct-do-fla\/#breadcrumb","itemListElement":[{"@type":"ListItem","position":1,"name":"Home","item":"https:\/\/www.gaveanews.com\/"},{"@type":"ListItem","position":2,"name":"Comentarista da ESPN critica Paulo Sousa por pedir tel\u00e3o no CT do Fla"}]},{"@type":"WebSite","@id":"https:\/\/www.gaveanews.com\/#website","url":"https:\/\/www.gaveanews.com\/","name":"G\u00e1vea News","description":"Veja todas as not\u00edcias sobre o Flamengo: Contrata\u00e7\u00f5es, categorias de base, resultados das partidas, tabela de classifica\u00e7\u00e3o, pr\u00f3ximos jogos!","potentialAction":[{"@type":"SearchAction","target":{"@type":"EntryPoint","urlTemplate":"https:\/\/www.gaveanews.com\/?s={search_term_string}"},"query-input":{"@type":"PropertyValueSpecification","valueRequired":true,"valueName":"search_term_string"}}],"inLanguage":"pt-BR"},{"@type":"Person","@id":"https:\/\/www.gaveanews.com\/#\/schema\/person\/714c67050b836198af2450ba1c142a67","name":"Let\u00edcia Gerheim","image":{"@type":"ImageObject","inLanguage":"pt-BR","@id":"https:\/\/www.gaveanews.com\/#\/schema\/person\/image\/","url":"https:\/\/secure.gravatar.com\/avatar\/60734739c50fcebfbac509e2a826ccd0ff405c019bc73aab9354f19ecad1dcb4?s=96&d=mm&r=g","contentUrl":"https:\/\/secure.gravatar.com\/avatar\/60734739c50fcebfbac509e2a826ccd0ff405c019bc73aab9354f19ecad1dcb4?s=96&d=mm&r=g","caption":"Let\u00edcia Gerheim"}}]}},"_links":{"self":[{"href":"https:\/\/www.gaveanews.com\/index.php\/wp-json\/wp\/v2\/posts\/74414","targetHints":{"allow":["GET"]}}],"collection":[{"href":"https:\/\/www.gaveanews.com\/index.php\/wp-json\/wp\/v2\/posts"}],"about":[{"href":"https:\/\/www.gaveanews.com\/index.php\/wp-json\/wp\/v2\/types\/post"}],"author":[{"embeddable":true,"href":"https:\/\/www.gaveanews.com\/index.php\/wp-json\/wp\/v2\/users\/4"}],"replies":[{"embeddable":true,"href":"https:\/\/www.gaveanews.com\/index.php\/wp-json\/wp\/v2\/comments?post=74414"}],"version-history":[{"count":0,"href":"https:\/\/www.gaveanews.com\/index.php\/wp-json\/wp\/v2\/posts\/74414\/revisions"}],"wp:featuredmedia":[{"embeddable":true,"href":"https:\/\/www.gaveanews.com\/index.php\/wp-json\/wp\/v2\/media\/74235"}],"wp:attachment":[{"href":"https:\/\/www.gaveanews.com\/index.php\/wp-json\/wp\/v2\/media?parent=74414"}],"wp:term":[{"taxonomy":"category","embeddable":true,"href":"https:\/\/www.gaveanews.com\/index.php\/wp-json\/wp\/v2\/categories?post=74414"},{"taxonomy":"post_tag","embeddable":true,"href":"https:\/\/www.gaveanews.com\/index.php\/wp-json\/wp\/v2\/tags?post=74414"}],"curies":[{"name":"wp","href":"https:\/\/api.w.org\/{rel}","templated":true}]}}