{"id":74706,"date":"2022-01-11T19:46:53","date_gmt":"2022-01-11T22:46:53","guid":{"rendered":"https:\/\/www.gaveanews.com\/?p=74706"},"modified":"2022-01-11T19:46:56","modified_gmt":"2022-01-11T22:46:56","slug":"flamengo-ja-acertou-a-saida-de-7-jogadores-para-a-temporada-de-2022","status":"publish","type":"post","link":"https:\/\/www.gaveanews.com\/index.php\/2022\/01\/11\/flamengo-ja-acertou-a-saida-de-7-jogadores-para-a-temporada-de-2022\/","title":{"rendered":"Flamengo j\u00e1 acertou a sa\u00edda de 7 jogadores para a temporada de 2022"},"content":{"rendered":"\n<p>A virada de temporada para o Flamengo tem sido movimentada no quesito negocia\u00e7\u00e3o de jogadores com pouco espa\u00e7o ou que j\u00e1 estava emprestados e retornaram ao clube. Ao todo, o time da G\u00e1vea j\u00e1 liberou sete jogadores e a rela\u00e7\u00e3o ainda pode aumentar nos pr\u00f3ximos dias, tendo em vista o \u201crecheado\u201d elenco que o t\u00e9cnico Paulo Sousa ter\u00e1 \u00e0 disposi\u00e7\u00e3o em seu in\u00edcio de trabalho no rubro-negro.<\/p>\n\n\n\n<p>A sa\u00edda mais recente encaminhada pelo Flamengo foi o volante Pires da Motta. Sem oportunidades, o jogador foi negociado junto ao Cerro Porte\u00f1o, do Paraguai, de forma definitiva. A transa\u00e7\u00e3o gira na casa de R$ 5,6 milh\u00f5es, mas representa um enorme preju\u00edzo ao time rubro-negro, tendo em vista que o investimento para contrat\u00e1-lo em 2018 ultrapassou a casa de R$ 28 milh\u00f5es.<\/p>\n\n\n\n<h2 class=\"wp-block-heading\" id=\"h-veja-a-lista-de-atletas-j-negociados\">Veja a lista de atletas j\u00e1 negociados<\/h2>\n\n\n\n<p>O primeiro a puxar a fila das sa\u00eddas no Flamengo foi o zagueiro Bruno Viana retornou ao Braga, ap\u00f3s n\u00e3o ter o v\u00ednculo renovado, com o rubro-negro n\u00e3o exercendo o direito de compra.<\/p>\n\n\n\n<p>Jo\u00e3o Lucas acabou acertando com o Cuiab\u00e1 de forma definitiva. Mesma situa\u00e7\u00e3o de Bill permanecer\u00e1 que ficou no Dnipro, da Ucr\u00e2nia. Nomes como Rodinei, Ramon, Ren\u00ea e L\u00e9o Pereira tamb\u00e9m podem deixar a G\u00e1vea.<\/p>\n\n\n\n<ul class=\"wp-block-list\"><li>Jo\u00e3o Lucas (Cuiab\u00e1) \u2013 Venda<\/li><li>Bruno Viana (Braga) \u2013 Fim de contrato<\/li><li>Bill (Dnipro) \u2013 Venda<\/li><li>Hugo Moura (Athletico Paranaense) \u2013 Empr\u00e9stimo<\/li><li>Max (Colorado Rapids) \u2013 Venda<\/li><li>Vitor Gabriel (Juventude) \u2013 Empr\u00e9stimo<\/li><li>Pires da Motta (Cerro Porte\u00f1o) \u2013 Venda<\/li><\/ul>\n\n\n\n<p>Retirado de: Torcedores<\/p>\n","protected":false},"excerpt":{"rendered":"<p>A virada de temporada para o Flamengo tem sido movimentada no quesito negocia\u00e7\u00e3o de jogadores com pouco espa\u00e7o ou que j\u00e1 estava emprestados e retornaram ao clube. Ao todo, o time da G\u00e1vea j\u00e1 liberou sete jogadores e a rela\u00e7\u00e3o ainda pode aumentar nos pr\u00f3ximos dias, tendo em vista o \u201crecheado\u201d elenco que o t\u00e9cnico [&hellip;]<\/p>\n","protected":false},"author":1,"featured_media":64406,"comment_status":"open","ping_status":"closed","sticky":false,"template":"","format":"standard","meta":{"footnotes":""},"categories":[48],"tags":[],"class_list":["post-74706","post","type-post","status-publish","format-standard","has-post-thumbnail","hentry","category-negociacoes"],"yoast_head":"<!-- This site is optimized with the Yoast SEO Premium plugin v24.2 (Yoast SEO v26.9) - https:\/\/yoast.com\/product\/yoast-seo-premium-wordpress\/ -->\n<title>Flamengo j\u00e1 acertou a sa\u00edda de 7 jogadores para a temporada de 2022<\/title>\n<meta name=\"description\" content=\"A virada de temporada para o Flamengo tem sido movimentada no quesito negocia\u00e7\u00e3o de jogadores com pouco espa\u00e7o.\" \/>\n<meta name=\"robots\" content=\"index, follow, max-snippet:-1, max-image-preview:large, max-video-preview:-1\" \/>\n<link rel=\"canonical\" href=\"https:\/\/www.gaveanews.com\/index.php\/2022\/01\/11\/flamengo-ja-acertou-a-saida-de-7-jogadores-para-a-temporada-de-2022\/\" \/>\n<meta property=\"og:locale\" content=\"pt_BR\" \/>\n<meta property=\"og:type\" content=\"article\" \/>\n<meta property=\"og:title\" content=\"Flamengo j\u00e1 acertou a sa\u00edda de 7 jogadores para a temporada de 2022\" \/>\n<meta property=\"og:description\" content=\"A virada de temporada para o Flamengo tem sido movimentada no quesito negocia\u00e7\u00e3o de jogadores com pouco espa\u00e7o.\" \/>\n<meta property=\"og:url\" content=\"https:\/\/www.gaveanews.com\/index.php\/2022\/01\/11\/flamengo-ja-acertou-a-saida-de-7-jogadores-para-a-temporada-de-2022\/\" \/>\n<meta property=\"og:site_name\" content=\"G\u00e1vea News\" \/>\n<meta property=\"article:publisher\" content=\"https:\/\/facebook.com\/gaveaNews\/\" \/>\n<meta property=\"article:published_time\" content=\"2022-01-11T22:46:53+00:00\" \/>\n<meta property=\"article:modified_time\" content=\"2022-01-11T22:46:56+00:00\" \/>\n<meta property=\"og:image\" content=\"https:\/\/www.gaveanews.com\/wp-content\/uploads\/Rodolfo-Landim-em-entrevista-coletiva-no-Ninho-do-Urubu.webp\" \/>\n\t<meta property=\"og:image:width\" content=\"799\" \/>\n\t<meta property=\"og:image:height\" content=\"532\" \/>\n\t<meta property=\"og:image:type\" content=\"image\/jpeg\" \/>\n<meta name=\"author\" content=\"Equipe G\u00e1vea News\" \/>\n<meta name=\"twitter:card\" content=\"summary_large_image\" \/>\n<meta name=\"twitter:label1\" content=\"Escrito por\" \/>\n\t<meta name=\"twitter:data1\" content=\"Equipe G\u00e1vea News\" \/>\n\t<meta name=\"twitter:label2\" content=\"Est. tempo de leitura\" \/>\n\t<meta name=\"twitter:data2\" content=\"2 minutos\" \/>\n<script type=\"application\/ld+json\" class=\"yoast-schema-graph\">{\"@context\":\"https:\/\/schema.org\",\"@graph\":[{\"@type\":\"NewsArticle\",\"@id\":\"https:\/\/www.gaveanews.com\/index.php\/2022\/01\/11\/flamengo-ja-acertou-a-saida-de-7-jogadores-para-a-temporada-de-2022\/#article\",\"isPartOf\":{\"@id\":\"https:\/\/www.gaveanews.com\/index.php\/2022\/01\/11\/flamengo-ja-acertou-a-saida-de-7-jogadores-para-a-temporada-de-2022\/\"},\"author\":{\"name\":\"Equipe G\u00e1vea News\",\"@id\":\"https:\/\/www.gaveanews.com\/#\/schema\/person\/2ec14f73fb96be2caf28f91afb14749d\"},\"headline\":\"Flamengo j\u00e1 acertou a sa\u00edda de 7 jogadores para a temporada de 2022\",\"datePublished\":\"2022-01-11T22:46:53+00:00\",\"dateModified\":\"2022-01-11T22:46:56+00:00\",\"mainEntityOfPage\":{\"@id\":\"https:\/\/www.gaveanews.com\/index.php\/2022\/01\/11\/flamengo-ja-acertou-a-saida-de-7-jogadores-para-a-temporada-de-2022\/\"},\"wordCount\":276,\"commentCount\":12,\"image\":{\"@id\":\"https:\/\/www.gaveanews.com\/index.php\/2022\/01\/11\/flamengo-ja-acertou-a-saida-de-7-jogadores-para-a-temporada-de-2022\/#primaryimage\"},\"thumbnailUrl\":\"https:\/\/www.gaveanews.com\/wp-content\/uploads\/Rodolfo-Landim-em-entrevista-coletiva-no-Ninho-do-Urubu.webp\",\"articleSection\":[\"Negocia\u00e7\u00f5es\"],\"inLanguage\":\"pt-BR\",\"potentialAction\":[{\"@type\":\"CommentAction\",\"name\":\"Comment\",\"target\":[\"https:\/\/www.gaveanews.com\/index.php\/2022\/01\/11\/flamengo-ja-acertou-a-saida-de-7-jogadores-para-a-temporada-de-2022\/#respond\"]}],\"copyrightYear\":\"2022\",\"copyrightHolder\":{\"@id\":\"https:\/\/www.gaveanews.com\/#organization\"}},{\"@type\":\"WebPage\",\"@id\":\"https:\/\/www.gaveanews.com\/index.php\/2022\/01\/11\/flamengo-ja-acertou-a-saida-de-7-jogadores-para-a-temporada-de-2022\/\",\"url\":\"https:\/\/www.gaveanews.com\/index.php\/2022\/01\/11\/flamengo-ja-acertou-a-saida-de-7-jogadores-para-a-temporada-de-2022\/\",\"name\":\"Flamengo j\u00e1 acertou a sa\u00edda de 7 jogadores para a temporada de 2022\",\"isPartOf\":{\"@id\":\"https:\/\/www.gaveanews.com\/#website\"},\"primaryImageOfPage\":{\"@id\":\"https:\/\/www.gaveanews.com\/index.php\/2022\/01\/11\/flamengo-ja-acertou-a-saida-de-7-jogadores-para-a-temporada-de-2022\/#primaryimage\"},\"image\":{\"@id\":\"https:\/\/www.gaveanews.com\/index.php\/2022\/01\/11\/flamengo-ja-acertou-a-saida-de-7-jogadores-para-a-temporada-de-2022\/#primaryimage\"},\"thumbnailUrl\":\"https:\/\/www.gaveanews.com\/wp-content\/uploads\/Rodolfo-Landim-em-entrevista-coletiva-no-Ninho-do-Urubu.webp\",\"datePublished\":\"2022-01-11T22:46:53+00:00\",\"dateModified\":\"2022-01-11T22:46:56+00:00\",\"author\":{\"@id\":\"https:\/\/www.gaveanews.com\/#\/schema\/person\/2ec14f73fb96be2caf28f91afb14749d\"},\"description\":\"A virada de temporada para o Flamengo tem sido movimentada no quesito negocia\u00e7\u00e3o de jogadores com pouco espa\u00e7o.\",\"breadcrumb\":{\"@id\":\"https:\/\/www.gaveanews.com\/index.php\/2022\/01\/11\/flamengo-ja-acertou-a-saida-de-7-jogadores-para-a-temporada-de-2022\/#breadcrumb\"},\"inLanguage\":\"pt-BR\",\"potentialAction\":[{\"@type\":\"ReadAction\",\"target\":[\"https:\/\/www.gaveanews.com\/index.php\/2022\/01\/11\/flamengo-ja-acertou-a-saida-de-7-jogadores-para-a-temporada-de-2022\/\"]}]},{\"@type\":\"ImageObject\",\"inLanguage\":\"pt-BR\",\"@id\":\"https:\/\/www.gaveanews.com\/index.php\/2022\/01\/11\/flamengo-ja-acertou-a-saida-de-7-jogadores-para-a-temporada-de-2022\/#primaryimage\",\"url\":\"https:\/\/www.gaveanews.com\/wp-content\/uploads\/Rodolfo-Landim-em-entrevista-coletiva-no-Ninho-do-Urubu.webp\",\"contentUrl\":\"https:\/\/www.gaveanews.com\/wp-content\/uploads\/Rodolfo-Landim-em-entrevista-coletiva-no-Ninho-do-Urubu.webp\",\"width\":799,\"height\":532,\"caption\":\"Rodolfo Landim em entrevista coletiva no Ninho do Urubu (Foto: Alexandre Vidal\/Flamengo)\"},{\"@type\":\"BreadcrumbList\",\"@id\":\"https:\/\/www.gaveanews.com\/index.php\/2022\/01\/11\/flamengo-ja-acertou-a-saida-de-7-jogadores-para-a-temporada-de-2022\/#breadcrumb\",\"itemListElement\":[{\"@type\":\"ListItem\",\"position\":1,\"name\":\"Home\",\"item\":\"https:\/\/www.gaveanews.com\/\"},{\"@type\":\"ListItem\",\"position\":2,\"name\":\"Flamengo j\u00e1 acertou a sa\u00edda de 7 jogadores para a temporada de 2022\"}]},{\"@type\":\"WebSite\",\"@id\":\"https:\/\/www.gaveanews.com\/#website\",\"url\":\"https:\/\/www.gaveanews.com\/\",\"name\":\"G\u00e1vea News\",\"description\":\"Veja todas as not\u00edcias sobre o Flamengo: Contrata\u00e7\u00f5es, categorias de base, resultados das partidas, tabela de classifica\u00e7\u00e3o, pr\u00f3ximos jogos!\",\"potentialAction\":[{\"@type\":\"SearchAction\",\"target\":{\"@type\":\"EntryPoint\",\"urlTemplate\":\"https:\/\/www.gaveanews.com\/?s={search_term_string}\"},\"query-input\":{\"@type\":\"PropertyValueSpecification\",\"valueRequired\":true,\"valueName\":\"search_term_string\"}}],\"inLanguage\":\"pt-BR\"},{\"@type\":\"Person\",\"@id\":\"https:\/\/www.gaveanews.com\/#\/schema\/person\/2ec14f73fb96be2caf28f91afb14749d\",\"name\":\"Equipe G\u00e1vea News\",\"image\":{\"@type\":\"ImageObject\",\"inLanguage\":\"pt-BR\",\"@id\":\"https:\/\/www.gaveanews.com\/#\/schema\/person\/image\/\",\"url\":\"https:\/\/secure.gravatar.com\/avatar\/1e1956f1facbffd3f8fa53a326721950116b3b9dc9bd44939c01180fd4a745a9?s=96&d=mm&r=g\",\"contentUrl\":\"https:\/\/secure.gravatar.com\/avatar\/1e1956f1facbffd3f8fa53a326721950116b3b9dc9bd44939c01180fd4a745a9?s=96&d=mm&r=g\",\"caption\":\"Equipe G\u00e1vea News\"}}]}<\/script>\n<!-- \/ Yoast SEO Premium plugin. -->","yoast_head_json":{"title":"Flamengo j\u00e1 acertou a sa\u00edda de 7 jogadores para a temporada de 2022","description":"A virada de temporada para o Flamengo tem sido movimentada no quesito negocia\u00e7\u00e3o de jogadores com pouco espa\u00e7o.","robots":{"index":"index","follow":"follow","max-snippet":"max-snippet:-1","max-image-preview":"max-image-preview:large","max-video-preview":"max-video-preview:-1"},"canonical":"https:\/\/www.gaveanews.com\/index.php\/2022\/01\/11\/flamengo-ja-acertou-a-saida-de-7-jogadores-para-a-temporada-de-2022\/","og_locale":"pt_BR","og_type":"article","og_title":"Flamengo j\u00e1 acertou a sa\u00edda de 7 jogadores para a temporada de 2022","og_description":"A virada de temporada para o Flamengo tem sido movimentada no quesito negocia\u00e7\u00e3o de jogadores com pouco espa\u00e7o.","og_url":"https:\/\/www.gaveanews.com\/index.php\/2022\/01\/11\/flamengo-ja-acertou-a-saida-de-7-jogadores-para-a-temporada-de-2022\/","og_site_name":"G\u00e1vea News","article_publisher":"https:\/\/facebook.com\/gaveaNews\/","article_published_time":"2022-01-11T22:46:53+00:00","article_modified_time":"2022-01-11T22:46:56+00:00","og_image":[{"width":799,"height":532,"url":"https:\/\/www.gaveanews.com\/wp-content\/uploads\/Rodolfo-Landim-em-entrevista-coletiva-no-Ninho-do-Urubu.webp","type":"image\/jpeg"}],"author":"Equipe G\u00e1vea News","twitter_card":"summary_large_image","twitter_misc":{"Escrito por":"Equipe G\u00e1vea News","Est. tempo de leitura":"2 minutos"},"schema":{"@context":"https:\/\/schema.org","@graph":[{"@type":"NewsArticle","@id":"https:\/\/www.gaveanews.com\/index.php\/2022\/01\/11\/flamengo-ja-acertou-a-saida-de-7-jogadores-para-a-temporada-de-2022\/#article","isPartOf":{"@id":"https:\/\/www.gaveanews.com\/index.php\/2022\/01\/11\/flamengo-ja-acertou-a-saida-de-7-jogadores-para-a-temporada-de-2022\/"},"author":{"name":"Equipe G\u00e1vea News","@id":"https:\/\/www.gaveanews.com\/#\/schema\/person\/2ec14f73fb96be2caf28f91afb14749d"},"headline":"Flamengo j\u00e1 acertou a sa\u00edda de 7 jogadores para a temporada de 2022","datePublished":"2022-01-11T22:46:53+00:00","dateModified":"2022-01-11T22:46:56+00:00","mainEntityOfPage":{"@id":"https:\/\/www.gaveanews.com\/index.php\/2022\/01\/11\/flamengo-ja-acertou-a-saida-de-7-jogadores-para-a-temporada-de-2022\/"},"wordCount":276,"commentCount":12,"image":{"@id":"https:\/\/www.gaveanews.com\/index.php\/2022\/01\/11\/flamengo-ja-acertou-a-saida-de-7-jogadores-para-a-temporada-de-2022\/#primaryimage"},"thumbnailUrl":"https:\/\/www.gaveanews.com\/wp-content\/uploads\/Rodolfo-Landim-em-entrevista-coletiva-no-Ninho-do-Urubu.webp","articleSection":["Negocia\u00e7\u00f5es"],"inLanguage":"pt-BR","potentialAction":[{"@type":"CommentAction","name":"Comment","target":["https:\/\/www.gaveanews.com\/index.php\/2022\/01\/11\/flamengo-ja-acertou-a-saida-de-7-jogadores-para-a-temporada-de-2022\/#respond"]}],"copyrightYear":"2022","copyrightHolder":{"@id":"https:\/\/www.gaveanews.com\/#organization"}},{"@type":"WebPage","@id":"https:\/\/www.gaveanews.com\/index.php\/2022\/01\/11\/flamengo-ja-acertou-a-saida-de-7-jogadores-para-a-temporada-de-2022\/","url":"https:\/\/www.gaveanews.com\/index.php\/2022\/01\/11\/flamengo-ja-acertou-a-saida-de-7-jogadores-para-a-temporada-de-2022\/","name":"Flamengo j\u00e1 acertou a sa\u00edda de 7 jogadores para a temporada de 2022","isPartOf":{"@id":"https:\/\/www.gaveanews.com\/#website"},"primaryImageOfPage":{"@id":"https:\/\/www.gaveanews.com\/index.php\/2022\/01\/11\/flamengo-ja-acertou-a-saida-de-7-jogadores-para-a-temporada-de-2022\/#primaryimage"},"image":{"@id":"https:\/\/www.gaveanews.com\/index.php\/2022\/01\/11\/flamengo-ja-acertou-a-saida-de-7-jogadores-para-a-temporada-de-2022\/#primaryimage"},"thumbnailUrl":"https:\/\/www.gaveanews.com\/wp-content\/uploads\/Rodolfo-Landim-em-entrevista-coletiva-no-Ninho-do-Urubu.webp","datePublished":"2022-01-11T22:46:53+00:00","dateModified":"2022-01-11T22:46:56+00:00","author":{"@id":"https:\/\/www.gaveanews.com\/#\/schema\/person\/2ec14f73fb96be2caf28f91afb14749d"},"description":"A virada de temporada para o Flamengo tem sido movimentada no quesito negocia\u00e7\u00e3o de jogadores com pouco espa\u00e7o.","breadcrumb":{"@id":"https:\/\/www.gaveanews.com\/index.php\/2022\/01\/11\/flamengo-ja-acertou-a-saida-de-7-jogadores-para-a-temporada-de-2022\/#breadcrumb"},"inLanguage":"pt-BR","potentialAction":[{"@type":"ReadAction","target":["https:\/\/www.gaveanews.com\/index.php\/2022\/01\/11\/flamengo-ja-acertou-a-saida-de-7-jogadores-para-a-temporada-de-2022\/"]}]},{"@type":"ImageObject","inLanguage":"pt-BR","@id":"https:\/\/www.gaveanews.com\/index.php\/2022\/01\/11\/flamengo-ja-acertou-a-saida-de-7-jogadores-para-a-temporada-de-2022\/#primaryimage","url":"https:\/\/www.gaveanews.com\/wp-content\/uploads\/Rodolfo-Landim-em-entrevista-coletiva-no-Ninho-do-Urubu.webp","contentUrl":"https:\/\/www.gaveanews.com\/wp-content\/uploads\/Rodolfo-Landim-em-entrevista-coletiva-no-Ninho-do-Urubu.webp","width":799,"height":532,"caption":"Rodolfo Landim em entrevista coletiva no Ninho do Urubu (Foto: Alexandre Vidal\/Flamengo)"},{"@type":"BreadcrumbList","@id":"https:\/\/www.gaveanews.com\/index.php\/2022\/01\/11\/flamengo-ja-acertou-a-saida-de-7-jogadores-para-a-temporada-de-2022\/#breadcrumb","itemListElement":[{"@type":"ListItem","position":1,"name":"Home","item":"https:\/\/www.gaveanews.com\/"},{"@type":"ListItem","position":2,"name":"Flamengo j\u00e1 acertou a sa\u00edda de 7 jogadores para a temporada de 2022"}]},{"@type":"WebSite","@id":"https:\/\/www.gaveanews.com\/#website","url":"https:\/\/www.gaveanews.com\/","name":"G\u00e1vea News","description":"Veja todas as not\u00edcias sobre o Flamengo: Contrata\u00e7\u00f5es, categorias de base, resultados das partidas, tabela de classifica\u00e7\u00e3o, pr\u00f3ximos jogos!","potentialAction":[{"@type":"SearchAction","target":{"@type":"EntryPoint","urlTemplate":"https:\/\/www.gaveanews.com\/?s={search_term_string}"},"query-input":{"@type":"PropertyValueSpecification","valueRequired":true,"valueName":"search_term_string"}}],"inLanguage":"pt-BR"},{"@type":"Person","@id":"https:\/\/www.gaveanews.com\/#\/schema\/person\/2ec14f73fb96be2caf28f91afb14749d","name":"Equipe G\u00e1vea News","image":{"@type":"ImageObject","inLanguage":"pt-BR","@id":"https:\/\/www.gaveanews.com\/#\/schema\/person\/image\/","url":"https:\/\/secure.gravatar.com\/avatar\/1e1956f1facbffd3f8fa53a326721950116b3b9dc9bd44939c01180fd4a745a9?s=96&d=mm&r=g","contentUrl":"https:\/\/secure.gravatar.com\/avatar\/1e1956f1facbffd3f8fa53a326721950116b3b9dc9bd44939c01180fd4a745a9?s=96&d=mm&r=g","caption":"Equipe G\u00e1vea News"}}]}},"_links":{"self":[{"href":"https:\/\/www.gaveanews.com\/index.php\/wp-json\/wp\/v2\/posts\/74706","targetHints":{"allow":["GET"]}}],"collection":[{"href":"https:\/\/www.gaveanews.com\/index.php\/wp-json\/wp\/v2\/posts"}],"about":[{"href":"https:\/\/www.gaveanews.com\/index.php\/wp-json\/wp\/v2\/types\/post"}],"author":[{"embeddable":true,"href":"https:\/\/www.gaveanews.com\/index.php\/wp-json\/wp\/v2\/users\/1"}],"replies":[{"embeddable":true,"href":"https:\/\/www.gaveanews.com\/index.php\/wp-json\/wp\/v2\/comments?post=74706"}],"version-history":[{"count":0,"href":"https:\/\/www.gaveanews.com\/index.php\/wp-json\/wp\/v2\/posts\/74706\/revisions"}],"wp:featuredmedia":[{"embeddable":true,"href":"https:\/\/www.gaveanews.com\/index.php\/wp-json\/wp\/v2\/media\/64406"}],"wp:attachment":[{"href":"https:\/\/www.gaveanews.com\/index.php\/wp-json\/wp\/v2\/media?parent=74706"}],"wp:term":[{"taxonomy":"category","embeddable":true,"href":"https:\/\/www.gaveanews.com\/index.php\/wp-json\/wp\/v2\/categories?post=74706"},{"taxonomy":"post_tag","embeddable":true,"href":"https:\/\/www.gaveanews.com\/index.php\/wp-json\/wp\/v2\/tags?post=74706"}],"curies":[{"name":"wp","href":"https:\/\/api.w.org\/{rel}","templated":true}]}}