{"id":74717,"date":"2022-01-12T00:10:50","date_gmt":"2022-01-12T03:10:50","guid":{"rendered":"https:\/\/www.gaveanews.com\/?p=74717"},"modified":"2022-01-12T00:10:53","modified_gmt":"2022-01-12T03:10:53","slug":"atletico-diz-que-mane-garrincha-nao-e-campo-neutro-para-a-supercopa-contra-o-flamengo","status":"publish","type":"post","link":"https:\/\/www.gaveanews.com\/index.php\/2022\/01\/12\/atletico-diz-que-mane-garrincha-nao-e-campo-neutro-para-a-supercopa-contra-o-flamengo\/","title":{"rendered":"Atl\u00e9tico diz que Man\u00e9 Garrincha n\u00e3o \u00e9 \u201ccampo neutro\u201d para a Supercopa contra o Flamengo"},"content":{"rendered":"\n<p>No dia 20 de fevereiro n\u00f3s teremos o grande embate entre Atl\u00e9tico Mineiro e Flamengo, rivais interestaduais, pela Supercopa do Brasil. O time de Belo Horizonte \u00e9 o atual campe\u00e3o brasileiro e da Copa do Brasil, j\u00e1 os rubro-negros se classificaram devido ao vice do Brasileir\u00e3o.<\/p>\n\n\n\n<p>Com a data j\u00e1 definida, o torneio ainda procura uma cidade para sediar a grande disputa que promete se rum espet\u00e1culo dentro de campo.<\/p>\n\n\n\n<p>Sede nas \u00faltimas duas disputas anteriores, a cidade de Bras\u00edlia \u00e9 a favorita com o est\u00e1dio Man\u00e9 Garrincha. Por\u00e9m, segundo informa\u00e7\u00f5es, o clube alvinegro n\u00e3o quer jogar na capital federal. A raz\u00e3o n\u00e3o foi explicitada, mas tudo indica que o fato da cidade ser um reduto forte de rubro-negros pode ter brecado a rela\u00e7\u00e3o do Alvinegro com a pra\u00e7a. A informa\u00e7\u00e3o \u00e9 do rep\u00f3rter Guilherme Silva, da Jovem Pan.<\/p>\n\n\n\n<p>Al\u00e9m de Bras\u00edlia, as cidades de Salvador na Bahia e Fortaleza no Cear\u00e1, seguem como op\u00e7\u00f5es para a disputa. Vale destacar que, al\u00e9m das pra\u00e7as no Brasil, a Confedera\u00e7\u00e3o Brasileira de Futebol (CBF) tamb\u00e9m cogitou levar o duelo para Orlando, nos Estados Unidos.<\/p>\n\n\n\n<p>No entanto, mesmo com a possibilidade de altos valores de premia\u00e7\u00e3o, a ideia foi rapidamente \u2018enterrada\u2019 por Flamengo e Atl\u00e9tico-MG. As equipes entendem que, por conta do calend\u00e1rio enxuto, uma viagem para o exterior seria prejudicial ao planejamento das respectivas comiss\u00f5es t\u00e9cnicas.<\/p>\n\n\n\n<p>Retirado de: Mercado da Bola<\/p>\n","protected":false},"excerpt":{"rendered":"<p>No dia 20 de fevereiro n\u00f3s teremos o grande embate entre Atl\u00e9tico Mineiro e Flamengo, rivais interestaduais, pela Supercopa do Brasil. O time de Belo Horizonte \u00e9 o atual campe\u00e3o brasileiro e da Copa do Brasil, j\u00e1 os rubro-negros se classificaram devido ao vice do Brasileir\u00e3o. Com a data j\u00e1 definida, o torneio ainda procura [&hellip;]<\/p>\n","protected":false},"author":1,"featured_media":59259,"comment_status":"open","ping_status":"closed","sticky":false,"template":"","format":"standard","meta":{"footnotes":""},"categories":[1],"tags":[],"class_list":["post-74717","post","type-post","status-publish","format-standard","has-post-thumbnail","hentry","category-flamengo"],"yoast_head":"<!-- This site is optimized with the Yoast SEO Premium plugin v24.2 (Yoast SEO v26.9) - https:\/\/yoast.com\/product\/yoast-seo-premium-wordpress\/ -->\n<title>Atl\u00e9tico diz que Man\u00e9 Garrincha n\u00e3o \u00e9 \u201ccampo neutro\u201d para a Supercopa contra o Flamengo<\/title>\n<meta name=\"robots\" content=\"index, follow, max-snippet:-1, max-image-preview:large, max-video-preview:-1\" \/>\n<link rel=\"canonical\" href=\"https:\/\/www.gaveanews.com\/index.php\/2022\/01\/12\/atletico-diz-que-mane-garrincha-nao-e-campo-neutro-para-a-supercopa-contra-o-flamengo\/\" \/>\n<meta property=\"og:locale\" content=\"pt_BR\" \/>\n<meta property=\"og:type\" content=\"article\" \/>\n<meta property=\"og:title\" content=\"Atl\u00e9tico diz que Man\u00e9 Garrincha n\u00e3o \u00e9 \u201ccampo neutro\u201d para a Supercopa contra o Flamengo\" \/>\n<meta property=\"og:description\" content=\"No dia 20 de fevereiro n\u00f3s teremos o grande embate entre Atl\u00e9tico Mineiro e Flamengo, rivais interestaduais, pela Supercopa do Brasil. O time de Belo Horizonte \u00e9 o atual campe\u00e3o brasileiro e da Copa do Brasil, j\u00e1 os rubro-negros se classificaram devido ao vice do Brasileir\u00e3o. Com a data j\u00e1 definida, o torneio ainda procura [&hellip;]\" \/>\n<meta property=\"og:url\" content=\"https:\/\/www.gaveanews.com\/index.php\/2022\/01\/12\/atletico-diz-que-mane-garrincha-nao-e-campo-neutro-para-a-supercopa-contra-o-flamengo\/\" \/>\n<meta property=\"og:site_name\" content=\"G\u00e1vea News\" \/>\n<meta property=\"article:publisher\" content=\"https:\/\/facebook.com\/gaveaNews\/\" \/>\n<meta property=\"article:published_time\" content=\"2022-01-12T03:10:50+00:00\" \/>\n<meta property=\"article:modified_time\" content=\"2022-01-12T03:10:53+00:00\" \/>\n<meta property=\"og:image\" content=\"https:\/\/www.gaveanews.com\/wp-content\/uploads\/Rodrigo-Caio-erguendo-a-taca-da-Supercopa-de-2021.webp\" \/>\n\t<meta property=\"og:image:width\" content=\"799\" \/>\n\t<meta property=\"og:image:height\" content=\"532\" \/>\n\t<meta property=\"og:image:type\" content=\"image\/jpeg\" \/>\n<meta name=\"author\" content=\"Equipe G\u00e1vea News\" \/>\n<meta name=\"twitter:card\" content=\"summary_large_image\" \/>\n<meta name=\"twitter:label1\" content=\"Escrito por\" \/>\n\t<meta name=\"twitter:data1\" content=\"Equipe G\u00e1vea News\" \/>\n\t<meta name=\"twitter:label2\" content=\"Est. tempo de leitura\" \/>\n\t<meta name=\"twitter:data2\" content=\"2 minutos\" \/>\n<script type=\"application\/ld+json\" class=\"yoast-schema-graph\">{\"@context\":\"https:\/\/schema.org\",\"@graph\":[{\"@type\":\"NewsArticle\",\"@id\":\"https:\/\/www.gaveanews.com\/index.php\/2022\/01\/12\/atletico-diz-que-mane-garrincha-nao-e-campo-neutro-para-a-supercopa-contra-o-flamengo\/#article\",\"isPartOf\":{\"@id\":\"https:\/\/www.gaveanews.com\/index.php\/2022\/01\/12\/atletico-diz-que-mane-garrincha-nao-e-campo-neutro-para-a-supercopa-contra-o-flamengo\/\"},\"author\":{\"name\":\"Equipe G\u00e1vea News\",\"@id\":\"https:\/\/www.gaveanews.com\/#\/schema\/person\/2ec14f73fb96be2caf28f91afb14749d\"},\"headline\":\"Atl\u00e9tico diz que Man\u00e9 Garrincha n\u00e3o \u00e9 \u201ccampo neutro\u201d para a Supercopa contra o Flamengo\",\"datePublished\":\"2022-01-12T03:10:50+00:00\",\"dateModified\":\"2022-01-12T03:10:53+00:00\",\"mainEntityOfPage\":{\"@id\":\"https:\/\/www.gaveanews.com\/index.php\/2022\/01\/12\/atletico-diz-que-mane-garrincha-nao-e-campo-neutro-para-a-supercopa-contra-o-flamengo\/\"},\"wordCount\":269,\"commentCount\":15,\"image\":{\"@id\":\"https:\/\/www.gaveanews.com\/index.php\/2022\/01\/12\/atletico-diz-que-mane-garrincha-nao-e-campo-neutro-para-a-supercopa-contra-o-flamengo\/#primaryimage\"},\"thumbnailUrl\":\"https:\/\/www.gaveanews.com\/wp-content\/uploads\/Rodrigo-Caio-erguendo-a-taca-da-Supercopa-de-2021.webp\",\"articleSection\":[\"Flamengo\"],\"inLanguage\":\"pt-BR\",\"potentialAction\":[{\"@type\":\"CommentAction\",\"name\":\"Comment\",\"target\":[\"https:\/\/www.gaveanews.com\/index.php\/2022\/01\/12\/atletico-diz-que-mane-garrincha-nao-e-campo-neutro-para-a-supercopa-contra-o-flamengo\/#respond\"]}],\"copyrightYear\":\"2022\",\"copyrightHolder\":{\"@id\":\"https:\/\/www.gaveanews.com\/#organization\"}},{\"@type\":\"WebPage\",\"@id\":\"https:\/\/www.gaveanews.com\/index.php\/2022\/01\/12\/atletico-diz-que-mane-garrincha-nao-e-campo-neutro-para-a-supercopa-contra-o-flamengo\/\",\"url\":\"https:\/\/www.gaveanews.com\/index.php\/2022\/01\/12\/atletico-diz-que-mane-garrincha-nao-e-campo-neutro-para-a-supercopa-contra-o-flamengo\/\",\"name\":\"Atl\u00e9tico diz que Man\u00e9 Garrincha n\u00e3o \u00e9 \u201ccampo neutro\u201d para a Supercopa contra o Flamengo\",\"isPartOf\":{\"@id\":\"https:\/\/www.gaveanews.com\/#website\"},\"primaryImageOfPage\":{\"@id\":\"https:\/\/www.gaveanews.com\/index.php\/2022\/01\/12\/atletico-diz-que-mane-garrincha-nao-e-campo-neutro-para-a-supercopa-contra-o-flamengo\/#primaryimage\"},\"image\":{\"@id\":\"https:\/\/www.gaveanews.com\/index.php\/2022\/01\/12\/atletico-diz-que-mane-garrincha-nao-e-campo-neutro-para-a-supercopa-contra-o-flamengo\/#primaryimage\"},\"thumbnailUrl\":\"https:\/\/www.gaveanews.com\/wp-content\/uploads\/Rodrigo-Caio-erguendo-a-taca-da-Supercopa-de-2021.webp\",\"datePublished\":\"2022-01-12T03:10:50+00:00\",\"dateModified\":\"2022-01-12T03:10:53+00:00\",\"author\":{\"@id\":\"https:\/\/www.gaveanews.com\/#\/schema\/person\/2ec14f73fb96be2caf28f91afb14749d\"},\"breadcrumb\":{\"@id\":\"https:\/\/www.gaveanews.com\/index.php\/2022\/01\/12\/atletico-diz-que-mane-garrincha-nao-e-campo-neutro-para-a-supercopa-contra-o-flamengo\/#breadcrumb\"},\"inLanguage\":\"pt-BR\",\"potentialAction\":[{\"@type\":\"ReadAction\",\"target\":[\"https:\/\/www.gaveanews.com\/index.php\/2022\/01\/12\/atletico-diz-que-mane-garrincha-nao-e-campo-neutro-para-a-supercopa-contra-o-flamengo\/\"]}]},{\"@type\":\"ImageObject\",\"inLanguage\":\"pt-BR\",\"@id\":\"https:\/\/www.gaveanews.com\/index.php\/2022\/01\/12\/atletico-diz-que-mane-garrincha-nao-e-campo-neutro-para-a-supercopa-contra-o-flamengo\/#primaryimage\",\"url\":\"https:\/\/www.gaveanews.com\/wp-content\/uploads\/Rodrigo-Caio-erguendo-a-taca-da-Supercopa-de-2021.webp\",\"contentUrl\":\"https:\/\/www.gaveanews.com\/wp-content\/uploads\/Rodrigo-Caio-erguendo-a-taca-da-Supercopa-de-2021.webp\",\"width\":799,\"height\":532,\"caption\":\"Rodrigo Caio erguendo a ta\u00e7a da Supercopa de 2021 (Foto: Alexandre Vidal\/Flamengo)\"},{\"@type\":\"BreadcrumbList\",\"@id\":\"https:\/\/www.gaveanews.com\/index.php\/2022\/01\/12\/atletico-diz-que-mane-garrincha-nao-e-campo-neutro-para-a-supercopa-contra-o-flamengo\/#breadcrumb\",\"itemListElement\":[{\"@type\":\"ListItem\",\"position\":1,\"name\":\"Home\",\"item\":\"https:\/\/www.gaveanews.com\/\"},{\"@type\":\"ListItem\",\"position\":2,\"name\":\"Atl\u00e9tico diz que Man\u00e9 Garrincha n\u00e3o \u00e9 \u201ccampo neutro\u201d para a Supercopa contra o Flamengo\"}]},{\"@type\":\"WebSite\",\"@id\":\"https:\/\/www.gaveanews.com\/#website\",\"url\":\"https:\/\/www.gaveanews.com\/\",\"name\":\"G\u00e1vea News\",\"description\":\"Veja todas as not\u00edcias sobre o Flamengo: Contrata\u00e7\u00f5es, categorias de base, resultados das partidas, tabela de classifica\u00e7\u00e3o, pr\u00f3ximos jogos!\",\"potentialAction\":[{\"@type\":\"SearchAction\",\"target\":{\"@type\":\"EntryPoint\",\"urlTemplate\":\"https:\/\/www.gaveanews.com\/?s={search_term_string}\"},\"query-input\":{\"@type\":\"PropertyValueSpecification\",\"valueRequired\":true,\"valueName\":\"search_term_string\"}}],\"inLanguage\":\"pt-BR\"},{\"@type\":\"Person\",\"@id\":\"https:\/\/www.gaveanews.com\/#\/schema\/person\/2ec14f73fb96be2caf28f91afb14749d\",\"name\":\"Equipe G\u00e1vea News\",\"image\":{\"@type\":\"ImageObject\",\"inLanguage\":\"pt-BR\",\"@id\":\"https:\/\/www.gaveanews.com\/#\/schema\/person\/image\/\",\"url\":\"https:\/\/secure.gravatar.com\/avatar\/1e1956f1facbffd3f8fa53a326721950116b3b9dc9bd44939c01180fd4a745a9?s=96&d=mm&r=g\",\"contentUrl\":\"https:\/\/secure.gravatar.com\/avatar\/1e1956f1facbffd3f8fa53a326721950116b3b9dc9bd44939c01180fd4a745a9?s=96&d=mm&r=g\",\"caption\":\"Equipe G\u00e1vea News\"}}]}<\/script>\n<!-- \/ Yoast SEO Premium plugin. -->","yoast_head_json":{"title":"Atl\u00e9tico diz que Man\u00e9 Garrincha n\u00e3o \u00e9 \u201ccampo neutro\u201d para a Supercopa contra o Flamengo","robots":{"index":"index","follow":"follow","max-snippet":"max-snippet:-1","max-image-preview":"max-image-preview:large","max-video-preview":"max-video-preview:-1"},"canonical":"https:\/\/www.gaveanews.com\/index.php\/2022\/01\/12\/atletico-diz-que-mane-garrincha-nao-e-campo-neutro-para-a-supercopa-contra-o-flamengo\/","og_locale":"pt_BR","og_type":"article","og_title":"Atl\u00e9tico diz que Man\u00e9 Garrincha n\u00e3o \u00e9 \u201ccampo neutro\u201d para a Supercopa contra o Flamengo","og_description":"No dia 20 de fevereiro n\u00f3s teremos o grande embate entre Atl\u00e9tico Mineiro e Flamengo, rivais interestaduais, pela Supercopa do Brasil. O time de Belo Horizonte \u00e9 o atual campe\u00e3o brasileiro e da Copa do Brasil, j\u00e1 os rubro-negros se classificaram devido ao vice do Brasileir\u00e3o. Com a data j\u00e1 definida, o torneio ainda procura [&hellip;]","og_url":"https:\/\/www.gaveanews.com\/index.php\/2022\/01\/12\/atletico-diz-que-mane-garrincha-nao-e-campo-neutro-para-a-supercopa-contra-o-flamengo\/","og_site_name":"G\u00e1vea News","article_publisher":"https:\/\/facebook.com\/gaveaNews\/","article_published_time":"2022-01-12T03:10:50+00:00","article_modified_time":"2022-01-12T03:10:53+00:00","og_image":[{"width":799,"height":532,"url":"https:\/\/www.gaveanews.com\/wp-content\/uploads\/Rodrigo-Caio-erguendo-a-taca-da-Supercopa-de-2021.webp","type":"image\/jpeg"}],"author":"Equipe G\u00e1vea News","twitter_card":"summary_large_image","twitter_misc":{"Escrito por":"Equipe G\u00e1vea News","Est. tempo de leitura":"2 minutos"},"schema":{"@context":"https:\/\/schema.org","@graph":[{"@type":"NewsArticle","@id":"https:\/\/www.gaveanews.com\/index.php\/2022\/01\/12\/atletico-diz-que-mane-garrincha-nao-e-campo-neutro-para-a-supercopa-contra-o-flamengo\/#article","isPartOf":{"@id":"https:\/\/www.gaveanews.com\/index.php\/2022\/01\/12\/atletico-diz-que-mane-garrincha-nao-e-campo-neutro-para-a-supercopa-contra-o-flamengo\/"},"author":{"name":"Equipe G\u00e1vea News","@id":"https:\/\/www.gaveanews.com\/#\/schema\/person\/2ec14f73fb96be2caf28f91afb14749d"},"headline":"Atl\u00e9tico diz que Man\u00e9 Garrincha n\u00e3o \u00e9 \u201ccampo neutro\u201d para a Supercopa contra o Flamengo","datePublished":"2022-01-12T03:10:50+00:00","dateModified":"2022-01-12T03:10:53+00:00","mainEntityOfPage":{"@id":"https:\/\/www.gaveanews.com\/index.php\/2022\/01\/12\/atletico-diz-que-mane-garrincha-nao-e-campo-neutro-para-a-supercopa-contra-o-flamengo\/"},"wordCount":269,"commentCount":15,"image":{"@id":"https:\/\/www.gaveanews.com\/index.php\/2022\/01\/12\/atletico-diz-que-mane-garrincha-nao-e-campo-neutro-para-a-supercopa-contra-o-flamengo\/#primaryimage"},"thumbnailUrl":"https:\/\/www.gaveanews.com\/wp-content\/uploads\/Rodrigo-Caio-erguendo-a-taca-da-Supercopa-de-2021.webp","articleSection":["Flamengo"],"inLanguage":"pt-BR","potentialAction":[{"@type":"CommentAction","name":"Comment","target":["https:\/\/www.gaveanews.com\/index.php\/2022\/01\/12\/atletico-diz-que-mane-garrincha-nao-e-campo-neutro-para-a-supercopa-contra-o-flamengo\/#respond"]}],"copyrightYear":"2022","copyrightHolder":{"@id":"https:\/\/www.gaveanews.com\/#organization"}},{"@type":"WebPage","@id":"https:\/\/www.gaveanews.com\/index.php\/2022\/01\/12\/atletico-diz-que-mane-garrincha-nao-e-campo-neutro-para-a-supercopa-contra-o-flamengo\/","url":"https:\/\/www.gaveanews.com\/index.php\/2022\/01\/12\/atletico-diz-que-mane-garrincha-nao-e-campo-neutro-para-a-supercopa-contra-o-flamengo\/","name":"Atl\u00e9tico diz que Man\u00e9 Garrincha n\u00e3o \u00e9 \u201ccampo neutro\u201d para a Supercopa contra o Flamengo","isPartOf":{"@id":"https:\/\/www.gaveanews.com\/#website"},"primaryImageOfPage":{"@id":"https:\/\/www.gaveanews.com\/index.php\/2022\/01\/12\/atletico-diz-que-mane-garrincha-nao-e-campo-neutro-para-a-supercopa-contra-o-flamengo\/#primaryimage"},"image":{"@id":"https:\/\/www.gaveanews.com\/index.php\/2022\/01\/12\/atletico-diz-que-mane-garrincha-nao-e-campo-neutro-para-a-supercopa-contra-o-flamengo\/#primaryimage"},"thumbnailUrl":"https:\/\/www.gaveanews.com\/wp-content\/uploads\/Rodrigo-Caio-erguendo-a-taca-da-Supercopa-de-2021.webp","datePublished":"2022-01-12T03:10:50+00:00","dateModified":"2022-01-12T03:10:53+00:00","author":{"@id":"https:\/\/www.gaveanews.com\/#\/schema\/person\/2ec14f73fb96be2caf28f91afb14749d"},"breadcrumb":{"@id":"https:\/\/www.gaveanews.com\/index.php\/2022\/01\/12\/atletico-diz-que-mane-garrincha-nao-e-campo-neutro-para-a-supercopa-contra-o-flamengo\/#breadcrumb"},"inLanguage":"pt-BR","potentialAction":[{"@type":"ReadAction","target":["https:\/\/www.gaveanews.com\/index.php\/2022\/01\/12\/atletico-diz-que-mane-garrincha-nao-e-campo-neutro-para-a-supercopa-contra-o-flamengo\/"]}]},{"@type":"ImageObject","inLanguage":"pt-BR","@id":"https:\/\/www.gaveanews.com\/index.php\/2022\/01\/12\/atletico-diz-que-mane-garrincha-nao-e-campo-neutro-para-a-supercopa-contra-o-flamengo\/#primaryimage","url":"https:\/\/www.gaveanews.com\/wp-content\/uploads\/Rodrigo-Caio-erguendo-a-taca-da-Supercopa-de-2021.webp","contentUrl":"https:\/\/www.gaveanews.com\/wp-content\/uploads\/Rodrigo-Caio-erguendo-a-taca-da-Supercopa-de-2021.webp","width":799,"height":532,"caption":"Rodrigo Caio erguendo a ta\u00e7a da Supercopa de 2021 (Foto: Alexandre Vidal\/Flamengo)"},{"@type":"BreadcrumbList","@id":"https:\/\/www.gaveanews.com\/index.php\/2022\/01\/12\/atletico-diz-que-mane-garrincha-nao-e-campo-neutro-para-a-supercopa-contra-o-flamengo\/#breadcrumb","itemListElement":[{"@type":"ListItem","position":1,"name":"Home","item":"https:\/\/www.gaveanews.com\/"},{"@type":"ListItem","position":2,"name":"Atl\u00e9tico diz que Man\u00e9 Garrincha n\u00e3o \u00e9 \u201ccampo neutro\u201d para a Supercopa contra o Flamengo"}]},{"@type":"WebSite","@id":"https:\/\/www.gaveanews.com\/#website","url":"https:\/\/www.gaveanews.com\/","name":"G\u00e1vea News","description":"Veja todas as not\u00edcias sobre o Flamengo: Contrata\u00e7\u00f5es, categorias de base, resultados das partidas, tabela de classifica\u00e7\u00e3o, pr\u00f3ximos jogos!","potentialAction":[{"@type":"SearchAction","target":{"@type":"EntryPoint","urlTemplate":"https:\/\/www.gaveanews.com\/?s={search_term_string}"},"query-input":{"@type":"PropertyValueSpecification","valueRequired":true,"valueName":"search_term_string"}}],"inLanguage":"pt-BR"},{"@type":"Person","@id":"https:\/\/www.gaveanews.com\/#\/schema\/person\/2ec14f73fb96be2caf28f91afb14749d","name":"Equipe G\u00e1vea News","image":{"@type":"ImageObject","inLanguage":"pt-BR","@id":"https:\/\/www.gaveanews.com\/#\/schema\/person\/image\/","url":"https:\/\/secure.gravatar.com\/avatar\/1e1956f1facbffd3f8fa53a326721950116b3b9dc9bd44939c01180fd4a745a9?s=96&d=mm&r=g","contentUrl":"https:\/\/secure.gravatar.com\/avatar\/1e1956f1facbffd3f8fa53a326721950116b3b9dc9bd44939c01180fd4a745a9?s=96&d=mm&r=g","caption":"Equipe G\u00e1vea News"}}]}},"_links":{"self":[{"href":"https:\/\/www.gaveanews.com\/index.php\/wp-json\/wp\/v2\/posts\/74717","targetHints":{"allow":["GET"]}}],"collection":[{"href":"https:\/\/www.gaveanews.com\/index.php\/wp-json\/wp\/v2\/posts"}],"about":[{"href":"https:\/\/www.gaveanews.com\/index.php\/wp-json\/wp\/v2\/types\/post"}],"author":[{"embeddable":true,"href":"https:\/\/www.gaveanews.com\/index.php\/wp-json\/wp\/v2\/users\/1"}],"replies":[{"embeddable":true,"href":"https:\/\/www.gaveanews.com\/index.php\/wp-json\/wp\/v2\/comments?post=74717"}],"version-history":[{"count":0,"href":"https:\/\/www.gaveanews.com\/index.php\/wp-json\/wp\/v2\/posts\/74717\/revisions"}],"wp:featuredmedia":[{"embeddable":true,"href":"https:\/\/www.gaveanews.com\/index.php\/wp-json\/wp\/v2\/media\/59259"}],"wp:attachment":[{"href":"https:\/\/www.gaveanews.com\/index.php\/wp-json\/wp\/v2\/media?parent=74717"}],"wp:term":[{"taxonomy":"category","embeddable":true,"href":"https:\/\/www.gaveanews.com\/index.php\/wp-json\/wp\/v2\/categories?post=74717"},{"taxonomy":"post_tag","embeddable":true,"href":"https:\/\/www.gaveanews.com\/index.php\/wp-json\/wp\/v2\/tags?post=74717"}],"curies":[{"name":"wp","href":"https:\/\/api.w.org\/{rel}","templated":true}]}}