{"id":74778,"date":"2022-01-13T00:08:38","date_gmt":"2022-01-13T03:08:38","guid":{"rendered":"https:\/\/www.gaveanews.com\/?p=74778"},"modified":"2022-01-13T00:08:41","modified_gmt":"2022-01-13T03:08:41","slug":"estreia-do-flamengo-no-campeonato-carioca-sera-transmitido-pela-record","status":"publish","type":"post","link":"https:\/\/www.gaveanews.com\/index.php\/2022\/01\/13\/estreia-do-flamengo-no-campeonato-carioca-sera-transmitido-pela-record\/","title":{"rendered":"Estreia do Flamengo no Campeonato Carioca ser\u00e1 transmitido pela Record"},"content":{"rendered":"\n<p>A Federa\u00e7\u00e3o de Futebol do Estado do Rio de Janeiro (Ferj) definiu, hoje (12), os dias dos jogos das quatro primeiras rodadas do Campeonato Carioca. Dos quatro clubes de maior investimento, o primeiro a estrear ser\u00e1 o Botafogo, e o Flamengo ser\u00e1 o primeiro a ter o jogo televisionado pela Record, emissora que det\u00e9m os direitos de transmiss\u00e3o da competi\u00e7\u00e3o.<\/p>\n\n\n\n<p>O Alvinegro encara o Boavista no dia 25 de janeiro, uma ter\u00e7a-feira, no Elcyr Resende, \u00e0s 21h. A equipe rubro-negra encara a Portuguesa no dia seguinte, \u00e0s 21h35, com est\u00e1dio ainda a ser definido, mas com transmiss\u00e3o confirmada em TV aberta.<\/p>\n\n\n\n<p>Tamb\u00e9m no dia 26, o Vasco enfrenta o Volta Redonda no Raulino de Oliveira, \u00e0s 18h. Dos quatro grandes, o Fluminense ser\u00e1 o \u00faltimo a entrar em campo. A equipe do t\u00e9cnico Abel Braga vai duelar com o Bangu apenas no dia 27, com local ainda a ser escolhido.<\/p>\n\n\n\n<p>O detalhamento da tabela por parte da Ferj ainda traz quais jogos ser\u00e3o transmitidos pela Record at\u00e9 a quarta rodada. Na segunda, a op\u00e7\u00e3o foi por Botafogo x Bangu, \u00e0s 16h05 do dia 30 (domingo). Na terceira, quem aparece na TV aberta \u00e9 o Vasco, que recebe o Nova Igua\u00e7u, em uma noite de quarta (2 de fevereiro), \u00e0s 21h35.<\/p>\n\n\n\n<p>A lista da Record ainda tem o primeiro Flamengo x Fluminense de 2022, em 6 de fevereiro, ocupando a faixa das 16h05 de domingo. O jogo ainda n\u00e3o tem local definido, j\u00e1 que o Maracan\u00e3 est\u00e1 em processo de reforma do gramado.<\/p>\n\n\n\n<p>Por contrato, a Record tem direito a transmitir um jogo por rodada. Neste ano, ela vai distribuir aos clubes R$ 15 milh\u00f5es. As demais partidas do estadual do Rio ser\u00e3o comercializadas em pay-per-view.<\/p>\n\n\n\n<p>Retirado de: UOL<\/p>\n","protected":false},"excerpt":{"rendered":"<p>A Federa\u00e7\u00e3o de Futebol do Estado do Rio de Janeiro (Ferj) definiu, hoje (12), os dias dos jogos das quatro primeiras rodadas do Campeonato Carioca. Dos quatro clubes de maior investimento, o primeiro a estrear ser\u00e1 o Botafogo, e o Flamengo ser\u00e1 o primeiro a ter o jogo televisionado pela Record, emissora que det\u00e9m os [&hellip;]<\/p>\n","protected":false},"author":1,"featured_media":56650,"comment_status":"open","ping_status":"closed","sticky":false,"template":"","format":"standard","meta":{"footnotes":""},"categories":[1],"tags":[],"class_list":["post-74778","post","type-post","status-publish","format-standard","has-post-thumbnail","hentry","category-flamengo"],"yoast_head":"<!-- This site is optimized with the Yoast SEO Premium plugin v24.2 (Yoast SEO v26.9) - https:\/\/yoast.com\/product\/yoast-seo-premium-wordpress\/ -->\n<title>Estreia do Flamengo no Campeonato Carioca ser\u00e1 transmitido pela Record<\/title>\n<meta name=\"robots\" content=\"index, follow, max-snippet:-1, max-image-preview:large, max-video-preview:-1\" \/>\n<link rel=\"canonical\" href=\"https:\/\/www.gaveanews.com\/index.php\/2022\/01\/13\/estreia-do-flamengo-no-campeonato-carioca-sera-transmitido-pela-record\/\" \/>\n<meta property=\"og:locale\" content=\"pt_BR\" \/>\n<meta property=\"og:type\" content=\"article\" \/>\n<meta property=\"og:title\" content=\"Estreia do Flamengo no Campeonato Carioca ser\u00e1 transmitido pela Record\" \/>\n<meta property=\"og:description\" content=\"A Federa\u00e7\u00e3o de Futebol do Estado do Rio de Janeiro (Ferj) definiu, hoje (12), os dias dos jogos das quatro primeiras rodadas do Campeonato Carioca. Dos quatro clubes de maior investimento, o primeiro a estrear ser\u00e1 o Botafogo, e o Flamengo ser\u00e1 o primeiro a ter o jogo televisionado pela Record, emissora que det\u00e9m os [&hellip;]\" \/>\n<meta property=\"og:url\" content=\"https:\/\/www.gaveanews.com\/index.php\/2022\/01\/13\/estreia-do-flamengo-no-campeonato-carioca-sera-transmitido-pela-record\/\" \/>\n<meta property=\"og:site_name\" content=\"G\u00e1vea News\" \/>\n<meta property=\"article:publisher\" content=\"https:\/\/facebook.com\/gaveaNews\/\" \/>\n<meta property=\"article:published_time\" content=\"2022-01-13T03:08:38+00:00\" \/>\n<meta property=\"article:modified_time\" content=\"2022-01-13T03:08:41+00:00\" \/>\n<meta property=\"og:image\" content=\"https:\/\/www.gaveanews.com\/wp-content\/uploads\/Logomarca-da-Record-TV.webp\" \/>\n\t<meta property=\"og:image:width\" content=\"1920\" \/>\n\t<meta property=\"og:image:height\" content=\"1080\" \/>\n\t<meta property=\"og:image:type\" content=\"image\/jpeg\" \/>\n<meta name=\"author\" content=\"Equipe G\u00e1vea News\" \/>\n<meta name=\"twitter:card\" content=\"summary_large_image\" \/>\n<meta name=\"twitter:label1\" content=\"Escrito por\" \/>\n\t<meta name=\"twitter:data1\" content=\"Equipe G\u00e1vea News\" \/>\n\t<meta name=\"twitter:label2\" content=\"Est. tempo de leitura\" \/>\n\t<meta name=\"twitter:data2\" content=\"2 minutos\" \/>\n<script type=\"application\/ld+json\" class=\"yoast-schema-graph\">{\"@context\":\"https:\/\/schema.org\",\"@graph\":[{\"@type\":\"NewsArticle\",\"@id\":\"https:\/\/www.gaveanews.com\/index.php\/2022\/01\/13\/estreia-do-flamengo-no-campeonato-carioca-sera-transmitido-pela-record\/#article\",\"isPartOf\":{\"@id\":\"https:\/\/www.gaveanews.com\/index.php\/2022\/01\/13\/estreia-do-flamengo-no-campeonato-carioca-sera-transmitido-pela-record\/\"},\"author\":{\"name\":\"Equipe G\u00e1vea News\",\"@id\":\"https:\/\/www.gaveanews.com\/#\/schema\/person\/2ec14f73fb96be2caf28f91afb14749d\"},\"headline\":\"Estreia do Flamengo no Campeonato Carioca ser\u00e1 transmitido pela Record\",\"datePublished\":\"2022-01-13T03:08:38+00:00\",\"dateModified\":\"2022-01-13T03:08:41+00:00\",\"mainEntityOfPage\":{\"@id\":\"https:\/\/www.gaveanews.com\/index.php\/2022\/01\/13\/estreia-do-flamengo-no-campeonato-carioca-sera-transmitido-pela-record\/\"},\"wordCount\":303,\"commentCount\":4,\"image\":{\"@id\":\"https:\/\/www.gaveanews.com\/index.php\/2022\/01\/13\/estreia-do-flamengo-no-campeonato-carioca-sera-transmitido-pela-record\/#primaryimage\"},\"thumbnailUrl\":\"https:\/\/www.gaveanews.com\/wp-content\/uploads\/Logomarca-da-Record-TV.webp\",\"articleSection\":[\"Flamengo\"],\"inLanguage\":\"pt-BR\",\"potentialAction\":[{\"@type\":\"CommentAction\",\"name\":\"Comment\",\"target\":[\"https:\/\/www.gaveanews.com\/index.php\/2022\/01\/13\/estreia-do-flamengo-no-campeonato-carioca-sera-transmitido-pela-record\/#respond\"]}],\"copyrightYear\":\"2022\",\"copyrightHolder\":{\"@id\":\"https:\/\/www.gaveanews.com\/#organization\"}},{\"@type\":\"WebPage\",\"@id\":\"https:\/\/www.gaveanews.com\/index.php\/2022\/01\/13\/estreia-do-flamengo-no-campeonato-carioca-sera-transmitido-pela-record\/\",\"url\":\"https:\/\/www.gaveanews.com\/index.php\/2022\/01\/13\/estreia-do-flamengo-no-campeonato-carioca-sera-transmitido-pela-record\/\",\"name\":\"Estreia do Flamengo no Campeonato Carioca ser\u00e1 transmitido pela Record\",\"isPartOf\":{\"@id\":\"https:\/\/www.gaveanews.com\/#website\"},\"primaryImageOfPage\":{\"@id\":\"https:\/\/www.gaveanews.com\/index.php\/2022\/01\/13\/estreia-do-flamengo-no-campeonato-carioca-sera-transmitido-pela-record\/#primaryimage\"},\"image\":{\"@id\":\"https:\/\/www.gaveanews.com\/index.php\/2022\/01\/13\/estreia-do-flamengo-no-campeonato-carioca-sera-transmitido-pela-record\/#primaryimage\"},\"thumbnailUrl\":\"https:\/\/www.gaveanews.com\/wp-content\/uploads\/Logomarca-da-Record-TV.webp\",\"datePublished\":\"2022-01-13T03:08:38+00:00\",\"dateModified\":\"2022-01-13T03:08:41+00:00\",\"author\":{\"@id\":\"https:\/\/www.gaveanews.com\/#\/schema\/person\/2ec14f73fb96be2caf28f91afb14749d\"},\"breadcrumb\":{\"@id\":\"https:\/\/www.gaveanews.com\/index.php\/2022\/01\/13\/estreia-do-flamengo-no-campeonato-carioca-sera-transmitido-pela-record\/#breadcrumb\"},\"inLanguage\":\"pt-BR\",\"potentialAction\":[{\"@type\":\"ReadAction\",\"target\":[\"https:\/\/www.gaveanews.com\/index.php\/2022\/01\/13\/estreia-do-flamengo-no-campeonato-carioca-sera-transmitido-pela-record\/\"]}]},{\"@type\":\"ImageObject\",\"inLanguage\":\"pt-BR\",\"@id\":\"https:\/\/www.gaveanews.com\/index.php\/2022\/01\/13\/estreia-do-flamengo-no-campeonato-carioca-sera-transmitido-pela-record\/#primaryimage\",\"url\":\"https:\/\/www.gaveanews.com\/wp-content\/uploads\/Logomarca-da-Record-TV.webp\",\"contentUrl\":\"https:\/\/www.gaveanews.com\/wp-content\/uploads\/Logomarca-da-Record-TV.webp\",\"width\":1920,\"height\":1080,\"caption\":\"Logomarca da Record TV (Foto: Reprodu\u00e7\u00e3o)\"},{\"@type\":\"BreadcrumbList\",\"@id\":\"https:\/\/www.gaveanews.com\/index.php\/2022\/01\/13\/estreia-do-flamengo-no-campeonato-carioca-sera-transmitido-pela-record\/#breadcrumb\",\"itemListElement\":[{\"@type\":\"ListItem\",\"position\":1,\"name\":\"Home\",\"item\":\"https:\/\/www.gaveanews.com\/\"},{\"@type\":\"ListItem\",\"position\":2,\"name\":\"Estreia do Flamengo no Campeonato Carioca ser\u00e1 transmitido pela Record\"}]},{\"@type\":\"WebSite\",\"@id\":\"https:\/\/www.gaveanews.com\/#website\",\"url\":\"https:\/\/www.gaveanews.com\/\",\"name\":\"G\u00e1vea News\",\"description\":\"Veja todas as not\u00edcias sobre o Flamengo: Contrata\u00e7\u00f5es, categorias de base, resultados das partidas, tabela de classifica\u00e7\u00e3o, pr\u00f3ximos jogos!\",\"potentialAction\":[{\"@type\":\"SearchAction\",\"target\":{\"@type\":\"EntryPoint\",\"urlTemplate\":\"https:\/\/www.gaveanews.com\/?s={search_term_string}\"},\"query-input\":{\"@type\":\"PropertyValueSpecification\",\"valueRequired\":true,\"valueName\":\"search_term_string\"}}],\"inLanguage\":\"pt-BR\"},{\"@type\":\"Person\",\"@id\":\"https:\/\/www.gaveanews.com\/#\/schema\/person\/2ec14f73fb96be2caf28f91afb14749d\",\"name\":\"Equipe G\u00e1vea News\",\"image\":{\"@type\":\"ImageObject\",\"inLanguage\":\"pt-BR\",\"@id\":\"https:\/\/www.gaveanews.com\/#\/schema\/person\/image\/\",\"url\":\"https:\/\/secure.gravatar.com\/avatar\/1e1956f1facbffd3f8fa53a326721950116b3b9dc9bd44939c01180fd4a745a9?s=96&d=mm&r=g\",\"contentUrl\":\"https:\/\/secure.gravatar.com\/avatar\/1e1956f1facbffd3f8fa53a326721950116b3b9dc9bd44939c01180fd4a745a9?s=96&d=mm&r=g\",\"caption\":\"Equipe G\u00e1vea News\"}}]}<\/script>\n<!-- \/ Yoast SEO Premium plugin. -->","yoast_head_json":{"title":"Estreia do Flamengo no Campeonato Carioca ser\u00e1 transmitido pela Record","robots":{"index":"index","follow":"follow","max-snippet":"max-snippet:-1","max-image-preview":"max-image-preview:large","max-video-preview":"max-video-preview:-1"},"canonical":"https:\/\/www.gaveanews.com\/index.php\/2022\/01\/13\/estreia-do-flamengo-no-campeonato-carioca-sera-transmitido-pela-record\/","og_locale":"pt_BR","og_type":"article","og_title":"Estreia do Flamengo no Campeonato Carioca ser\u00e1 transmitido pela Record","og_description":"A Federa\u00e7\u00e3o de Futebol do Estado do Rio de Janeiro (Ferj) definiu, hoje (12), os dias dos jogos das quatro primeiras rodadas do Campeonato Carioca. Dos quatro clubes de maior investimento, o primeiro a estrear ser\u00e1 o Botafogo, e o Flamengo ser\u00e1 o primeiro a ter o jogo televisionado pela Record, emissora que det\u00e9m os [&hellip;]","og_url":"https:\/\/www.gaveanews.com\/index.php\/2022\/01\/13\/estreia-do-flamengo-no-campeonato-carioca-sera-transmitido-pela-record\/","og_site_name":"G\u00e1vea News","article_publisher":"https:\/\/facebook.com\/gaveaNews\/","article_published_time":"2022-01-13T03:08:38+00:00","article_modified_time":"2022-01-13T03:08:41+00:00","og_image":[{"width":1920,"height":1080,"url":"https:\/\/www.gaveanews.com\/wp-content\/uploads\/Logomarca-da-Record-TV.webp","type":"image\/jpeg"}],"author":"Equipe G\u00e1vea News","twitter_card":"summary_large_image","twitter_misc":{"Escrito por":"Equipe G\u00e1vea News","Est. tempo de leitura":"2 minutos"},"schema":{"@context":"https:\/\/schema.org","@graph":[{"@type":"NewsArticle","@id":"https:\/\/www.gaveanews.com\/index.php\/2022\/01\/13\/estreia-do-flamengo-no-campeonato-carioca-sera-transmitido-pela-record\/#article","isPartOf":{"@id":"https:\/\/www.gaveanews.com\/index.php\/2022\/01\/13\/estreia-do-flamengo-no-campeonato-carioca-sera-transmitido-pela-record\/"},"author":{"name":"Equipe G\u00e1vea News","@id":"https:\/\/www.gaveanews.com\/#\/schema\/person\/2ec14f73fb96be2caf28f91afb14749d"},"headline":"Estreia do Flamengo no Campeonato Carioca ser\u00e1 transmitido pela Record","datePublished":"2022-01-13T03:08:38+00:00","dateModified":"2022-01-13T03:08:41+00:00","mainEntityOfPage":{"@id":"https:\/\/www.gaveanews.com\/index.php\/2022\/01\/13\/estreia-do-flamengo-no-campeonato-carioca-sera-transmitido-pela-record\/"},"wordCount":303,"commentCount":4,"image":{"@id":"https:\/\/www.gaveanews.com\/index.php\/2022\/01\/13\/estreia-do-flamengo-no-campeonato-carioca-sera-transmitido-pela-record\/#primaryimage"},"thumbnailUrl":"https:\/\/www.gaveanews.com\/wp-content\/uploads\/Logomarca-da-Record-TV.webp","articleSection":["Flamengo"],"inLanguage":"pt-BR","potentialAction":[{"@type":"CommentAction","name":"Comment","target":["https:\/\/www.gaveanews.com\/index.php\/2022\/01\/13\/estreia-do-flamengo-no-campeonato-carioca-sera-transmitido-pela-record\/#respond"]}],"copyrightYear":"2022","copyrightHolder":{"@id":"https:\/\/www.gaveanews.com\/#organization"}},{"@type":"WebPage","@id":"https:\/\/www.gaveanews.com\/index.php\/2022\/01\/13\/estreia-do-flamengo-no-campeonato-carioca-sera-transmitido-pela-record\/","url":"https:\/\/www.gaveanews.com\/index.php\/2022\/01\/13\/estreia-do-flamengo-no-campeonato-carioca-sera-transmitido-pela-record\/","name":"Estreia do Flamengo no Campeonato Carioca ser\u00e1 transmitido pela Record","isPartOf":{"@id":"https:\/\/www.gaveanews.com\/#website"},"primaryImageOfPage":{"@id":"https:\/\/www.gaveanews.com\/index.php\/2022\/01\/13\/estreia-do-flamengo-no-campeonato-carioca-sera-transmitido-pela-record\/#primaryimage"},"image":{"@id":"https:\/\/www.gaveanews.com\/index.php\/2022\/01\/13\/estreia-do-flamengo-no-campeonato-carioca-sera-transmitido-pela-record\/#primaryimage"},"thumbnailUrl":"https:\/\/www.gaveanews.com\/wp-content\/uploads\/Logomarca-da-Record-TV.webp","datePublished":"2022-01-13T03:08:38+00:00","dateModified":"2022-01-13T03:08:41+00:00","author":{"@id":"https:\/\/www.gaveanews.com\/#\/schema\/person\/2ec14f73fb96be2caf28f91afb14749d"},"breadcrumb":{"@id":"https:\/\/www.gaveanews.com\/index.php\/2022\/01\/13\/estreia-do-flamengo-no-campeonato-carioca-sera-transmitido-pela-record\/#breadcrumb"},"inLanguage":"pt-BR","potentialAction":[{"@type":"ReadAction","target":["https:\/\/www.gaveanews.com\/index.php\/2022\/01\/13\/estreia-do-flamengo-no-campeonato-carioca-sera-transmitido-pela-record\/"]}]},{"@type":"ImageObject","inLanguage":"pt-BR","@id":"https:\/\/www.gaveanews.com\/index.php\/2022\/01\/13\/estreia-do-flamengo-no-campeonato-carioca-sera-transmitido-pela-record\/#primaryimage","url":"https:\/\/www.gaveanews.com\/wp-content\/uploads\/Logomarca-da-Record-TV.webp","contentUrl":"https:\/\/www.gaveanews.com\/wp-content\/uploads\/Logomarca-da-Record-TV.webp","width":1920,"height":1080,"caption":"Logomarca da Record TV (Foto: Reprodu\u00e7\u00e3o)"},{"@type":"BreadcrumbList","@id":"https:\/\/www.gaveanews.com\/index.php\/2022\/01\/13\/estreia-do-flamengo-no-campeonato-carioca-sera-transmitido-pela-record\/#breadcrumb","itemListElement":[{"@type":"ListItem","position":1,"name":"Home","item":"https:\/\/www.gaveanews.com\/"},{"@type":"ListItem","position":2,"name":"Estreia do Flamengo no Campeonato Carioca ser\u00e1 transmitido pela Record"}]},{"@type":"WebSite","@id":"https:\/\/www.gaveanews.com\/#website","url":"https:\/\/www.gaveanews.com\/","name":"G\u00e1vea News","description":"Veja todas as not\u00edcias sobre o Flamengo: Contrata\u00e7\u00f5es, categorias de base, resultados das partidas, tabela de classifica\u00e7\u00e3o, pr\u00f3ximos jogos!","potentialAction":[{"@type":"SearchAction","target":{"@type":"EntryPoint","urlTemplate":"https:\/\/www.gaveanews.com\/?s={search_term_string}"},"query-input":{"@type":"PropertyValueSpecification","valueRequired":true,"valueName":"search_term_string"}}],"inLanguage":"pt-BR"},{"@type":"Person","@id":"https:\/\/www.gaveanews.com\/#\/schema\/person\/2ec14f73fb96be2caf28f91afb14749d","name":"Equipe G\u00e1vea News","image":{"@type":"ImageObject","inLanguage":"pt-BR","@id":"https:\/\/www.gaveanews.com\/#\/schema\/person\/image\/","url":"https:\/\/secure.gravatar.com\/avatar\/1e1956f1facbffd3f8fa53a326721950116b3b9dc9bd44939c01180fd4a745a9?s=96&d=mm&r=g","contentUrl":"https:\/\/secure.gravatar.com\/avatar\/1e1956f1facbffd3f8fa53a326721950116b3b9dc9bd44939c01180fd4a745a9?s=96&d=mm&r=g","caption":"Equipe G\u00e1vea News"}}]}},"_links":{"self":[{"href":"https:\/\/www.gaveanews.com\/index.php\/wp-json\/wp\/v2\/posts\/74778","targetHints":{"allow":["GET"]}}],"collection":[{"href":"https:\/\/www.gaveanews.com\/index.php\/wp-json\/wp\/v2\/posts"}],"about":[{"href":"https:\/\/www.gaveanews.com\/index.php\/wp-json\/wp\/v2\/types\/post"}],"author":[{"embeddable":true,"href":"https:\/\/www.gaveanews.com\/index.php\/wp-json\/wp\/v2\/users\/1"}],"replies":[{"embeddable":true,"href":"https:\/\/www.gaveanews.com\/index.php\/wp-json\/wp\/v2\/comments?post=74778"}],"version-history":[{"count":0,"href":"https:\/\/www.gaveanews.com\/index.php\/wp-json\/wp\/v2\/posts\/74778\/revisions"}],"wp:featuredmedia":[{"embeddable":true,"href":"https:\/\/www.gaveanews.com\/index.php\/wp-json\/wp\/v2\/media\/56650"}],"wp:attachment":[{"href":"https:\/\/www.gaveanews.com\/index.php\/wp-json\/wp\/v2\/media?parent=74778"}],"wp:term":[{"taxonomy":"category","embeddable":true,"href":"https:\/\/www.gaveanews.com\/index.php\/wp-json\/wp\/v2\/categories?post=74778"},{"taxonomy":"post_tag","embeddable":true,"href":"https:\/\/www.gaveanews.com\/index.php\/wp-json\/wp\/v2\/tags?post=74778"}],"curies":[{"name":"wp","href":"https:\/\/api.w.org\/{rel}","templated":true}]}}