{"id":74798,"date":"2022-01-13T15:32:12","date_gmt":"2022-01-13T18:32:12","guid":{"rendered":"https:\/\/www.gaveanews.com\/?p=74798"},"modified":"2022-01-13T15:32:15","modified_gmt":"2022-01-13T18:32:15","slug":"cesar-deixa-o-flamengo-e-se-despede-nas-redes-sociais","status":"publish","type":"post","link":"https:\/\/www.gaveanews.com\/index.php\/2022\/01\/13\/cesar-deixa-o-flamengo-e-se-despede-nas-redes-sociais\/","title":{"rendered":"C\u00e9sar deixa o Flamengo e se despede nas redes sociais"},"content":{"rendered":"\n<p>Apesar de n\u00e3o apostar em grandes sa\u00eddas em 2022, o Flamengo acabou formando uma &#8220;barca&#8221; neste come\u00e7o de temporada e est\u00e1 se despedindo de jogadores que n\u00e3o far\u00e3o parte de seus planos para a sequ\u00eancia.<\/p>\n\n\n\n<p>Nesta quinta-feira (13), o atleta que se manifestou declarando sua sa\u00edda do clube \u00e9 C\u00e9sar. O goleiro integrava o Mais Querido desde 2010, quando deixou o Sendas e rumou ao elenco sub-20 rubro-negro.<\/p>\n\n\n\n<p>Nestes 11 anos de contrato, o arqueiro n\u00e3o teve muitas oportunidades, chegando a ser emprestado \u00e0 Ponte Preta e \u00e0 Ferrovi\u00e1ria em 2016 e 2017. Em sua jornada pelo Flamengo, o goleiro entrou em campo apenas 65 vezes.<\/p>\n\n\n\n<p>Ap\u00f3s tanto tempo de rubro-negro, C\u00e9sar se despediu do clube e da torcida por meio de publica\u00e7\u00e3o no <em>Instagram<\/em>. Aos 29 anos, o jogador termina seu contrato com o Fla e tem o futuro de sua carreira indefinido.<\/p>\n\n\n\n<p><strong><em>&#8220;Fala na\u00e7\u00e3o rubro negra,<br>Neste momento, se encerra um ciclo. N\u00e3o fa\u00e7o mais parte do CLUBE DE REGATAS DO FLAMENGO, foram mais de 12 anos vestindo, com muito orgulho, essa camisa.<br>Sou extremamente grato a Deus por tudo que vivi dentro do clube, grato ao FLAMENGO que me fez realizar grandes sonhos. Grato a todas as pessoas que passaram por minha vida ao longo de todos esses anos. Fiz grandes amigos, aprendi com muita gente. Enfrentei alguns gigantes, tempos dif\u00edceis, que com f\u00e9 em Deus e pela gra\u00e7a dEle, venci. Conquistei grandes vit\u00f3rias e t\u00edtulos, junto com grupos incr\u00edveis de profissionais.<br>Me entreguei de cora\u00e7\u00e3o todos os dias, fazendo o melhor de mim l\u00e1 dentro, seguindo o que o ap\u00f3stolo Paulo diz em sua carta aos Colossenses. \u201cTudo o que fizerem, fa\u00e7am de todo o cora\u00e7\u00e3o, como para o Senhor, e n\u00e3o para os homens\u201d. 3-23.<br>Fica aqui o meu sentimento de GRATID\u00c3O ESPECIAL a imensa na\u00e7\u00e3o rubro negra. Que me tratou com muito carinho e me apoiou em todo tempo.<br>Com orgulho, posso dizer que sou cria do MENG\u00c3O.<br>Sigo em frente com a alegria que vem de Deus, sabendo que grandes coisas est\u00e3o por vir.<br>Que Deus aben\u00e7oe voc\u00eas!<br>Um grande abra\u00e7o.&#8221;<\/em><\/strong><\/p>\n\n\n\n<p>Sem C\u00e9sar, o Flamengo inicia a temporada de 2022 com Diego Alves, Hugo Souza e Gabriel Batista para defender o gol. Os atletas iniciaram a pr\u00e9-temporada nesta semana e j\u00e1 est\u00e3o recebendo a aten\u00e7\u00e3o especial de Paulo Grilo, preparador de goleiros da comiss\u00e3o t\u00e9cnica de Paulo Sousa.<\/p>\n","protected":false},"excerpt":{"rendered":"<p>Apesar de n\u00e3o apostar em grandes sa\u00eddas em 2022, o Flamengo acabou formando uma &#8220;barca&#8221; neste come\u00e7o de temporada e est\u00e1 se despedindo de jogadores que n\u00e3o far\u00e3o parte de seus planos para a sequ\u00eancia. Nesta quinta-feira (13), o atleta que se manifestou declarando sua sa\u00edda do clube \u00e9 C\u00e9sar. O goleiro integrava o Mais [&hellip;]<\/p>\n","protected":false},"author":4,"featured_media":28951,"comment_status":"open","ping_status":"closed","sticky":false,"template":"","format":"standard","meta":{"footnotes":""},"categories":[1],"tags":[],"class_list":["post-74798","post","type-post","status-publish","format-standard","has-post-thumbnail","hentry","category-flamengo"],"yoast_head":"<!-- This site is optimized with the Yoast SEO Premium plugin v24.2 (Yoast SEO v26.9) - https:\/\/yoast.com\/product\/yoast-seo-premium-wordpress\/ -->\n<title>C\u00e9sar deixa o Flamengo e se despede nas redes sociais<\/title>\n<meta name=\"robots\" content=\"index, follow, max-snippet:-1, max-image-preview:large, max-video-preview:-1\" \/>\n<link rel=\"canonical\" href=\"https:\/\/www.gaveanews.com\/index.php\/2022\/01\/13\/cesar-deixa-o-flamengo-e-se-despede-nas-redes-sociais\/\" \/>\n<meta property=\"og:locale\" content=\"pt_BR\" \/>\n<meta property=\"og:type\" content=\"article\" \/>\n<meta property=\"og:title\" content=\"C\u00e9sar deixa o Flamengo e se despede nas redes sociais\" \/>\n<meta property=\"og:description\" content=\"Apesar de n\u00e3o apostar em grandes sa\u00eddas em 2022, o Flamengo acabou formando uma &#8220;barca&#8221; neste come\u00e7o de temporada e est\u00e1 se despedindo de jogadores que n\u00e3o far\u00e3o parte de seus planos para a sequ\u00eancia. Nesta quinta-feira (13), o atleta que se manifestou declarando sua sa\u00edda do clube \u00e9 C\u00e9sar. O goleiro integrava o Mais [&hellip;]\" \/>\n<meta property=\"og:url\" content=\"https:\/\/www.gaveanews.com\/index.php\/2022\/01\/13\/cesar-deixa-o-flamengo-e-se-despede-nas-redes-sociais\/\" \/>\n<meta property=\"og:site_name\" content=\"G\u00e1vea News\" \/>\n<meta property=\"article:publisher\" content=\"https:\/\/facebook.com\/gaveaNews\/\" \/>\n<meta property=\"article:published_time\" content=\"2022-01-13T18:32:12+00:00\" \/>\n<meta property=\"article:modified_time\" content=\"2022-01-13T18:32:15+00:00\" \/>\n<meta property=\"og:image\" content=\"https:\/\/www.gaveanews.com\/wp-content\/uploads\/Goleiro-Cesar-em-acao-pelo-Flamengo.webp\" \/>\n\t<meta property=\"og:image:width\" content=\"1\" \/>\n\t<meta property=\"og:image:height\" content=\"1\" \/>\n\t<meta property=\"og:image:type\" content=\"image\/jpeg\" \/>\n<meta name=\"author\" content=\"Let\u00edcia Gerheim\" \/>\n<meta name=\"twitter:card\" content=\"summary_large_image\" \/>\n<meta name=\"twitter:label1\" content=\"Escrito por\" \/>\n\t<meta name=\"twitter:data1\" content=\"Let\u00edcia Gerheim\" \/>\n\t<meta name=\"twitter:label2\" content=\"Est. tempo de leitura\" \/>\n\t<meta name=\"twitter:data2\" content=\"2 minutos\" \/>\n<script type=\"application\/ld+json\" class=\"yoast-schema-graph\">{\"@context\":\"https:\/\/schema.org\",\"@graph\":[{\"@type\":\"NewsArticle\",\"@id\":\"https:\/\/www.gaveanews.com\/index.php\/2022\/01\/13\/cesar-deixa-o-flamengo-e-se-despede-nas-redes-sociais\/#article\",\"isPartOf\":{\"@id\":\"https:\/\/www.gaveanews.com\/index.php\/2022\/01\/13\/cesar-deixa-o-flamengo-e-se-despede-nas-redes-sociais\/\"},\"author\":{\"name\":\"Let\u00edcia Gerheim\",\"@id\":\"https:\/\/www.gaveanews.com\/#\/schema\/person\/714c67050b836198af2450ba1c142a67\"},\"headline\":\"C\u00e9sar deixa o Flamengo e se despede nas redes sociais\",\"datePublished\":\"2022-01-13T18:32:12+00:00\",\"dateModified\":\"2022-01-13T18:32:15+00:00\",\"mainEntityOfPage\":{\"@id\":\"https:\/\/www.gaveanews.com\/index.php\/2022\/01\/13\/cesar-deixa-o-flamengo-e-se-despede-nas-redes-sociais\/\"},\"wordCount\":432,\"commentCount\":21,\"image\":{\"@id\":\"https:\/\/www.gaveanews.com\/index.php\/2022\/01\/13\/cesar-deixa-o-flamengo-e-se-despede-nas-redes-sociais\/#primaryimage\"},\"thumbnailUrl\":\"https:\/\/www.gaveanews.com\/wp-content\/uploads\/Goleiro-Cesar-em-acao-pelo-Flamengo.webp\",\"articleSection\":[\"Flamengo\"],\"inLanguage\":\"pt-BR\",\"potentialAction\":[{\"@type\":\"CommentAction\",\"name\":\"Comment\",\"target\":[\"https:\/\/www.gaveanews.com\/index.php\/2022\/01\/13\/cesar-deixa-o-flamengo-e-se-despede-nas-redes-sociais\/#respond\"]}],\"copyrightYear\":\"2022\",\"copyrightHolder\":{\"@id\":\"https:\/\/www.gaveanews.com\/#organization\"}},{\"@type\":\"WebPage\",\"@id\":\"https:\/\/www.gaveanews.com\/index.php\/2022\/01\/13\/cesar-deixa-o-flamengo-e-se-despede-nas-redes-sociais\/\",\"url\":\"https:\/\/www.gaveanews.com\/index.php\/2022\/01\/13\/cesar-deixa-o-flamengo-e-se-despede-nas-redes-sociais\/\",\"name\":\"C\u00e9sar deixa o Flamengo e se despede nas redes sociais\",\"isPartOf\":{\"@id\":\"https:\/\/www.gaveanews.com\/#website\"},\"primaryImageOfPage\":{\"@id\":\"https:\/\/www.gaveanews.com\/index.php\/2022\/01\/13\/cesar-deixa-o-flamengo-e-se-despede-nas-redes-sociais\/#primaryimage\"},\"image\":{\"@id\":\"https:\/\/www.gaveanews.com\/index.php\/2022\/01\/13\/cesar-deixa-o-flamengo-e-se-despede-nas-redes-sociais\/#primaryimage\"},\"thumbnailUrl\":\"https:\/\/www.gaveanews.com\/wp-content\/uploads\/Goleiro-Cesar-em-acao-pelo-Flamengo.webp\",\"datePublished\":\"2022-01-13T18:32:12+00:00\",\"dateModified\":\"2022-01-13T18:32:15+00:00\",\"author\":{\"@id\":\"https:\/\/www.gaveanews.com\/#\/schema\/person\/714c67050b836198af2450ba1c142a67\"},\"breadcrumb\":{\"@id\":\"https:\/\/www.gaveanews.com\/index.php\/2022\/01\/13\/cesar-deixa-o-flamengo-e-se-despede-nas-redes-sociais\/#breadcrumb\"},\"inLanguage\":\"pt-BR\",\"potentialAction\":[{\"@type\":\"ReadAction\",\"target\":[\"https:\/\/www.gaveanews.com\/index.php\/2022\/01\/13\/cesar-deixa-o-flamengo-e-se-despede-nas-redes-sociais\/\"]}]},{\"@type\":\"ImageObject\",\"inLanguage\":\"pt-BR\",\"@id\":\"https:\/\/www.gaveanews.com\/index.php\/2022\/01\/13\/cesar-deixa-o-flamengo-e-se-despede-nas-redes-sociais\/#primaryimage\",\"url\":\"https:\/\/www.gaveanews.com\/wp-content\/uploads\/Goleiro-Cesar-em-acao-pelo-Flamengo.webp\",\"contentUrl\":\"https:\/\/www.gaveanews.com\/wp-content\/uploads\/Goleiro-Cesar-em-acao-pelo-Flamengo.webp\",\"caption\":\"Goleiro C\u00e9sar em a\u00e7\u00e3o pelo Flamengo (Foto: Gilvan de Souza\/Flamengo)\"},{\"@type\":\"BreadcrumbList\",\"@id\":\"https:\/\/www.gaveanews.com\/index.php\/2022\/01\/13\/cesar-deixa-o-flamengo-e-se-despede-nas-redes-sociais\/#breadcrumb\",\"itemListElement\":[{\"@type\":\"ListItem\",\"position\":1,\"name\":\"Home\",\"item\":\"https:\/\/www.gaveanews.com\/\"},{\"@type\":\"ListItem\",\"position\":2,\"name\":\"C\u00e9sar deixa o Flamengo e se despede nas redes sociais\"}]},{\"@type\":\"WebSite\",\"@id\":\"https:\/\/www.gaveanews.com\/#website\",\"url\":\"https:\/\/www.gaveanews.com\/\",\"name\":\"G\u00e1vea News\",\"description\":\"Veja todas as not\u00edcias sobre o Flamengo: Contrata\u00e7\u00f5es, categorias de base, resultados das partidas, tabela de classifica\u00e7\u00e3o, pr\u00f3ximos jogos!\",\"potentialAction\":[{\"@type\":\"SearchAction\",\"target\":{\"@type\":\"EntryPoint\",\"urlTemplate\":\"https:\/\/www.gaveanews.com\/?s={search_term_string}\"},\"query-input\":{\"@type\":\"PropertyValueSpecification\",\"valueRequired\":true,\"valueName\":\"search_term_string\"}}],\"inLanguage\":\"pt-BR\"},{\"@type\":\"Person\",\"@id\":\"https:\/\/www.gaveanews.com\/#\/schema\/person\/714c67050b836198af2450ba1c142a67\",\"name\":\"Let\u00edcia Gerheim\",\"image\":{\"@type\":\"ImageObject\",\"inLanguage\":\"pt-BR\",\"@id\":\"https:\/\/www.gaveanews.com\/#\/schema\/person\/image\/\",\"url\":\"https:\/\/secure.gravatar.com\/avatar\/60734739c50fcebfbac509e2a826ccd0ff405c019bc73aab9354f19ecad1dcb4?s=96&d=mm&r=g\",\"contentUrl\":\"https:\/\/secure.gravatar.com\/avatar\/60734739c50fcebfbac509e2a826ccd0ff405c019bc73aab9354f19ecad1dcb4?s=96&d=mm&r=g\",\"caption\":\"Let\u00edcia Gerheim\"}}]}<\/script>\n<!-- \/ Yoast SEO Premium plugin. -->","yoast_head_json":{"title":"C\u00e9sar deixa o Flamengo e se despede nas redes sociais","robots":{"index":"index","follow":"follow","max-snippet":"max-snippet:-1","max-image-preview":"max-image-preview:large","max-video-preview":"max-video-preview:-1"},"canonical":"https:\/\/www.gaveanews.com\/index.php\/2022\/01\/13\/cesar-deixa-o-flamengo-e-se-despede-nas-redes-sociais\/","og_locale":"pt_BR","og_type":"article","og_title":"C\u00e9sar deixa o Flamengo e se despede nas redes sociais","og_description":"Apesar de n\u00e3o apostar em grandes sa\u00eddas em 2022, o Flamengo acabou formando uma &#8220;barca&#8221; neste come\u00e7o de temporada e est\u00e1 se despedindo de jogadores que n\u00e3o far\u00e3o parte de seus planos para a sequ\u00eancia. Nesta quinta-feira (13), o atleta que se manifestou declarando sua sa\u00edda do clube \u00e9 C\u00e9sar. O goleiro integrava o Mais [&hellip;]","og_url":"https:\/\/www.gaveanews.com\/index.php\/2022\/01\/13\/cesar-deixa-o-flamengo-e-se-despede-nas-redes-sociais\/","og_site_name":"G\u00e1vea News","article_publisher":"https:\/\/facebook.com\/gaveaNews\/","article_published_time":"2022-01-13T18:32:12+00:00","article_modified_time":"2022-01-13T18:32:15+00:00","og_image":[{"url":"https:\/\/www.gaveanews.com\/wp-content\/uploads\/Goleiro-Cesar-em-acao-pelo-Flamengo.webp","width":1,"height":1,"type":"image\/jpeg"}],"author":"Let\u00edcia Gerheim","twitter_card":"summary_large_image","twitter_misc":{"Escrito por":"Let\u00edcia Gerheim","Est. tempo de leitura":"2 minutos"},"schema":{"@context":"https:\/\/schema.org","@graph":[{"@type":"NewsArticle","@id":"https:\/\/www.gaveanews.com\/index.php\/2022\/01\/13\/cesar-deixa-o-flamengo-e-se-despede-nas-redes-sociais\/#article","isPartOf":{"@id":"https:\/\/www.gaveanews.com\/index.php\/2022\/01\/13\/cesar-deixa-o-flamengo-e-se-despede-nas-redes-sociais\/"},"author":{"name":"Let\u00edcia Gerheim","@id":"https:\/\/www.gaveanews.com\/#\/schema\/person\/714c67050b836198af2450ba1c142a67"},"headline":"C\u00e9sar deixa o Flamengo e se despede nas redes sociais","datePublished":"2022-01-13T18:32:12+00:00","dateModified":"2022-01-13T18:32:15+00:00","mainEntityOfPage":{"@id":"https:\/\/www.gaveanews.com\/index.php\/2022\/01\/13\/cesar-deixa-o-flamengo-e-se-despede-nas-redes-sociais\/"},"wordCount":432,"commentCount":21,"image":{"@id":"https:\/\/www.gaveanews.com\/index.php\/2022\/01\/13\/cesar-deixa-o-flamengo-e-se-despede-nas-redes-sociais\/#primaryimage"},"thumbnailUrl":"https:\/\/www.gaveanews.com\/wp-content\/uploads\/Goleiro-Cesar-em-acao-pelo-Flamengo.webp","articleSection":["Flamengo"],"inLanguage":"pt-BR","potentialAction":[{"@type":"CommentAction","name":"Comment","target":["https:\/\/www.gaveanews.com\/index.php\/2022\/01\/13\/cesar-deixa-o-flamengo-e-se-despede-nas-redes-sociais\/#respond"]}],"copyrightYear":"2022","copyrightHolder":{"@id":"https:\/\/www.gaveanews.com\/#organization"}},{"@type":"WebPage","@id":"https:\/\/www.gaveanews.com\/index.php\/2022\/01\/13\/cesar-deixa-o-flamengo-e-se-despede-nas-redes-sociais\/","url":"https:\/\/www.gaveanews.com\/index.php\/2022\/01\/13\/cesar-deixa-o-flamengo-e-se-despede-nas-redes-sociais\/","name":"C\u00e9sar deixa o Flamengo e se despede nas redes sociais","isPartOf":{"@id":"https:\/\/www.gaveanews.com\/#website"},"primaryImageOfPage":{"@id":"https:\/\/www.gaveanews.com\/index.php\/2022\/01\/13\/cesar-deixa-o-flamengo-e-se-despede-nas-redes-sociais\/#primaryimage"},"image":{"@id":"https:\/\/www.gaveanews.com\/index.php\/2022\/01\/13\/cesar-deixa-o-flamengo-e-se-despede-nas-redes-sociais\/#primaryimage"},"thumbnailUrl":"https:\/\/www.gaveanews.com\/wp-content\/uploads\/Goleiro-Cesar-em-acao-pelo-Flamengo.webp","datePublished":"2022-01-13T18:32:12+00:00","dateModified":"2022-01-13T18:32:15+00:00","author":{"@id":"https:\/\/www.gaveanews.com\/#\/schema\/person\/714c67050b836198af2450ba1c142a67"},"breadcrumb":{"@id":"https:\/\/www.gaveanews.com\/index.php\/2022\/01\/13\/cesar-deixa-o-flamengo-e-se-despede-nas-redes-sociais\/#breadcrumb"},"inLanguage":"pt-BR","potentialAction":[{"@type":"ReadAction","target":["https:\/\/www.gaveanews.com\/index.php\/2022\/01\/13\/cesar-deixa-o-flamengo-e-se-despede-nas-redes-sociais\/"]}]},{"@type":"ImageObject","inLanguage":"pt-BR","@id":"https:\/\/www.gaveanews.com\/index.php\/2022\/01\/13\/cesar-deixa-o-flamengo-e-se-despede-nas-redes-sociais\/#primaryimage","url":"https:\/\/www.gaveanews.com\/wp-content\/uploads\/Goleiro-Cesar-em-acao-pelo-Flamengo.webp","contentUrl":"https:\/\/www.gaveanews.com\/wp-content\/uploads\/Goleiro-Cesar-em-acao-pelo-Flamengo.webp","caption":"Goleiro C\u00e9sar em a\u00e7\u00e3o pelo Flamengo (Foto: Gilvan de Souza\/Flamengo)"},{"@type":"BreadcrumbList","@id":"https:\/\/www.gaveanews.com\/index.php\/2022\/01\/13\/cesar-deixa-o-flamengo-e-se-despede-nas-redes-sociais\/#breadcrumb","itemListElement":[{"@type":"ListItem","position":1,"name":"Home","item":"https:\/\/www.gaveanews.com\/"},{"@type":"ListItem","position":2,"name":"C\u00e9sar deixa o Flamengo e se despede nas redes sociais"}]},{"@type":"WebSite","@id":"https:\/\/www.gaveanews.com\/#website","url":"https:\/\/www.gaveanews.com\/","name":"G\u00e1vea News","description":"Veja todas as not\u00edcias sobre o Flamengo: Contrata\u00e7\u00f5es, categorias de base, resultados das partidas, tabela de classifica\u00e7\u00e3o, pr\u00f3ximos jogos!","potentialAction":[{"@type":"SearchAction","target":{"@type":"EntryPoint","urlTemplate":"https:\/\/www.gaveanews.com\/?s={search_term_string}"},"query-input":{"@type":"PropertyValueSpecification","valueRequired":true,"valueName":"search_term_string"}}],"inLanguage":"pt-BR"},{"@type":"Person","@id":"https:\/\/www.gaveanews.com\/#\/schema\/person\/714c67050b836198af2450ba1c142a67","name":"Let\u00edcia Gerheim","image":{"@type":"ImageObject","inLanguage":"pt-BR","@id":"https:\/\/www.gaveanews.com\/#\/schema\/person\/image\/","url":"https:\/\/secure.gravatar.com\/avatar\/60734739c50fcebfbac509e2a826ccd0ff405c019bc73aab9354f19ecad1dcb4?s=96&d=mm&r=g","contentUrl":"https:\/\/secure.gravatar.com\/avatar\/60734739c50fcebfbac509e2a826ccd0ff405c019bc73aab9354f19ecad1dcb4?s=96&d=mm&r=g","caption":"Let\u00edcia Gerheim"}}]}},"_links":{"self":[{"href":"https:\/\/www.gaveanews.com\/index.php\/wp-json\/wp\/v2\/posts\/74798","targetHints":{"allow":["GET"]}}],"collection":[{"href":"https:\/\/www.gaveanews.com\/index.php\/wp-json\/wp\/v2\/posts"}],"about":[{"href":"https:\/\/www.gaveanews.com\/index.php\/wp-json\/wp\/v2\/types\/post"}],"author":[{"embeddable":true,"href":"https:\/\/www.gaveanews.com\/index.php\/wp-json\/wp\/v2\/users\/4"}],"replies":[{"embeddable":true,"href":"https:\/\/www.gaveanews.com\/index.php\/wp-json\/wp\/v2\/comments?post=74798"}],"version-history":[{"count":0,"href":"https:\/\/www.gaveanews.com\/index.php\/wp-json\/wp\/v2\/posts\/74798\/revisions"}],"wp:featuredmedia":[{"embeddable":true,"href":"https:\/\/www.gaveanews.com\/index.php\/wp-json\/wp\/v2\/media\/28951"}],"wp:attachment":[{"href":"https:\/\/www.gaveanews.com\/index.php\/wp-json\/wp\/v2\/media?parent=74798"}],"wp:term":[{"taxonomy":"category","embeddable":true,"href":"https:\/\/www.gaveanews.com\/index.php\/wp-json\/wp\/v2\/categories?post=74798"},{"taxonomy":"post_tag","embeddable":true,"href":"https:\/\/www.gaveanews.com\/index.php\/wp-json\/wp\/v2\/tags?post=74798"}],"curies":[{"name":"wp","href":"https:\/\/api.w.org\/{rel}","templated":true}]}}