{"id":74811,"date":"2022-01-13T15:08:46","date_gmt":"2022-01-13T18:08:46","guid":{"rendered":"https:\/\/www.gaveanews.com\/?p=74811"},"modified":"2022-01-13T15:08:49","modified_gmt":"2022-01-13T18:08:49","slug":"preparador-fisico-se-manifesta-sobre-saida-do-flamengo","status":"publish","type":"post","link":"https:\/\/www.gaveanews.com\/index.php\/2022\/01\/13\/preparador-fisico-se-manifesta-sobre-saida-do-flamengo\/","title":{"rendered":"Preparador f\u00edsico se manifesta sobre sa\u00edda do Flamengo"},"content":{"rendered":"\n<p>Como anunciado antes mesmo da temporada passada, o Flamengo iniciou o ano reformulando seu Departamento de Futebol. Um dos nomes desligados do clube foi Rafael Winiki, preparador f\u00edsico do elenco profissional.<\/p>\n\n\n\n<p>O profissional deixa o Mais Querido ap\u00f3s uma temporada na qual foi bastante contestado pela torcida, a qual chegou a fazer campanha nas redes sociais pela demiss\u00e3o dele. Agora fora do quadro de funcion\u00e1rios do Ninho do Urubu, Winiki se pronunciou em suas redes sociais em sobree sua sa\u00edda do clube.<\/p>\n\n\n\n<p><strong><em>&#8220;Fim de um ciclo! Que honra, sonho e satisfa\u00e7\u00e3o poder viver e fazer parte da hist\u00f3ria do maior e mais querido clube do mundo.<\/em><br><em>Gostaria de primeiramente agradecer a todos com quem convivi nesse per\u00edodo e principalmente aqueles que confiaram no meu trabalho, me proporcionando essa oportunidade.<\/em><br>Uma decis\u00e3o muito dif\u00edcil, mas hoje me desligo do clube que amo e que tem a torcida mais apaixonada que existe. Aprendi e amadureci muito como pessoa e profissional nesse per\u00edodo, foram muitas li\u00e7\u00f5es!<br><em>Trabalhei com profissionais excelentes e altamente capacitados, com os quais aprendi muito. Mas infelizmente, n\u00e3o consegui implementar os princ\u00edpios, meios e m\u00e9todos de treinamento que eu acredito e gastaria. Pensei que fosse conseguir contribuir mais, por\u00e9m, infelizmente, n\u00e3o foi poss\u00edvel\u2026 Quando trabalhei de forma particular com diversos atletas do time em 2019, tive uma participa\u00e7\u00e3o muito maior no processo da prepara\u00e7\u00e3o f\u00edsica do que estando l\u00e1 dentro, e por isso n\u00e3o estava mais fazendo sentido permanecer onde estava, sem conseguir implementar coisas que eu acredito e que sempre me deram excelentes resultados como profissional. De qualquer maneira, foi uma experi\u00eancia incr\u00edvel que somar\u00e1 pra sempre na minha vida. Enorme gratid\u00e3o ao fora de s\u00e9rie Dr. Tannure , a todo o staff e atletas com os quais trabalhei. Seguimos com novos desafios. In\u00edcio de um novo ciclo\u2026<\/em><br><em>Vamos pra cima sempre.\u201d<\/em><\/strong><\/p>\n\n\n\n<p>Sem Rafael Winiki, o Flamengo iniciou sua pr\u00e9-temporada na  \u00faltima segunda-feira (10). Os jogadores agora possuem Ant\u00f4nio Gomez e Lluis Sala como preparadores f\u00edsicos, ambos membros da comiss\u00e3o t\u00e9cnica de Paulo Sousa.<\/p>\n","protected":false},"excerpt":{"rendered":"<p>Como anunciado antes mesmo da temporada passada, o Flamengo iniciou o ano reformulando seu Departamento de Futebol. Um dos nomes desligados do clube foi Rafael Winiki, preparador f\u00edsico do elenco profissional. O profissional deixa o Mais Querido ap\u00f3s uma temporada na qual foi bastante contestado pela torcida, a qual chegou a fazer campanha nas redes [&hellip;]<\/p>\n","protected":false},"author":4,"featured_media":74352,"comment_status":"open","ping_status":"closed","sticky":false,"template":"","format":"standard","meta":{"footnotes":""},"categories":[1],"tags":[],"class_list":["post-74811","post","type-post","status-publish","format-standard","has-post-thumbnail","hentry","category-flamengo"],"yoast_head":"<!-- This site is optimized with the Yoast SEO Premium plugin v24.2 (Yoast SEO v26.9) - https:\/\/yoast.com\/product\/yoast-seo-premium-wordpress\/ -->\n<title>Preparador f\u00edsico se manifesta sobre sa\u00edda do Flamengo<\/title>\n<meta name=\"robots\" content=\"index, follow, max-snippet:-1, max-image-preview:large, max-video-preview:-1\" \/>\n<link rel=\"canonical\" href=\"https:\/\/www.gaveanews.com\/index.php\/2022\/01\/13\/preparador-fisico-se-manifesta-sobre-saida-do-flamengo\/\" \/>\n<meta property=\"og:locale\" content=\"pt_BR\" \/>\n<meta property=\"og:type\" content=\"article\" \/>\n<meta property=\"og:title\" content=\"Preparador f\u00edsico se manifesta sobre sa\u00edda do Flamengo\" \/>\n<meta property=\"og:description\" content=\"Como anunciado antes mesmo da temporada passada, o Flamengo iniciou o ano reformulando seu Departamento de Futebol. Um dos nomes desligados do clube foi Rafael Winiki, preparador f\u00edsico do elenco profissional. O profissional deixa o Mais Querido ap\u00f3s uma temporada na qual foi bastante contestado pela torcida, a qual chegou a fazer campanha nas redes [&hellip;]\" \/>\n<meta property=\"og:url\" content=\"https:\/\/www.gaveanews.com\/index.php\/2022\/01\/13\/preparador-fisico-se-manifesta-sobre-saida-do-flamengo\/\" \/>\n<meta property=\"og:site_name\" content=\"G\u00e1vea News\" \/>\n<meta property=\"article:publisher\" content=\"https:\/\/facebook.com\/gaveaNews\/\" \/>\n<meta property=\"article:published_time\" content=\"2022-01-13T18:08:46+00:00\" \/>\n<meta property=\"article:modified_time\" content=\"2022-01-13T18:08:49+00:00\" \/>\n<meta property=\"og:image\" content=\"https:\/\/www.gaveanews.com\/wp-content\/uploads\/Rafael-Winicki-preparados-fisico-do-Flamengo.webp\" \/>\n\t<meta property=\"og:image:width\" content=\"1034\" \/>\n\t<meta property=\"og:image:height\" content=\"1080\" \/>\n\t<meta property=\"og:image:type\" content=\"image\/jpeg\" \/>\n<meta name=\"author\" content=\"Let\u00edcia Gerheim\" \/>\n<meta name=\"twitter:card\" content=\"summary_large_image\" \/>\n<meta name=\"twitter:label1\" content=\"Escrito por\" \/>\n\t<meta name=\"twitter:data1\" content=\"Let\u00edcia Gerheim\" \/>\n\t<meta name=\"twitter:label2\" content=\"Est. tempo de leitura\" \/>\n\t<meta name=\"twitter:data2\" content=\"2 minutos\" \/>\n<script type=\"application\/ld+json\" class=\"yoast-schema-graph\">{\"@context\":\"https:\/\/schema.org\",\"@graph\":[{\"@type\":\"NewsArticle\",\"@id\":\"https:\/\/www.gaveanews.com\/index.php\/2022\/01\/13\/preparador-fisico-se-manifesta-sobre-saida-do-flamengo\/#article\",\"isPartOf\":{\"@id\":\"https:\/\/www.gaveanews.com\/index.php\/2022\/01\/13\/preparador-fisico-se-manifesta-sobre-saida-do-flamengo\/\"},\"author\":{\"name\":\"Let\u00edcia Gerheim\",\"@id\":\"https:\/\/www.gaveanews.com\/#\/schema\/person\/714c67050b836198af2450ba1c142a67\"},\"headline\":\"Preparador f\u00edsico se manifesta sobre sa\u00edda do Flamengo\",\"datePublished\":\"2022-01-13T18:08:46+00:00\",\"dateModified\":\"2022-01-13T18:08:49+00:00\",\"mainEntityOfPage\":{\"@id\":\"https:\/\/www.gaveanews.com\/index.php\/2022\/01\/13\/preparador-fisico-se-manifesta-sobre-saida-do-flamengo\/\"},\"wordCount\":374,\"commentCount\":3,\"image\":{\"@id\":\"https:\/\/www.gaveanews.com\/index.php\/2022\/01\/13\/preparador-fisico-se-manifesta-sobre-saida-do-flamengo\/#primaryimage\"},\"thumbnailUrl\":\"https:\/\/www.gaveanews.com\/wp-content\/uploads\/Rafael-Winicki-preparados-fisico-do-Flamengo.webp\",\"articleSection\":[\"Flamengo\"],\"inLanguage\":\"pt-BR\",\"potentialAction\":[{\"@type\":\"CommentAction\",\"name\":\"Comment\",\"target\":[\"https:\/\/www.gaveanews.com\/index.php\/2022\/01\/13\/preparador-fisico-se-manifesta-sobre-saida-do-flamengo\/#respond\"]}],\"copyrightYear\":\"2022\",\"copyrightHolder\":{\"@id\":\"https:\/\/www.gaveanews.com\/#organization\"}},{\"@type\":\"WebPage\",\"@id\":\"https:\/\/www.gaveanews.com\/index.php\/2022\/01\/13\/preparador-fisico-se-manifesta-sobre-saida-do-flamengo\/\",\"url\":\"https:\/\/www.gaveanews.com\/index.php\/2022\/01\/13\/preparador-fisico-se-manifesta-sobre-saida-do-flamengo\/\",\"name\":\"Preparador f\u00edsico se manifesta sobre sa\u00edda do Flamengo\",\"isPartOf\":{\"@id\":\"https:\/\/www.gaveanews.com\/#website\"},\"primaryImageOfPage\":{\"@id\":\"https:\/\/www.gaveanews.com\/index.php\/2022\/01\/13\/preparador-fisico-se-manifesta-sobre-saida-do-flamengo\/#primaryimage\"},\"image\":{\"@id\":\"https:\/\/www.gaveanews.com\/index.php\/2022\/01\/13\/preparador-fisico-se-manifesta-sobre-saida-do-flamengo\/#primaryimage\"},\"thumbnailUrl\":\"https:\/\/www.gaveanews.com\/wp-content\/uploads\/Rafael-Winicki-preparados-fisico-do-Flamengo.webp\",\"datePublished\":\"2022-01-13T18:08:46+00:00\",\"dateModified\":\"2022-01-13T18:08:49+00:00\",\"author\":{\"@id\":\"https:\/\/www.gaveanews.com\/#\/schema\/person\/714c67050b836198af2450ba1c142a67\"},\"breadcrumb\":{\"@id\":\"https:\/\/www.gaveanews.com\/index.php\/2022\/01\/13\/preparador-fisico-se-manifesta-sobre-saida-do-flamengo\/#breadcrumb\"},\"inLanguage\":\"pt-BR\",\"potentialAction\":[{\"@type\":\"ReadAction\",\"target\":[\"https:\/\/www.gaveanews.com\/index.php\/2022\/01\/13\/preparador-fisico-se-manifesta-sobre-saida-do-flamengo\/\"]}]},{\"@type\":\"ImageObject\",\"inLanguage\":\"pt-BR\",\"@id\":\"https:\/\/www.gaveanews.com\/index.php\/2022\/01\/13\/preparador-fisico-se-manifesta-sobre-saida-do-flamengo\/#primaryimage\",\"url\":\"https:\/\/www.gaveanews.com\/wp-content\/uploads\/Rafael-Winicki-preparados-fisico-do-Flamengo.webp\",\"contentUrl\":\"https:\/\/www.gaveanews.com\/wp-content\/uploads\/Rafael-Winicki-preparados-fisico-do-Flamengo.webp\",\"width\":1034,\"height\":1080,\"caption\":\"Rafael Winicki, preparados f\u00edsico do Flamengo (Foto: Alexandre Vidal\/Flamengo)\"},{\"@type\":\"BreadcrumbList\",\"@id\":\"https:\/\/www.gaveanews.com\/index.php\/2022\/01\/13\/preparador-fisico-se-manifesta-sobre-saida-do-flamengo\/#breadcrumb\",\"itemListElement\":[{\"@type\":\"ListItem\",\"position\":1,\"name\":\"Home\",\"item\":\"https:\/\/www.gaveanews.com\/\"},{\"@type\":\"ListItem\",\"position\":2,\"name\":\"Preparador f\u00edsico se manifesta sobre sa\u00edda do Flamengo\"}]},{\"@type\":\"WebSite\",\"@id\":\"https:\/\/www.gaveanews.com\/#website\",\"url\":\"https:\/\/www.gaveanews.com\/\",\"name\":\"G\u00e1vea News\",\"description\":\"Veja todas as not\u00edcias sobre o Flamengo: Contrata\u00e7\u00f5es, categorias de base, resultados das partidas, tabela de classifica\u00e7\u00e3o, pr\u00f3ximos jogos!\",\"potentialAction\":[{\"@type\":\"SearchAction\",\"target\":{\"@type\":\"EntryPoint\",\"urlTemplate\":\"https:\/\/www.gaveanews.com\/?s={search_term_string}\"},\"query-input\":{\"@type\":\"PropertyValueSpecification\",\"valueRequired\":true,\"valueName\":\"search_term_string\"}}],\"inLanguage\":\"pt-BR\"},{\"@type\":\"Person\",\"@id\":\"https:\/\/www.gaveanews.com\/#\/schema\/person\/714c67050b836198af2450ba1c142a67\",\"name\":\"Let\u00edcia Gerheim\",\"image\":{\"@type\":\"ImageObject\",\"inLanguage\":\"pt-BR\",\"@id\":\"https:\/\/www.gaveanews.com\/#\/schema\/person\/image\/\",\"url\":\"https:\/\/secure.gravatar.com\/avatar\/60734739c50fcebfbac509e2a826ccd0ff405c019bc73aab9354f19ecad1dcb4?s=96&d=mm&r=g\",\"contentUrl\":\"https:\/\/secure.gravatar.com\/avatar\/60734739c50fcebfbac509e2a826ccd0ff405c019bc73aab9354f19ecad1dcb4?s=96&d=mm&r=g\",\"caption\":\"Let\u00edcia Gerheim\"}}]}<\/script>\n<!-- \/ Yoast SEO Premium plugin. -->","yoast_head_json":{"title":"Preparador f\u00edsico se manifesta sobre sa\u00edda do Flamengo","robots":{"index":"index","follow":"follow","max-snippet":"max-snippet:-1","max-image-preview":"max-image-preview:large","max-video-preview":"max-video-preview:-1"},"canonical":"https:\/\/www.gaveanews.com\/index.php\/2022\/01\/13\/preparador-fisico-se-manifesta-sobre-saida-do-flamengo\/","og_locale":"pt_BR","og_type":"article","og_title":"Preparador f\u00edsico se manifesta sobre sa\u00edda do Flamengo","og_description":"Como anunciado antes mesmo da temporada passada, o Flamengo iniciou o ano reformulando seu Departamento de Futebol. Um dos nomes desligados do clube foi Rafael Winiki, preparador f\u00edsico do elenco profissional. O profissional deixa o Mais Querido ap\u00f3s uma temporada na qual foi bastante contestado pela torcida, a qual chegou a fazer campanha nas redes [&hellip;]","og_url":"https:\/\/www.gaveanews.com\/index.php\/2022\/01\/13\/preparador-fisico-se-manifesta-sobre-saida-do-flamengo\/","og_site_name":"G\u00e1vea News","article_publisher":"https:\/\/facebook.com\/gaveaNews\/","article_published_time":"2022-01-13T18:08:46+00:00","article_modified_time":"2022-01-13T18:08:49+00:00","og_image":[{"width":1034,"height":1080,"url":"https:\/\/www.gaveanews.com\/wp-content\/uploads\/Rafael-Winicki-preparados-fisico-do-Flamengo.webp","type":"image\/jpeg"}],"author":"Let\u00edcia Gerheim","twitter_card":"summary_large_image","twitter_misc":{"Escrito por":"Let\u00edcia Gerheim","Est. tempo de leitura":"2 minutos"},"schema":{"@context":"https:\/\/schema.org","@graph":[{"@type":"NewsArticle","@id":"https:\/\/www.gaveanews.com\/index.php\/2022\/01\/13\/preparador-fisico-se-manifesta-sobre-saida-do-flamengo\/#article","isPartOf":{"@id":"https:\/\/www.gaveanews.com\/index.php\/2022\/01\/13\/preparador-fisico-se-manifesta-sobre-saida-do-flamengo\/"},"author":{"name":"Let\u00edcia Gerheim","@id":"https:\/\/www.gaveanews.com\/#\/schema\/person\/714c67050b836198af2450ba1c142a67"},"headline":"Preparador f\u00edsico se manifesta sobre sa\u00edda do Flamengo","datePublished":"2022-01-13T18:08:46+00:00","dateModified":"2022-01-13T18:08:49+00:00","mainEntityOfPage":{"@id":"https:\/\/www.gaveanews.com\/index.php\/2022\/01\/13\/preparador-fisico-se-manifesta-sobre-saida-do-flamengo\/"},"wordCount":374,"commentCount":3,"image":{"@id":"https:\/\/www.gaveanews.com\/index.php\/2022\/01\/13\/preparador-fisico-se-manifesta-sobre-saida-do-flamengo\/#primaryimage"},"thumbnailUrl":"https:\/\/www.gaveanews.com\/wp-content\/uploads\/Rafael-Winicki-preparados-fisico-do-Flamengo.webp","articleSection":["Flamengo"],"inLanguage":"pt-BR","potentialAction":[{"@type":"CommentAction","name":"Comment","target":["https:\/\/www.gaveanews.com\/index.php\/2022\/01\/13\/preparador-fisico-se-manifesta-sobre-saida-do-flamengo\/#respond"]}],"copyrightYear":"2022","copyrightHolder":{"@id":"https:\/\/www.gaveanews.com\/#organization"}},{"@type":"WebPage","@id":"https:\/\/www.gaveanews.com\/index.php\/2022\/01\/13\/preparador-fisico-se-manifesta-sobre-saida-do-flamengo\/","url":"https:\/\/www.gaveanews.com\/index.php\/2022\/01\/13\/preparador-fisico-se-manifesta-sobre-saida-do-flamengo\/","name":"Preparador f\u00edsico se manifesta sobre sa\u00edda do Flamengo","isPartOf":{"@id":"https:\/\/www.gaveanews.com\/#website"},"primaryImageOfPage":{"@id":"https:\/\/www.gaveanews.com\/index.php\/2022\/01\/13\/preparador-fisico-se-manifesta-sobre-saida-do-flamengo\/#primaryimage"},"image":{"@id":"https:\/\/www.gaveanews.com\/index.php\/2022\/01\/13\/preparador-fisico-se-manifesta-sobre-saida-do-flamengo\/#primaryimage"},"thumbnailUrl":"https:\/\/www.gaveanews.com\/wp-content\/uploads\/Rafael-Winicki-preparados-fisico-do-Flamengo.webp","datePublished":"2022-01-13T18:08:46+00:00","dateModified":"2022-01-13T18:08:49+00:00","author":{"@id":"https:\/\/www.gaveanews.com\/#\/schema\/person\/714c67050b836198af2450ba1c142a67"},"breadcrumb":{"@id":"https:\/\/www.gaveanews.com\/index.php\/2022\/01\/13\/preparador-fisico-se-manifesta-sobre-saida-do-flamengo\/#breadcrumb"},"inLanguage":"pt-BR","potentialAction":[{"@type":"ReadAction","target":["https:\/\/www.gaveanews.com\/index.php\/2022\/01\/13\/preparador-fisico-se-manifesta-sobre-saida-do-flamengo\/"]}]},{"@type":"ImageObject","inLanguage":"pt-BR","@id":"https:\/\/www.gaveanews.com\/index.php\/2022\/01\/13\/preparador-fisico-se-manifesta-sobre-saida-do-flamengo\/#primaryimage","url":"https:\/\/www.gaveanews.com\/wp-content\/uploads\/Rafael-Winicki-preparados-fisico-do-Flamengo.webp","contentUrl":"https:\/\/www.gaveanews.com\/wp-content\/uploads\/Rafael-Winicki-preparados-fisico-do-Flamengo.webp","width":1034,"height":1080,"caption":"Rafael Winicki, preparados f\u00edsico do Flamengo (Foto: Alexandre Vidal\/Flamengo)"},{"@type":"BreadcrumbList","@id":"https:\/\/www.gaveanews.com\/index.php\/2022\/01\/13\/preparador-fisico-se-manifesta-sobre-saida-do-flamengo\/#breadcrumb","itemListElement":[{"@type":"ListItem","position":1,"name":"Home","item":"https:\/\/www.gaveanews.com\/"},{"@type":"ListItem","position":2,"name":"Preparador f\u00edsico se manifesta sobre sa\u00edda do Flamengo"}]},{"@type":"WebSite","@id":"https:\/\/www.gaveanews.com\/#website","url":"https:\/\/www.gaveanews.com\/","name":"G\u00e1vea News","description":"Veja todas as not\u00edcias sobre o Flamengo: Contrata\u00e7\u00f5es, categorias de base, resultados das partidas, tabela de classifica\u00e7\u00e3o, pr\u00f3ximos jogos!","potentialAction":[{"@type":"SearchAction","target":{"@type":"EntryPoint","urlTemplate":"https:\/\/www.gaveanews.com\/?s={search_term_string}"},"query-input":{"@type":"PropertyValueSpecification","valueRequired":true,"valueName":"search_term_string"}}],"inLanguage":"pt-BR"},{"@type":"Person","@id":"https:\/\/www.gaveanews.com\/#\/schema\/person\/714c67050b836198af2450ba1c142a67","name":"Let\u00edcia Gerheim","image":{"@type":"ImageObject","inLanguage":"pt-BR","@id":"https:\/\/www.gaveanews.com\/#\/schema\/person\/image\/","url":"https:\/\/secure.gravatar.com\/avatar\/60734739c50fcebfbac509e2a826ccd0ff405c019bc73aab9354f19ecad1dcb4?s=96&d=mm&r=g","contentUrl":"https:\/\/secure.gravatar.com\/avatar\/60734739c50fcebfbac509e2a826ccd0ff405c019bc73aab9354f19ecad1dcb4?s=96&d=mm&r=g","caption":"Let\u00edcia Gerheim"}}]}},"_links":{"self":[{"href":"https:\/\/www.gaveanews.com\/index.php\/wp-json\/wp\/v2\/posts\/74811","targetHints":{"allow":["GET"]}}],"collection":[{"href":"https:\/\/www.gaveanews.com\/index.php\/wp-json\/wp\/v2\/posts"}],"about":[{"href":"https:\/\/www.gaveanews.com\/index.php\/wp-json\/wp\/v2\/types\/post"}],"author":[{"embeddable":true,"href":"https:\/\/www.gaveanews.com\/index.php\/wp-json\/wp\/v2\/users\/4"}],"replies":[{"embeddable":true,"href":"https:\/\/www.gaveanews.com\/index.php\/wp-json\/wp\/v2\/comments?post=74811"}],"version-history":[{"count":0,"href":"https:\/\/www.gaveanews.com\/index.php\/wp-json\/wp\/v2\/posts\/74811\/revisions"}],"wp:featuredmedia":[{"embeddable":true,"href":"https:\/\/www.gaveanews.com\/index.php\/wp-json\/wp\/v2\/media\/74352"}],"wp:attachment":[{"href":"https:\/\/www.gaveanews.com\/index.php\/wp-json\/wp\/v2\/media?parent=74811"}],"wp:term":[{"taxonomy":"category","embeddable":true,"href":"https:\/\/www.gaveanews.com\/index.php\/wp-json\/wp\/v2\/categories?post=74811"},{"taxonomy":"post_tag","embeddable":true,"href":"https:\/\/www.gaveanews.com\/index.php\/wp-json\/wp\/v2\/tags?post=74811"}],"curies":[{"name":"wp","href":"https:\/\/api.w.org\/{rel}","templated":true}]}}