{"id":74896,"date":"2022-01-15T22:26:17","date_gmt":"2022-01-16T01:26:17","guid":{"rendered":"https:\/\/www.gaveanews.com\/?p=74896"},"modified":"2022-01-15T22:26:20","modified_gmt":"2022-01-16T01:26:20","slug":"thomas-tuchel-explica-retorno-de-kenedy-ex-flamengo-ao-chelsea","status":"publish","type":"post","link":"https:\/\/www.gaveanews.com\/index.php\/2022\/01\/15\/thomas-tuchel-explica-retorno-de-kenedy-ex-flamengo-ao-chelsea\/","title":{"rendered":"Thomas Tuchel explica retorno de Kenedy, ex-Flamengo, ao Chelsea"},"content":{"rendered":"\n<p>De forma inesperada para a torcida, na \u00faltima quarta-feira o Flamengo perdeu o atacante Kenedy, que teve o seu retorno solicitado pelo Chelsea. E, nesta sexta, em entrevista coletiva, o t\u00e9cnico do time ingl\u00eas, Thomas Tuchel, explicou o motivo de ter pedido a volta do jogador.<\/p>\n\n\n\n<p><strong><em>\u2014 N\u00e3o podemos dizer que Kenedy \u00e9 a solu\u00e7\u00e3o. Ele pode ser a solu\u00e7\u00e3o. Mas a situa\u00e7\u00e3o n\u00e3o mudou. N\u00f3s sofremos les\u00f5es de longo prazo nos lados, sofremos muito com les\u00f5es e Covid-19. Agora que nossos meias est\u00e3o mais ou menos voltando<\/em><\/strong>, afirmou Tuchel, citando os muitos problemas de les\u00f5es que o clube teve recentemente.<\/p>\n\n\n\n<p><strong><em>\u2014 Estou muito feliz por isso. \u00c9 uma grande oportunidade para ele deixar sua marca neste clube e no time. Vamos tentar de hoje em diante empurrar e apoi\u00e1-lo o melhor que pudermos<\/em><\/strong>, disse o treinador.<\/p>\n\n\n\n<p>Kenedy tinha contrato com o Flamengo at\u00e9 o meio de 2022, mas disputou apenas 17 jogos com a camisa do Flamengo antes de retornar ao Chelsea. Revelado pelo Fluminense, o atacante foi contratado pelo clube ingl\u00eas em 2015, e disputou 20 partidas na sua primeira temporada. Mas, sem espa\u00e7o, foi emprestado diversas vezes.<\/p>\n\n\n\n<p>Retirado de: Jogada 10<\/p>\n","protected":false},"excerpt":{"rendered":"<p>De forma inesperada para a torcida, na \u00faltima quarta-feira o Flamengo perdeu o atacante Kenedy, que teve o seu retorno solicitado pelo Chelsea. E, nesta sexta, em entrevista coletiva, o t\u00e9cnico do time ingl\u00eas, Thomas Tuchel, explicou o motivo de ter pedido a volta do jogador. \u2014 N\u00e3o podemos dizer que Kenedy \u00e9 a solu\u00e7\u00e3o. [&hellip;]<\/p>\n","protected":false},"author":1,"featured_media":67011,"comment_status":"open","ping_status":"closed","sticky":false,"template":"","format":"standard","meta":{"footnotes":""},"categories":[1],"tags":[],"class_list":["post-74896","post","type-post","status-publish","format-standard","has-post-thumbnail","hentry","category-flamengo"],"yoast_head":"<!-- This site is optimized with the Yoast SEO Premium plugin v24.2 (Yoast SEO v26.9) - https:\/\/yoast.com\/product\/yoast-seo-premium-wordpress\/ -->\n<title>Thomas Tuchel explica retorno de Kenedy, ex-Flamengo, ao Chelsea<\/title>\n<meta name=\"robots\" content=\"index, follow, max-snippet:-1, max-image-preview:large, max-video-preview:-1\" \/>\n<link rel=\"canonical\" href=\"https:\/\/www.gaveanews.com\/index.php\/2022\/01\/15\/thomas-tuchel-explica-retorno-de-kenedy-ex-flamengo-ao-chelsea\/\" \/>\n<meta property=\"og:locale\" content=\"pt_BR\" \/>\n<meta property=\"og:type\" content=\"article\" \/>\n<meta property=\"og:title\" content=\"Thomas Tuchel explica retorno de Kenedy, ex-Flamengo, ao Chelsea\" \/>\n<meta property=\"og:description\" content=\"De forma inesperada para a torcida, na \u00faltima quarta-feira o Flamengo perdeu o atacante Kenedy, que teve o seu retorno solicitado pelo Chelsea. E, nesta sexta, em entrevista coletiva, o t\u00e9cnico do time ingl\u00eas, Thomas Tuchel, explicou o motivo de ter pedido a volta do jogador. \u2014 N\u00e3o podemos dizer que Kenedy \u00e9 a solu\u00e7\u00e3o. [&hellip;]\" \/>\n<meta property=\"og:url\" content=\"https:\/\/www.gaveanews.com\/index.php\/2022\/01\/15\/thomas-tuchel-explica-retorno-de-kenedy-ex-flamengo-ao-chelsea\/\" \/>\n<meta property=\"og:site_name\" content=\"G\u00e1vea News\" \/>\n<meta property=\"article:publisher\" content=\"https:\/\/facebook.com\/gaveaNews\/\" \/>\n<meta property=\"article:published_time\" content=\"2022-01-16T01:26:17+00:00\" \/>\n<meta property=\"article:modified_time\" content=\"2022-01-16T01:26:20+00:00\" \/>\n<meta property=\"og:image\" content=\"https:\/\/www.gaveanews.com\/wp-content\/uploads\/Kenedy-em-entreivsta-coletiva-de-apresentacao-pelo-Flamengo.webp\" \/>\n\t<meta property=\"og:image:width\" content=\"799\" \/>\n\t<meta property=\"og:image:height\" content=\"532\" \/>\n\t<meta property=\"og:image:type\" content=\"image\/jpeg\" \/>\n<meta name=\"author\" content=\"Equipe G\u00e1vea News\" \/>\n<meta name=\"twitter:card\" content=\"summary_large_image\" \/>\n<meta name=\"twitter:label1\" content=\"Escrito por\" \/>\n\t<meta name=\"twitter:data1\" content=\"Equipe G\u00e1vea News\" \/>\n\t<meta name=\"twitter:label2\" content=\"Est. tempo de leitura\" \/>\n\t<meta name=\"twitter:data2\" content=\"1 minuto\" \/>\n<script type=\"application\/ld+json\" class=\"yoast-schema-graph\">{\"@context\":\"https:\/\/schema.org\",\"@graph\":[{\"@type\":\"NewsArticle\",\"@id\":\"https:\/\/www.gaveanews.com\/index.php\/2022\/01\/15\/thomas-tuchel-explica-retorno-de-kenedy-ex-flamengo-ao-chelsea\/#article\",\"isPartOf\":{\"@id\":\"https:\/\/www.gaveanews.com\/index.php\/2022\/01\/15\/thomas-tuchel-explica-retorno-de-kenedy-ex-flamengo-ao-chelsea\/\"},\"author\":{\"name\":\"Equipe G\u00e1vea News\",\"@id\":\"https:\/\/www.gaveanews.com\/#\/schema\/person\/2ec14f73fb96be2caf28f91afb14749d\"},\"headline\":\"Thomas Tuchel explica retorno de Kenedy, ex-Flamengo, ao Chelsea\",\"datePublished\":\"2022-01-16T01:26:17+00:00\",\"dateModified\":\"2022-01-16T01:26:20+00:00\",\"mainEntityOfPage\":{\"@id\":\"https:\/\/www.gaveanews.com\/index.php\/2022\/01\/15\/thomas-tuchel-explica-retorno-de-kenedy-ex-flamengo-ao-chelsea\/\"},\"wordCount\":209,\"commentCount\":10,\"image\":{\"@id\":\"https:\/\/www.gaveanews.com\/index.php\/2022\/01\/15\/thomas-tuchel-explica-retorno-de-kenedy-ex-flamengo-ao-chelsea\/#primaryimage\"},\"thumbnailUrl\":\"https:\/\/www.gaveanews.com\/wp-content\/uploads\/Kenedy-em-entreivsta-coletiva-de-apresentacao-pelo-Flamengo.webp\",\"articleSection\":[\"Flamengo\"],\"inLanguage\":\"pt-BR\",\"potentialAction\":[{\"@type\":\"CommentAction\",\"name\":\"Comment\",\"target\":[\"https:\/\/www.gaveanews.com\/index.php\/2022\/01\/15\/thomas-tuchel-explica-retorno-de-kenedy-ex-flamengo-ao-chelsea\/#respond\"]}],\"copyrightYear\":\"2022\",\"copyrightHolder\":{\"@id\":\"https:\/\/www.gaveanews.com\/#organization\"}},{\"@type\":\"WebPage\",\"@id\":\"https:\/\/www.gaveanews.com\/index.php\/2022\/01\/15\/thomas-tuchel-explica-retorno-de-kenedy-ex-flamengo-ao-chelsea\/\",\"url\":\"https:\/\/www.gaveanews.com\/index.php\/2022\/01\/15\/thomas-tuchel-explica-retorno-de-kenedy-ex-flamengo-ao-chelsea\/\",\"name\":\"Thomas Tuchel explica retorno de Kenedy, ex-Flamengo, ao Chelsea\",\"isPartOf\":{\"@id\":\"https:\/\/www.gaveanews.com\/#website\"},\"primaryImageOfPage\":{\"@id\":\"https:\/\/www.gaveanews.com\/index.php\/2022\/01\/15\/thomas-tuchel-explica-retorno-de-kenedy-ex-flamengo-ao-chelsea\/#primaryimage\"},\"image\":{\"@id\":\"https:\/\/www.gaveanews.com\/index.php\/2022\/01\/15\/thomas-tuchel-explica-retorno-de-kenedy-ex-flamengo-ao-chelsea\/#primaryimage\"},\"thumbnailUrl\":\"https:\/\/www.gaveanews.com\/wp-content\/uploads\/Kenedy-em-entreivsta-coletiva-de-apresentacao-pelo-Flamengo.webp\",\"datePublished\":\"2022-01-16T01:26:17+00:00\",\"dateModified\":\"2022-01-16T01:26:20+00:00\",\"author\":{\"@id\":\"https:\/\/www.gaveanews.com\/#\/schema\/person\/2ec14f73fb96be2caf28f91afb14749d\"},\"breadcrumb\":{\"@id\":\"https:\/\/www.gaveanews.com\/index.php\/2022\/01\/15\/thomas-tuchel-explica-retorno-de-kenedy-ex-flamengo-ao-chelsea\/#breadcrumb\"},\"inLanguage\":\"pt-BR\",\"potentialAction\":[{\"@type\":\"ReadAction\",\"target\":[\"https:\/\/www.gaveanews.com\/index.php\/2022\/01\/15\/thomas-tuchel-explica-retorno-de-kenedy-ex-flamengo-ao-chelsea\/\"]}]},{\"@type\":\"ImageObject\",\"inLanguage\":\"pt-BR\",\"@id\":\"https:\/\/www.gaveanews.com\/index.php\/2022\/01\/15\/thomas-tuchel-explica-retorno-de-kenedy-ex-flamengo-ao-chelsea\/#primaryimage\",\"url\":\"https:\/\/www.gaveanews.com\/wp-content\/uploads\/Kenedy-em-entreivsta-coletiva-de-apresentacao-pelo-Flamengo.webp\",\"contentUrl\":\"https:\/\/www.gaveanews.com\/wp-content\/uploads\/Kenedy-em-entreivsta-coletiva-de-apresentacao-pelo-Flamengo.webp\",\"width\":799,\"height\":532,\"caption\":\"Kenedy em entrevista coletiva de apresenta\u00e7\u00e3o pelo Flamengo (Foto: Alexandre Vidal\/Flamengo)\"},{\"@type\":\"BreadcrumbList\",\"@id\":\"https:\/\/www.gaveanews.com\/index.php\/2022\/01\/15\/thomas-tuchel-explica-retorno-de-kenedy-ex-flamengo-ao-chelsea\/#breadcrumb\",\"itemListElement\":[{\"@type\":\"ListItem\",\"position\":1,\"name\":\"Home\",\"item\":\"https:\/\/www.gaveanews.com\/\"},{\"@type\":\"ListItem\",\"position\":2,\"name\":\"Thomas Tuchel explica retorno de Kenedy, ex-Flamengo, ao Chelsea\"}]},{\"@type\":\"WebSite\",\"@id\":\"https:\/\/www.gaveanews.com\/#website\",\"url\":\"https:\/\/www.gaveanews.com\/\",\"name\":\"G\u00e1vea News\",\"description\":\"Veja todas as not\u00edcias sobre o Flamengo: Contrata\u00e7\u00f5es, categorias de base, resultados das partidas, tabela de classifica\u00e7\u00e3o, pr\u00f3ximos jogos!\",\"potentialAction\":[{\"@type\":\"SearchAction\",\"target\":{\"@type\":\"EntryPoint\",\"urlTemplate\":\"https:\/\/www.gaveanews.com\/?s={search_term_string}\"},\"query-input\":{\"@type\":\"PropertyValueSpecification\",\"valueRequired\":true,\"valueName\":\"search_term_string\"}}],\"inLanguage\":\"pt-BR\"},{\"@type\":\"Person\",\"@id\":\"https:\/\/www.gaveanews.com\/#\/schema\/person\/2ec14f73fb96be2caf28f91afb14749d\",\"name\":\"Equipe G\u00e1vea News\",\"image\":{\"@type\":\"ImageObject\",\"inLanguage\":\"pt-BR\",\"@id\":\"https:\/\/www.gaveanews.com\/#\/schema\/person\/image\/\",\"url\":\"https:\/\/secure.gravatar.com\/avatar\/1e1956f1facbffd3f8fa53a326721950116b3b9dc9bd44939c01180fd4a745a9?s=96&d=mm&r=g\",\"contentUrl\":\"https:\/\/secure.gravatar.com\/avatar\/1e1956f1facbffd3f8fa53a326721950116b3b9dc9bd44939c01180fd4a745a9?s=96&d=mm&r=g\",\"caption\":\"Equipe G\u00e1vea News\"}}]}<\/script>\n<!-- \/ Yoast SEO Premium plugin. -->","yoast_head_json":{"title":"Thomas Tuchel explica retorno de Kenedy, ex-Flamengo, ao Chelsea","robots":{"index":"index","follow":"follow","max-snippet":"max-snippet:-1","max-image-preview":"max-image-preview:large","max-video-preview":"max-video-preview:-1"},"canonical":"https:\/\/www.gaveanews.com\/index.php\/2022\/01\/15\/thomas-tuchel-explica-retorno-de-kenedy-ex-flamengo-ao-chelsea\/","og_locale":"pt_BR","og_type":"article","og_title":"Thomas Tuchel explica retorno de Kenedy, ex-Flamengo, ao Chelsea","og_description":"De forma inesperada para a torcida, na \u00faltima quarta-feira o Flamengo perdeu o atacante Kenedy, que teve o seu retorno solicitado pelo Chelsea. E, nesta sexta, em entrevista coletiva, o t\u00e9cnico do time ingl\u00eas, Thomas Tuchel, explicou o motivo de ter pedido a volta do jogador. \u2014 N\u00e3o podemos dizer que Kenedy \u00e9 a solu\u00e7\u00e3o. [&hellip;]","og_url":"https:\/\/www.gaveanews.com\/index.php\/2022\/01\/15\/thomas-tuchel-explica-retorno-de-kenedy-ex-flamengo-ao-chelsea\/","og_site_name":"G\u00e1vea News","article_publisher":"https:\/\/facebook.com\/gaveaNews\/","article_published_time":"2022-01-16T01:26:17+00:00","article_modified_time":"2022-01-16T01:26:20+00:00","og_image":[{"width":799,"height":532,"url":"https:\/\/www.gaveanews.com\/wp-content\/uploads\/Kenedy-em-entreivsta-coletiva-de-apresentacao-pelo-Flamengo.webp","type":"image\/jpeg"}],"author":"Equipe G\u00e1vea News","twitter_card":"summary_large_image","twitter_misc":{"Escrito por":"Equipe G\u00e1vea News","Est. tempo de leitura":"1 minuto"},"schema":{"@context":"https:\/\/schema.org","@graph":[{"@type":"NewsArticle","@id":"https:\/\/www.gaveanews.com\/index.php\/2022\/01\/15\/thomas-tuchel-explica-retorno-de-kenedy-ex-flamengo-ao-chelsea\/#article","isPartOf":{"@id":"https:\/\/www.gaveanews.com\/index.php\/2022\/01\/15\/thomas-tuchel-explica-retorno-de-kenedy-ex-flamengo-ao-chelsea\/"},"author":{"name":"Equipe G\u00e1vea News","@id":"https:\/\/www.gaveanews.com\/#\/schema\/person\/2ec14f73fb96be2caf28f91afb14749d"},"headline":"Thomas Tuchel explica retorno de Kenedy, ex-Flamengo, ao Chelsea","datePublished":"2022-01-16T01:26:17+00:00","dateModified":"2022-01-16T01:26:20+00:00","mainEntityOfPage":{"@id":"https:\/\/www.gaveanews.com\/index.php\/2022\/01\/15\/thomas-tuchel-explica-retorno-de-kenedy-ex-flamengo-ao-chelsea\/"},"wordCount":209,"commentCount":10,"image":{"@id":"https:\/\/www.gaveanews.com\/index.php\/2022\/01\/15\/thomas-tuchel-explica-retorno-de-kenedy-ex-flamengo-ao-chelsea\/#primaryimage"},"thumbnailUrl":"https:\/\/www.gaveanews.com\/wp-content\/uploads\/Kenedy-em-entreivsta-coletiva-de-apresentacao-pelo-Flamengo.webp","articleSection":["Flamengo"],"inLanguage":"pt-BR","potentialAction":[{"@type":"CommentAction","name":"Comment","target":["https:\/\/www.gaveanews.com\/index.php\/2022\/01\/15\/thomas-tuchel-explica-retorno-de-kenedy-ex-flamengo-ao-chelsea\/#respond"]}],"copyrightYear":"2022","copyrightHolder":{"@id":"https:\/\/www.gaveanews.com\/#organization"}},{"@type":"WebPage","@id":"https:\/\/www.gaveanews.com\/index.php\/2022\/01\/15\/thomas-tuchel-explica-retorno-de-kenedy-ex-flamengo-ao-chelsea\/","url":"https:\/\/www.gaveanews.com\/index.php\/2022\/01\/15\/thomas-tuchel-explica-retorno-de-kenedy-ex-flamengo-ao-chelsea\/","name":"Thomas Tuchel explica retorno de Kenedy, ex-Flamengo, ao Chelsea","isPartOf":{"@id":"https:\/\/www.gaveanews.com\/#website"},"primaryImageOfPage":{"@id":"https:\/\/www.gaveanews.com\/index.php\/2022\/01\/15\/thomas-tuchel-explica-retorno-de-kenedy-ex-flamengo-ao-chelsea\/#primaryimage"},"image":{"@id":"https:\/\/www.gaveanews.com\/index.php\/2022\/01\/15\/thomas-tuchel-explica-retorno-de-kenedy-ex-flamengo-ao-chelsea\/#primaryimage"},"thumbnailUrl":"https:\/\/www.gaveanews.com\/wp-content\/uploads\/Kenedy-em-entreivsta-coletiva-de-apresentacao-pelo-Flamengo.webp","datePublished":"2022-01-16T01:26:17+00:00","dateModified":"2022-01-16T01:26:20+00:00","author":{"@id":"https:\/\/www.gaveanews.com\/#\/schema\/person\/2ec14f73fb96be2caf28f91afb14749d"},"breadcrumb":{"@id":"https:\/\/www.gaveanews.com\/index.php\/2022\/01\/15\/thomas-tuchel-explica-retorno-de-kenedy-ex-flamengo-ao-chelsea\/#breadcrumb"},"inLanguage":"pt-BR","potentialAction":[{"@type":"ReadAction","target":["https:\/\/www.gaveanews.com\/index.php\/2022\/01\/15\/thomas-tuchel-explica-retorno-de-kenedy-ex-flamengo-ao-chelsea\/"]}]},{"@type":"ImageObject","inLanguage":"pt-BR","@id":"https:\/\/www.gaveanews.com\/index.php\/2022\/01\/15\/thomas-tuchel-explica-retorno-de-kenedy-ex-flamengo-ao-chelsea\/#primaryimage","url":"https:\/\/www.gaveanews.com\/wp-content\/uploads\/Kenedy-em-entreivsta-coletiva-de-apresentacao-pelo-Flamengo.webp","contentUrl":"https:\/\/www.gaveanews.com\/wp-content\/uploads\/Kenedy-em-entreivsta-coletiva-de-apresentacao-pelo-Flamengo.webp","width":799,"height":532,"caption":"Kenedy em entrevista coletiva de apresenta\u00e7\u00e3o pelo Flamengo (Foto: Alexandre Vidal\/Flamengo)"},{"@type":"BreadcrumbList","@id":"https:\/\/www.gaveanews.com\/index.php\/2022\/01\/15\/thomas-tuchel-explica-retorno-de-kenedy-ex-flamengo-ao-chelsea\/#breadcrumb","itemListElement":[{"@type":"ListItem","position":1,"name":"Home","item":"https:\/\/www.gaveanews.com\/"},{"@type":"ListItem","position":2,"name":"Thomas Tuchel explica retorno de Kenedy, ex-Flamengo, ao Chelsea"}]},{"@type":"WebSite","@id":"https:\/\/www.gaveanews.com\/#website","url":"https:\/\/www.gaveanews.com\/","name":"G\u00e1vea News","description":"Veja todas as not\u00edcias sobre o Flamengo: Contrata\u00e7\u00f5es, categorias de base, resultados das partidas, tabela de classifica\u00e7\u00e3o, pr\u00f3ximos jogos!","potentialAction":[{"@type":"SearchAction","target":{"@type":"EntryPoint","urlTemplate":"https:\/\/www.gaveanews.com\/?s={search_term_string}"},"query-input":{"@type":"PropertyValueSpecification","valueRequired":true,"valueName":"search_term_string"}}],"inLanguage":"pt-BR"},{"@type":"Person","@id":"https:\/\/www.gaveanews.com\/#\/schema\/person\/2ec14f73fb96be2caf28f91afb14749d","name":"Equipe G\u00e1vea News","image":{"@type":"ImageObject","inLanguage":"pt-BR","@id":"https:\/\/www.gaveanews.com\/#\/schema\/person\/image\/","url":"https:\/\/secure.gravatar.com\/avatar\/1e1956f1facbffd3f8fa53a326721950116b3b9dc9bd44939c01180fd4a745a9?s=96&d=mm&r=g","contentUrl":"https:\/\/secure.gravatar.com\/avatar\/1e1956f1facbffd3f8fa53a326721950116b3b9dc9bd44939c01180fd4a745a9?s=96&d=mm&r=g","caption":"Equipe G\u00e1vea News"}}]}},"_links":{"self":[{"href":"https:\/\/www.gaveanews.com\/index.php\/wp-json\/wp\/v2\/posts\/74896","targetHints":{"allow":["GET"]}}],"collection":[{"href":"https:\/\/www.gaveanews.com\/index.php\/wp-json\/wp\/v2\/posts"}],"about":[{"href":"https:\/\/www.gaveanews.com\/index.php\/wp-json\/wp\/v2\/types\/post"}],"author":[{"embeddable":true,"href":"https:\/\/www.gaveanews.com\/index.php\/wp-json\/wp\/v2\/users\/1"}],"replies":[{"embeddable":true,"href":"https:\/\/www.gaveanews.com\/index.php\/wp-json\/wp\/v2\/comments?post=74896"}],"version-history":[{"count":0,"href":"https:\/\/www.gaveanews.com\/index.php\/wp-json\/wp\/v2\/posts\/74896\/revisions"}],"wp:featuredmedia":[{"embeddable":true,"href":"https:\/\/www.gaveanews.com\/index.php\/wp-json\/wp\/v2\/media\/67011"}],"wp:attachment":[{"href":"https:\/\/www.gaveanews.com\/index.php\/wp-json\/wp\/v2\/media?parent=74896"}],"wp:term":[{"taxonomy":"category","embeddable":true,"href":"https:\/\/www.gaveanews.com\/index.php\/wp-json\/wp\/v2\/categories?post=74896"},{"taxonomy":"post_tag","embeddable":true,"href":"https:\/\/www.gaveanews.com\/index.php\/wp-json\/wp\/v2\/tags?post=74896"}],"curies":[{"name":"wp","href":"https:\/\/api.w.org\/{rel}","templated":true}]}}