{"id":75006,"date":"2022-01-18T00:02:49","date_gmt":"2022-01-18T03:02:49","guid":{"rendered":"https:\/\/www.gaveanews.com\/?p=75006"},"modified":"2022-01-18T00:02:53","modified_gmt":"2022-01-18T03:02:53","slug":"meia-procurado-por-paulo-sousa-se-recusa-a-jogar-no-flamengo","status":"publish","type":"post","link":"https:\/\/www.gaveanews.com\/index.php\/2022\/01\/18\/meia-procurado-por-paulo-sousa-se-recusa-a-jogar-no-flamengo\/","title":{"rendered":"Meia procurado por Paulo Sousa se recusa a jogar no Flamengo"},"content":{"rendered":"\n<p>A pedidos de Paulo Sousa, o Flamengo tentou trazer o volante da Inter de Mil\u00e3o, Mat\u00edas Vecino. Contudo, o jogador uruguaio recusou o projeto de retornar a Am\u00e9rica do Sul. Nesse sentindo, o atleta ainda pretende continuar com a carreira na Europa. Dessa forma, a diretoria Rubro-Negra segue em busca de um volante capaz de jogar com a mesma intensidade de \u201c\u00e1rea a \u00e1rea\u201d, ou seja, o famoso \u201cbox to box\u201d. Informa\u00e7\u00e3o dada pelo site \u201cGoal\u201d.<\/p>\n\n\n\n<p>O Mais Querido esperou a chegada de Paulo Sousa para poder come\u00e7ar a entrar de vez no mercado de transfer\u00eancia. Um volante com determinada caracter\u00edstica citada \u00e9 uma car\u00eancia do elenco analisada pelo pr\u00f3prio treinador portugu\u00eas. Entretanto, Mat\u00edas Vecino, um dos nomes analisados, saiu da lista do Rubro-Negro por falta de interesse do pr\u00f3prio jogador.<\/p>\n\n\n\n<p>Dessa forma, ap\u00f3s contato inicial e recusa do jogador da Inter de Mil\u00e3o, o Flamengo recuou no neg\u00f3cio. Isso porque, o clube julga que s\u00f3 valer\u00e1 a pena negociar com jogadores que pretendem e aceitem a rotina do Mais Querido. Como a ambi\u00e7\u00e3o de Mat\u00edas Vecino \u00e9 permanecer na Europa, e inclusive apresenta proposta da Lazio, outro clube italiano, as negocia\u00e7\u00f5es se que iniciaram.<\/p>\n\n\n\n<p>Por fim, Vecino foi comandado por Paulo Sousa na \u00e9poca que o treinador dirigia a Fiorentina, em 2015. O portugu\u00eas, inclusive, chegou a ligar para o uruguaio no in\u00edcio do ano. Entretanto, desde a \u00e9poca, o jogador agradeceu a indica\u00e7\u00e3o, mas recusou vim jogar no Flamengo.<\/p>\n\n\n\n<div class=\"wp-block-image is-style-default\"><figure class=\"aligncenter size-large is-resized\"><img loading=\"lazy\" decoding=\"async\" src=\"https:\/\/mercadodofutebol.com\/wp-content\/uploads\/2020\/11\/matias-vecino-inter-1596003298-44373.webp\" alt=\"\" width=\"716\" height=\"401\"\/><\/figure><\/div>\n\n\n\n<p>Retirado de: Di\u00e1rio do Fla<\/p>\n","protected":false},"excerpt":{"rendered":"<p>A pedidos de Paulo Sousa, o Flamengo tentou trazer o volante da Inter de Mil\u00e3o, Mat\u00edas Vecino. Contudo, o jogador uruguaio recusou o projeto de retornar a Am\u00e9rica do Sul. Nesse sentindo, o atleta ainda pretende continuar com a carreira na Europa. Dessa forma, a diretoria Rubro-Negra segue em busca de um volante capaz de [&hellip;]<\/p>\n","protected":false},"author":1,"featured_media":74669,"comment_status":"open","ping_status":"closed","sticky":false,"template":"","format":"standard","meta":{"footnotes":""},"categories":[1],"tags":[],"class_list":["post-75006","post","type-post","status-publish","format-standard","has-post-thumbnail","hentry","category-flamengo"],"yoast_head":"<!-- This site is optimized with the Yoast SEO Premium plugin v24.2 (Yoast SEO v26.9) - https:\/\/yoast.com\/product\/yoast-seo-premium-wordpress\/ -->\n<title>Meia procurado por Paulo Sousa se recusa a jogar no Flamengo<\/title>\n<meta name=\"robots\" content=\"index, follow, max-snippet:-1, max-image-preview:large, max-video-preview:-1\" \/>\n<link rel=\"canonical\" href=\"https:\/\/www.gaveanews.com\/index.php\/2022\/01\/18\/meia-procurado-por-paulo-sousa-se-recusa-a-jogar-no-flamengo\/\" \/>\n<meta property=\"og:locale\" content=\"pt_BR\" \/>\n<meta property=\"og:type\" content=\"article\" \/>\n<meta property=\"og:title\" content=\"Meia procurado por Paulo Sousa se recusa a jogar no Flamengo\" \/>\n<meta property=\"og:description\" content=\"A pedidos de Paulo Sousa, o Flamengo tentou trazer o volante da Inter de Mil\u00e3o, Mat\u00edas Vecino. Contudo, o jogador uruguaio recusou o projeto de retornar a Am\u00e9rica do Sul. Nesse sentindo, o atleta ainda pretende continuar com a carreira na Europa. Dessa forma, a diretoria Rubro-Negra segue em busca de um volante capaz de [&hellip;]\" \/>\n<meta property=\"og:url\" content=\"https:\/\/www.gaveanews.com\/index.php\/2022\/01\/18\/meia-procurado-por-paulo-sousa-se-recusa-a-jogar-no-flamengo\/\" \/>\n<meta property=\"og:site_name\" content=\"G\u00e1vea News\" \/>\n<meta property=\"article:publisher\" content=\"https:\/\/facebook.com\/gaveaNews\/\" \/>\n<meta property=\"article:published_time\" content=\"2022-01-18T03:02:49+00:00\" \/>\n<meta property=\"article:modified_time\" content=\"2022-01-18T03:02:53+00:00\" \/>\n<meta property=\"og:image\" content=\"https:\/\/www.gaveanews.com\/wp-content\/uploads\/Paulo-Sousa-responde-a-perguntas-de-jornalistas-em-entrevista-coletiva-no-CT-do-Flamengo.webp\" \/>\n\t<meta property=\"og:image:width\" content=\"799\" \/>\n\t<meta property=\"og:image:height\" content=\"532\" \/>\n\t<meta property=\"og:image:type\" content=\"image\/jpeg\" \/>\n<meta name=\"author\" content=\"Equipe G\u00e1vea News\" \/>\n<meta name=\"twitter:card\" content=\"summary_large_image\" \/>\n<meta name=\"twitter:label1\" content=\"Escrito por\" \/>\n\t<meta name=\"twitter:data1\" content=\"Equipe G\u00e1vea News\" \/>\n\t<meta name=\"twitter:label2\" content=\"Est. tempo de leitura\" \/>\n\t<meta name=\"twitter:data2\" content=\"2 minutos\" \/>\n<script type=\"application\/ld+json\" class=\"yoast-schema-graph\">{\"@context\":\"https:\/\/schema.org\",\"@graph\":[{\"@type\":\"NewsArticle\",\"@id\":\"https:\/\/www.gaveanews.com\/index.php\/2022\/01\/18\/meia-procurado-por-paulo-sousa-se-recusa-a-jogar-no-flamengo\/#article\",\"isPartOf\":{\"@id\":\"https:\/\/www.gaveanews.com\/index.php\/2022\/01\/18\/meia-procurado-por-paulo-sousa-se-recusa-a-jogar-no-flamengo\/\"},\"author\":{\"name\":\"Equipe G\u00e1vea News\",\"@id\":\"https:\/\/www.gaveanews.com\/#\/schema\/person\/2ec14f73fb96be2caf28f91afb14749d\"},\"headline\":\"Meia procurado por Paulo Sousa se recusa a jogar no Flamengo\",\"datePublished\":\"2022-01-18T03:02:49+00:00\",\"dateModified\":\"2022-01-18T03:02:53+00:00\",\"mainEntityOfPage\":{\"@id\":\"https:\/\/www.gaveanews.com\/index.php\/2022\/01\/18\/meia-procurado-por-paulo-sousa-se-recusa-a-jogar-no-flamengo\/\"},\"wordCount\":276,\"commentCount\":11,\"image\":{\"@id\":\"https:\/\/www.gaveanews.com\/index.php\/2022\/01\/18\/meia-procurado-por-paulo-sousa-se-recusa-a-jogar-no-flamengo\/#primaryimage\"},\"thumbnailUrl\":\"https:\/\/www.gaveanews.com\/wp-content\/uploads\/Paulo-Sousa-responde-a-perguntas-de-jornalistas-em-entrevista-coletiva-no-CT-do-Flamengo.webp\",\"articleSection\":[\"Flamengo\"],\"inLanguage\":\"pt-BR\",\"potentialAction\":[{\"@type\":\"CommentAction\",\"name\":\"Comment\",\"target\":[\"https:\/\/www.gaveanews.com\/index.php\/2022\/01\/18\/meia-procurado-por-paulo-sousa-se-recusa-a-jogar-no-flamengo\/#respond\"]}],\"copyrightYear\":\"2022\",\"copyrightHolder\":{\"@id\":\"https:\/\/www.gaveanews.com\/#organization\"}},{\"@type\":\"WebPage\",\"@id\":\"https:\/\/www.gaveanews.com\/index.php\/2022\/01\/18\/meia-procurado-por-paulo-sousa-se-recusa-a-jogar-no-flamengo\/\",\"url\":\"https:\/\/www.gaveanews.com\/index.php\/2022\/01\/18\/meia-procurado-por-paulo-sousa-se-recusa-a-jogar-no-flamengo\/\",\"name\":\"Meia procurado por Paulo Sousa se recusa a jogar no Flamengo\",\"isPartOf\":{\"@id\":\"https:\/\/www.gaveanews.com\/#website\"},\"primaryImageOfPage\":{\"@id\":\"https:\/\/www.gaveanews.com\/index.php\/2022\/01\/18\/meia-procurado-por-paulo-sousa-se-recusa-a-jogar-no-flamengo\/#primaryimage\"},\"image\":{\"@id\":\"https:\/\/www.gaveanews.com\/index.php\/2022\/01\/18\/meia-procurado-por-paulo-sousa-se-recusa-a-jogar-no-flamengo\/#primaryimage\"},\"thumbnailUrl\":\"https:\/\/www.gaveanews.com\/wp-content\/uploads\/Paulo-Sousa-responde-a-perguntas-de-jornalistas-em-entrevista-coletiva-no-CT-do-Flamengo.webp\",\"datePublished\":\"2022-01-18T03:02:49+00:00\",\"dateModified\":\"2022-01-18T03:02:53+00:00\",\"author\":{\"@id\":\"https:\/\/www.gaveanews.com\/#\/schema\/person\/2ec14f73fb96be2caf28f91afb14749d\"},\"breadcrumb\":{\"@id\":\"https:\/\/www.gaveanews.com\/index.php\/2022\/01\/18\/meia-procurado-por-paulo-sousa-se-recusa-a-jogar-no-flamengo\/#breadcrumb\"},\"inLanguage\":\"pt-BR\",\"potentialAction\":[{\"@type\":\"ReadAction\",\"target\":[\"https:\/\/www.gaveanews.com\/index.php\/2022\/01\/18\/meia-procurado-por-paulo-sousa-se-recusa-a-jogar-no-flamengo\/\"]}]},{\"@type\":\"ImageObject\",\"inLanguage\":\"pt-BR\",\"@id\":\"https:\/\/www.gaveanews.com\/index.php\/2022\/01\/18\/meia-procurado-por-paulo-sousa-se-recusa-a-jogar-no-flamengo\/#primaryimage\",\"url\":\"https:\/\/www.gaveanews.com\/wp-content\/uploads\/Paulo-Sousa-responde-a-perguntas-de-jornalistas-em-entrevista-coletiva-no-CT-do-Flamengo.webp\",\"contentUrl\":\"https:\/\/www.gaveanews.com\/wp-content\/uploads\/Paulo-Sousa-responde-a-perguntas-de-jornalistas-em-entrevista-coletiva-no-CT-do-Flamengo.webp\",\"width\":799,\"height\":532,\"caption\":\"Paulo Sousa responde a perguntas de jornalistas em entrevista coletiva no CT do Flamengo (Foto: Alexandre Vidal\/Flamengo)\"},{\"@type\":\"BreadcrumbList\",\"@id\":\"https:\/\/www.gaveanews.com\/index.php\/2022\/01\/18\/meia-procurado-por-paulo-sousa-se-recusa-a-jogar-no-flamengo\/#breadcrumb\",\"itemListElement\":[{\"@type\":\"ListItem\",\"position\":1,\"name\":\"Home\",\"item\":\"https:\/\/www.gaveanews.com\/\"},{\"@type\":\"ListItem\",\"position\":2,\"name\":\"Meia procurado por Paulo Sousa se recusa a jogar no Flamengo\"}]},{\"@type\":\"WebSite\",\"@id\":\"https:\/\/www.gaveanews.com\/#website\",\"url\":\"https:\/\/www.gaveanews.com\/\",\"name\":\"G\u00e1vea News\",\"description\":\"Veja todas as not\u00edcias sobre o Flamengo: Contrata\u00e7\u00f5es, categorias de base, resultados das partidas, tabela de classifica\u00e7\u00e3o, pr\u00f3ximos jogos!\",\"potentialAction\":[{\"@type\":\"SearchAction\",\"target\":{\"@type\":\"EntryPoint\",\"urlTemplate\":\"https:\/\/www.gaveanews.com\/?s={search_term_string}\"},\"query-input\":{\"@type\":\"PropertyValueSpecification\",\"valueRequired\":true,\"valueName\":\"search_term_string\"}}],\"inLanguage\":\"pt-BR\"},{\"@type\":\"Person\",\"@id\":\"https:\/\/www.gaveanews.com\/#\/schema\/person\/2ec14f73fb96be2caf28f91afb14749d\",\"name\":\"Equipe G\u00e1vea News\",\"image\":{\"@type\":\"ImageObject\",\"inLanguage\":\"pt-BR\",\"@id\":\"https:\/\/www.gaveanews.com\/#\/schema\/person\/image\/\",\"url\":\"https:\/\/secure.gravatar.com\/avatar\/1e1956f1facbffd3f8fa53a326721950116b3b9dc9bd44939c01180fd4a745a9?s=96&d=mm&r=g\",\"contentUrl\":\"https:\/\/secure.gravatar.com\/avatar\/1e1956f1facbffd3f8fa53a326721950116b3b9dc9bd44939c01180fd4a745a9?s=96&d=mm&r=g\",\"caption\":\"Equipe G\u00e1vea News\"}}]}<\/script>\n<!-- \/ Yoast SEO Premium plugin. -->","yoast_head_json":{"title":"Meia procurado por Paulo Sousa se recusa a jogar no Flamengo","robots":{"index":"index","follow":"follow","max-snippet":"max-snippet:-1","max-image-preview":"max-image-preview:large","max-video-preview":"max-video-preview:-1"},"canonical":"https:\/\/www.gaveanews.com\/index.php\/2022\/01\/18\/meia-procurado-por-paulo-sousa-se-recusa-a-jogar-no-flamengo\/","og_locale":"pt_BR","og_type":"article","og_title":"Meia procurado por Paulo Sousa se recusa a jogar no Flamengo","og_description":"A pedidos de Paulo Sousa, o Flamengo tentou trazer o volante da Inter de Mil\u00e3o, Mat\u00edas Vecino. Contudo, o jogador uruguaio recusou o projeto de retornar a Am\u00e9rica do Sul. Nesse sentindo, o atleta ainda pretende continuar com a carreira na Europa. Dessa forma, a diretoria Rubro-Negra segue em busca de um volante capaz de [&hellip;]","og_url":"https:\/\/www.gaveanews.com\/index.php\/2022\/01\/18\/meia-procurado-por-paulo-sousa-se-recusa-a-jogar-no-flamengo\/","og_site_name":"G\u00e1vea News","article_publisher":"https:\/\/facebook.com\/gaveaNews\/","article_published_time":"2022-01-18T03:02:49+00:00","article_modified_time":"2022-01-18T03:02:53+00:00","og_image":[{"width":799,"height":532,"url":"https:\/\/www.gaveanews.com\/wp-content\/uploads\/Paulo-Sousa-responde-a-perguntas-de-jornalistas-em-entrevista-coletiva-no-CT-do-Flamengo.webp","type":"image\/jpeg"}],"author":"Equipe G\u00e1vea News","twitter_card":"summary_large_image","twitter_misc":{"Escrito por":"Equipe G\u00e1vea News","Est. tempo de leitura":"2 minutos"},"schema":{"@context":"https:\/\/schema.org","@graph":[{"@type":"NewsArticle","@id":"https:\/\/www.gaveanews.com\/index.php\/2022\/01\/18\/meia-procurado-por-paulo-sousa-se-recusa-a-jogar-no-flamengo\/#article","isPartOf":{"@id":"https:\/\/www.gaveanews.com\/index.php\/2022\/01\/18\/meia-procurado-por-paulo-sousa-se-recusa-a-jogar-no-flamengo\/"},"author":{"name":"Equipe G\u00e1vea News","@id":"https:\/\/www.gaveanews.com\/#\/schema\/person\/2ec14f73fb96be2caf28f91afb14749d"},"headline":"Meia procurado por Paulo Sousa se recusa a jogar no Flamengo","datePublished":"2022-01-18T03:02:49+00:00","dateModified":"2022-01-18T03:02:53+00:00","mainEntityOfPage":{"@id":"https:\/\/www.gaveanews.com\/index.php\/2022\/01\/18\/meia-procurado-por-paulo-sousa-se-recusa-a-jogar-no-flamengo\/"},"wordCount":276,"commentCount":11,"image":{"@id":"https:\/\/www.gaveanews.com\/index.php\/2022\/01\/18\/meia-procurado-por-paulo-sousa-se-recusa-a-jogar-no-flamengo\/#primaryimage"},"thumbnailUrl":"https:\/\/www.gaveanews.com\/wp-content\/uploads\/Paulo-Sousa-responde-a-perguntas-de-jornalistas-em-entrevista-coletiva-no-CT-do-Flamengo.webp","articleSection":["Flamengo"],"inLanguage":"pt-BR","potentialAction":[{"@type":"CommentAction","name":"Comment","target":["https:\/\/www.gaveanews.com\/index.php\/2022\/01\/18\/meia-procurado-por-paulo-sousa-se-recusa-a-jogar-no-flamengo\/#respond"]}],"copyrightYear":"2022","copyrightHolder":{"@id":"https:\/\/www.gaveanews.com\/#organization"}},{"@type":"WebPage","@id":"https:\/\/www.gaveanews.com\/index.php\/2022\/01\/18\/meia-procurado-por-paulo-sousa-se-recusa-a-jogar-no-flamengo\/","url":"https:\/\/www.gaveanews.com\/index.php\/2022\/01\/18\/meia-procurado-por-paulo-sousa-se-recusa-a-jogar-no-flamengo\/","name":"Meia procurado por Paulo Sousa se recusa a jogar no Flamengo","isPartOf":{"@id":"https:\/\/www.gaveanews.com\/#website"},"primaryImageOfPage":{"@id":"https:\/\/www.gaveanews.com\/index.php\/2022\/01\/18\/meia-procurado-por-paulo-sousa-se-recusa-a-jogar-no-flamengo\/#primaryimage"},"image":{"@id":"https:\/\/www.gaveanews.com\/index.php\/2022\/01\/18\/meia-procurado-por-paulo-sousa-se-recusa-a-jogar-no-flamengo\/#primaryimage"},"thumbnailUrl":"https:\/\/www.gaveanews.com\/wp-content\/uploads\/Paulo-Sousa-responde-a-perguntas-de-jornalistas-em-entrevista-coletiva-no-CT-do-Flamengo.webp","datePublished":"2022-01-18T03:02:49+00:00","dateModified":"2022-01-18T03:02:53+00:00","author":{"@id":"https:\/\/www.gaveanews.com\/#\/schema\/person\/2ec14f73fb96be2caf28f91afb14749d"},"breadcrumb":{"@id":"https:\/\/www.gaveanews.com\/index.php\/2022\/01\/18\/meia-procurado-por-paulo-sousa-se-recusa-a-jogar-no-flamengo\/#breadcrumb"},"inLanguage":"pt-BR","potentialAction":[{"@type":"ReadAction","target":["https:\/\/www.gaveanews.com\/index.php\/2022\/01\/18\/meia-procurado-por-paulo-sousa-se-recusa-a-jogar-no-flamengo\/"]}]},{"@type":"ImageObject","inLanguage":"pt-BR","@id":"https:\/\/www.gaveanews.com\/index.php\/2022\/01\/18\/meia-procurado-por-paulo-sousa-se-recusa-a-jogar-no-flamengo\/#primaryimage","url":"https:\/\/www.gaveanews.com\/wp-content\/uploads\/Paulo-Sousa-responde-a-perguntas-de-jornalistas-em-entrevista-coletiva-no-CT-do-Flamengo.webp","contentUrl":"https:\/\/www.gaveanews.com\/wp-content\/uploads\/Paulo-Sousa-responde-a-perguntas-de-jornalistas-em-entrevista-coletiva-no-CT-do-Flamengo.webp","width":799,"height":532,"caption":"Paulo Sousa responde a perguntas de jornalistas em entrevista coletiva no CT do Flamengo (Foto: Alexandre Vidal\/Flamengo)"},{"@type":"BreadcrumbList","@id":"https:\/\/www.gaveanews.com\/index.php\/2022\/01\/18\/meia-procurado-por-paulo-sousa-se-recusa-a-jogar-no-flamengo\/#breadcrumb","itemListElement":[{"@type":"ListItem","position":1,"name":"Home","item":"https:\/\/www.gaveanews.com\/"},{"@type":"ListItem","position":2,"name":"Meia procurado por Paulo Sousa se recusa a jogar no Flamengo"}]},{"@type":"WebSite","@id":"https:\/\/www.gaveanews.com\/#website","url":"https:\/\/www.gaveanews.com\/","name":"G\u00e1vea News","description":"Veja todas as not\u00edcias sobre o Flamengo: Contrata\u00e7\u00f5es, categorias de base, resultados das partidas, tabela de classifica\u00e7\u00e3o, pr\u00f3ximos jogos!","potentialAction":[{"@type":"SearchAction","target":{"@type":"EntryPoint","urlTemplate":"https:\/\/www.gaveanews.com\/?s={search_term_string}"},"query-input":{"@type":"PropertyValueSpecification","valueRequired":true,"valueName":"search_term_string"}}],"inLanguage":"pt-BR"},{"@type":"Person","@id":"https:\/\/www.gaveanews.com\/#\/schema\/person\/2ec14f73fb96be2caf28f91afb14749d","name":"Equipe G\u00e1vea News","image":{"@type":"ImageObject","inLanguage":"pt-BR","@id":"https:\/\/www.gaveanews.com\/#\/schema\/person\/image\/","url":"https:\/\/secure.gravatar.com\/avatar\/1e1956f1facbffd3f8fa53a326721950116b3b9dc9bd44939c01180fd4a745a9?s=96&d=mm&r=g","contentUrl":"https:\/\/secure.gravatar.com\/avatar\/1e1956f1facbffd3f8fa53a326721950116b3b9dc9bd44939c01180fd4a745a9?s=96&d=mm&r=g","caption":"Equipe G\u00e1vea News"}}]}},"_links":{"self":[{"href":"https:\/\/www.gaveanews.com\/index.php\/wp-json\/wp\/v2\/posts\/75006","targetHints":{"allow":["GET"]}}],"collection":[{"href":"https:\/\/www.gaveanews.com\/index.php\/wp-json\/wp\/v2\/posts"}],"about":[{"href":"https:\/\/www.gaveanews.com\/index.php\/wp-json\/wp\/v2\/types\/post"}],"author":[{"embeddable":true,"href":"https:\/\/www.gaveanews.com\/index.php\/wp-json\/wp\/v2\/users\/1"}],"replies":[{"embeddable":true,"href":"https:\/\/www.gaveanews.com\/index.php\/wp-json\/wp\/v2\/comments?post=75006"}],"version-history":[{"count":0,"href":"https:\/\/www.gaveanews.com\/index.php\/wp-json\/wp\/v2\/posts\/75006\/revisions"}],"wp:featuredmedia":[{"embeddable":true,"href":"https:\/\/www.gaveanews.com\/index.php\/wp-json\/wp\/v2\/media\/74669"}],"wp:attachment":[{"href":"https:\/\/www.gaveanews.com\/index.php\/wp-json\/wp\/v2\/media?parent=75006"}],"wp:term":[{"taxonomy":"category","embeddable":true,"href":"https:\/\/www.gaveanews.com\/index.php\/wp-json\/wp\/v2\/categories?post=75006"},{"taxonomy":"post_tag","embeddable":true,"href":"https:\/\/www.gaveanews.com\/index.php\/wp-json\/wp\/v2\/tags?post=75006"}],"curies":[{"name":"wp","href":"https:\/\/api.w.org\/{rel}","templated":true}]}}