{"id":75013,"date":"2022-01-18T01:07:32","date_gmt":"2022-01-18T04:07:32","guid":{"rendered":"https:\/\/www.gaveanews.com\/?p=75013"},"modified":"2022-01-18T01:07:35","modified_gmt":"2022-01-18T04:07:35","slug":"fim-da-novela-arrascaeta-renova-com-o-flamengo-ate-2026","status":"publish","type":"post","link":"https:\/\/www.gaveanews.com\/index.php\/2022\/01\/18\/fim-da-novela-arrascaeta-renova-com-o-flamengo-ate-2026\/","title":{"rendered":"Fim da novela! Arrascaeta renova com o Flamengo at\u00e9 2026"},"content":{"rendered":"\n<p>Giorgian de Arrascaeta \u00e9 jogador do Flamengo at\u00e9 o fim de 2026. Depois de quase um ano de novela, clube e empres\u00e1rio do jogador chegaram a um acerto e marcaram a assinatura de contrato para esta ter\u00e7a-feira no Rio de Janeiro.<\/p>\n\n\n\n<p>Com o acerto salarial com o meia definido desde o segundo semestre de 2021, o Flamengo fez um acerto para compra dos direitos econ\u00f4micos pertencentes ao Defensor Sporting, do Uruguai, com cl\u00e1usulas de performance. O clube rubro-negro pagar\u00e1 \u00e0 vista por um percentual que chegar\u00e1 aos 12,5% dos uruguaios de acordo com metas estabelecidas ao longo dos pr\u00f3ximos cinco anos.<\/p>\n\n\n\n<p>Em resumo, o acerto obriga ao Flamengo a adquirir somente parte reduzida do percentual pertencente ao Defensor &#8211; mantida em sigilo &#8211; a maior parte, no entanto, depender\u00e1 do rendimento do camisa 14 no cumprimento de objetivos individuais e, principalmente, coletivos ao longo dos cinco pr\u00f3ximos anos em que defender\u00e1 o Flamengo. O clube entende que desta forma o pr\u00f3prio jogador se pagar\u00e1 em uma poss\u00edvel venda futura.<\/p>\n\n\n\n<p>A novela da negocia\u00e7\u00e3o se arrastou desde o in\u00edcio de 2021 e virou novela ap\u00f3s Arrascaeta n\u00e3o cumprir a meta de 4 mil minutos previstos em contrato em 2019 e 2020. Caso atingisse a marca, o Flamengo seria obrigado a comprar os 12,5% em duas cotas de 6,25% pelo valor de 1,25 milh\u00e3o de euros em 20 de fevereiro de 2020 e 20 de fevereiro de 2021.<\/p>\n\n\n\n<p>Como Arrascaeta n\u00e3o atingiu a minutagem, o empres\u00e1rio Daniel Fonseca colocou a porcentagem como condi\u00e7\u00e3o para renova\u00e7\u00e3o e se manteve irredut\u00edvel na maior parte da negocia\u00e7\u00e3o. O Flamengo, por sua vez, partiu para o cabo de guerra e conseguiu flexibilizar a situa\u00e7\u00e3o.<\/p>\n\n\n\n<p>O novo contrato de Arrascaeta est\u00e1 redigido e a promessa \u00e9 de que seja assinado nesta ter\u00e7a-feira. Sem refor\u00e7os, o Flamengo inicia 2022 com a perman\u00eancia por longo tempo daquela que para muitos \u00e9 seu principal jogador.<\/p>\n\n\n\n<p>Retirado de: Globo Esporte<\/p>\n","protected":false},"excerpt":{"rendered":"<p>Giorgian de Arrascaeta \u00e9 jogador do Flamengo at\u00e9 o fim de 2026. Depois de quase um ano de novela, clube e empres\u00e1rio do jogador chegaram a um acerto e marcaram a assinatura de contrato para esta ter\u00e7a-feira no Rio de Janeiro. Com o acerto salarial com o meia definido desde o segundo semestre de 2021, [&hellip;]<\/p>\n","protected":false},"author":1,"featured_media":67571,"comment_status":"open","ping_status":"closed","sticky":false,"template":"","format":"standard","meta":{"footnotes":""},"categories":[48],"tags":[],"class_list":["post-75013","post","type-post","status-publish","format-standard","has-post-thumbnail","hentry","category-negociacoes"],"yoast_head":"<!-- This site is optimized with the Yoast SEO Premium plugin v24.2 (Yoast SEO v26.9) - https:\/\/yoast.com\/product\/yoast-seo-premium-wordpress\/ -->\n<title>Fim da novela! Arrascaeta renova com o Flamengo at\u00e9 2026<\/title>\n<meta name=\"robots\" content=\"index, follow, max-snippet:-1, max-image-preview:large, max-video-preview:-1\" \/>\n<link rel=\"canonical\" href=\"https:\/\/www.gaveanews.com\/index.php\/2022\/01\/18\/fim-da-novela-arrascaeta-renova-com-o-flamengo-ate-2026\/\" \/>\n<meta property=\"og:locale\" content=\"pt_BR\" \/>\n<meta property=\"og:type\" content=\"article\" \/>\n<meta property=\"og:title\" content=\"Fim da novela! Arrascaeta renova com o Flamengo at\u00e9 2026\" \/>\n<meta property=\"og:description\" content=\"Giorgian de Arrascaeta \u00e9 jogador do Flamengo at\u00e9 o fim de 2026. Depois de quase um ano de novela, clube e empres\u00e1rio do jogador chegaram a um acerto e marcaram a assinatura de contrato para esta ter\u00e7a-feira no Rio de Janeiro. Com o acerto salarial com o meia definido desde o segundo semestre de 2021, [&hellip;]\" \/>\n<meta property=\"og:url\" content=\"https:\/\/www.gaveanews.com\/index.php\/2022\/01\/18\/fim-da-novela-arrascaeta-renova-com-o-flamengo-ate-2026\/\" \/>\n<meta property=\"og:site_name\" content=\"G\u00e1vea News\" \/>\n<meta property=\"article:publisher\" content=\"https:\/\/facebook.com\/gaveaNews\/\" \/>\n<meta property=\"article:published_time\" content=\"2022-01-18T04:07:32+00:00\" \/>\n<meta property=\"article:modified_time\" content=\"2022-01-18T04:07:35+00:00\" \/>\n<meta property=\"og:image\" content=\"https:\/\/www.gaveanews.com\/wp-content\/uploads\/Arrascaeta-comemorando-gol-marcado-pela-Selecao-Uruguaia.webp\" \/>\n\t<meta property=\"og:image:width\" content=\"1080\" \/>\n\t<meta property=\"og:image:height\" content=\"969\" \/>\n\t<meta property=\"og:image:type\" content=\"image\/jpeg\" \/>\n<meta name=\"author\" content=\"Equipe G\u00e1vea News\" \/>\n<meta name=\"twitter:card\" content=\"summary_large_image\" \/>\n<meta name=\"twitter:label1\" content=\"Escrito por\" \/>\n\t<meta name=\"twitter:data1\" content=\"Equipe G\u00e1vea News\" \/>\n\t<meta name=\"twitter:label2\" content=\"Est. tempo de leitura\" \/>\n\t<meta name=\"twitter:data2\" content=\"2 minutos\" \/>\n<script type=\"application\/ld+json\" class=\"yoast-schema-graph\">{\"@context\":\"https:\/\/schema.org\",\"@graph\":[{\"@type\":\"NewsArticle\",\"@id\":\"https:\/\/www.gaveanews.com\/index.php\/2022\/01\/18\/fim-da-novela-arrascaeta-renova-com-o-flamengo-ate-2026\/#article\",\"isPartOf\":{\"@id\":\"https:\/\/www.gaveanews.com\/index.php\/2022\/01\/18\/fim-da-novela-arrascaeta-renova-com-o-flamengo-ate-2026\/\"},\"author\":{\"name\":\"Equipe G\u00e1vea News\",\"@id\":\"https:\/\/www.gaveanews.com\/#\/schema\/person\/2ec14f73fb96be2caf28f91afb14749d\"},\"headline\":\"Fim da novela! Arrascaeta renova com o Flamengo at\u00e9 2026\",\"datePublished\":\"2022-01-18T04:07:32+00:00\",\"dateModified\":\"2022-01-18T04:07:35+00:00\",\"mainEntityOfPage\":{\"@id\":\"https:\/\/www.gaveanews.com\/index.php\/2022\/01\/18\/fim-da-novela-arrascaeta-renova-com-o-flamengo-ate-2026\/\"},\"wordCount\":331,\"commentCount\":7,\"image\":{\"@id\":\"https:\/\/www.gaveanews.com\/index.php\/2022\/01\/18\/fim-da-novela-arrascaeta-renova-com-o-flamengo-ate-2026\/#primaryimage\"},\"thumbnailUrl\":\"https:\/\/www.gaveanews.com\/wp-content\/uploads\/Arrascaeta-comemorando-gol-marcado-pela-Selecao-Uruguaia.webp\",\"articleSection\":[\"Negocia\u00e7\u00f5es\"],\"inLanguage\":\"pt-BR\",\"potentialAction\":[{\"@type\":\"CommentAction\",\"name\":\"Comment\",\"target\":[\"https:\/\/www.gaveanews.com\/index.php\/2022\/01\/18\/fim-da-novela-arrascaeta-renova-com-o-flamengo-ate-2026\/#respond\"]}],\"copyrightYear\":\"2022\",\"copyrightHolder\":{\"@id\":\"https:\/\/www.gaveanews.com\/#organization\"}},{\"@type\":\"WebPage\",\"@id\":\"https:\/\/www.gaveanews.com\/index.php\/2022\/01\/18\/fim-da-novela-arrascaeta-renova-com-o-flamengo-ate-2026\/\",\"url\":\"https:\/\/www.gaveanews.com\/index.php\/2022\/01\/18\/fim-da-novela-arrascaeta-renova-com-o-flamengo-ate-2026\/\",\"name\":\"Fim da novela! Arrascaeta renova com o Flamengo at\u00e9 2026\",\"isPartOf\":{\"@id\":\"https:\/\/www.gaveanews.com\/#website\"},\"primaryImageOfPage\":{\"@id\":\"https:\/\/www.gaveanews.com\/index.php\/2022\/01\/18\/fim-da-novela-arrascaeta-renova-com-o-flamengo-ate-2026\/#primaryimage\"},\"image\":{\"@id\":\"https:\/\/www.gaveanews.com\/index.php\/2022\/01\/18\/fim-da-novela-arrascaeta-renova-com-o-flamengo-ate-2026\/#primaryimage\"},\"thumbnailUrl\":\"https:\/\/www.gaveanews.com\/wp-content\/uploads\/Arrascaeta-comemorando-gol-marcado-pela-Selecao-Uruguaia.webp\",\"datePublished\":\"2022-01-18T04:07:32+00:00\",\"dateModified\":\"2022-01-18T04:07:35+00:00\",\"author\":{\"@id\":\"https:\/\/www.gaveanews.com\/#\/schema\/person\/2ec14f73fb96be2caf28f91afb14749d\"},\"breadcrumb\":{\"@id\":\"https:\/\/www.gaveanews.com\/index.php\/2022\/01\/18\/fim-da-novela-arrascaeta-renova-com-o-flamengo-ate-2026\/#breadcrumb\"},\"inLanguage\":\"pt-BR\",\"potentialAction\":[{\"@type\":\"ReadAction\",\"target\":[\"https:\/\/www.gaveanews.com\/index.php\/2022\/01\/18\/fim-da-novela-arrascaeta-renova-com-o-flamengo-ate-2026\/\"]}]},{\"@type\":\"ImageObject\",\"inLanguage\":\"pt-BR\",\"@id\":\"https:\/\/www.gaveanews.com\/index.php\/2022\/01\/18\/fim-da-novela-arrascaeta-renova-com-o-flamengo-ate-2026\/#primaryimage\",\"url\":\"https:\/\/www.gaveanews.com\/wp-content\/uploads\/Arrascaeta-comemorando-gol-marcado-pela-Selecao-Uruguaia.webp\",\"contentUrl\":\"https:\/\/www.gaveanews.com\/wp-content\/uploads\/Arrascaeta-comemorando-gol-marcado-pela-Selecao-Uruguaia.webp\",\"width\":1080,\"height\":969,\"caption\":\"Arrascaeta comemorando gol marcado pela Sele\u00e7\u00e3o Uruguaia (Foto: Reprodu\u00e7\u00e3o\/Instagram@GiorgianDeArrascaeta)\"},{\"@type\":\"BreadcrumbList\",\"@id\":\"https:\/\/www.gaveanews.com\/index.php\/2022\/01\/18\/fim-da-novela-arrascaeta-renova-com-o-flamengo-ate-2026\/#breadcrumb\",\"itemListElement\":[{\"@type\":\"ListItem\",\"position\":1,\"name\":\"Home\",\"item\":\"https:\/\/www.gaveanews.com\/\"},{\"@type\":\"ListItem\",\"position\":2,\"name\":\"Fim da novela! Arrascaeta renova com o Flamengo at\u00e9 2026\"}]},{\"@type\":\"WebSite\",\"@id\":\"https:\/\/www.gaveanews.com\/#website\",\"url\":\"https:\/\/www.gaveanews.com\/\",\"name\":\"G\u00e1vea News\",\"description\":\"Veja todas as not\u00edcias sobre o Flamengo: Contrata\u00e7\u00f5es, categorias de base, resultados das partidas, tabela de classifica\u00e7\u00e3o, pr\u00f3ximos jogos!\",\"potentialAction\":[{\"@type\":\"SearchAction\",\"target\":{\"@type\":\"EntryPoint\",\"urlTemplate\":\"https:\/\/www.gaveanews.com\/?s={search_term_string}\"},\"query-input\":{\"@type\":\"PropertyValueSpecification\",\"valueRequired\":true,\"valueName\":\"search_term_string\"}}],\"inLanguage\":\"pt-BR\"},{\"@type\":\"Person\",\"@id\":\"https:\/\/www.gaveanews.com\/#\/schema\/person\/2ec14f73fb96be2caf28f91afb14749d\",\"name\":\"Equipe G\u00e1vea News\",\"image\":{\"@type\":\"ImageObject\",\"inLanguage\":\"pt-BR\",\"@id\":\"https:\/\/www.gaveanews.com\/#\/schema\/person\/image\/\",\"url\":\"https:\/\/secure.gravatar.com\/avatar\/1e1956f1facbffd3f8fa53a326721950116b3b9dc9bd44939c01180fd4a745a9?s=96&d=mm&r=g\",\"contentUrl\":\"https:\/\/secure.gravatar.com\/avatar\/1e1956f1facbffd3f8fa53a326721950116b3b9dc9bd44939c01180fd4a745a9?s=96&d=mm&r=g\",\"caption\":\"Equipe G\u00e1vea News\"}}]}<\/script>\n<!-- \/ Yoast SEO Premium plugin. -->","yoast_head_json":{"title":"Fim da novela! Arrascaeta renova com o Flamengo at\u00e9 2026","robots":{"index":"index","follow":"follow","max-snippet":"max-snippet:-1","max-image-preview":"max-image-preview:large","max-video-preview":"max-video-preview:-1"},"canonical":"https:\/\/www.gaveanews.com\/index.php\/2022\/01\/18\/fim-da-novela-arrascaeta-renova-com-o-flamengo-ate-2026\/","og_locale":"pt_BR","og_type":"article","og_title":"Fim da novela! Arrascaeta renova com o Flamengo at\u00e9 2026","og_description":"Giorgian de Arrascaeta \u00e9 jogador do Flamengo at\u00e9 o fim de 2026. Depois de quase um ano de novela, clube e empres\u00e1rio do jogador chegaram a um acerto e marcaram a assinatura de contrato para esta ter\u00e7a-feira no Rio de Janeiro. Com o acerto salarial com o meia definido desde o segundo semestre de 2021, [&hellip;]","og_url":"https:\/\/www.gaveanews.com\/index.php\/2022\/01\/18\/fim-da-novela-arrascaeta-renova-com-o-flamengo-ate-2026\/","og_site_name":"G\u00e1vea News","article_publisher":"https:\/\/facebook.com\/gaveaNews\/","article_published_time":"2022-01-18T04:07:32+00:00","article_modified_time":"2022-01-18T04:07:35+00:00","og_image":[{"width":1080,"height":969,"url":"https:\/\/www.gaveanews.com\/wp-content\/uploads\/Arrascaeta-comemorando-gol-marcado-pela-Selecao-Uruguaia.webp","type":"image\/jpeg"}],"author":"Equipe G\u00e1vea News","twitter_card":"summary_large_image","twitter_misc":{"Escrito por":"Equipe G\u00e1vea News","Est. tempo de leitura":"2 minutos"},"schema":{"@context":"https:\/\/schema.org","@graph":[{"@type":"NewsArticle","@id":"https:\/\/www.gaveanews.com\/index.php\/2022\/01\/18\/fim-da-novela-arrascaeta-renova-com-o-flamengo-ate-2026\/#article","isPartOf":{"@id":"https:\/\/www.gaveanews.com\/index.php\/2022\/01\/18\/fim-da-novela-arrascaeta-renova-com-o-flamengo-ate-2026\/"},"author":{"name":"Equipe G\u00e1vea News","@id":"https:\/\/www.gaveanews.com\/#\/schema\/person\/2ec14f73fb96be2caf28f91afb14749d"},"headline":"Fim da novela! Arrascaeta renova com o Flamengo at\u00e9 2026","datePublished":"2022-01-18T04:07:32+00:00","dateModified":"2022-01-18T04:07:35+00:00","mainEntityOfPage":{"@id":"https:\/\/www.gaveanews.com\/index.php\/2022\/01\/18\/fim-da-novela-arrascaeta-renova-com-o-flamengo-ate-2026\/"},"wordCount":331,"commentCount":7,"image":{"@id":"https:\/\/www.gaveanews.com\/index.php\/2022\/01\/18\/fim-da-novela-arrascaeta-renova-com-o-flamengo-ate-2026\/#primaryimage"},"thumbnailUrl":"https:\/\/www.gaveanews.com\/wp-content\/uploads\/Arrascaeta-comemorando-gol-marcado-pela-Selecao-Uruguaia.webp","articleSection":["Negocia\u00e7\u00f5es"],"inLanguage":"pt-BR","potentialAction":[{"@type":"CommentAction","name":"Comment","target":["https:\/\/www.gaveanews.com\/index.php\/2022\/01\/18\/fim-da-novela-arrascaeta-renova-com-o-flamengo-ate-2026\/#respond"]}],"copyrightYear":"2022","copyrightHolder":{"@id":"https:\/\/www.gaveanews.com\/#organization"}},{"@type":"WebPage","@id":"https:\/\/www.gaveanews.com\/index.php\/2022\/01\/18\/fim-da-novela-arrascaeta-renova-com-o-flamengo-ate-2026\/","url":"https:\/\/www.gaveanews.com\/index.php\/2022\/01\/18\/fim-da-novela-arrascaeta-renova-com-o-flamengo-ate-2026\/","name":"Fim da novela! Arrascaeta renova com o Flamengo at\u00e9 2026","isPartOf":{"@id":"https:\/\/www.gaveanews.com\/#website"},"primaryImageOfPage":{"@id":"https:\/\/www.gaveanews.com\/index.php\/2022\/01\/18\/fim-da-novela-arrascaeta-renova-com-o-flamengo-ate-2026\/#primaryimage"},"image":{"@id":"https:\/\/www.gaveanews.com\/index.php\/2022\/01\/18\/fim-da-novela-arrascaeta-renova-com-o-flamengo-ate-2026\/#primaryimage"},"thumbnailUrl":"https:\/\/www.gaveanews.com\/wp-content\/uploads\/Arrascaeta-comemorando-gol-marcado-pela-Selecao-Uruguaia.webp","datePublished":"2022-01-18T04:07:32+00:00","dateModified":"2022-01-18T04:07:35+00:00","author":{"@id":"https:\/\/www.gaveanews.com\/#\/schema\/person\/2ec14f73fb96be2caf28f91afb14749d"},"breadcrumb":{"@id":"https:\/\/www.gaveanews.com\/index.php\/2022\/01\/18\/fim-da-novela-arrascaeta-renova-com-o-flamengo-ate-2026\/#breadcrumb"},"inLanguage":"pt-BR","potentialAction":[{"@type":"ReadAction","target":["https:\/\/www.gaveanews.com\/index.php\/2022\/01\/18\/fim-da-novela-arrascaeta-renova-com-o-flamengo-ate-2026\/"]}]},{"@type":"ImageObject","inLanguage":"pt-BR","@id":"https:\/\/www.gaveanews.com\/index.php\/2022\/01\/18\/fim-da-novela-arrascaeta-renova-com-o-flamengo-ate-2026\/#primaryimage","url":"https:\/\/www.gaveanews.com\/wp-content\/uploads\/Arrascaeta-comemorando-gol-marcado-pela-Selecao-Uruguaia.webp","contentUrl":"https:\/\/www.gaveanews.com\/wp-content\/uploads\/Arrascaeta-comemorando-gol-marcado-pela-Selecao-Uruguaia.webp","width":1080,"height":969,"caption":"Arrascaeta comemorando gol marcado pela Sele\u00e7\u00e3o Uruguaia (Foto: Reprodu\u00e7\u00e3o\/Instagram@GiorgianDeArrascaeta)"},{"@type":"BreadcrumbList","@id":"https:\/\/www.gaveanews.com\/index.php\/2022\/01\/18\/fim-da-novela-arrascaeta-renova-com-o-flamengo-ate-2026\/#breadcrumb","itemListElement":[{"@type":"ListItem","position":1,"name":"Home","item":"https:\/\/www.gaveanews.com\/"},{"@type":"ListItem","position":2,"name":"Fim da novela! Arrascaeta renova com o Flamengo at\u00e9 2026"}]},{"@type":"WebSite","@id":"https:\/\/www.gaveanews.com\/#website","url":"https:\/\/www.gaveanews.com\/","name":"G\u00e1vea News","description":"Veja todas as not\u00edcias sobre o Flamengo: Contrata\u00e7\u00f5es, categorias de base, resultados das partidas, tabela de classifica\u00e7\u00e3o, pr\u00f3ximos jogos!","potentialAction":[{"@type":"SearchAction","target":{"@type":"EntryPoint","urlTemplate":"https:\/\/www.gaveanews.com\/?s={search_term_string}"},"query-input":{"@type":"PropertyValueSpecification","valueRequired":true,"valueName":"search_term_string"}}],"inLanguage":"pt-BR"},{"@type":"Person","@id":"https:\/\/www.gaveanews.com\/#\/schema\/person\/2ec14f73fb96be2caf28f91afb14749d","name":"Equipe G\u00e1vea News","image":{"@type":"ImageObject","inLanguage":"pt-BR","@id":"https:\/\/www.gaveanews.com\/#\/schema\/person\/image\/","url":"https:\/\/secure.gravatar.com\/avatar\/1e1956f1facbffd3f8fa53a326721950116b3b9dc9bd44939c01180fd4a745a9?s=96&d=mm&r=g","contentUrl":"https:\/\/secure.gravatar.com\/avatar\/1e1956f1facbffd3f8fa53a326721950116b3b9dc9bd44939c01180fd4a745a9?s=96&d=mm&r=g","caption":"Equipe G\u00e1vea News"}}]}},"_links":{"self":[{"href":"https:\/\/www.gaveanews.com\/index.php\/wp-json\/wp\/v2\/posts\/75013","targetHints":{"allow":["GET"]}}],"collection":[{"href":"https:\/\/www.gaveanews.com\/index.php\/wp-json\/wp\/v2\/posts"}],"about":[{"href":"https:\/\/www.gaveanews.com\/index.php\/wp-json\/wp\/v2\/types\/post"}],"author":[{"embeddable":true,"href":"https:\/\/www.gaveanews.com\/index.php\/wp-json\/wp\/v2\/users\/1"}],"replies":[{"embeddable":true,"href":"https:\/\/www.gaveanews.com\/index.php\/wp-json\/wp\/v2\/comments?post=75013"}],"version-history":[{"count":0,"href":"https:\/\/www.gaveanews.com\/index.php\/wp-json\/wp\/v2\/posts\/75013\/revisions"}],"wp:featuredmedia":[{"embeddable":true,"href":"https:\/\/www.gaveanews.com\/index.php\/wp-json\/wp\/v2\/media\/67571"}],"wp:attachment":[{"href":"https:\/\/www.gaveanews.com\/index.php\/wp-json\/wp\/v2\/media?parent=75013"}],"wp:term":[{"taxonomy":"category","embeddable":true,"href":"https:\/\/www.gaveanews.com\/index.php\/wp-json\/wp\/v2\/categories?post=75013"},{"taxonomy":"post_tag","embeddable":true,"href":"https:\/\/www.gaveanews.com\/index.php\/wp-json\/wp\/v2\/tags?post=75013"}],"curies":[{"name":"wp","href":"https:\/\/api.w.org\/{rel}","templated":true}]}}