{"id":75034,"date":"2022-01-18T17:36:52","date_gmt":"2022-01-18T20:36:52","guid":{"rendered":"https:\/\/www.gaveanews.com\/?p=75034"},"modified":"2022-01-18T17:36:55","modified_gmt":"2022-01-18T20:36:55","slug":"novo-salario-de-arrascaeta-sera-o-maior-do-elenco-do-flamengo","status":"publish","type":"post","link":"https:\/\/www.gaveanews.com\/index.php\/2022\/01\/18\/novo-salario-de-arrascaeta-sera-o-maior-do-elenco-do-flamengo\/","title":{"rendered":"Novo sal\u00e1rio de Arrascaeta ser\u00e1 o maior do elenco do Flamengo"},"content":{"rendered":"\n<p>A Na\u00e7\u00e3o acordou nesta ter\u00e7a-feira (18) com uma not\u00edcia que animou a todos os rubro-negros. <a href=\"https:\/\/www.gaveanews.com\/index.php\/2022\/01\/18\/videos-flamengo-oficializa-a-renovacao-do-meia-giorgian-de-arrascaeta\/\">O Flamengo anunciou<\/a> ainda nas primeiras horas desta manh\u00e3 sua renova\u00e7\u00e3o de contrato com Arrascaeta.<\/p>\n\n\n\n<p>O novo contrato com o uruguaio ir\u00e1 at\u00e9 dezembro de 2026, o que garante a perman\u00eancia do atleta de 27 anos por mais cinco temporadas. E a extens\u00e3o do v\u00ednculo n\u00e3o \u00e9 a \u00fanica novidade.<\/p>\n\n\n\n<p>Com a valoriza\u00e7\u00e3o do camisa 14 no Mais Querido, o jogador tamb\u00e9m contar\u00e1 com um aumento consider\u00e1vel em seu sal\u00e1rio. De acordo com a jornalista Raisa Simplicio, o novo valor acordado entre as partes far\u00e1 com que Arrasca tenha o maior sal\u00e1rio do elenco rubro-negro, passado at\u00e9 mesmo de Gabigol. <\/p>\n\n\n\n<p>Al\u00e9m disso, o uruguaio tamb\u00e9m contar\u00e1 com cifras adicionais referentes \u00e0s luvas contratuais pela renova\u00e7\u00e3o. Os valores reais, no entanto, n\u00e3o foram divulgados.<\/p>\n\n\n\n<p>Outro ponto, tratado com m\u00e1xima import\u00e2ncia pelo empres\u00e1rio do atleta, se deve ao fato de que o Flamengo aceitou comprar parte dos diretos do meia pertencentes ao Defensor. Neste novo contrato, o Mais Querido compra 12,5%, dos 25% possu\u00eddos pelo clube uruguaio, dos direitos de Arrascaeta.<\/p>\n\n\n\n<p>A porcentagem restante ser\u00e1 comprada caso o jogador bata as metas estabelecidas no documento. Assim, a quita\u00e7\u00e3o dos outros 12,5% ficar\u00e3o por conta do desempenho de Arrascaeta no Flamengo.<\/p>\n","protected":false},"excerpt":{"rendered":"<p>A Na\u00e7\u00e3o acordou nesta ter\u00e7a-feira (18) com uma not\u00edcia que animou a todos os rubro-negros. O Flamengo anunciou ainda nas primeiras horas desta manh\u00e3 sua renova\u00e7\u00e3o de contrato com Arrascaeta. O novo contrato com o uruguaio ir\u00e1 at\u00e9 dezembro de 2026, o que garante a perman\u00eancia do atleta de 27 anos por mais cinco temporadas. [&hellip;]<\/p>\n","protected":false},"author":4,"featured_media":59638,"comment_status":"open","ping_status":"closed","sticky":false,"template":"","format":"standard","meta":{"footnotes":""},"categories":[1],"tags":[],"class_list":["post-75034","post","type-post","status-publish","format-standard","has-post-thumbnail","hentry","category-flamengo"],"yoast_head":"<!-- This site is optimized with the Yoast SEO Premium plugin v24.2 (Yoast SEO v26.9) - https:\/\/yoast.com\/product\/yoast-seo-premium-wordpress\/ -->\n<title>Novo sal\u00e1rio de Arrascaeta ser\u00e1 o maior do elenco do Flamengo<\/title>\n<meta name=\"robots\" content=\"index, follow, max-snippet:-1, max-image-preview:large, max-video-preview:-1\" \/>\n<link rel=\"canonical\" href=\"https:\/\/www.gaveanews.com\/index.php\/2022\/01\/18\/novo-salario-de-arrascaeta-sera-o-maior-do-elenco-do-flamengo\/\" \/>\n<meta property=\"og:locale\" content=\"pt_BR\" \/>\n<meta property=\"og:type\" content=\"article\" \/>\n<meta property=\"og:title\" content=\"Novo sal\u00e1rio de Arrascaeta ser\u00e1 o maior do elenco do Flamengo\" \/>\n<meta property=\"og:description\" content=\"A Na\u00e7\u00e3o acordou nesta ter\u00e7a-feira (18) com uma not\u00edcia que animou a todos os rubro-negros. O Flamengo anunciou ainda nas primeiras horas desta manh\u00e3 sua renova\u00e7\u00e3o de contrato com Arrascaeta. O novo contrato com o uruguaio ir\u00e1 at\u00e9 dezembro de 2026, o que garante a perman\u00eancia do atleta de 27 anos por mais cinco temporadas. [&hellip;]\" \/>\n<meta property=\"og:url\" content=\"https:\/\/www.gaveanews.com\/index.php\/2022\/01\/18\/novo-salario-de-arrascaeta-sera-o-maior-do-elenco-do-flamengo\/\" \/>\n<meta property=\"og:site_name\" content=\"G\u00e1vea News\" \/>\n<meta property=\"article:publisher\" content=\"https:\/\/facebook.com\/gaveaNews\/\" \/>\n<meta property=\"article:published_time\" content=\"2022-01-18T20:36:52+00:00\" \/>\n<meta property=\"article:modified_time\" content=\"2022-01-18T20:36:55+00:00\" \/>\n<meta property=\"og:image\" content=\"https:\/\/www.gaveanews.com\/wp-content\/uploads\/De-Arrascaeta-durante-a-sua-comemoracao-apos-marcar-na-primeira-rodada-da-Copa-Libertadores-da-America-de-2021.webp\" \/>\n\t<meta property=\"og:image:width\" content=\"1200\" \/>\n\t<meta property=\"og:image:height\" content=\"800\" \/>\n\t<meta property=\"og:image:type\" content=\"image\/jpeg\" \/>\n<meta name=\"author\" content=\"Let\u00edcia Gerheim\" \/>\n<meta name=\"twitter:card\" content=\"summary_large_image\" \/>\n<meta name=\"twitter:label1\" content=\"Escrito por\" \/>\n\t<meta name=\"twitter:data1\" content=\"Let\u00edcia Gerheim\" \/>\n\t<meta name=\"twitter:label2\" content=\"Est. tempo de leitura\" \/>\n\t<meta name=\"twitter:data2\" content=\"1 minuto\" \/>\n<script type=\"application\/ld+json\" class=\"yoast-schema-graph\">{\"@context\":\"https:\/\/schema.org\",\"@graph\":[{\"@type\":\"NewsArticle\",\"@id\":\"https:\/\/www.gaveanews.com\/index.php\/2022\/01\/18\/novo-salario-de-arrascaeta-sera-o-maior-do-elenco-do-flamengo\/#article\",\"isPartOf\":{\"@id\":\"https:\/\/www.gaveanews.com\/index.php\/2022\/01\/18\/novo-salario-de-arrascaeta-sera-o-maior-do-elenco-do-flamengo\/\"},\"author\":{\"name\":\"Let\u00edcia Gerheim\",\"@id\":\"https:\/\/www.gaveanews.com\/#\/schema\/person\/714c67050b836198af2450ba1c142a67\"},\"headline\":\"Novo sal\u00e1rio de Arrascaeta ser\u00e1 o maior do elenco do Flamengo\",\"datePublished\":\"2022-01-18T20:36:52+00:00\",\"dateModified\":\"2022-01-18T20:36:55+00:00\",\"mainEntityOfPage\":{\"@id\":\"https:\/\/www.gaveanews.com\/index.php\/2022\/01\/18\/novo-salario-de-arrascaeta-sera-o-maior-do-elenco-do-flamengo\/\"},\"wordCount\":240,\"commentCount\":21,\"image\":{\"@id\":\"https:\/\/www.gaveanews.com\/index.php\/2022\/01\/18\/novo-salario-de-arrascaeta-sera-o-maior-do-elenco-do-flamengo\/#primaryimage\"},\"thumbnailUrl\":\"https:\/\/www.gaveanews.com\/wp-content\/uploads\/De-Arrascaeta-durante-a-sua-comemoracao-apos-marcar-na-primeira-rodada-da-Copa-Libertadores-da-America-de-2021.webp\",\"articleSection\":[\"Flamengo\"],\"inLanguage\":\"pt-BR\",\"potentialAction\":[{\"@type\":\"CommentAction\",\"name\":\"Comment\",\"target\":[\"https:\/\/www.gaveanews.com\/index.php\/2022\/01\/18\/novo-salario-de-arrascaeta-sera-o-maior-do-elenco-do-flamengo\/#respond\"]}],\"copyrightYear\":\"2022\",\"copyrightHolder\":{\"@id\":\"https:\/\/www.gaveanews.com\/#organization\"}},{\"@type\":\"WebPage\",\"@id\":\"https:\/\/www.gaveanews.com\/index.php\/2022\/01\/18\/novo-salario-de-arrascaeta-sera-o-maior-do-elenco-do-flamengo\/\",\"url\":\"https:\/\/www.gaveanews.com\/index.php\/2022\/01\/18\/novo-salario-de-arrascaeta-sera-o-maior-do-elenco-do-flamengo\/\",\"name\":\"Novo sal\u00e1rio de Arrascaeta ser\u00e1 o maior do elenco do Flamengo\",\"isPartOf\":{\"@id\":\"https:\/\/www.gaveanews.com\/#website\"},\"primaryImageOfPage\":{\"@id\":\"https:\/\/www.gaveanews.com\/index.php\/2022\/01\/18\/novo-salario-de-arrascaeta-sera-o-maior-do-elenco-do-flamengo\/#primaryimage\"},\"image\":{\"@id\":\"https:\/\/www.gaveanews.com\/index.php\/2022\/01\/18\/novo-salario-de-arrascaeta-sera-o-maior-do-elenco-do-flamengo\/#primaryimage\"},\"thumbnailUrl\":\"https:\/\/www.gaveanews.com\/wp-content\/uploads\/De-Arrascaeta-durante-a-sua-comemoracao-apos-marcar-na-primeira-rodada-da-Copa-Libertadores-da-America-de-2021.webp\",\"datePublished\":\"2022-01-18T20:36:52+00:00\",\"dateModified\":\"2022-01-18T20:36:55+00:00\",\"author\":{\"@id\":\"https:\/\/www.gaveanews.com\/#\/schema\/person\/714c67050b836198af2450ba1c142a67\"},\"breadcrumb\":{\"@id\":\"https:\/\/www.gaveanews.com\/index.php\/2022\/01\/18\/novo-salario-de-arrascaeta-sera-o-maior-do-elenco-do-flamengo\/#breadcrumb\"},\"inLanguage\":\"pt-BR\",\"potentialAction\":[{\"@type\":\"ReadAction\",\"target\":[\"https:\/\/www.gaveanews.com\/index.php\/2022\/01\/18\/novo-salario-de-arrascaeta-sera-o-maior-do-elenco-do-flamengo\/\"]}]},{\"@type\":\"ImageObject\",\"inLanguage\":\"pt-BR\",\"@id\":\"https:\/\/www.gaveanews.com\/index.php\/2022\/01\/18\/novo-salario-de-arrascaeta-sera-o-maior-do-elenco-do-flamengo\/#primaryimage\",\"url\":\"https:\/\/www.gaveanews.com\/wp-content\/uploads\/De-Arrascaeta-durante-a-sua-comemoracao-apos-marcar-na-primeira-rodada-da-Copa-Libertadores-da-America-de-2021.webp\",\"contentUrl\":\"https:\/\/www.gaveanews.com\/wp-content\/uploads\/De-Arrascaeta-durante-a-sua-comemoracao-apos-marcar-na-primeira-rodada-da-Copa-Libertadores-da-America-de-2021.webp\",\"width\":1200,\"height\":800,\"caption\":\"De Arrascaeta durante a sua comemora\u00e7\u00e3o ap\u00f3s marcar na primeira rodada da Copa Libertadores da Am\u00e9rica de 2021 ( Foto: Staff Images\/Conmebol)\"},{\"@type\":\"BreadcrumbList\",\"@id\":\"https:\/\/www.gaveanews.com\/index.php\/2022\/01\/18\/novo-salario-de-arrascaeta-sera-o-maior-do-elenco-do-flamengo\/#breadcrumb\",\"itemListElement\":[{\"@type\":\"ListItem\",\"position\":1,\"name\":\"Home\",\"item\":\"https:\/\/www.gaveanews.com\/\"},{\"@type\":\"ListItem\",\"position\":2,\"name\":\"Novo sal\u00e1rio de Arrascaeta ser\u00e1 o maior do elenco do Flamengo\"}]},{\"@type\":\"WebSite\",\"@id\":\"https:\/\/www.gaveanews.com\/#website\",\"url\":\"https:\/\/www.gaveanews.com\/\",\"name\":\"G\u00e1vea News\",\"description\":\"Veja todas as not\u00edcias sobre o Flamengo: Contrata\u00e7\u00f5es, categorias de base, resultados das partidas, tabela de classifica\u00e7\u00e3o, pr\u00f3ximos jogos!\",\"potentialAction\":[{\"@type\":\"SearchAction\",\"target\":{\"@type\":\"EntryPoint\",\"urlTemplate\":\"https:\/\/www.gaveanews.com\/?s={search_term_string}\"},\"query-input\":{\"@type\":\"PropertyValueSpecification\",\"valueRequired\":true,\"valueName\":\"search_term_string\"}}],\"inLanguage\":\"pt-BR\"},{\"@type\":\"Person\",\"@id\":\"https:\/\/www.gaveanews.com\/#\/schema\/person\/714c67050b836198af2450ba1c142a67\",\"name\":\"Let\u00edcia Gerheim\",\"image\":{\"@type\":\"ImageObject\",\"inLanguage\":\"pt-BR\",\"@id\":\"https:\/\/www.gaveanews.com\/#\/schema\/person\/image\/\",\"url\":\"https:\/\/secure.gravatar.com\/avatar\/60734739c50fcebfbac509e2a826ccd0ff405c019bc73aab9354f19ecad1dcb4?s=96&d=mm&r=g\",\"contentUrl\":\"https:\/\/secure.gravatar.com\/avatar\/60734739c50fcebfbac509e2a826ccd0ff405c019bc73aab9354f19ecad1dcb4?s=96&d=mm&r=g\",\"caption\":\"Let\u00edcia Gerheim\"}}]}<\/script>\n<!-- \/ Yoast SEO Premium plugin. -->","yoast_head_json":{"title":"Novo sal\u00e1rio de Arrascaeta ser\u00e1 o maior do elenco do Flamengo","robots":{"index":"index","follow":"follow","max-snippet":"max-snippet:-1","max-image-preview":"max-image-preview:large","max-video-preview":"max-video-preview:-1"},"canonical":"https:\/\/www.gaveanews.com\/index.php\/2022\/01\/18\/novo-salario-de-arrascaeta-sera-o-maior-do-elenco-do-flamengo\/","og_locale":"pt_BR","og_type":"article","og_title":"Novo sal\u00e1rio de Arrascaeta ser\u00e1 o maior do elenco do Flamengo","og_description":"A Na\u00e7\u00e3o acordou nesta ter\u00e7a-feira (18) com uma not\u00edcia que animou a todos os rubro-negros. O Flamengo anunciou ainda nas primeiras horas desta manh\u00e3 sua renova\u00e7\u00e3o de contrato com Arrascaeta. O novo contrato com o uruguaio ir\u00e1 at\u00e9 dezembro de 2026, o que garante a perman\u00eancia do atleta de 27 anos por mais cinco temporadas. [&hellip;]","og_url":"https:\/\/www.gaveanews.com\/index.php\/2022\/01\/18\/novo-salario-de-arrascaeta-sera-o-maior-do-elenco-do-flamengo\/","og_site_name":"G\u00e1vea News","article_publisher":"https:\/\/facebook.com\/gaveaNews\/","article_published_time":"2022-01-18T20:36:52+00:00","article_modified_time":"2022-01-18T20:36:55+00:00","og_image":[{"width":1200,"height":800,"url":"https:\/\/www.gaveanews.com\/wp-content\/uploads\/De-Arrascaeta-durante-a-sua-comemoracao-apos-marcar-na-primeira-rodada-da-Copa-Libertadores-da-America-de-2021.webp","type":"image\/jpeg"}],"author":"Let\u00edcia Gerheim","twitter_card":"summary_large_image","twitter_misc":{"Escrito por":"Let\u00edcia Gerheim","Est. tempo de leitura":"1 minuto"},"schema":{"@context":"https:\/\/schema.org","@graph":[{"@type":"NewsArticle","@id":"https:\/\/www.gaveanews.com\/index.php\/2022\/01\/18\/novo-salario-de-arrascaeta-sera-o-maior-do-elenco-do-flamengo\/#article","isPartOf":{"@id":"https:\/\/www.gaveanews.com\/index.php\/2022\/01\/18\/novo-salario-de-arrascaeta-sera-o-maior-do-elenco-do-flamengo\/"},"author":{"name":"Let\u00edcia Gerheim","@id":"https:\/\/www.gaveanews.com\/#\/schema\/person\/714c67050b836198af2450ba1c142a67"},"headline":"Novo sal\u00e1rio de Arrascaeta ser\u00e1 o maior do elenco do Flamengo","datePublished":"2022-01-18T20:36:52+00:00","dateModified":"2022-01-18T20:36:55+00:00","mainEntityOfPage":{"@id":"https:\/\/www.gaveanews.com\/index.php\/2022\/01\/18\/novo-salario-de-arrascaeta-sera-o-maior-do-elenco-do-flamengo\/"},"wordCount":240,"commentCount":21,"image":{"@id":"https:\/\/www.gaveanews.com\/index.php\/2022\/01\/18\/novo-salario-de-arrascaeta-sera-o-maior-do-elenco-do-flamengo\/#primaryimage"},"thumbnailUrl":"https:\/\/www.gaveanews.com\/wp-content\/uploads\/De-Arrascaeta-durante-a-sua-comemoracao-apos-marcar-na-primeira-rodada-da-Copa-Libertadores-da-America-de-2021.webp","articleSection":["Flamengo"],"inLanguage":"pt-BR","potentialAction":[{"@type":"CommentAction","name":"Comment","target":["https:\/\/www.gaveanews.com\/index.php\/2022\/01\/18\/novo-salario-de-arrascaeta-sera-o-maior-do-elenco-do-flamengo\/#respond"]}],"copyrightYear":"2022","copyrightHolder":{"@id":"https:\/\/www.gaveanews.com\/#organization"}},{"@type":"WebPage","@id":"https:\/\/www.gaveanews.com\/index.php\/2022\/01\/18\/novo-salario-de-arrascaeta-sera-o-maior-do-elenco-do-flamengo\/","url":"https:\/\/www.gaveanews.com\/index.php\/2022\/01\/18\/novo-salario-de-arrascaeta-sera-o-maior-do-elenco-do-flamengo\/","name":"Novo sal\u00e1rio de Arrascaeta ser\u00e1 o maior do elenco do Flamengo","isPartOf":{"@id":"https:\/\/www.gaveanews.com\/#website"},"primaryImageOfPage":{"@id":"https:\/\/www.gaveanews.com\/index.php\/2022\/01\/18\/novo-salario-de-arrascaeta-sera-o-maior-do-elenco-do-flamengo\/#primaryimage"},"image":{"@id":"https:\/\/www.gaveanews.com\/index.php\/2022\/01\/18\/novo-salario-de-arrascaeta-sera-o-maior-do-elenco-do-flamengo\/#primaryimage"},"thumbnailUrl":"https:\/\/www.gaveanews.com\/wp-content\/uploads\/De-Arrascaeta-durante-a-sua-comemoracao-apos-marcar-na-primeira-rodada-da-Copa-Libertadores-da-America-de-2021.webp","datePublished":"2022-01-18T20:36:52+00:00","dateModified":"2022-01-18T20:36:55+00:00","author":{"@id":"https:\/\/www.gaveanews.com\/#\/schema\/person\/714c67050b836198af2450ba1c142a67"},"breadcrumb":{"@id":"https:\/\/www.gaveanews.com\/index.php\/2022\/01\/18\/novo-salario-de-arrascaeta-sera-o-maior-do-elenco-do-flamengo\/#breadcrumb"},"inLanguage":"pt-BR","potentialAction":[{"@type":"ReadAction","target":["https:\/\/www.gaveanews.com\/index.php\/2022\/01\/18\/novo-salario-de-arrascaeta-sera-o-maior-do-elenco-do-flamengo\/"]}]},{"@type":"ImageObject","inLanguage":"pt-BR","@id":"https:\/\/www.gaveanews.com\/index.php\/2022\/01\/18\/novo-salario-de-arrascaeta-sera-o-maior-do-elenco-do-flamengo\/#primaryimage","url":"https:\/\/www.gaveanews.com\/wp-content\/uploads\/De-Arrascaeta-durante-a-sua-comemoracao-apos-marcar-na-primeira-rodada-da-Copa-Libertadores-da-America-de-2021.webp","contentUrl":"https:\/\/www.gaveanews.com\/wp-content\/uploads\/De-Arrascaeta-durante-a-sua-comemoracao-apos-marcar-na-primeira-rodada-da-Copa-Libertadores-da-America-de-2021.webp","width":1200,"height":800,"caption":"De Arrascaeta durante a sua comemora\u00e7\u00e3o ap\u00f3s marcar na primeira rodada da Copa Libertadores da Am\u00e9rica de 2021 ( Foto: Staff Images\/Conmebol)"},{"@type":"BreadcrumbList","@id":"https:\/\/www.gaveanews.com\/index.php\/2022\/01\/18\/novo-salario-de-arrascaeta-sera-o-maior-do-elenco-do-flamengo\/#breadcrumb","itemListElement":[{"@type":"ListItem","position":1,"name":"Home","item":"https:\/\/www.gaveanews.com\/"},{"@type":"ListItem","position":2,"name":"Novo sal\u00e1rio de Arrascaeta ser\u00e1 o maior do elenco do Flamengo"}]},{"@type":"WebSite","@id":"https:\/\/www.gaveanews.com\/#website","url":"https:\/\/www.gaveanews.com\/","name":"G\u00e1vea News","description":"Veja todas as not\u00edcias sobre o Flamengo: Contrata\u00e7\u00f5es, categorias de base, resultados das partidas, tabela de classifica\u00e7\u00e3o, pr\u00f3ximos jogos!","potentialAction":[{"@type":"SearchAction","target":{"@type":"EntryPoint","urlTemplate":"https:\/\/www.gaveanews.com\/?s={search_term_string}"},"query-input":{"@type":"PropertyValueSpecification","valueRequired":true,"valueName":"search_term_string"}}],"inLanguage":"pt-BR"},{"@type":"Person","@id":"https:\/\/www.gaveanews.com\/#\/schema\/person\/714c67050b836198af2450ba1c142a67","name":"Let\u00edcia Gerheim","image":{"@type":"ImageObject","inLanguage":"pt-BR","@id":"https:\/\/www.gaveanews.com\/#\/schema\/person\/image\/","url":"https:\/\/secure.gravatar.com\/avatar\/60734739c50fcebfbac509e2a826ccd0ff405c019bc73aab9354f19ecad1dcb4?s=96&d=mm&r=g","contentUrl":"https:\/\/secure.gravatar.com\/avatar\/60734739c50fcebfbac509e2a826ccd0ff405c019bc73aab9354f19ecad1dcb4?s=96&d=mm&r=g","caption":"Let\u00edcia Gerheim"}}]}},"_links":{"self":[{"href":"https:\/\/www.gaveanews.com\/index.php\/wp-json\/wp\/v2\/posts\/75034","targetHints":{"allow":["GET"]}}],"collection":[{"href":"https:\/\/www.gaveanews.com\/index.php\/wp-json\/wp\/v2\/posts"}],"about":[{"href":"https:\/\/www.gaveanews.com\/index.php\/wp-json\/wp\/v2\/types\/post"}],"author":[{"embeddable":true,"href":"https:\/\/www.gaveanews.com\/index.php\/wp-json\/wp\/v2\/users\/4"}],"replies":[{"embeddable":true,"href":"https:\/\/www.gaveanews.com\/index.php\/wp-json\/wp\/v2\/comments?post=75034"}],"version-history":[{"count":0,"href":"https:\/\/www.gaveanews.com\/index.php\/wp-json\/wp\/v2\/posts\/75034\/revisions"}],"wp:featuredmedia":[{"embeddable":true,"href":"https:\/\/www.gaveanews.com\/index.php\/wp-json\/wp\/v2\/media\/59638"}],"wp:attachment":[{"href":"https:\/\/www.gaveanews.com\/index.php\/wp-json\/wp\/v2\/media?parent=75034"}],"wp:term":[{"taxonomy":"category","embeddable":true,"href":"https:\/\/www.gaveanews.com\/index.php\/wp-json\/wp\/v2\/categories?post=75034"},{"taxonomy":"post_tag","embeddable":true,"href":"https:\/\/www.gaveanews.com\/index.php\/wp-json\/wp\/v2\/tags?post=75034"}],"curies":[{"name":"wp","href":"https:\/\/api.w.org\/{rel}","templated":true}]}}