{"id":75066,"date":"2022-01-18T22:47:53","date_gmt":"2022-01-19T01:47:53","guid":{"rendered":"https:\/\/www.gaveanews.com\/?p=75066"},"modified":"2022-01-18T22:47:56","modified_gmt":"2022-01-19T01:47:56","slug":"devido-ao-flamengo-renovacao-de-ferreira-com-o-gremio-emperra","status":"publish","type":"post","link":"https:\/\/www.gaveanews.com\/index.php\/2022\/01\/18\/devido-ao-flamengo-renovacao-de-ferreira-com-o-gremio-emperra\/","title":{"rendered":"Devido ao Flamengo, renova\u00e7\u00e3o de Ferreira com o Gr\u00eamio emperra"},"content":{"rendered":"\n<p>Com a quase certa sa\u00edda de Michael, o Flamengo mapeia o mercado em buscas de reposi\u00e7\u00e3o para seu plantel. Um dos nomes que o Rubro-Negro parece ter em sua lista \u00e9 o de Ferreira, do Gr\u00eamio. O jovem atacante \u00e9 um dos destaques do clube ga\u00facho nos \u00faltimos anos.<\/p>\n\n\n\n<p>O Flamengo j\u00e1 teria feito contatos pelo jogador, e esse movimento acabou surtindo efeito nos bastidores do Gr\u00eamio. De acordo com o jornalista Rafa Belmonte, o interesse do clube carioca em Ferreirinha fez com que seus empres\u00e1rios travassem sua renova\u00e7\u00e3o com o Imortal.<\/p>\n\n\n\n<p>Segundo o portal GOAL, o Gr\u00eamio tenta acelerar o processo de renova\u00e7\u00e3o para se blindar de uma poss\u00edvel investida do Flamengo. Atualmente, a multa rescis\u00f3ria de Ferreira \u00e9 de 8 milh\u00f5es de euros por 60% do v\u00ednculo econ\u00f4mico, parte que pertence ao tricolor ga\u00facho.<\/p>\n\n\n\n<p>Apesar do interesse, o Rubro-Negro n\u00e3o pretende arcar com o valor total da multa e tentar\u00e1 negociar, por sua vez, o Gr\u00eamio deve dificultar qualquer tipo de conversa pelo seu principal ativo.<\/p>\n\n\n\n<p>Ferreirinha n\u00e3o teve grande temporada em 2021, por\u00e9m, \u00e9 visto como uma das grandes joias do Imortal. O jogador por pouco n\u00e3o foi para no Atlanta United, da MLS, que chegou a considerar pagar a multa rescis\u00f3ria, mas desistiu de \u00faltima hora.<\/p>\n\n\n\n<p>Retirado de: Mercado do Futebol<\/p>\n","protected":false},"excerpt":{"rendered":"<p>Com a quase certa sa\u00edda de Michael, o Flamengo mapeia o mercado em buscas de reposi\u00e7\u00e3o para seu plantel. Um dos nomes que o Rubro-Negro parece ter em sua lista \u00e9 o de Ferreira, do Gr\u00eamio. O jovem atacante \u00e9 um dos destaques do clube ga\u00facho nos \u00faltimos anos. O Flamengo j\u00e1 teria feito contatos [&hellip;]<\/p>\n","protected":false},"author":1,"featured_media":74977,"comment_status":"open","ping_status":"closed","sticky":false,"template":"","format":"standard","meta":{"footnotes":""},"categories":[1],"tags":[],"class_list":["post-75066","post","type-post","status-publish","format-standard","has-post-thumbnail","hentry","category-flamengo"],"yoast_head":"<!-- This site is optimized with the Yoast SEO Premium plugin v24.2 (Yoast SEO v26.9) - https:\/\/yoast.com\/product\/yoast-seo-premium-wordpress\/ -->\n<title>Devido ao Flamengo, renova\u00e7\u00e3o de Ferreira com o Gr\u00eamio emperra<\/title>\n<meta name=\"robots\" content=\"index, follow, max-snippet:-1, max-image-preview:large, max-video-preview:-1\" \/>\n<link rel=\"canonical\" href=\"https:\/\/www.gaveanews.com\/index.php\/2022\/01\/18\/devido-ao-flamengo-renovacao-de-ferreira-com-o-gremio-emperra\/\" \/>\n<meta property=\"og:locale\" content=\"pt_BR\" \/>\n<meta property=\"og:type\" content=\"article\" \/>\n<meta property=\"og:title\" content=\"Devido ao Flamengo, renova\u00e7\u00e3o de Ferreira com o Gr\u00eamio emperra\" \/>\n<meta property=\"og:description\" content=\"Com a quase certa sa\u00edda de Michael, o Flamengo mapeia o mercado em buscas de reposi\u00e7\u00e3o para seu plantel. Um dos nomes que o Rubro-Negro parece ter em sua lista \u00e9 o de Ferreira, do Gr\u00eamio. O jovem atacante \u00e9 um dos destaques do clube ga\u00facho nos \u00faltimos anos. O Flamengo j\u00e1 teria feito contatos [&hellip;]\" \/>\n<meta property=\"og:url\" content=\"https:\/\/www.gaveanews.com\/index.php\/2022\/01\/18\/devido-ao-flamengo-renovacao-de-ferreira-com-o-gremio-emperra\/\" \/>\n<meta property=\"og:site_name\" content=\"G\u00e1vea News\" \/>\n<meta property=\"article:publisher\" content=\"https:\/\/facebook.com\/gaveaNews\/\" \/>\n<meta property=\"article:published_time\" content=\"2022-01-19T01:47:53+00:00\" \/>\n<meta property=\"article:modified_time\" content=\"2022-01-19T01:47:56+00:00\" \/>\n<meta property=\"og:image\" content=\"https:\/\/www.gaveanews.com\/wp-content\/uploads\/Ferreirinha-em-acao-pelo-Gremio.webp\" \/>\n\t<meta property=\"og:image:width\" content=\"570\" \/>\n\t<meta property=\"og:image:height\" content=\"321\" \/>\n\t<meta property=\"og:image:type\" content=\"image\/jpeg\" \/>\n<meta name=\"author\" content=\"Equipe G\u00e1vea News\" \/>\n<meta name=\"twitter:card\" content=\"summary_large_image\" \/>\n<meta name=\"twitter:label1\" content=\"Escrito por\" \/>\n\t<meta name=\"twitter:data1\" content=\"Equipe G\u00e1vea News\" \/>\n\t<meta name=\"twitter:label2\" content=\"Est. tempo de leitura\" \/>\n\t<meta name=\"twitter:data2\" content=\"1 minuto\" \/>\n<script type=\"application\/ld+json\" class=\"yoast-schema-graph\">{\"@context\":\"https:\/\/schema.org\",\"@graph\":[{\"@type\":\"NewsArticle\",\"@id\":\"https:\/\/www.gaveanews.com\/index.php\/2022\/01\/18\/devido-ao-flamengo-renovacao-de-ferreira-com-o-gremio-emperra\/#article\",\"isPartOf\":{\"@id\":\"https:\/\/www.gaveanews.com\/index.php\/2022\/01\/18\/devido-ao-flamengo-renovacao-de-ferreira-com-o-gremio-emperra\/\"},\"author\":{\"name\":\"Equipe G\u00e1vea News\",\"@id\":\"https:\/\/www.gaveanews.com\/#\/schema\/person\/2ec14f73fb96be2caf28f91afb14749d\"},\"headline\":\"Devido ao Flamengo, renova\u00e7\u00e3o de Ferreira com o Gr\u00eamio emperra\",\"datePublished\":\"2022-01-19T01:47:53+00:00\",\"dateModified\":\"2022-01-19T01:47:56+00:00\",\"mainEntityOfPage\":{\"@id\":\"https:\/\/www.gaveanews.com\/index.php\/2022\/01\/18\/devido-ao-flamengo-renovacao-de-ferreira-com-o-gremio-emperra\/\"},\"wordCount\":241,\"commentCount\":4,\"image\":{\"@id\":\"https:\/\/www.gaveanews.com\/index.php\/2022\/01\/18\/devido-ao-flamengo-renovacao-de-ferreira-com-o-gremio-emperra\/#primaryimage\"},\"thumbnailUrl\":\"https:\/\/www.gaveanews.com\/wp-content\/uploads\/Ferreirinha-em-acao-pelo-Gremio.webp\",\"articleSection\":[\"Flamengo\"],\"inLanguage\":\"pt-BR\",\"potentialAction\":[{\"@type\":\"CommentAction\",\"name\":\"Comment\",\"target\":[\"https:\/\/www.gaveanews.com\/index.php\/2022\/01\/18\/devido-ao-flamengo-renovacao-de-ferreira-com-o-gremio-emperra\/#respond\"]}],\"copyrightYear\":\"2022\",\"copyrightHolder\":{\"@id\":\"https:\/\/www.gaveanews.com\/#organization\"}},{\"@type\":\"WebPage\",\"@id\":\"https:\/\/www.gaveanews.com\/index.php\/2022\/01\/18\/devido-ao-flamengo-renovacao-de-ferreira-com-o-gremio-emperra\/\",\"url\":\"https:\/\/www.gaveanews.com\/index.php\/2022\/01\/18\/devido-ao-flamengo-renovacao-de-ferreira-com-o-gremio-emperra\/\",\"name\":\"Devido ao Flamengo, renova\u00e7\u00e3o de Ferreira com o Gr\u00eamio emperra\",\"isPartOf\":{\"@id\":\"https:\/\/www.gaveanews.com\/#website\"},\"primaryImageOfPage\":{\"@id\":\"https:\/\/www.gaveanews.com\/index.php\/2022\/01\/18\/devido-ao-flamengo-renovacao-de-ferreira-com-o-gremio-emperra\/#primaryimage\"},\"image\":{\"@id\":\"https:\/\/www.gaveanews.com\/index.php\/2022\/01\/18\/devido-ao-flamengo-renovacao-de-ferreira-com-o-gremio-emperra\/#primaryimage\"},\"thumbnailUrl\":\"https:\/\/www.gaveanews.com\/wp-content\/uploads\/Ferreirinha-em-acao-pelo-Gremio.webp\",\"datePublished\":\"2022-01-19T01:47:53+00:00\",\"dateModified\":\"2022-01-19T01:47:56+00:00\",\"author\":{\"@id\":\"https:\/\/www.gaveanews.com\/#\/schema\/person\/2ec14f73fb96be2caf28f91afb14749d\"},\"breadcrumb\":{\"@id\":\"https:\/\/www.gaveanews.com\/index.php\/2022\/01\/18\/devido-ao-flamengo-renovacao-de-ferreira-com-o-gremio-emperra\/#breadcrumb\"},\"inLanguage\":\"pt-BR\",\"potentialAction\":[{\"@type\":\"ReadAction\",\"target\":[\"https:\/\/www.gaveanews.com\/index.php\/2022\/01\/18\/devido-ao-flamengo-renovacao-de-ferreira-com-o-gremio-emperra\/\"]}]},{\"@type\":\"ImageObject\",\"inLanguage\":\"pt-BR\",\"@id\":\"https:\/\/www.gaveanews.com\/index.php\/2022\/01\/18\/devido-ao-flamengo-renovacao-de-ferreira-com-o-gremio-emperra\/#primaryimage\",\"url\":\"https:\/\/www.gaveanews.com\/wp-content\/uploads\/Ferreirinha-em-acao-pelo-Gremio.webp\",\"contentUrl\":\"https:\/\/www.gaveanews.com\/wp-content\/uploads\/Ferreirinha-em-acao-pelo-Gremio.webp\",\"width\":570,\"height\":321,\"caption\":\"Ferreirinha em a\u00e7\u00e3o pelo Gr\u00eamio (Foto: Lucas Uebel\/Gr\u00eamio FPBA)\"},{\"@type\":\"BreadcrumbList\",\"@id\":\"https:\/\/www.gaveanews.com\/index.php\/2022\/01\/18\/devido-ao-flamengo-renovacao-de-ferreira-com-o-gremio-emperra\/#breadcrumb\",\"itemListElement\":[{\"@type\":\"ListItem\",\"position\":1,\"name\":\"Home\",\"item\":\"https:\/\/www.gaveanews.com\/\"},{\"@type\":\"ListItem\",\"position\":2,\"name\":\"Devido ao Flamengo, renova\u00e7\u00e3o de Ferreira com o Gr\u00eamio emperra\"}]},{\"@type\":\"WebSite\",\"@id\":\"https:\/\/www.gaveanews.com\/#website\",\"url\":\"https:\/\/www.gaveanews.com\/\",\"name\":\"G\u00e1vea News\",\"description\":\"Veja todas as not\u00edcias sobre o Flamengo: Contrata\u00e7\u00f5es, categorias de base, resultados das partidas, tabela de classifica\u00e7\u00e3o, pr\u00f3ximos jogos!\",\"potentialAction\":[{\"@type\":\"SearchAction\",\"target\":{\"@type\":\"EntryPoint\",\"urlTemplate\":\"https:\/\/www.gaveanews.com\/?s={search_term_string}\"},\"query-input\":{\"@type\":\"PropertyValueSpecification\",\"valueRequired\":true,\"valueName\":\"search_term_string\"}}],\"inLanguage\":\"pt-BR\"},{\"@type\":\"Person\",\"@id\":\"https:\/\/www.gaveanews.com\/#\/schema\/person\/2ec14f73fb96be2caf28f91afb14749d\",\"name\":\"Equipe G\u00e1vea News\",\"image\":{\"@type\":\"ImageObject\",\"inLanguage\":\"pt-BR\",\"@id\":\"https:\/\/www.gaveanews.com\/#\/schema\/person\/image\/\",\"url\":\"https:\/\/secure.gravatar.com\/avatar\/1e1956f1facbffd3f8fa53a326721950116b3b9dc9bd44939c01180fd4a745a9?s=96&d=mm&r=g\",\"contentUrl\":\"https:\/\/secure.gravatar.com\/avatar\/1e1956f1facbffd3f8fa53a326721950116b3b9dc9bd44939c01180fd4a745a9?s=96&d=mm&r=g\",\"caption\":\"Equipe G\u00e1vea News\"}}]}<\/script>\n<!-- \/ Yoast SEO Premium plugin. -->","yoast_head_json":{"title":"Devido ao Flamengo, renova\u00e7\u00e3o de Ferreira com o Gr\u00eamio emperra","robots":{"index":"index","follow":"follow","max-snippet":"max-snippet:-1","max-image-preview":"max-image-preview:large","max-video-preview":"max-video-preview:-1"},"canonical":"https:\/\/www.gaveanews.com\/index.php\/2022\/01\/18\/devido-ao-flamengo-renovacao-de-ferreira-com-o-gremio-emperra\/","og_locale":"pt_BR","og_type":"article","og_title":"Devido ao Flamengo, renova\u00e7\u00e3o de Ferreira com o Gr\u00eamio emperra","og_description":"Com a quase certa sa\u00edda de Michael, o Flamengo mapeia o mercado em buscas de reposi\u00e7\u00e3o para seu plantel. Um dos nomes que o Rubro-Negro parece ter em sua lista \u00e9 o de Ferreira, do Gr\u00eamio. O jovem atacante \u00e9 um dos destaques do clube ga\u00facho nos \u00faltimos anos. O Flamengo j\u00e1 teria feito contatos [&hellip;]","og_url":"https:\/\/www.gaveanews.com\/index.php\/2022\/01\/18\/devido-ao-flamengo-renovacao-de-ferreira-com-o-gremio-emperra\/","og_site_name":"G\u00e1vea News","article_publisher":"https:\/\/facebook.com\/gaveaNews\/","article_published_time":"2022-01-19T01:47:53+00:00","article_modified_time":"2022-01-19T01:47:56+00:00","og_image":[{"width":570,"height":321,"url":"https:\/\/www.gaveanews.com\/wp-content\/uploads\/Ferreirinha-em-acao-pelo-Gremio.webp","type":"image\/jpeg"}],"author":"Equipe G\u00e1vea News","twitter_card":"summary_large_image","twitter_misc":{"Escrito por":"Equipe G\u00e1vea News","Est. tempo de leitura":"1 minuto"},"schema":{"@context":"https:\/\/schema.org","@graph":[{"@type":"NewsArticle","@id":"https:\/\/www.gaveanews.com\/index.php\/2022\/01\/18\/devido-ao-flamengo-renovacao-de-ferreira-com-o-gremio-emperra\/#article","isPartOf":{"@id":"https:\/\/www.gaveanews.com\/index.php\/2022\/01\/18\/devido-ao-flamengo-renovacao-de-ferreira-com-o-gremio-emperra\/"},"author":{"name":"Equipe G\u00e1vea News","@id":"https:\/\/www.gaveanews.com\/#\/schema\/person\/2ec14f73fb96be2caf28f91afb14749d"},"headline":"Devido ao Flamengo, renova\u00e7\u00e3o de Ferreira com o Gr\u00eamio emperra","datePublished":"2022-01-19T01:47:53+00:00","dateModified":"2022-01-19T01:47:56+00:00","mainEntityOfPage":{"@id":"https:\/\/www.gaveanews.com\/index.php\/2022\/01\/18\/devido-ao-flamengo-renovacao-de-ferreira-com-o-gremio-emperra\/"},"wordCount":241,"commentCount":4,"image":{"@id":"https:\/\/www.gaveanews.com\/index.php\/2022\/01\/18\/devido-ao-flamengo-renovacao-de-ferreira-com-o-gremio-emperra\/#primaryimage"},"thumbnailUrl":"https:\/\/www.gaveanews.com\/wp-content\/uploads\/Ferreirinha-em-acao-pelo-Gremio.webp","articleSection":["Flamengo"],"inLanguage":"pt-BR","potentialAction":[{"@type":"CommentAction","name":"Comment","target":["https:\/\/www.gaveanews.com\/index.php\/2022\/01\/18\/devido-ao-flamengo-renovacao-de-ferreira-com-o-gremio-emperra\/#respond"]}],"copyrightYear":"2022","copyrightHolder":{"@id":"https:\/\/www.gaveanews.com\/#organization"}},{"@type":"WebPage","@id":"https:\/\/www.gaveanews.com\/index.php\/2022\/01\/18\/devido-ao-flamengo-renovacao-de-ferreira-com-o-gremio-emperra\/","url":"https:\/\/www.gaveanews.com\/index.php\/2022\/01\/18\/devido-ao-flamengo-renovacao-de-ferreira-com-o-gremio-emperra\/","name":"Devido ao Flamengo, renova\u00e7\u00e3o de Ferreira com o Gr\u00eamio emperra","isPartOf":{"@id":"https:\/\/www.gaveanews.com\/#website"},"primaryImageOfPage":{"@id":"https:\/\/www.gaveanews.com\/index.php\/2022\/01\/18\/devido-ao-flamengo-renovacao-de-ferreira-com-o-gremio-emperra\/#primaryimage"},"image":{"@id":"https:\/\/www.gaveanews.com\/index.php\/2022\/01\/18\/devido-ao-flamengo-renovacao-de-ferreira-com-o-gremio-emperra\/#primaryimage"},"thumbnailUrl":"https:\/\/www.gaveanews.com\/wp-content\/uploads\/Ferreirinha-em-acao-pelo-Gremio.webp","datePublished":"2022-01-19T01:47:53+00:00","dateModified":"2022-01-19T01:47:56+00:00","author":{"@id":"https:\/\/www.gaveanews.com\/#\/schema\/person\/2ec14f73fb96be2caf28f91afb14749d"},"breadcrumb":{"@id":"https:\/\/www.gaveanews.com\/index.php\/2022\/01\/18\/devido-ao-flamengo-renovacao-de-ferreira-com-o-gremio-emperra\/#breadcrumb"},"inLanguage":"pt-BR","potentialAction":[{"@type":"ReadAction","target":["https:\/\/www.gaveanews.com\/index.php\/2022\/01\/18\/devido-ao-flamengo-renovacao-de-ferreira-com-o-gremio-emperra\/"]}]},{"@type":"ImageObject","inLanguage":"pt-BR","@id":"https:\/\/www.gaveanews.com\/index.php\/2022\/01\/18\/devido-ao-flamengo-renovacao-de-ferreira-com-o-gremio-emperra\/#primaryimage","url":"https:\/\/www.gaveanews.com\/wp-content\/uploads\/Ferreirinha-em-acao-pelo-Gremio.webp","contentUrl":"https:\/\/www.gaveanews.com\/wp-content\/uploads\/Ferreirinha-em-acao-pelo-Gremio.webp","width":570,"height":321,"caption":"Ferreirinha em a\u00e7\u00e3o pelo Gr\u00eamio (Foto: Lucas Uebel\/Gr\u00eamio FPBA)"},{"@type":"BreadcrumbList","@id":"https:\/\/www.gaveanews.com\/index.php\/2022\/01\/18\/devido-ao-flamengo-renovacao-de-ferreira-com-o-gremio-emperra\/#breadcrumb","itemListElement":[{"@type":"ListItem","position":1,"name":"Home","item":"https:\/\/www.gaveanews.com\/"},{"@type":"ListItem","position":2,"name":"Devido ao Flamengo, renova\u00e7\u00e3o de Ferreira com o Gr\u00eamio emperra"}]},{"@type":"WebSite","@id":"https:\/\/www.gaveanews.com\/#website","url":"https:\/\/www.gaveanews.com\/","name":"G\u00e1vea News","description":"Veja todas as not\u00edcias sobre o Flamengo: Contrata\u00e7\u00f5es, categorias de base, resultados das partidas, tabela de classifica\u00e7\u00e3o, pr\u00f3ximos jogos!","potentialAction":[{"@type":"SearchAction","target":{"@type":"EntryPoint","urlTemplate":"https:\/\/www.gaveanews.com\/?s={search_term_string}"},"query-input":{"@type":"PropertyValueSpecification","valueRequired":true,"valueName":"search_term_string"}}],"inLanguage":"pt-BR"},{"@type":"Person","@id":"https:\/\/www.gaveanews.com\/#\/schema\/person\/2ec14f73fb96be2caf28f91afb14749d","name":"Equipe G\u00e1vea News","image":{"@type":"ImageObject","inLanguage":"pt-BR","@id":"https:\/\/www.gaveanews.com\/#\/schema\/person\/image\/","url":"https:\/\/secure.gravatar.com\/avatar\/1e1956f1facbffd3f8fa53a326721950116b3b9dc9bd44939c01180fd4a745a9?s=96&d=mm&r=g","contentUrl":"https:\/\/secure.gravatar.com\/avatar\/1e1956f1facbffd3f8fa53a326721950116b3b9dc9bd44939c01180fd4a745a9?s=96&d=mm&r=g","caption":"Equipe G\u00e1vea News"}}]}},"_links":{"self":[{"href":"https:\/\/www.gaveanews.com\/index.php\/wp-json\/wp\/v2\/posts\/75066","targetHints":{"allow":["GET"]}}],"collection":[{"href":"https:\/\/www.gaveanews.com\/index.php\/wp-json\/wp\/v2\/posts"}],"about":[{"href":"https:\/\/www.gaveanews.com\/index.php\/wp-json\/wp\/v2\/types\/post"}],"author":[{"embeddable":true,"href":"https:\/\/www.gaveanews.com\/index.php\/wp-json\/wp\/v2\/users\/1"}],"replies":[{"embeddable":true,"href":"https:\/\/www.gaveanews.com\/index.php\/wp-json\/wp\/v2\/comments?post=75066"}],"version-history":[{"count":0,"href":"https:\/\/www.gaveanews.com\/index.php\/wp-json\/wp\/v2\/posts\/75066\/revisions"}],"wp:featuredmedia":[{"embeddable":true,"href":"https:\/\/www.gaveanews.com\/index.php\/wp-json\/wp\/v2\/media\/74977"}],"wp:attachment":[{"href":"https:\/\/www.gaveanews.com\/index.php\/wp-json\/wp\/v2\/media?parent=75066"}],"wp:term":[{"taxonomy":"category","embeddable":true,"href":"https:\/\/www.gaveanews.com\/index.php\/wp-json\/wp\/v2\/categories?post=75066"},{"taxonomy":"post_tag","embeddable":true,"href":"https:\/\/www.gaveanews.com\/index.php\/wp-json\/wp\/v2\/tags?post=75066"}],"curies":[{"name":"wp","href":"https:\/\/api.w.org\/{rel}","templated":true}]}}