{"id":75184,"date":"2022-01-20T18:18:02","date_gmt":"2022-01-20T21:18:02","guid":{"rendered":"https:\/\/www.gaveanews.com\/?p=75184"},"modified":"2022-01-20T18:18:05","modified_gmt":"2022-01-20T21:18:05","slug":"prestes-a-iniciar-temporada-paulo-sousa-ja-lida-com-desfalques-no-flamengo","status":"publish","type":"post","link":"https:\/\/www.gaveanews.com\/index.php\/2022\/01\/20\/prestes-a-iniciar-temporada-paulo-sousa-ja-lida-com-desfalques-no-flamengo\/","title":{"rendered":"Prestes a iniciar temporada, Paulo Sousa j\u00e1 lida com desfalques no Flamengo"},"content":{"rendered":"\n<p>O ano de 2022 come\u00e7ou para o Flamengo com o cen\u00e1rio ideal: um t\u00e9cnico foi apresentado, os jogadores se apresentariam ao CT sem mais problemas e as \u00fanicas d\u00favidas seriam os caminhos tomados pelo clube para a contrata\u00e7\u00e3o de refor\u00e7os.<\/p>\n\n\n\n<p>No entanto, logo na semana da reapresenta\u00e7\u00e3o do elenco, a equipe j\u00e1 encontrou problemas. A primeira baixa na pr\u00e9-temporada foi Rodrigo Caio, que <a href=\"https:\/\/www.gaveanews.com\/index.php\/2022\/01\/07\/rodrigo-caio-do-flamengo-e-internado-em-hospital-do-rio-de-janeiro\/\">teve seus pontos infeccionados e precisou ser hospitalizado<\/a>. Com isso, o zagueiro n\u00e3o p\u00f4de participar dos primeiros contatos de Paulo Sousa com o time profissional.<\/p>\n\n\n\n<p>Na semana seguinte, o Chelsea se viu sem muitas op\u00e7\u00f5es de jogadores e pediu o retorno imediato de Kenedy, que ficaria no Mais Querido at\u00e9 o meio do ano. \u00c9 importante salientar que <a href=\"https:\/\/www.gaveanews.com\/index.php\/2022\/01\/15\/thomas-tuchel-explica-retorno-de-kenedy-ex-flamengo-ao-chelsea\/\">o clube ingl\u00eas tinha o direito de solicitar o retorno de seu atleta devido a uma cl\u00e1usula contratual<\/a>.<\/p>\n\n\n\n<p>Agora, Michael est\u00e1 sendo negociado ao Al Hilal e tamb\u00e9m pode se despedir do clube em breve. O Flamengo se aproxima do acerto com a equipe \u00e1rabe e <a href=\"https:\/\/www.gaveanews.com\/index.php\/2022\/01\/19\/goias-trava-negociacao-entre-flamengo-e-al-hilal-por-michael\/\">define apenas as quest\u00f5es envolvendo o Goi\u00e1s<\/a>, clube formador do atacante.<\/p>\n\n\n\n<p>Desta forma, antes mesmo de estrear em campo, Paulo Sousa j\u00e1 precisa lidar com certas adversidades e adaptar o elenco que possui para que possa ser produtivo, mesmo sem algumas pe\u00e7as.<\/p>\n\n\n\n<p>Quanto \u00e0 situa\u00e7\u00e3o dos treinos, o t\u00e9cnico portugu\u00eas tem contado parcialmente com atletas da base para compor sua equipe. L\u00e1zaro e Matheus Fran\u00e7a, por exemplo, est\u00e3o sendo preparados para disputar os primeiros jogos do clube no Campeonato Carioca, mas tamb\u00e9m treinam com o elenco principal em determinados momentos.<\/p>\n\n\n\n<p>Em meio a isso, o Flamengo vai ao mercado e busca por refor\u00e7os para seu setor de ataque. Al\u00e9m de um atacante, o clube tamb\u00e9m procura por um volante e um zagueiro.<\/p>\n","protected":false},"excerpt":{"rendered":"<p>O ano de 2022 come\u00e7ou para o Flamengo com o cen\u00e1rio ideal: um t\u00e9cnico foi apresentado, os jogadores se apresentariam ao CT sem mais problemas e as \u00fanicas d\u00favidas seriam os caminhos tomados pelo clube para a contrata\u00e7\u00e3o de refor\u00e7os. No entanto, logo na semana da reapresenta\u00e7\u00e3o do elenco, a equipe j\u00e1 encontrou problemas. A [&hellip;]<\/p>\n","protected":false},"author":4,"featured_media":74880,"comment_status":"open","ping_status":"closed","sticky":false,"template":"","format":"standard","meta":{"footnotes":""},"categories":[1],"tags":[],"class_list":["post-75184","post","type-post","status-publish","format-standard","has-post-thumbnail","hentry","category-flamengo"],"yoast_head":"<!-- This site is optimized with the Yoast SEO Premium plugin v24.2 (Yoast SEO v26.9) - https:\/\/yoast.com\/product\/yoast-seo-premium-wordpress\/ -->\n<title>Paulo Sousa j\u00e1 lida com desfalques no Flamengo<\/title>\n<meta name=\"description\" content=\"Antes mesmo de estrear em campo, Paulo Sousa j\u00e1 precisa lidar com certas adversidades no time do Flamengo.\" \/>\n<meta name=\"robots\" content=\"index, follow, max-snippet:-1, max-image-preview:large, max-video-preview:-1\" \/>\n<link rel=\"canonical\" href=\"https:\/\/www.gaveanews.com\/index.php\/2022\/01\/20\/prestes-a-iniciar-temporada-paulo-sousa-ja-lida-com-desfalques-no-flamengo\/\" \/>\n<meta property=\"og:locale\" content=\"pt_BR\" \/>\n<meta property=\"og:type\" content=\"article\" \/>\n<meta property=\"og:title\" content=\"Prestes a iniciar temporada, Paulo Sousa j\u00e1 lida com desfalques no Flamengo\" \/>\n<meta property=\"og:description\" content=\"Antes mesmo de estrear em campo, Paulo Sousa j\u00e1 precisa lidar com certas adversidades no time do Flamengo.\" \/>\n<meta property=\"og:url\" content=\"https:\/\/www.gaveanews.com\/index.php\/2022\/01\/20\/prestes-a-iniciar-temporada-paulo-sousa-ja-lida-com-desfalques-no-flamengo\/\" \/>\n<meta property=\"og:site_name\" content=\"G\u00e1vea News\" \/>\n<meta property=\"article:publisher\" content=\"https:\/\/facebook.com\/gaveaNews\/\" \/>\n<meta property=\"article:published_time\" content=\"2022-01-20T21:18:02+00:00\" \/>\n<meta property=\"article:modified_time\" content=\"2022-01-20T21:18:05+00:00\" \/>\n<meta property=\"og:image\" content=\"https:\/\/www.gaveanews.com\/wp-content\/uploads\/Paulo-Sousa-comanda-treinamento-do-Flamengo-no-Ninho-do-Urubu.webp\" \/>\n\t<meta property=\"og:image:width\" content=\"800\" \/>\n\t<meta property=\"og:image:height\" content=\"533\" \/>\n\t<meta property=\"og:image:type\" content=\"image\/jpeg\" \/>\n<meta name=\"author\" content=\"Let\u00edcia Gerheim\" \/>\n<meta name=\"twitter:card\" content=\"summary_large_image\" \/>\n<meta name=\"twitter:label1\" content=\"Escrito por\" \/>\n\t<meta name=\"twitter:data1\" content=\"Let\u00edcia Gerheim\" \/>\n\t<meta name=\"twitter:label2\" content=\"Est. tempo de leitura\" \/>\n\t<meta name=\"twitter:data2\" content=\"2 minutos\" \/>\n<script type=\"application\/ld+json\" class=\"yoast-schema-graph\">{\"@context\":\"https:\/\/schema.org\",\"@graph\":[{\"@type\":\"NewsArticle\",\"@id\":\"https:\/\/www.gaveanews.com\/index.php\/2022\/01\/20\/prestes-a-iniciar-temporada-paulo-sousa-ja-lida-com-desfalques-no-flamengo\/#article\",\"isPartOf\":{\"@id\":\"https:\/\/www.gaveanews.com\/index.php\/2022\/01\/20\/prestes-a-iniciar-temporada-paulo-sousa-ja-lida-com-desfalques-no-flamengo\/\"},\"author\":{\"name\":\"Let\u00edcia Gerheim\",\"@id\":\"https:\/\/www.gaveanews.com\/#\/schema\/person\/714c67050b836198af2450ba1c142a67\"},\"headline\":\"Prestes a iniciar temporada, Paulo Sousa j\u00e1 lida com desfalques no Flamengo\",\"datePublished\":\"2022-01-20T21:18:02+00:00\",\"dateModified\":\"2022-01-20T21:18:05+00:00\",\"mainEntityOfPage\":{\"@id\":\"https:\/\/www.gaveanews.com\/index.php\/2022\/01\/20\/prestes-a-iniciar-temporada-paulo-sousa-ja-lida-com-desfalques-no-flamengo\/\"},\"wordCount\":325,\"commentCount\":16,\"image\":{\"@id\":\"https:\/\/www.gaveanews.com\/index.php\/2022\/01\/20\/prestes-a-iniciar-temporada-paulo-sousa-ja-lida-com-desfalques-no-flamengo\/#primaryimage\"},\"thumbnailUrl\":\"https:\/\/www.gaveanews.com\/wp-content\/uploads\/Paulo-Sousa-comanda-treinamento-do-Flamengo-no-Ninho-do-Urubu.webp\",\"articleSection\":[\"Flamengo\"],\"inLanguage\":\"pt-BR\",\"potentialAction\":[{\"@type\":\"CommentAction\",\"name\":\"Comment\",\"target\":[\"https:\/\/www.gaveanews.com\/index.php\/2022\/01\/20\/prestes-a-iniciar-temporada-paulo-sousa-ja-lida-com-desfalques-no-flamengo\/#respond\"]}],\"copyrightYear\":\"2022\",\"copyrightHolder\":{\"@id\":\"https:\/\/www.gaveanews.com\/#organization\"}},{\"@type\":\"WebPage\",\"@id\":\"https:\/\/www.gaveanews.com\/index.php\/2022\/01\/20\/prestes-a-iniciar-temporada-paulo-sousa-ja-lida-com-desfalques-no-flamengo\/\",\"url\":\"https:\/\/www.gaveanews.com\/index.php\/2022\/01\/20\/prestes-a-iniciar-temporada-paulo-sousa-ja-lida-com-desfalques-no-flamengo\/\",\"name\":\"Paulo Sousa j\u00e1 lida com desfalques no Flamengo\",\"isPartOf\":{\"@id\":\"https:\/\/www.gaveanews.com\/#website\"},\"primaryImageOfPage\":{\"@id\":\"https:\/\/www.gaveanews.com\/index.php\/2022\/01\/20\/prestes-a-iniciar-temporada-paulo-sousa-ja-lida-com-desfalques-no-flamengo\/#primaryimage\"},\"image\":{\"@id\":\"https:\/\/www.gaveanews.com\/index.php\/2022\/01\/20\/prestes-a-iniciar-temporada-paulo-sousa-ja-lida-com-desfalques-no-flamengo\/#primaryimage\"},\"thumbnailUrl\":\"https:\/\/www.gaveanews.com\/wp-content\/uploads\/Paulo-Sousa-comanda-treinamento-do-Flamengo-no-Ninho-do-Urubu.webp\",\"datePublished\":\"2022-01-20T21:18:02+00:00\",\"dateModified\":\"2022-01-20T21:18:05+00:00\",\"author\":{\"@id\":\"https:\/\/www.gaveanews.com\/#\/schema\/person\/714c67050b836198af2450ba1c142a67\"},\"description\":\"Antes mesmo de estrear em campo, Paulo Sousa j\u00e1 precisa lidar com certas adversidades no time do Flamengo.\",\"breadcrumb\":{\"@id\":\"https:\/\/www.gaveanews.com\/index.php\/2022\/01\/20\/prestes-a-iniciar-temporada-paulo-sousa-ja-lida-com-desfalques-no-flamengo\/#breadcrumb\"},\"inLanguage\":\"pt-BR\",\"potentialAction\":[{\"@type\":\"ReadAction\",\"target\":[\"https:\/\/www.gaveanews.com\/index.php\/2022\/01\/20\/prestes-a-iniciar-temporada-paulo-sousa-ja-lida-com-desfalques-no-flamengo\/\"]}]},{\"@type\":\"ImageObject\",\"inLanguage\":\"pt-BR\",\"@id\":\"https:\/\/www.gaveanews.com\/index.php\/2022\/01\/20\/prestes-a-iniciar-temporada-paulo-sousa-ja-lida-com-desfalques-no-flamengo\/#primaryimage\",\"url\":\"https:\/\/www.gaveanews.com\/wp-content\/uploads\/Paulo-Sousa-comanda-treinamento-do-Flamengo-no-Ninho-do-Urubu.webp\",\"contentUrl\":\"https:\/\/www.gaveanews.com\/wp-content\/uploads\/Paulo-Sousa-comanda-treinamento-do-Flamengo-no-Ninho-do-Urubu.webp\",\"width\":800,\"height\":533,\"caption\":\"Paulo Sousa comanda treinamento do Flamengo no Ninho do Urubu (Foto: Marcelo Cortes\/Flamengo)\"},{\"@type\":\"BreadcrumbList\",\"@id\":\"https:\/\/www.gaveanews.com\/index.php\/2022\/01\/20\/prestes-a-iniciar-temporada-paulo-sousa-ja-lida-com-desfalques-no-flamengo\/#breadcrumb\",\"itemListElement\":[{\"@type\":\"ListItem\",\"position\":1,\"name\":\"Home\",\"item\":\"https:\/\/www.gaveanews.com\/\"},{\"@type\":\"ListItem\",\"position\":2,\"name\":\"Prestes a iniciar temporada, Paulo Sousa j\u00e1 lida com desfalques no Flamengo\"}]},{\"@type\":\"WebSite\",\"@id\":\"https:\/\/www.gaveanews.com\/#website\",\"url\":\"https:\/\/www.gaveanews.com\/\",\"name\":\"G\u00e1vea News\",\"description\":\"Veja todas as not\u00edcias sobre o Flamengo: Contrata\u00e7\u00f5es, categorias de base, resultados das partidas, tabela de classifica\u00e7\u00e3o, pr\u00f3ximos jogos!\",\"potentialAction\":[{\"@type\":\"SearchAction\",\"target\":{\"@type\":\"EntryPoint\",\"urlTemplate\":\"https:\/\/www.gaveanews.com\/?s={search_term_string}\"},\"query-input\":{\"@type\":\"PropertyValueSpecification\",\"valueRequired\":true,\"valueName\":\"search_term_string\"}}],\"inLanguage\":\"pt-BR\"},{\"@type\":\"Person\",\"@id\":\"https:\/\/www.gaveanews.com\/#\/schema\/person\/714c67050b836198af2450ba1c142a67\",\"name\":\"Let\u00edcia Gerheim\",\"image\":{\"@type\":\"ImageObject\",\"inLanguage\":\"pt-BR\",\"@id\":\"https:\/\/www.gaveanews.com\/#\/schema\/person\/image\/\",\"url\":\"https:\/\/secure.gravatar.com\/avatar\/60734739c50fcebfbac509e2a826ccd0ff405c019bc73aab9354f19ecad1dcb4?s=96&d=mm&r=g\",\"contentUrl\":\"https:\/\/secure.gravatar.com\/avatar\/60734739c50fcebfbac509e2a826ccd0ff405c019bc73aab9354f19ecad1dcb4?s=96&d=mm&r=g\",\"caption\":\"Let\u00edcia Gerheim\"}}]}<\/script>\n<!-- \/ Yoast SEO Premium plugin. -->","yoast_head_json":{"title":"Paulo Sousa j\u00e1 lida com desfalques no Flamengo","description":"Antes mesmo de estrear em campo, Paulo Sousa j\u00e1 precisa lidar com certas adversidades no time do Flamengo.","robots":{"index":"index","follow":"follow","max-snippet":"max-snippet:-1","max-image-preview":"max-image-preview:large","max-video-preview":"max-video-preview:-1"},"canonical":"https:\/\/www.gaveanews.com\/index.php\/2022\/01\/20\/prestes-a-iniciar-temporada-paulo-sousa-ja-lida-com-desfalques-no-flamengo\/","og_locale":"pt_BR","og_type":"article","og_title":"Prestes a iniciar temporada, Paulo Sousa j\u00e1 lida com desfalques no Flamengo","og_description":"Antes mesmo de estrear em campo, Paulo Sousa j\u00e1 precisa lidar com certas adversidades no time do Flamengo.","og_url":"https:\/\/www.gaveanews.com\/index.php\/2022\/01\/20\/prestes-a-iniciar-temporada-paulo-sousa-ja-lida-com-desfalques-no-flamengo\/","og_site_name":"G\u00e1vea News","article_publisher":"https:\/\/facebook.com\/gaveaNews\/","article_published_time":"2022-01-20T21:18:02+00:00","article_modified_time":"2022-01-20T21:18:05+00:00","og_image":[{"width":800,"height":533,"url":"https:\/\/www.gaveanews.com\/wp-content\/uploads\/Paulo-Sousa-comanda-treinamento-do-Flamengo-no-Ninho-do-Urubu.webp","type":"image\/jpeg"}],"author":"Let\u00edcia Gerheim","twitter_card":"summary_large_image","twitter_misc":{"Escrito por":"Let\u00edcia Gerheim","Est. tempo de leitura":"2 minutos"},"schema":{"@context":"https:\/\/schema.org","@graph":[{"@type":"NewsArticle","@id":"https:\/\/www.gaveanews.com\/index.php\/2022\/01\/20\/prestes-a-iniciar-temporada-paulo-sousa-ja-lida-com-desfalques-no-flamengo\/#article","isPartOf":{"@id":"https:\/\/www.gaveanews.com\/index.php\/2022\/01\/20\/prestes-a-iniciar-temporada-paulo-sousa-ja-lida-com-desfalques-no-flamengo\/"},"author":{"name":"Let\u00edcia Gerheim","@id":"https:\/\/www.gaveanews.com\/#\/schema\/person\/714c67050b836198af2450ba1c142a67"},"headline":"Prestes a iniciar temporada, Paulo Sousa j\u00e1 lida com desfalques no Flamengo","datePublished":"2022-01-20T21:18:02+00:00","dateModified":"2022-01-20T21:18:05+00:00","mainEntityOfPage":{"@id":"https:\/\/www.gaveanews.com\/index.php\/2022\/01\/20\/prestes-a-iniciar-temporada-paulo-sousa-ja-lida-com-desfalques-no-flamengo\/"},"wordCount":325,"commentCount":16,"image":{"@id":"https:\/\/www.gaveanews.com\/index.php\/2022\/01\/20\/prestes-a-iniciar-temporada-paulo-sousa-ja-lida-com-desfalques-no-flamengo\/#primaryimage"},"thumbnailUrl":"https:\/\/www.gaveanews.com\/wp-content\/uploads\/Paulo-Sousa-comanda-treinamento-do-Flamengo-no-Ninho-do-Urubu.webp","articleSection":["Flamengo"],"inLanguage":"pt-BR","potentialAction":[{"@type":"CommentAction","name":"Comment","target":["https:\/\/www.gaveanews.com\/index.php\/2022\/01\/20\/prestes-a-iniciar-temporada-paulo-sousa-ja-lida-com-desfalques-no-flamengo\/#respond"]}],"copyrightYear":"2022","copyrightHolder":{"@id":"https:\/\/www.gaveanews.com\/#organization"}},{"@type":"WebPage","@id":"https:\/\/www.gaveanews.com\/index.php\/2022\/01\/20\/prestes-a-iniciar-temporada-paulo-sousa-ja-lida-com-desfalques-no-flamengo\/","url":"https:\/\/www.gaveanews.com\/index.php\/2022\/01\/20\/prestes-a-iniciar-temporada-paulo-sousa-ja-lida-com-desfalques-no-flamengo\/","name":"Paulo Sousa j\u00e1 lida com desfalques no Flamengo","isPartOf":{"@id":"https:\/\/www.gaveanews.com\/#website"},"primaryImageOfPage":{"@id":"https:\/\/www.gaveanews.com\/index.php\/2022\/01\/20\/prestes-a-iniciar-temporada-paulo-sousa-ja-lida-com-desfalques-no-flamengo\/#primaryimage"},"image":{"@id":"https:\/\/www.gaveanews.com\/index.php\/2022\/01\/20\/prestes-a-iniciar-temporada-paulo-sousa-ja-lida-com-desfalques-no-flamengo\/#primaryimage"},"thumbnailUrl":"https:\/\/www.gaveanews.com\/wp-content\/uploads\/Paulo-Sousa-comanda-treinamento-do-Flamengo-no-Ninho-do-Urubu.webp","datePublished":"2022-01-20T21:18:02+00:00","dateModified":"2022-01-20T21:18:05+00:00","author":{"@id":"https:\/\/www.gaveanews.com\/#\/schema\/person\/714c67050b836198af2450ba1c142a67"},"description":"Antes mesmo de estrear em campo, Paulo Sousa j\u00e1 precisa lidar com certas adversidades no time do Flamengo.","breadcrumb":{"@id":"https:\/\/www.gaveanews.com\/index.php\/2022\/01\/20\/prestes-a-iniciar-temporada-paulo-sousa-ja-lida-com-desfalques-no-flamengo\/#breadcrumb"},"inLanguage":"pt-BR","potentialAction":[{"@type":"ReadAction","target":["https:\/\/www.gaveanews.com\/index.php\/2022\/01\/20\/prestes-a-iniciar-temporada-paulo-sousa-ja-lida-com-desfalques-no-flamengo\/"]}]},{"@type":"ImageObject","inLanguage":"pt-BR","@id":"https:\/\/www.gaveanews.com\/index.php\/2022\/01\/20\/prestes-a-iniciar-temporada-paulo-sousa-ja-lida-com-desfalques-no-flamengo\/#primaryimage","url":"https:\/\/www.gaveanews.com\/wp-content\/uploads\/Paulo-Sousa-comanda-treinamento-do-Flamengo-no-Ninho-do-Urubu.webp","contentUrl":"https:\/\/www.gaveanews.com\/wp-content\/uploads\/Paulo-Sousa-comanda-treinamento-do-Flamengo-no-Ninho-do-Urubu.webp","width":800,"height":533,"caption":"Paulo Sousa comanda treinamento do Flamengo no Ninho do Urubu (Foto: Marcelo Cortes\/Flamengo)"},{"@type":"BreadcrumbList","@id":"https:\/\/www.gaveanews.com\/index.php\/2022\/01\/20\/prestes-a-iniciar-temporada-paulo-sousa-ja-lida-com-desfalques-no-flamengo\/#breadcrumb","itemListElement":[{"@type":"ListItem","position":1,"name":"Home","item":"https:\/\/www.gaveanews.com\/"},{"@type":"ListItem","position":2,"name":"Prestes a iniciar temporada, Paulo Sousa j\u00e1 lida com desfalques no Flamengo"}]},{"@type":"WebSite","@id":"https:\/\/www.gaveanews.com\/#website","url":"https:\/\/www.gaveanews.com\/","name":"G\u00e1vea News","description":"Veja todas as not\u00edcias sobre o Flamengo: Contrata\u00e7\u00f5es, categorias de base, resultados das partidas, tabela de classifica\u00e7\u00e3o, pr\u00f3ximos jogos!","potentialAction":[{"@type":"SearchAction","target":{"@type":"EntryPoint","urlTemplate":"https:\/\/www.gaveanews.com\/?s={search_term_string}"},"query-input":{"@type":"PropertyValueSpecification","valueRequired":true,"valueName":"search_term_string"}}],"inLanguage":"pt-BR"},{"@type":"Person","@id":"https:\/\/www.gaveanews.com\/#\/schema\/person\/714c67050b836198af2450ba1c142a67","name":"Let\u00edcia Gerheim","image":{"@type":"ImageObject","inLanguage":"pt-BR","@id":"https:\/\/www.gaveanews.com\/#\/schema\/person\/image\/","url":"https:\/\/secure.gravatar.com\/avatar\/60734739c50fcebfbac509e2a826ccd0ff405c019bc73aab9354f19ecad1dcb4?s=96&d=mm&r=g","contentUrl":"https:\/\/secure.gravatar.com\/avatar\/60734739c50fcebfbac509e2a826ccd0ff405c019bc73aab9354f19ecad1dcb4?s=96&d=mm&r=g","caption":"Let\u00edcia Gerheim"}}]}},"_links":{"self":[{"href":"https:\/\/www.gaveanews.com\/index.php\/wp-json\/wp\/v2\/posts\/75184","targetHints":{"allow":["GET"]}}],"collection":[{"href":"https:\/\/www.gaveanews.com\/index.php\/wp-json\/wp\/v2\/posts"}],"about":[{"href":"https:\/\/www.gaveanews.com\/index.php\/wp-json\/wp\/v2\/types\/post"}],"author":[{"embeddable":true,"href":"https:\/\/www.gaveanews.com\/index.php\/wp-json\/wp\/v2\/users\/4"}],"replies":[{"embeddable":true,"href":"https:\/\/www.gaveanews.com\/index.php\/wp-json\/wp\/v2\/comments?post=75184"}],"version-history":[{"count":0,"href":"https:\/\/www.gaveanews.com\/index.php\/wp-json\/wp\/v2\/posts\/75184\/revisions"}],"wp:featuredmedia":[{"embeddable":true,"href":"https:\/\/www.gaveanews.com\/index.php\/wp-json\/wp\/v2\/media\/74880"}],"wp:attachment":[{"href":"https:\/\/www.gaveanews.com\/index.php\/wp-json\/wp\/v2\/media?parent=75184"}],"wp:term":[{"taxonomy":"category","embeddable":true,"href":"https:\/\/www.gaveanews.com\/index.php\/wp-json\/wp\/v2\/categories?post=75184"},{"taxonomy":"post_tag","embeddable":true,"href":"https:\/\/www.gaveanews.com\/index.php\/wp-json\/wp\/v2\/tags?post=75184"}],"curies":[{"name":"wp","href":"https:\/\/api.w.org\/{rel}","templated":true}]}}