{"id":75342,"date":"2022-01-24T07:15:00","date_gmt":"2022-01-24T10:15:00","guid":{"rendered":"https:\/\/www.gaveanews.com\/?p=75342"},"modified":"2022-01-24T07:15:03","modified_gmt":"2022-01-24T10:15:03","slug":"flamengo-prioriza-alto-nivel-e-enxuga-elenco-antes-de-ir-ao-mercado","status":"publish","type":"post","link":"https:\/\/www.gaveanews.com\/index.php\/2022\/01\/24\/flamengo-prioriza-alto-nivel-e-enxuga-elenco-antes-de-ir-ao-mercado\/","title":{"rendered":"Flamengo prioriza alto n\u00edvel e enxuga elenco antes de ir ao mercado"},"content":{"rendered":"\n<p>Em um movimento incomum ap\u00f3s anos de investimentos pesados em refor\u00e7os, o Flamengo inverte as prioridades e faz a limpa no elenco antes de ir \u00e0s compras no mercado da bola.<\/p>\n\n\n\n<p>Ap\u00f3s uma temporada que terminou com sabor de frustra\u00e7\u00e3o para o torcedor rubro-negro, a dire\u00e7\u00e3o do clube identificou que a falta de uma competi\u00e7\u00e3o de alto n\u00edvel no elenco foi prejudicial e causou uma certa acomoda\u00e7\u00e3o no grupo.<\/p>\n\n\n\n<p>Depois de uma an\u00e1lise criteriosa, a c\u00fapula de futebol entendeu que havia uma s\u00e9rie de jogadores que n\u00e3o estavam no n\u00edvel desejado para o futebol do Fla em 2022. Assim, o clube abre espa\u00e7o no time e na folha salarial.<\/p>\n\n\n\n<p>Sem muitas perspectivas na G\u00e1vea, nomes como C\u00e9sar, Gabriel Batista, Jo\u00e3o Lucas, Max, Hugo Moura, Piris da Motta e Vitor Gabriel seguiram novos rumos. A nova diretriz, portanto, \u00e9 trazer jogadores que elevem a competitividade e acirrem a briga por uma posi\u00e7\u00e3o no time titular.<\/p>\n\n\n\n<p>Com mais espa\u00e7o, atletas que iniciar\u00e3o a disputa do Campeonato Carioca tamb\u00e9m ser\u00e3o olhados com mais carinho e a base ser\u00e1 mais acionada para preencher eventuais lacunas identificadas pelo t\u00e9cnico Paulo Sousa.<\/p>\n\n\n\n<p>Apesar de o Fla ainda n\u00e3o ter contratado ningu\u00e9m, o departamento de futebol n\u00e3o v\u00ea raz\u00e3o para desespero e entende que o time precisa de poucos ajustes para que as ta\u00e7as venham na temporada que se inicia.<\/p>\n\n\n\n<p>A certeza dos dirigentes \u00e9 que a chegada do portugu\u00eas ser\u00e1 fundamental para aumentar a cobran\u00e7a e subir a exig\u00eancia. Feito isso, a dire\u00e7\u00e3o entende que o potencial dos atletas ser\u00e1 naturalmente aumentado.<\/p>\n\n\n\n<p>Antes de definir as reais car\u00eancias, o Fla precisa ter certeza de que a porta de sa\u00edda est\u00e1 fechada. Michael est\u00e1 de sa\u00edda para o Al-Hilal (SAU). O atacante deixa um espa\u00e7o vago para que um jogador de velocidade seja contratado. Kenedy, uma das outras op\u00e7\u00f5es dispon\u00edveis, j\u00e1 voltou para o Chelsea.<\/p>\n\n\n\n<h2 class=\"wp-block-heading\" id=\"h-de-volta-ao-batente\">De volta ao batente<\/h2>\n\n\n\n<p>Os jogadores rubro-negros ganharam um dia de folga ontem (23) e voltam hoje (24) ao batente no Ninho do Urubu. Paulo Sousa est\u00e1 muito contente com a entrega nos treinos e o ambiente \u00e9 de otimismo no clube.<\/p>\n\n\n\n<p>Na quarta-feira (26), \u00e0s 21h35, no Luso-Brasileiro, a equipe de garotos dirigida por Fabio Matias encara a Portuguesa e inicia a miss\u00e3o pelo tetracampeonato do Carioca. Os titulares s\u00f3 entram em cena na 4\u00aa rodada, quando o Flamengo ter\u00e1 pela frente o rival Fluminense.<\/p>\n\n\n\n<p>Retirado de: UOL<\/p>\n","protected":false},"excerpt":{"rendered":"<p>Em um movimento incomum ap\u00f3s anos de investimentos pesados em refor\u00e7os, o Flamengo inverte as prioridades e faz a limpa no elenco antes de ir \u00e0s compras no mercado da bola. Ap\u00f3s uma temporada que terminou com sabor de frustra\u00e7\u00e3o para o torcedor rubro-negro, a dire\u00e7\u00e3o do clube identificou que a falta de uma competi\u00e7\u00e3o [&hellip;]<\/p>\n","protected":false},"author":1,"featured_media":66783,"comment_status":"open","ping_status":"closed","sticky":false,"template":"","format":"standard","meta":{"footnotes":""},"categories":[1],"tags":[],"class_list":["post-75342","post","type-post","status-publish","format-standard","has-post-thumbnail","hentry","category-flamengo"],"yoast_head":"<!-- This site is optimized with the Yoast SEO Premium plugin v24.2 (Yoast SEO v26.9) - https:\/\/yoast.com\/product\/yoast-seo-premium-wordpress\/ -->\n<title>Flamengo prioriza alto n\u00edvel e enxuga elenco antes de ir ao mercado<\/title>\n<meta name=\"robots\" content=\"index, follow, max-snippet:-1, max-image-preview:large, max-video-preview:-1\" \/>\n<link rel=\"canonical\" href=\"https:\/\/www.gaveanews.com\/index.php\/2022\/01\/24\/flamengo-prioriza-alto-nivel-e-enxuga-elenco-antes-de-ir-ao-mercado\/\" \/>\n<meta property=\"og:locale\" content=\"pt_BR\" \/>\n<meta property=\"og:type\" content=\"article\" \/>\n<meta property=\"og:title\" content=\"Flamengo prioriza alto n\u00edvel e enxuga elenco antes de ir ao mercado\" \/>\n<meta property=\"og:description\" content=\"Em um movimento incomum ap\u00f3s anos de investimentos pesados em refor\u00e7os, o Flamengo inverte as prioridades e faz a limpa no elenco antes de ir \u00e0s compras no mercado da bola. Ap\u00f3s uma temporada que terminou com sabor de frustra\u00e7\u00e3o para o torcedor rubro-negro, a dire\u00e7\u00e3o do clube identificou que a falta de uma competi\u00e7\u00e3o [&hellip;]\" \/>\n<meta property=\"og:url\" content=\"https:\/\/www.gaveanews.com\/index.php\/2022\/01\/24\/flamengo-prioriza-alto-nivel-e-enxuga-elenco-antes-de-ir-ao-mercado\/\" \/>\n<meta property=\"og:site_name\" content=\"G\u00e1vea News\" \/>\n<meta property=\"article:publisher\" content=\"https:\/\/facebook.com\/gaveaNews\/\" \/>\n<meta property=\"article:published_time\" content=\"2022-01-24T10:15:00+00:00\" \/>\n<meta property=\"article:modified_time\" content=\"2022-01-24T10:15:03+00:00\" \/>\n<meta property=\"og:image\" content=\"https:\/\/www.gaveanews.com\/wp-content\/uploads\/Marcos-Braz-em-entrevista-coletiva-no-Ninho-do-Urubu-1.webp\" \/>\n\t<meta property=\"og:image:width\" content=\"799\" \/>\n\t<meta property=\"og:image:height\" content=\"532\" \/>\n\t<meta property=\"og:image:type\" content=\"image\/jpeg\" \/>\n<meta name=\"author\" content=\"Equipe G\u00e1vea News\" \/>\n<meta name=\"twitter:card\" content=\"summary_large_image\" \/>\n<meta name=\"twitter:label1\" content=\"Escrito por\" \/>\n\t<meta name=\"twitter:data1\" content=\"Equipe G\u00e1vea News\" \/>\n\t<meta name=\"twitter:label2\" content=\"Est. tempo de leitura\" \/>\n\t<meta name=\"twitter:data2\" content=\"2 minutos\" \/>\n<script type=\"application\/ld+json\" class=\"yoast-schema-graph\">{\"@context\":\"https:\/\/schema.org\",\"@graph\":[{\"@type\":\"NewsArticle\",\"@id\":\"https:\/\/www.gaveanews.com\/index.php\/2022\/01\/24\/flamengo-prioriza-alto-nivel-e-enxuga-elenco-antes-de-ir-ao-mercado\/#article\",\"isPartOf\":{\"@id\":\"https:\/\/www.gaveanews.com\/index.php\/2022\/01\/24\/flamengo-prioriza-alto-nivel-e-enxuga-elenco-antes-de-ir-ao-mercado\/\"},\"author\":{\"name\":\"Equipe G\u00e1vea News\",\"@id\":\"https:\/\/www.gaveanews.com\/#\/schema\/person\/2ec14f73fb96be2caf28f91afb14749d\"},\"headline\":\"Flamengo prioriza alto n\u00edvel e enxuga elenco antes de ir ao mercado\",\"datePublished\":\"2022-01-24T10:15:00+00:00\",\"dateModified\":\"2022-01-24T10:15:03+00:00\",\"mainEntityOfPage\":{\"@id\":\"https:\/\/www.gaveanews.com\/index.php\/2022\/01\/24\/flamengo-prioriza-alto-nivel-e-enxuga-elenco-antes-de-ir-ao-mercado\/\"},\"wordCount\":441,\"commentCount\":15,\"image\":{\"@id\":\"https:\/\/www.gaveanews.com\/index.php\/2022\/01\/24\/flamengo-prioriza-alto-nivel-e-enxuga-elenco-antes-de-ir-ao-mercado\/#primaryimage\"},\"thumbnailUrl\":\"https:\/\/www.gaveanews.com\/wp-content\/uploads\/Marcos-Braz-em-entrevista-coletiva-no-Ninho-do-Urubu-1.webp\",\"articleSection\":[\"Flamengo\"],\"inLanguage\":\"pt-BR\",\"potentialAction\":[{\"@type\":\"CommentAction\",\"name\":\"Comment\",\"target\":[\"https:\/\/www.gaveanews.com\/index.php\/2022\/01\/24\/flamengo-prioriza-alto-nivel-e-enxuga-elenco-antes-de-ir-ao-mercado\/#respond\"]}],\"copyrightYear\":\"2022\",\"copyrightHolder\":{\"@id\":\"https:\/\/www.gaveanews.com\/#organization\"}},{\"@type\":\"WebPage\",\"@id\":\"https:\/\/www.gaveanews.com\/index.php\/2022\/01\/24\/flamengo-prioriza-alto-nivel-e-enxuga-elenco-antes-de-ir-ao-mercado\/\",\"url\":\"https:\/\/www.gaveanews.com\/index.php\/2022\/01\/24\/flamengo-prioriza-alto-nivel-e-enxuga-elenco-antes-de-ir-ao-mercado\/\",\"name\":\"Flamengo prioriza alto n\u00edvel e enxuga elenco antes de ir ao mercado\",\"isPartOf\":{\"@id\":\"https:\/\/www.gaveanews.com\/#website\"},\"primaryImageOfPage\":{\"@id\":\"https:\/\/www.gaveanews.com\/index.php\/2022\/01\/24\/flamengo-prioriza-alto-nivel-e-enxuga-elenco-antes-de-ir-ao-mercado\/#primaryimage\"},\"image\":{\"@id\":\"https:\/\/www.gaveanews.com\/index.php\/2022\/01\/24\/flamengo-prioriza-alto-nivel-e-enxuga-elenco-antes-de-ir-ao-mercado\/#primaryimage\"},\"thumbnailUrl\":\"https:\/\/www.gaveanews.com\/wp-content\/uploads\/Marcos-Braz-em-entrevista-coletiva-no-Ninho-do-Urubu-1.webp\",\"datePublished\":\"2022-01-24T10:15:00+00:00\",\"dateModified\":\"2022-01-24T10:15:03+00:00\",\"author\":{\"@id\":\"https:\/\/www.gaveanews.com\/#\/schema\/person\/2ec14f73fb96be2caf28f91afb14749d\"},\"breadcrumb\":{\"@id\":\"https:\/\/www.gaveanews.com\/index.php\/2022\/01\/24\/flamengo-prioriza-alto-nivel-e-enxuga-elenco-antes-de-ir-ao-mercado\/#breadcrumb\"},\"inLanguage\":\"pt-BR\",\"potentialAction\":[{\"@type\":\"ReadAction\",\"target\":[\"https:\/\/www.gaveanews.com\/index.php\/2022\/01\/24\/flamengo-prioriza-alto-nivel-e-enxuga-elenco-antes-de-ir-ao-mercado\/\"]}]},{\"@type\":\"ImageObject\",\"inLanguage\":\"pt-BR\",\"@id\":\"https:\/\/www.gaveanews.com\/index.php\/2022\/01\/24\/flamengo-prioriza-alto-nivel-e-enxuga-elenco-antes-de-ir-ao-mercado\/#primaryimage\",\"url\":\"https:\/\/www.gaveanews.com\/wp-content\/uploads\/Marcos-Braz-em-entrevista-coletiva-no-Ninho-do-Urubu-1.webp\",\"contentUrl\":\"https:\/\/www.gaveanews.com\/wp-content\/uploads\/Marcos-Braz-em-entrevista-coletiva-no-Ninho-do-Urubu-1.webp\",\"width\":799,\"height\":532,\"caption\":\"Marcos Braz em entrevista coletiva no Ninho do Urubu (Foto: Alexandre Vidal\/Flamengo)\"},{\"@type\":\"BreadcrumbList\",\"@id\":\"https:\/\/www.gaveanews.com\/index.php\/2022\/01\/24\/flamengo-prioriza-alto-nivel-e-enxuga-elenco-antes-de-ir-ao-mercado\/#breadcrumb\",\"itemListElement\":[{\"@type\":\"ListItem\",\"position\":1,\"name\":\"Home\",\"item\":\"https:\/\/www.gaveanews.com\/\"},{\"@type\":\"ListItem\",\"position\":2,\"name\":\"Flamengo prioriza alto n\u00edvel e enxuga elenco antes de ir ao mercado\"}]},{\"@type\":\"WebSite\",\"@id\":\"https:\/\/www.gaveanews.com\/#website\",\"url\":\"https:\/\/www.gaveanews.com\/\",\"name\":\"G\u00e1vea News\",\"description\":\"Veja todas as not\u00edcias sobre o Flamengo: Contrata\u00e7\u00f5es, categorias de base, resultados das partidas, tabela de classifica\u00e7\u00e3o, pr\u00f3ximos jogos!\",\"potentialAction\":[{\"@type\":\"SearchAction\",\"target\":{\"@type\":\"EntryPoint\",\"urlTemplate\":\"https:\/\/www.gaveanews.com\/?s={search_term_string}\"},\"query-input\":{\"@type\":\"PropertyValueSpecification\",\"valueRequired\":true,\"valueName\":\"search_term_string\"}}],\"inLanguage\":\"pt-BR\"},{\"@type\":\"Person\",\"@id\":\"https:\/\/www.gaveanews.com\/#\/schema\/person\/2ec14f73fb96be2caf28f91afb14749d\",\"name\":\"Equipe G\u00e1vea News\",\"image\":{\"@type\":\"ImageObject\",\"inLanguage\":\"pt-BR\",\"@id\":\"https:\/\/www.gaveanews.com\/#\/schema\/person\/image\/\",\"url\":\"https:\/\/secure.gravatar.com\/avatar\/1e1956f1facbffd3f8fa53a326721950116b3b9dc9bd44939c01180fd4a745a9?s=96&d=mm&r=g\",\"contentUrl\":\"https:\/\/secure.gravatar.com\/avatar\/1e1956f1facbffd3f8fa53a326721950116b3b9dc9bd44939c01180fd4a745a9?s=96&d=mm&r=g\",\"caption\":\"Equipe G\u00e1vea News\"}}]}<\/script>\n<!-- \/ Yoast SEO Premium plugin. -->","yoast_head_json":{"title":"Flamengo prioriza alto n\u00edvel e enxuga elenco antes de ir ao mercado","robots":{"index":"index","follow":"follow","max-snippet":"max-snippet:-1","max-image-preview":"max-image-preview:large","max-video-preview":"max-video-preview:-1"},"canonical":"https:\/\/www.gaveanews.com\/index.php\/2022\/01\/24\/flamengo-prioriza-alto-nivel-e-enxuga-elenco-antes-de-ir-ao-mercado\/","og_locale":"pt_BR","og_type":"article","og_title":"Flamengo prioriza alto n\u00edvel e enxuga elenco antes de ir ao mercado","og_description":"Em um movimento incomum ap\u00f3s anos de investimentos pesados em refor\u00e7os, o Flamengo inverte as prioridades e faz a limpa no elenco antes de ir \u00e0s compras no mercado da bola. Ap\u00f3s uma temporada que terminou com sabor de frustra\u00e7\u00e3o para o torcedor rubro-negro, a dire\u00e7\u00e3o do clube identificou que a falta de uma competi\u00e7\u00e3o [&hellip;]","og_url":"https:\/\/www.gaveanews.com\/index.php\/2022\/01\/24\/flamengo-prioriza-alto-nivel-e-enxuga-elenco-antes-de-ir-ao-mercado\/","og_site_name":"G\u00e1vea News","article_publisher":"https:\/\/facebook.com\/gaveaNews\/","article_published_time":"2022-01-24T10:15:00+00:00","article_modified_time":"2022-01-24T10:15:03+00:00","og_image":[{"width":799,"height":532,"url":"https:\/\/www.gaveanews.com\/wp-content\/uploads\/Marcos-Braz-em-entrevista-coletiva-no-Ninho-do-Urubu-1.webp","type":"image\/jpeg"}],"author":"Equipe G\u00e1vea News","twitter_card":"summary_large_image","twitter_misc":{"Escrito por":"Equipe G\u00e1vea News","Est. tempo de leitura":"2 minutos"},"schema":{"@context":"https:\/\/schema.org","@graph":[{"@type":"NewsArticle","@id":"https:\/\/www.gaveanews.com\/index.php\/2022\/01\/24\/flamengo-prioriza-alto-nivel-e-enxuga-elenco-antes-de-ir-ao-mercado\/#article","isPartOf":{"@id":"https:\/\/www.gaveanews.com\/index.php\/2022\/01\/24\/flamengo-prioriza-alto-nivel-e-enxuga-elenco-antes-de-ir-ao-mercado\/"},"author":{"name":"Equipe G\u00e1vea News","@id":"https:\/\/www.gaveanews.com\/#\/schema\/person\/2ec14f73fb96be2caf28f91afb14749d"},"headline":"Flamengo prioriza alto n\u00edvel e enxuga elenco antes de ir ao mercado","datePublished":"2022-01-24T10:15:00+00:00","dateModified":"2022-01-24T10:15:03+00:00","mainEntityOfPage":{"@id":"https:\/\/www.gaveanews.com\/index.php\/2022\/01\/24\/flamengo-prioriza-alto-nivel-e-enxuga-elenco-antes-de-ir-ao-mercado\/"},"wordCount":441,"commentCount":15,"image":{"@id":"https:\/\/www.gaveanews.com\/index.php\/2022\/01\/24\/flamengo-prioriza-alto-nivel-e-enxuga-elenco-antes-de-ir-ao-mercado\/#primaryimage"},"thumbnailUrl":"https:\/\/www.gaveanews.com\/wp-content\/uploads\/Marcos-Braz-em-entrevista-coletiva-no-Ninho-do-Urubu-1.webp","articleSection":["Flamengo"],"inLanguage":"pt-BR","potentialAction":[{"@type":"CommentAction","name":"Comment","target":["https:\/\/www.gaveanews.com\/index.php\/2022\/01\/24\/flamengo-prioriza-alto-nivel-e-enxuga-elenco-antes-de-ir-ao-mercado\/#respond"]}],"copyrightYear":"2022","copyrightHolder":{"@id":"https:\/\/www.gaveanews.com\/#organization"}},{"@type":"WebPage","@id":"https:\/\/www.gaveanews.com\/index.php\/2022\/01\/24\/flamengo-prioriza-alto-nivel-e-enxuga-elenco-antes-de-ir-ao-mercado\/","url":"https:\/\/www.gaveanews.com\/index.php\/2022\/01\/24\/flamengo-prioriza-alto-nivel-e-enxuga-elenco-antes-de-ir-ao-mercado\/","name":"Flamengo prioriza alto n\u00edvel e enxuga elenco antes de ir ao mercado","isPartOf":{"@id":"https:\/\/www.gaveanews.com\/#website"},"primaryImageOfPage":{"@id":"https:\/\/www.gaveanews.com\/index.php\/2022\/01\/24\/flamengo-prioriza-alto-nivel-e-enxuga-elenco-antes-de-ir-ao-mercado\/#primaryimage"},"image":{"@id":"https:\/\/www.gaveanews.com\/index.php\/2022\/01\/24\/flamengo-prioriza-alto-nivel-e-enxuga-elenco-antes-de-ir-ao-mercado\/#primaryimage"},"thumbnailUrl":"https:\/\/www.gaveanews.com\/wp-content\/uploads\/Marcos-Braz-em-entrevista-coletiva-no-Ninho-do-Urubu-1.webp","datePublished":"2022-01-24T10:15:00+00:00","dateModified":"2022-01-24T10:15:03+00:00","author":{"@id":"https:\/\/www.gaveanews.com\/#\/schema\/person\/2ec14f73fb96be2caf28f91afb14749d"},"breadcrumb":{"@id":"https:\/\/www.gaveanews.com\/index.php\/2022\/01\/24\/flamengo-prioriza-alto-nivel-e-enxuga-elenco-antes-de-ir-ao-mercado\/#breadcrumb"},"inLanguage":"pt-BR","potentialAction":[{"@type":"ReadAction","target":["https:\/\/www.gaveanews.com\/index.php\/2022\/01\/24\/flamengo-prioriza-alto-nivel-e-enxuga-elenco-antes-de-ir-ao-mercado\/"]}]},{"@type":"ImageObject","inLanguage":"pt-BR","@id":"https:\/\/www.gaveanews.com\/index.php\/2022\/01\/24\/flamengo-prioriza-alto-nivel-e-enxuga-elenco-antes-de-ir-ao-mercado\/#primaryimage","url":"https:\/\/www.gaveanews.com\/wp-content\/uploads\/Marcos-Braz-em-entrevista-coletiva-no-Ninho-do-Urubu-1.webp","contentUrl":"https:\/\/www.gaveanews.com\/wp-content\/uploads\/Marcos-Braz-em-entrevista-coletiva-no-Ninho-do-Urubu-1.webp","width":799,"height":532,"caption":"Marcos Braz em entrevista coletiva no Ninho do Urubu (Foto: Alexandre Vidal\/Flamengo)"},{"@type":"BreadcrumbList","@id":"https:\/\/www.gaveanews.com\/index.php\/2022\/01\/24\/flamengo-prioriza-alto-nivel-e-enxuga-elenco-antes-de-ir-ao-mercado\/#breadcrumb","itemListElement":[{"@type":"ListItem","position":1,"name":"Home","item":"https:\/\/www.gaveanews.com\/"},{"@type":"ListItem","position":2,"name":"Flamengo prioriza alto n\u00edvel e enxuga elenco antes de ir ao mercado"}]},{"@type":"WebSite","@id":"https:\/\/www.gaveanews.com\/#website","url":"https:\/\/www.gaveanews.com\/","name":"G\u00e1vea News","description":"Veja todas as not\u00edcias sobre o Flamengo: Contrata\u00e7\u00f5es, categorias de base, resultados das partidas, tabela de classifica\u00e7\u00e3o, pr\u00f3ximos jogos!","potentialAction":[{"@type":"SearchAction","target":{"@type":"EntryPoint","urlTemplate":"https:\/\/www.gaveanews.com\/?s={search_term_string}"},"query-input":{"@type":"PropertyValueSpecification","valueRequired":true,"valueName":"search_term_string"}}],"inLanguage":"pt-BR"},{"@type":"Person","@id":"https:\/\/www.gaveanews.com\/#\/schema\/person\/2ec14f73fb96be2caf28f91afb14749d","name":"Equipe G\u00e1vea News","image":{"@type":"ImageObject","inLanguage":"pt-BR","@id":"https:\/\/www.gaveanews.com\/#\/schema\/person\/image\/","url":"https:\/\/secure.gravatar.com\/avatar\/1e1956f1facbffd3f8fa53a326721950116b3b9dc9bd44939c01180fd4a745a9?s=96&d=mm&r=g","contentUrl":"https:\/\/secure.gravatar.com\/avatar\/1e1956f1facbffd3f8fa53a326721950116b3b9dc9bd44939c01180fd4a745a9?s=96&d=mm&r=g","caption":"Equipe G\u00e1vea News"}}]}},"_links":{"self":[{"href":"https:\/\/www.gaveanews.com\/index.php\/wp-json\/wp\/v2\/posts\/75342","targetHints":{"allow":["GET"]}}],"collection":[{"href":"https:\/\/www.gaveanews.com\/index.php\/wp-json\/wp\/v2\/posts"}],"about":[{"href":"https:\/\/www.gaveanews.com\/index.php\/wp-json\/wp\/v2\/types\/post"}],"author":[{"embeddable":true,"href":"https:\/\/www.gaveanews.com\/index.php\/wp-json\/wp\/v2\/users\/1"}],"replies":[{"embeddable":true,"href":"https:\/\/www.gaveanews.com\/index.php\/wp-json\/wp\/v2\/comments?post=75342"}],"version-history":[{"count":0,"href":"https:\/\/www.gaveanews.com\/index.php\/wp-json\/wp\/v2\/posts\/75342\/revisions"}],"wp:featuredmedia":[{"embeddable":true,"href":"https:\/\/www.gaveanews.com\/index.php\/wp-json\/wp\/v2\/media\/66783"}],"wp:attachment":[{"href":"https:\/\/www.gaveanews.com\/index.php\/wp-json\/wp\/v2\/media?parent=75342"}],"wp:term":[{"taxonomy":"category","embeddable":true,"href":"https:\/\/www.gaveanews.com\/index.php\/wp-json\/wp\/v2\/categories?post=75342"},{"taxonomy":"post_tag","embeddable":true,"href":"https:\/\/www.gaveanews.com\/index.php\/wp-json\/wp\/v2\/tags?post=75342"}],"curies":[{"name":"wp","href":"https:\/\/api.w.org\/{rel}","templated":true}]}}