{"id":75345,"date":"2022-01-24T07:31:39","date_gmt":"2022-01-24T10:31:39","guid":{"rendered":"https:\/\/www.gaveanews.com\/?p=75345"},"modified":"2022-01-24T07:31:53","modified_gmt":"2022-01-24T10:31:53","slug":"de-arrascaeta-do-flamengo-martin-caceres-do-cagliari-e-facundo-torres-do-orlando-city-se-apresentam-a-selecao-do-uruguai","status":"publish","type":"post","link":"https:\/\/www.gaveanews.com\/index.php\/2022\/01\/24\/de-arrascaeta-do-flamengo-martin-caceres-do-cagliari-e-facundo-torres-do-orlando-city-se-apresentam-a-selecao-do-uruguai\/","title":{"rendered":"De Arrascaeta, do Flamengo, Mart\u00edn C\u00e1ceres, do Cagliari, e Facundo Torres, do Orlando City, se apresentam a Sele\u00e7\u00e3o do Uruguai"},"content":{"rendered":"\n<p>Ap\u00f3s uma semana de treinos intensa pelo Flamengo, Arrascaeta se apresentou \u00e0 Sele\u00e7\u00e3o Uruguaia neste domingo (<strong>veja fotos abaixo<\/strong>). O craque foi convocado para disputar as partidas contra Paraguai e Venezuela, pelas Eliminat\u00f3rias da Copa do Mundo.<\/p>\n\n\n\n<p>Na pr\u00f3xima quinta-feira, o Uruguai enfrenta o Paraguai, \u00e0s 20h, no La Olla. No dia primeiro de fevereiro, o duelo ser\u00e1 contra a Venezuela, \u00e0s 20h, no Est\u00e1dio Centen\u00e1rio. A sele\u00e7\u00e3o de Arrascaeta est\u00e1 na s\u00e9tima posi\u00e7\u00e3o nas Eliminat\u00f3rias da Sul-Americana.<\/p>\n\n\n\n<h2 class=\"wp-block-heading\" id=\"h-confira-as-fotos-abaixo\">Confira as fotos abaixo:<\/h2>\n\n\n\n<figure class=\"wp-block-image size-large is-style-default\"><img decoding=\"async\" src=\"https:\/\/pbs.twimg.com\/media\/FJ0EPsCWUAIcjdY?format=jpg\" alt=\"\"\/><figcaption>De Arrascaeta durante sua apresenta\u00e7\u00e3o a Sele\u00e7\u00e3o do Uruguai (Foto: Reprodu\u00e7\u00e3o\/Twitter)<\/figcaption><\/figure>\n\n\n\n<figure class=\"wp-block-image size-large is-style-default\"><img decoding=\"async\" src=\"https:\/\/pbs.twimg.com\/media\/FJ0EPsOXIAA6O9X?format=jpg\" alt=\"\"\/><figcaption>Mart\u00edn C\u00e1ceres durante sua apresenta\u00e7\u00e3o a Sele\u00e7\u00e3o do Uruguai (Foto: Reprodu\u00e7\u00e3o\/Twitter)<\/figcaption><\/figure>\n\n\n\n<figure class=\"wp-block-image size-large is-style-default\"><img decoding=\"async\" src=\"https:\/\/pbs.twimg.com\/media\/FJ0EPytXsAMOlyc?format=jpg\" alt=\"\"\/><figcaption>Facundo Torres durante sua apresenta\u00e7\u00e3o a Sele\u00e7\u00e3o do Uruguai (Foto: Reprodu\u00e7\u00e3o\/Twitter)<\/figcaption><\/figure>\n\n\n\n<ul class=\"wp-block-list\"><li><a href=\"https:\/\/www.gaveanews.com\/index.php\/2022\/01\/18\/gabigol-e-arrascaeta-comemoram-renovacao-do-meia-com-o-flamengo\/\">Gabigol e Arrascaeta comemoram renova\u00e7\u00e3o do meia com o Flamengo<\/a><\/li><\/ul>\n\n\n\n<p>Retirado de: Di\u00e1rio do Fla<\/p>\n","protected":false},"excerpt":{"rendered":"<p>Ap\u00f3s uma semana de treinos intensa pelo Flamengo, Arrascaeta se apresentou \u00e0 Sele\u00e7\u00e3o Uruguaia neste domingo (veja fotos abaixo). O craque foi convocado para disputar as partidas contra Paraguai e Venezuela, pelas Eliminat\u00f3rias da Copa do Mundo. Na pr\u00f3xima quinta-feira, o Uruguai enfrenta o Paraguai, \u00e0s 20h, no La Olla. No dia primeiro de fevereiro, [&hellip;]<\/p>\n","protected":false},"author":1,"featured_media":67571,"comment_status":"open","ping_status":"closed","sticky":false,"template":"","format":"standard","meta":{"footnotes":""},"categories":[1],"tags":[],"class_list":["post-75345","post","type-post","status-publish","format-standard","has-post-thumbnail","hentry","category-flamengo"],"yoast_head":"<!-- This site is optimized with the Yoast SEO Premium plugin v24.2 (Yoast SEO v26.9) - https:\/\/yoast.com\/product\/yoast-seo-premium-wordpress\/ -->\n<title>De Arrascaeta, do Flamengo, Mart\u00edn C\u00e1ceres, do Cagliari, e Facundo Torres, do Orlando City, se apresentam a Sele\u00e7\u00e3o do Uruguai<\/title>\n<meta name=\"robots\" content=\"index, follow, max-snippet:-1, max-image-preview:large, max-video-preview:-1\" \/>\n<link rel=\"canonical\" href=\"https:\/\/www.gaveanews.com\/index.php\/2022\/01\/24\/de-arrascaeta-do-flamengo-martin-caceres-do-cagliari-e-facundo-torres-do-orlando-city-se-apresentam-a-selecao-do-uruguai\/\" \/>\n<meta property=\"og:locale\" content=\"pt_BR\" \/>\n<meta property=\"og:type\" content=\"article\" \/>\n<meta property=\"og:title\" content=\"De Arrascaeta, do Flamengo, Mart\u00edn C\u00e1ceres, do Cagliari, e Facundo Torres, do Orlando City, se apresentam a Sele\u00e7\u00e3o do Uruguai\" \/>\n<meta property=\"og:description\" content=\"Ap\u00f3s uma semana de treinos intensa pelo Flamengo, Arrascaeta se apresentou \u00e0 Sele\u00e7\u00e3o Uruguaia neste domingo (veja fotos abaixo). O craque foi convocado para disputar as partidas contra Paraguai e Venezuela, pelas Eliminat\u00f3rias da Copa do Mundo. Na pr\u00f3xima quinta-feira, o Uruguai enfrenta o Paraguai, \u00e0s 20h, no La Olla. No dia primeiro de fevereiro, [&hellip;]\" \/>\n<meta property=\"og:url\" content=\"https:\/\/www.gaveanews.com\/index.php\/2022\/01\/24\/de-arrascaeta-do-flamengo-martin-caceres-do-cagliari-e-facundo-torres-do-orlando-city-se-apresentam-a-selecao-do-uruguai\/\" \/>\n<meta property=\"og:site_name\" content=\"G\u00e1vea News\" \/>\n<meta property=\"article:publisher\" content=\"https:\/\/facebook.com\/gaveaNews\/\" \/>\n<meta property=\"article:published_time\" content=\"2022-01-24T10:31:39+00:00\" \/>\n<meta property=\"article:modified_time\" content=\"2022-01-24T10:31:53+00:00\" \/>\n<meta property=\"og:image\" content=\"https:\/\/www.gaveanews.com\/wp-content\/uploads\/Arrascaeta-comemorando-gol-marcado-pela-Selecao-Uruguaia.webp\" \/>\n\t<meta property=\"og:image:width\" content=\"1080\" \/>\n\t<meta property=\"og:image:height\" content=\"969\" \/>\n\t<meta property=\"og:image:type\" content=\"image\/jpeg\" \/>\n<meta name=\"author\" content=\"Equipe G\u00e1vea News\" \/>\n<meta name=\"twitter:card\" content=\"summary_large_image\" \/>\n<meta name=\"twitter:label1\" content=\"Escrito por\" \/>\n\t<meta name=\"twitter:data1\" content=\"Equipe G\u00e1vea News\" \/>\n\t<meta name=\"twitter:label2\" content=\"Est. tempo de leitura\" \/>\n\t<meta name=\"twitter:data2\" content=\"2 minutos\" \/>\n<script type=\"application\/ld+json\" class=\"yoast-schema-graph\">{\"@context\":\"https:\/\/schema.org\",\"@graph\":[{\"@type\":\"NewsArticle\",\"@id\":\"https:\/\/www.gaveanews.com\/index.php\/2022\/01\/24\/de-arrascaeta-do-flamengo-martin-caceres-do-cagliari-e-facundo-torres-do-orlando-city-se-apresentam-a-selecao-do-uruguai\/#article\",\"isPartOf\":{\"@id\":\"https:\/\/www.gaveanews.com\/index.php\/2022\/01\/24\/de-arrascaeta-do-flamengo-martin-caceres-do-cagliari-e-facundo-torres-do-orlando-city-se-apresentam-a-selecao-do-uruguai\/\"},\"author\":{\"name\":\"Equipe G\u00e1vea News\",\"@id\":\"https:\/\/www.gaveanews.com\/#\/schema\/person\/2ec14f73fb96be2caf28f91afb14749d\"},\"headline\":\"De Arrascaeta, do Flamengo, Mart\u00edn C\u00e1ceres, do Cagliari, e Facundo Torres, do Orlando City, se apresentam a Sele\u00e7\u00e3o do Uruguai\",\"datePublished\":\"2022-01-24T10:31:39+00:00\",\"dateModified\":\"2022-01-24T10:31:53+00:00\",\"mainEntityOfPage\":{\"@id\":\"https:\/\/www.gaveanews.com\/index.php\/2022\/01\/24\/de-arrascaeta-do-flamengo-martin-caceres-do-cagliari-e-facundo-torres-do-orlando-city-se-apresentam-a-selecao-do-uruguai\/\"},\"wordCount\":178,\"commentCount\":3,\"image\":{\"@id\":\"https:\/\/www.gaveanews.com\/index.php\/2022\/01\/24\/de-arrascaeta-do-flamengo-martin-caceres-do-cagliari-e-facundo-torres-do-orlando-city-se-apresentam-a-selecao-do-uruguai\/#primaryimage\"},\"thumbnailUrl\":\"https:\/\/www.gaveanews.com\/wp-content\/uploads\/Arrascaeta-comemorando-gol-marcado-pela-Selecao-Uruguaia.webp\",\"articleSection\":[\"Flamengo\"],\"inLanguage\":\"pt-BR\",\"potentialAction\":[{\"@type\":\"CommentAction\",\"name\":\"Comment\",\"target\":[\"https:\/\/www.gaveanews.com\/index.php\/2022\/01\/24\/de-arrascaeta-do-flamengo-martin-caceres-do-cagliari-e-facundo-torres-do-orlando-city-se-apresentam-a-selecao-do-uruguai\/#respond\"]}],\"copyrightYear\":\"2022\",\"copyrightHolder\":{\"@id\":\"https:\/\/www.gaveanews.com\/#organization\"}},{\"@type\":\"WebPage\",\"@id\":\"https:\/\/www.gaveanews.com\/index.php\/2022\/01\/24\/de-arrascaeta-do-flamengo-martin-caceres-do-cagliari-e-facundo-torres-do-orlando-city-se-apresentam-a-selecao-do-uruguai\/\",\"url\":\"https:\/\/www.gaveanews.com\/index.php\/2022\/01\/24\/de-arrascaeta-do-flamengo-martin-caceres-do-cagliari-e-facundo-torres-do-orlando-city-se-apresentam-a-selecao-do-uruguai\/\",\"name\":\"De Arrascaeta, do Flamengo, Mart\u00edn C\u00e1ceres, do Cagliari, e Facundo Torres, do Orlando City, se apresentam a Sele\u00e7\u00e3o do Uruguai\",\"isPartOf\":{\"@id\":\"https:\/\/www.gaveanews.com\/#website\"},\"primaryImageOfPage\":{\"@id\":\"https:\/\/www.gaveanews.com\/index.php\/2022\/01\/24\/de-arrascaeta-do-flamengo-martin-caceres-do-cagliari-e-facundo-torres-do-orlando-city-se-apresentam-a-selecao-do-uruguai\/#primaryimage\"},\"image\":{\"@id\":\"https:\/\/www.gaveanews.com\/index.php\/2022\/01\/24\/de-arrascaeta-do-flamengo-martin-caceres-do-cagliari-e-facundo-torres-do-orlando-city-se-apresentam-a-selecao-do-uruguai\/#primaryimage\"},\"thumbnailUrl\":\"https:\/\/www.gaveanews.com\/wp-content\/uploads\/Arrascaeta-comemorando-gol-marcado-pela-Selecao-Uruguaia.webp\",\"datePublished\":\"2022-01-24T10:31:39+00:00\",\"dateModified\":\"2022-01-24T10:31:53+00:00\",\"author\":{\"@id\":\"https:\/\/www.gaveanews.com\/#\/schema\/person\/2ec14f73fb96be2caf28f91afb14749d\"},\"breadcrumb\":{\"@id\":\"https:\/\/www.gaveanews.com\/index.php\/2022\/01\/24\/de-arrascaeta-do-flamengo-martin-caceres-do-cagliari-e-facundo-torres-do-orlando-city-se-apresentam-a-selecao-do-uruguai\/#breadcrumb\"},\"inLanguage\":\"pt-BR\",\"potentialAction\":[{\"@type\":\"ReadAction\",\"target\":[\"https:\/\/www.gaveanews.com\/index.php\/2022\/01\/24\/de-arrascaeta-do-flamengo-martin-caceres-do-cagliari-e-facundo-torres-do-orlando-city-se-apresentam-a-selecao-do-uruguai\/\"]}]},{\"@type\":\"ImageObject\",\"inLanguage\":\"pt-BR\",\"@id\":\"https:\/\/www.gaveanews.com\/index.php\/2022\/01\/24\/de-arrascaeta-do-flamengo-martin-caceres-do-cagliari-e-facundo-torres-do-orlando-city-se-apresentam-a-selecao-do-uruguai\/#primaryimage\",\"url\":\"https:\/\/www.gaveanews.com\/wp-content\/uploads\/Arrascaeta-comemorando-gol-marcado-pela-Selecao-Uruguaia.webp\",\"contentUrl\":\"https:\/\/www.gaveanews.com\/wp-content\/uploads\/Arrascaeta-comemorando-gol-marcado-pela-Selecao-Uruguaia.webp\",\"width\":1080,\"height\":969,\"caption\":\"Arrascaeta comemorando gol marcado pela Sele\u00e7\u00e3o Uruguaia (Foto: Reprodu\u00e7\u00e3o\/Instagram@GiorgianDeArrascaeta)\"},{\"@type\":\"BreadcrumbList\",\"@id\":\"https:\/\/www.gaveanews.com\/index.php\/2022\/01\/24\/de-arrascaeta-do-flamengo-martin-caceres-do-cagliari-e-facundo-torres-do-orlando-city-se-apresentam-a-selecao-do-uruguai\/#breadcrumb\",\"itemListElement\":[{\"@type\":\"ListItem\",\"position\":1,\"name\":\"Home\",\"item\":\"https:\/\/www.gaveanews.com\/\"},{\"@type\":\"ListItem\",\"position\":2,\"name\":\"De Arrascaeta, do Flamengo, Mart\u00edn C\u00e1ceres, do Cagliari, e Facundo Torres, do Orlando City, se apresentam a Sele\u00e7\u00e3o do Uruguai\"}]},{\"@type\":\"WebSite\",\"@id\":\"https:\/\/www.gaveanews.com\/#website\",\"url\":\"https:\/\/www.gaveanews.com\/\",\"name\":\"G\u00e1vea News\",\"description\":\"Veja todas as not\u00edcias sobre o Flamengo: Contrata\u00e7\u00f5es, categorias de base, resultados das partidas, tabela de classifica\u00e7\u00e3o, pr\u00f3ximos jogos!\",\"potentialAction\":[{\"@type\":\"SearchAction\",\"target\":{\"@type\":\"EntryPoint\",\"urlTemplate\":\"https:\/\/www.gaveanews.com\/?s={search_term_string}\"},\"query-input\":{\"@type\":\"PropertyValueSpecification\",\"valueRequired\":true,\"valueName\":\"search_term_string\"}}],\"inLanguage\":\"pt-BR\"},{\"@type\":\"Person\",\"@id\":\"https:\/\/www.gaveanews.com\/#\/schema\/person\/2ec14f73fb96be2caf28f91afb14749d\",\"name\":\"Equipe G\u00e1vea News\",\"image\":{\"@type\":\"ImageObject\",\"inLanguage\":\"pt-BR\",\"@id\":\"https:\/\/www.gaveanews.com\/#\/schema\/person\/image\/\",\"url\":\"https:\/\/secure.gravatar.com\/avatar\/1e1956f1facbffd3f8fa53a326721950116b3b9dc9bd44939c01180fd4a745a9?s=96&d=mm&r=g\",\"contentUrl\":\"https:\/\/secure.gravatar.com\/avatar\/1e1956f1facbffd3f8fa53a326721950116b3b9dc9bd44939c01180fd4a745a9?s=96&d=mm&r=g\",\"caption\":\"Equipe G\u00e1vea News\"}}]}<\/script>\n<!-- \/ Yoast SEO Premium plugin. -->","yoast_head_json":{"title":"De Arrascaeta, do Flamengo, Mart\u00edn C\u00e1ceres, do Cagliari, e Facundo Torres, do Orlando City, se apresentam a Sele\u00e7\u00e3o do Uruguai","robots":{"index":"index","follow":"follow","max-snippet":"max-snippet:-1","max-image-preview":"max-image-preview:large","max-video-preview":"max-video-preview:-1"},"canonical":"https:\/\/www.gaveanews.com\/index.php\/2022\/01\/24\/de-arrascaeta-do-flamengo-martin-caceres-do-cagliari-e-facundo-torres-do-orlando-city-se-apresentam-a-selecao-do-uruguai\/","og_locale":"pt_BR","og_type":"article","og_title":"De Arrascaeta, do Flamengo, Mart\u00edn C\u00e1ceres, do Cagliari, e Facundo Torres, do Orlando City, se apresentam a Sele\u00e7\u00e3o do Uruguai","og_description":"Ap\u00f3s uma semana de treinos intensa pelo Flamengo, Arrascaeta se apresentou \u00e0 Sele\u00e7\u00e3o Uruguaia neste domingo (veja fotos abaixo). O craque foi convocado para disputar as partidas contra Paraguai e Venezuela, pelas Eliminat\u00f3rias da Copa do Mundo. Na pr\u00f3xima quinta-feira, o Uruguai enfrenta o Paraguai, \u00e0s 20h, no La Olla. No dia primeiro de fevereiro, [&hellip;]","og_url":"https:\/\/www.gaveanews.com\/index.php\/2022\/01\/24\/de-arrascaeta-do-flamengo-martin-caceres-do-cagliari-e-facundo-torres-do-orlando-city-se-apresentam-a-selecao-do-uruguai\/","og_site_name":"G\u00e1vea News","article_publisher":"https:\/\/facebook.com\/gaveaNews\/","article_published_time":"2022-01-24T10:31:39+00:00","article_modified_time":"2022-01-24T10:31:53+00:00","og_image":[{"width":1080,"height":969,"url":"https:\/\/www.gaveanews.com\/wp-content\/uploads\/Arrascaeta-comemorando-gol-marcado-pela-Selecao-Uruguaia.webp","type":"image\/jpeg"}],"author":"Equipe G\u00e1vea News","twitter_card":"summary_large_image","twitter_misc":{"Escrito por":"Equipe G\u00e1vea News","Est. tempo de leitura":"2 minutos"},"schema":{"@context":"https:\/\/schema.org","@graph":[{"@type":"NewsArticle","@id":"https:\/\/www.gaveanews.com\/index.php\/2022\/01\/24\/de-arrascaeta-do-flamengo-martin-caceres-do-cagliari-e-facundo-torres-do-orlando-city-se-apresentam-a-selecao-do-uruguai\/#article","isPartOf":{"@id":"https:\/\/www.gaveanews.com\/index.php\/2022\/01\/24\/de-arrascaeta-do-flamengo-martin-caceres-do-cagliari-e-facundo-torres-do-orlando-city-se-apresentam-a-selecao-do-uruguai\/"},"author":{"name":"Equipe G\u00e1vea News","@id":"https:\/\/www.gaveanews.com\/#\/schema\/person\/2ec14f73fb96be2caf28f91afb14749d"},"headline":"De Arrascaeta, do Flamengo, Mart\u00edn C\u00e1ceres, do Cagliari, e Facundo Torres, do Orlando City, se apresentam a Sele\u00e7\u00e3o do Uruguai","datePublished":"2022-01-24T10:31:39+00:00","dateModified":"2022-01-24T10:31:53+00:00","mainEntityOfPage":{"@id":"https:\/\/www.gaveanews.com\/index.php\/2022\/01\/24\/de-arrascaeta-do-flamengo-martin-caceres-do-cagliari-e-facundo-torres-do-orlando-city-se-apresentam-a-selecao-do-uruguai\/"},"wordCount":178,"commentCount":3,"image":{"@id":"https:\/\/www.gaveanews.com\/index.php\/2022\/01\/24\/de-arrascaeta-do-flamengo-martin-caceres-do-cagliari-e-facundo-torres-do-orlando-city-se-apresentam-a-selecao-do-uruguai\/#primaryimage"},"thumbnailUrl":"https:\/\/www.gaveanews.com\/wp-content\/uploads\/Arrascaeta-comemorando-gol-marcado-pela-Selecao-Uruguaia.webp","articleSection":["Flamengo"],"inLanguage":"pt-BR","potentialAction":[{"@type":"CommentAction","name":"Comment","target":["https:\/\/www.gaveanews.com\/index.php\/2022\/01\/24\/de-arrascaeta-do-flamengo-martin-caceres-do-cagliari-e-facundo-torres-do-orlando-city-se-apresentam-a-selecao-do-uruguai\/#respond"]}],"copyrightYear":"2022","copyrightHolder":{"@id":"https:\/\/www.gaveanews.com\/#organization"}},{"@type":"WebPage","@id":"https:\/\/www.gaveanews.com\/index.php\/2022\/01\/24\/de-arrascaeta-do-flamengo-martin-caceres-do-cagliari-e-facundo-torres-do-orlando-city-se-apresentam-a-selecao-do-uruguai\/","url":"https:\/\/www.gaveanews.com\/index.php\/2022\/01\/24\/de-arrascaeta-do-flamengo-martin-caceres-do-cagliari-e-facundo-torres-do-orlando-city-se-apresentam-a-selecao-do-uruguai\/","name":"De Arrascaeta, do Flamengo, Mart\u00edn C\u00e1ceres, do Cagliari, e Facundo Torres, do Orlando City, se apresentam a Sele\u00e7\u00e3o do Uruguai","isPartOf":{"@id":"https:\/\/www.gaveanews.com\/#website"},"primaryImageOfPage":{"@id":"https:\/\/www.gaveanews.com\/index.php\/2022\/01\/24\/de-arrascaeta-do-flamengo-martin-caceres-do-cagliari-e-facundo-torres-do-orlando-city-se-apresentam-a-selecao-do-uruguai\/#primaryimage"},"image":{"@id":"https:\/\/www.gaveanews.com\/index.php\/2022\/01\/24\/de-arrascaeta-do-flamengo-martin-caceres-do-cagliari-e-facundo-torres-do-orlando-city-se-apresentam-a-selecao-do-uruguai\/#primaryimage"},"thumbnailUrl":"https:\/\/www.gaveanews.com\/wp-content\/uploads\/Arrascaeta-comemorando-gol-marcado-pela-Selecao-Uruguaia.webp","datePublished":"2022-01-24T10:31:39+00:00","dateModified":"2022-01-24T10:31:53+00:00","author":{"@id":"https:\/\/www.gaveanews.com\/#\/schema\/person\/2ec14f73fb96be2caf28f91afb14749d"},"breadcrumb":{"@id":"https:\/\/www.gaveanews.com\/index.php\/2022\/01\/24\/de-arrascaeta-do-flamengo-martin-caceres-do-cagliari-e-facundo-torres-do-orlando-city-se-apresentam-a-selecao-do-uruguai\/#breadcrumb"},"inLanguage":"pt-BR","potentialAction":[{"@type":"ReadAction","target":["https:\/\/www.gaveanews.com\/index.php\/2022\/01\/24\/de-arrascaeta-do-flamengo-martin-caceres-do-cagliari-e-facundo-torres-do-orlando-city-se-apresentam-a-selecao-do-uruguai\/"]}]},{"@type":"ImageObject","inLanguage":"pt-BR","@id":"https:\/\/www.gaveanews.com\/index.php\/2022\/01\/24\/de-arrascaeta-do-flamengo-martin-caceres-do-cagliari-e-facundo-torres-do-orlando-city-se-apresentam-a-selecao-do-uruguai\/#primaryimage","url":"https:\/\/www.gaveanews.com\/wp-content\/uploads\/Arrascaeta-comemorando-gol-marcado-pela-Selecao-Uruguaia.webp","contentUrl":"https:\/\/www.gaveanews.com\/wp-content\/uploads\/Arrascaeta-comemorando-gol-marcado-pela-Selecao-Uruguaia.webp","width":1080,"height":969,"caption":"Arrascaeta comemorando gol marcado pela Sele\u00e7\u00e3o Uruguaia (Foto: Reprodu\u00e7\u00e3o\/Instagram@GiorgianDeArrascaeta)"},{"@type":"BreadcrumbList","@id":"https:\/\/www.gaveanews.com\/index.php\/2022\/01\/24\/de-arrascaeta-do-flamengo-martin-caceres-do-cagliari-e-facundo-torres-do-orlando-city-se-apresentam-a-selecao-do-uruguai\/#breadcrumb","itemListElement":[{"@type":"ListItem","position":1,"name":"Home","item":"https:\/\/www.gaveanews.com\/"},{"@type":"ListItem","position":2,"name":"De Arrascaeta, do Flamengo, Mart\u00edn C\u00e1ceres, do Cagliari, e Facundo Torres, do Orlando City, se apresentam a Sele\u00e7\u00e3o do Uruguai"}]},{"@type":"WebSite","@id":"https:\/\/www.gaveanews.com\/#website","url":"https:\/\/www.gaveanews.com\/","name":"G\u00e1vea News","description":"Veja todas as not\u00edcias sobre o Flamengo: Contrata\u00e7\u00f5es, categorias de base, resultados das partidas, tabela de classifica\u00e7\u00e3o, pr\u00f3ximos jogos!","potentialAction":[{"@type":"SearchAction","target":{"@type":"EntryPoint","urlTemplate":"https:\/\/www.gaveanews.com\/?s={search_term_string}"},"query-input":{"@type":"PropertyValueSpecification","valueRequired":true,"valueName":"search_term_string"}}],"inLanguage":"pt-BR"},{"@type":"Person","@id":"https:\/\/www.gaveanews.com\/#\/schema\/person\/2ec14f73fb96be2caf28f91afb14749d","name":"Equipe G\u00e1vea News","image":{"@type":"ImageObject","inLanguage":"pt-BR","@id":"https:\/\/www.gaveanews.com\/#\/schema\/person\/image\/","url":"https:\/\/secure.gravatar.com\/avatar\/1e1956f1facbffd3f8fa53a326721950116b3b9dc9bd44939c01180fd4a745a9?s=96&d=mm&r=g","contentUrl":"https:\/\/secure.gravatar.com\/avatar\/1e1956f1facbffd3f8fa53a326721950116b3b9dc9bd44939c01180fd4a745a9?s=96&d=mm&r=g","caption":"Equipe G\u00e1vea News"}}]}},"_links":{"self":[{"href":"https:\/\/www.gaveanews.com\/index.php\/wp-json\/wp\/v2\/posts\/75345","targetHints":{"allow":["GET"]}}],"collection":[{"href":"https:\/\/www.gaveanews.com\/index.php\/wp-json\/wp\/v2\/posts"}],"about":[{"href":"https:\/\/www.gaveanews.com\/index.php\/wp-json\/wp\/v2\/types\/post"}],"author":[{"embeddable":true,"href":"https:\/\/www.gaveanews.com\/index.php\/wp-json\/wp\/v2\/users\/1"}],"replies":[{"embeddable":true,"href":"https:\/\/www.gaveanews.com\/index.php\/wp-json\/wp\/v2\/comments?post=75345"}],"version-history":[{"count":0,"href":"https:\/\/www.gaveanews.com\/index.php\/wp-json\/wp\/v2\/posts\/75345\/revisions"}],"wp:featuredmedia":[{"embeddable":true,"href":"https:\/\/www.gaveanews.com\/index.php\/wp-json\/wp\/v2\/media\/67571"}],"wp:attachment":[{"href":"https:\/\/www.gaveanews.com\/index.php\/wp-json\/wp\/v2\/media?parent=75345"}],"wp:term":[{"taxonomy":"category","embeddable":true,"href":"https:\/\/www.gaveanews.com\/index.php\/wp-json\/wp\/v2\/categories?post=75345"},{"taxonomy":"post_tag","embeddable":true,"href":"https:\/\/www.gaveanews.com\/index.php\/wp-json\/wp\/v2\/tags?post=75345"}],"curies":[{"name":"wp","href":"https:\/\/api.w.org\/{rel}","templated":true}]}}