{"id":75375,"date":"2022-01-25T00:33:28","date_gmt":"2022-01-25T03:33:28","guid":{"rendered":"https:\/\/www.gaveanews.com\/?p=75375"},"modified":"2022-01-25T00:33:31","modified_gmt":"2022-01-25T03:33:31","slug":"conmebol-emite-comunicado-sobre-numero-de-substituicoes-na-copa-libertadores-e-sul-americana","status":"publish","type":"post","link":"https:\/\/www.gaveanews.com\/index.php\/2022\/01\/25\/conmebol-emite-comunicado-sobre-numero-de-substituicoes-na-copa-libertadores-e-sul-americana\/","title":{"rendered":"Conmebol emite comunicado sobre n\u00famero de substitui\u00e7\u00f5es na Copa Libertadores e Sul-Americana"},"content":{"rendered":"\n<p>Enfrentando a quarta onda da pandemia, o mundo ainda n\u00e3o sabe exatamente quando conseguir\u00e1 voltar \u00e0 normalidade. As organiza\u00e7\u00f5es sanit\u00e1rias aconselham que n\u00e3o \u00e9 momento de relaxar nas medidas de precau\u00e7\u00e3o e refor\u00e7am a necessidade das medidas de conten\u00e7\u00e3o de danos para os infectados.<\/p>\n\n\n\n<p>Embora os sintomas da Covid sejam mais brandos para os vacinados contra o v\u00edrus, o isolamento dos contaminados ainda \u00e9 imprescind\u00edvel. Por isso, os atletas que testam positivo para o novo coronav\u00edrus acabam perdendo sequ\u00eancia em suas atividades, o que pode afetar no desempenho dos mesmos em campo. <\/p>\n\n\n\n<p>Desta forma, com mais uma onda de contamina\u00e7\u00e3o, a Conmebol optou por manter a regra que permite cinco substitui\u00e7\u00f5es nos jogos pela Libertadores e Sul-Americana. Al\u00e9m disso, tamb\u00e9m ser\u00e1 permitida uma substitui\u00e7\u00e3o extra em caso de prorroga\u00e7\u00e3o, cen\u00e1rio poss\u00edvel nas finais das competi\u00e7\u00f5es. Tais informa\u00e7\u00f5es foram divulgadas nesta segunda-feira, atrav\u00e9s de um comunicado.<\/p>\n\n\n\n<p>Com as resolu\u00e7\u00f5es para as competi\u00e7\u00f5es divulgadas, o Flamengo segue sua rotina de atividades no Ninho do Urubu e prepara os jogadores do elenco principal para a temporada de 2022. Enquanto isso, os atletas mais jovens do profissional e o time sub-20 treinam juntos para defender o Mais Querido nas rodadas iniciais do Campeonato Carioca.<\/p>\n","protected":false},"excerpt":{"rendered":"<p>Enfrentando a quarta onda da pandemia, o mundo ainda n\u00e3o sabe exatamente quando conseguir\u00e1 voltar \u00e0 normalidade. As organiza\u00e7\u00f5es sanit\u00e1rias aconselham que n\u00e3o \u00e9 momento de relaxar nas medidas de precau\u00e7\u00e3o e refor\u00e7am a necessidade das medidas de conten\u00e7\u00e3o de danos para os infectados. Embora os sintomas da Covid sejam mais brandos para os vacinados [&hellip;]<\/p>\n","protected":false},"author":4,"featured_media":68615,"comment_status":"open","ping_status":"closed","sticky":false,"template":"","format":"standard","meta":{"footnotes":""},"categories":[1],"tags":[],"class_list":["post-75375","post","type-post","status-publish","format-standard","has-post-thumbnail","hentry","category-flamengo"],"yoast_head":"<!-- This site is optimized with the Yoast SEO Premium plugin v24.2 (Yoast SEO v26.9) - https:\/\/yoast.com\/product\/yoast-seo-premium-wordpress\/ -->\n<title>Conmebol emite comunicado sobre n\u00famero de substitui\u00e7\u00f5es na Copa Libertadores e Sul-Americana<\/title>\n<meta name=\"robots\" content=\"index, follow, max-snippet:-1, max-image-preview:large, max-video-preview:-1\" \/>\n<link rel=\"canonical\" href=\"https:\/\/www.gaveanews.com\/index.php\/2022\/01\/25\/conmebol-emite-comunicado-sobre-numero-de-substituicoes-na-copa-libertadores-e-sul-americana\/\" \/>\n<meta property=\"og:locale\" content=\"pt_BR\" \/>\n<meta property=\"og:type\" content=\"article\" \/>\n<meta property=\"og:title\" content=\"Conmebol emite comunicado sobre n\u00famero de substitui\u00e7\u00f5es na Copa Libertadores e Sul-Americana\" \/>\n<meta property=\"og:description\" content=\"Enfrentando a quarta onda da pandemia, o mundo ainda n\u00e3o sabe exatamente quando conseguir\u00e1 voltar \u00e0 normalidade. As organiza\u00e7\u00f5es sanit\u00e1rias aconselham que n\u00e3o \u00e9 momento de relaxar nas medidas de precau\u00e7\u00e3o e refor\u00e7am a necessidade das medidas de conten\u00e7\u00e3o de danos para os infectados. Embora os sintomas da Covid sejam mais brandos para os vacinados [&hellip;]\" \/>\n<meta property=\"og:url\" content=\"https:\/\/www.gaveanews.com\/index.php\/2022\/01\/25\/conmebol-emite-comunicado-sobre-numero-de-substituicoes-na-copa-libertadores-e-sul-americana\/\" \/>\n<meta property=\"og:site_name\" content=\"G\u00e1vea News\" \/>\n<meta property=\"article:publisher\" content=\"https:\/\/facebook.com\/gaveaNews\/\" \/>\n<meta property=\"article:published_time\" content=\"2022-01-25T03:33:28+00:00\" \/>\n<meta property=\"article:modified_time\" content=\"2022-01-25T03:33:31+00:00\" \/>\n<meta property=\"og:image\" content=\"https:\/\/www.gaveanews.com\/wp-content\/uploads\/Taca-da-Libertadores-e-bandeira-do-Flamengo-no-estadio-do-Maracana.webp\" \/>\n\t<meta property=\"og:image:width\" content=\"900\" \/>\n\t<meta property=\"og:image:height\" content=\"1200\" \/>\n\t<meta property=\"og:image:type\" content=\"image\/jpeg\" \/>\n<meta name=\"author\" content=\"Let\u00edcia Gerheim\" \/>\n<meta name=\"twitter:card\" content=\"summary_large_image\" \/>\n<meta name=\"twitter:label1\" content=\"Escrito por\" \/>\n\t<meta name=\"twitter:data1\" content=\"Let\u00edcia Gerheim\" \/>\n\t<meta name=\"twitter:label2\" content=\"Est. tempo de leitura\" \/>\n\t<meta name=\"twitter:data2\" content=\"1 minuto\" \/>\n<script type=\"application\/ld+json\" class=\"yoast-schema-graph\">{\"@context\":\"https:\/\/schema.org\",\"@graph\":[{\"@type\":\"NewsArticle\",\"@id\":\"https:\/\/www.gaveanews.com\/index.php\/2022\/01\/25\/conmebol-emite-comunicado-sobre-numero-de-substituicoes-na-copa-libertadores-e-sul-americana\/#article\",\"isPartOf\":{\"@id\":\"https:\/\/www.gaveanews.com\/index.php\/2022\/01\/25\/conmebol-emite-comunicado-sobre-numero-de-substituicoes-na-copa-libertadores-e-sul-americana\/\"},\"author\":{\"name\":\"Let\u00edcia Gerheim\",\"@id\":\"https:\/\/www.gaveanews.com\/#\/schema\/person\/714c67050b836198af2450ba1c142a67\"},\"headline\":\"Conmebol emite comunicado sobre n\u00famero de substitui\u00e7\u00f5es na Copa Libertadores e Sul-Americana\",\"datePublished\":\"2022-01-25T03:33:28+00:00\",\"dateModified\":\"2022-01-25T03:33:31+00:00\",\"mainEntityOfPage\":{\"@id\":\"https:\/\/www.gaveanews.com\/index.php\/2022\/01\/25\/conmebol-emite-comunicado-sobre-numero-de-substituicoes-na-copa-libertadores-e-sul-americana\/\"},\"wordCount\":234,\"commentCount\":0,\"image\":{\"@id\":\"https:\/\/www.gaveanews.com\/index.php\/2022\/01\/25\/conmebol-emite-comunicado-sobre-numero-de-substituicoes-na-copa-libertadores-e-sul-americana\/#primaryimage\"},\"thumbnailUrl\":\"https:\/\/www.gaveanews.com\/wp-content\/uploads\/Taca-da-Libertadores-e-bandeira-do-Flamengo-no-estadio-do-Maracana.webp\",\"articleSection\":[\"Flamengo\"],\"inLanguage\":\"pt-BR\",\"potentialAction\":[{\"@type\":\"CommentAction\",\"name\":\"Comment\",\"target\":[\"https:\/\/www.gaveanews.com\/index.php\/2022\/01\/25\/conmebol-emite-comunicado-sobre-numero-de-substituicoes-na-copa-libertadores-e-sul-americana\/#respond\"]}],\"copyrightYear\":\"2022\",\"copyrightHolder\":{\"@id\":\"https:\/\/www.gaveanews.com\/#organization\"}},{\"@type\":\"WebPage\",\"@id\":\"https:\/\/www.gaveanews.com\/index.php\/2022\/01\/25\/conmebol-emite-comunicado-sobre-numero-de-substituicoes-na-copa-libertadores-e-sul-americana\/\",\"url\":\"https:\/\/www.gaveanews.com\/index.php\/2022\/01\/25\/conmebol-emite-comunicado-sobre-numero-de-substituicoes-na-copa-libertadores-e-sul-americana\/\",\"name\":\"Conmebol emite comunicado sobre n\u00famero de substitui\u00e7\u00f5es na Copa Libertadores e Sul-Americana\",\"isPartOf\":{\"@id\":\"https:\/\/www.gaveanews.com\/#website\"},\"primaryImageOfPage\":{\"@id\":\"https:\/\/www.gaveanews.com\/index.php\/2022\/01\/25\/conmebol-emite-comunicado-sobre-numero-de-substituicoes-na-copa-libertadores-e-sul-americana\/#primaryimage\"},\"image\":{\"@id\":\"https:\/\/www.gaveanews.com\/index.php\/2022\/01\/25\/conmebol-emite-comunicado-sobre-numero-de-substituicoes-na-copa-libertadores-e-sul-americana\/#primaryimage\"},\"thumbnailUrl\":\"https:\/\/www.gaveanews.com\/wp-content\/uploads\/Taca-da-Libertadores-e-bandeira-do-Flamengo-no-estadio-do-Maracana.webp\",\"datePublished\":\"2022-01-25T03:33:28+00:00\",\"dateModified\":\"2022-01-25T03:33:31+00:00\",\"author\":{\"@id\":\"https:\/\/www.gaveanews.com\/#\/schema\/person\/714c67050b836198af2450ba1c142a67\"},\"breadcrumb\":{\"@id\":\"https:\/\/www.gaveanews.com\/index.php\/2022\/01\/25\/conmebol-emite-comunicado-sobre-numero-de-substituicoes-na-copa-libertadores-e-sul-americana\/#breadcrumb\"},\"inLanguage\":\"pt-BR\",\"potentialAction\":[{\"@type\":\"ReadAction\",\"target\":[\"https:\/\/www.gaveanews.com\/index.php\/2022\/01\/25\/conmebol-emite-comunicado-sobre-numero-de-substituicoes-na-copa-libertadores-e-sul-americana\/\"]}]},{\"@type\":\"ImageObject\",\"inLanguage\":\"pt-BR\",\"@id\":\"https:\/\/www.gaveanews.com\/index.php\/2022\/01\/25\/conmebol-emite-comunicado-sobre-numero-de-substituicoes-na-copa-libertadores-e-sul-americana\/#primaryimage\",\"url\":\"https:\/\/www.gaveanews.com\/wp-content\/uploads\/Taca-da-Libertadores-e-bandeira-do-Flamengo-no-estadio-do-Maracana.webp\",\"contentUrl\":\"https:\/\/www.gaveanews.com\/wp-content\/uploads\/Taca-da-Libertadores-e-bandeira-do-Flamengo-no-estadio-do-Maracana.webp\",\"width\":900,\"height\":1200,\"caption\":\"Ta\u00e7a da Libertadores e bandeira do Flamengo no est\u00e1dio do Maracan\u00e3 (Foto: Reprodu\u00e7\u00e3o\/ Rodrigo Dunshee de Abranches\/Twitter)\"},{\"@type\":\"BreadcrumbList\",\"@id\":\"https:\/\/www.gaveanews.com\/index.php\/2022\/01\/25\/conmebol-emite-comunicado-sobre-numero-de-substituicoes-na-copa-libertadores-e-sul-americana\/#breadcrumb\",\"itemListElement\":[{\"@type\":\"ListItem\",\"position\":1,\"name\":\"Home\",\"item\":\"https:\/\/www.gaveanews.com\/\"},{\"@type\":\"ListItem\",\"position\":2,\"name\":\"Conmebol emite comunicado sobre n\u00famero de substitui\u00e7\u00f5es na Copa Libertadores e Sul-Americana\"}]},{\"@type\":\"WebSite\",\"@id\":\"https:\/\/www.gaveanews.com\/#website\",\"url\":\"https:\/\/www.gaveanews.com\/\",\"name\":\"G\u00e1vea News\",\"description\":\"Veja todas as not\u00edcias sobre o Flamengo: Contrata\u00e7\u00f5es, categorias de base, resultados das partidas, tabela de classifica\u00e7\u00e3o, pr\u00f3ximos jogos!\",\"potentialAction\":[{\"@type\":\"SearchAction\",\"target\":{\"@type\":\"EntryPoint\",\"urlTemplate\":\"https:\/\/www.gaveanews.com\/?s={search_term_string}\"},\"query-input\":{\"@type\":\"PropertyValueSpecification\",\"valueRequired\":true,\"valueName\":\"search_term_string\"}}],\"inLanguage\":\"pt-BR\"},{\"@type\":\"Person\",\"@id\":\"https:\/\/www.gaveanews.com\/#\/schema\/person\/714c67050b836198af2450ba1c142a67\",\"name\":\"Let\u00edcia Gerheim\",\"image\":{\"@type\":\"ImageObject\",\"inLanguage\":\"pt-BR\",\"@id\":\"https:\/\/www.gaveanews.com\/#\/schema\/person\/image\/\",\"url\":\"https:\/\/secure.gravatar.com\/avatar\/60734739c50fcebfbac509e2a826ccd0ff405c019bc73aab9354f19ecad1dcb4?s=96&d=mm&r=g\",\"contentUrl\":\"https:\/\/secure.gravatar.com\/avatar\/60734739c50fcebfbac509e2a826ccd0ff405c019bc73aab9354f19ecad1dcb4?s=96&d=mm&r=g\",\"caption\":\"Let\u00edcia Gerheim\"}}]}<\/script>\n<!-- \/ Yoast SEO Premium plugin. -->","yoast_head_json":{"title":"Conmebol emite comunicado sobre n\u00famero de substitui\u00e7\u00f5es na Copa Libertadores e Sul-Americana","robots":{"index":"index","follow":"follow","max-snippet":"max-snippet:-1","max-image-preview":"max-image-preview:large","max-video-preview":"max-video-preview:-1"},"canonical":"https:\/\/www.gaveanews.com\/index.php\/2022\/01\/25\/conmebol-emite-comunicado-sobre-numero-de-substituicoes-na-copa-libertadores-e-sul-americana\/","og_locale":"pt_BR","og_type":"article","og_title":"Conmebol emite comunicado sobre n\u00famero de substitui\u00e7\u00f5es na Copa Libertadores e Sul-Americana","og_description":"Enfrentando a quarta onda da pandemia, o mundo ainda n\u00e3o sabe exatamente quando conseguir\u00e1 voltar \u00e0 normalidade. As organiza\u00e7\u00f5es sanit\u00e1rias aconselham que n\u00e3o \u00e9 momento de relaxar nas medidas de precau\u00e7\u00e3o e refor\u00e7am a necessidade das medidas de conten\u00e7\u00e3o de danos para os infectados. Embora os sintomas da Covid sejam mais brandos para os vacinados [&hellip;]","og_url":"https:\/\/www.gaveanews.com\/index.php\/2022\/01\/25\/conmebol-emite-comunicado-sobre-numero-de-substituicoes-na-copa-libertadores-e-sul-americana\/","og_site_name":"G\u00e1vea News","article_publisher":"https:\/\/facebook.com\/gaveaNews\/","article_published_time":"2022-01-25T03:33:28+00:00","article_modified_time":"2022-01-25T03:33:31+00:00","og_image":[{"width":900,"height":1200,"url":"https:\/\/www.gaveanews.com\/wp-content\/uploads\/Taca-da-Libertadores-e-bandeira-do-Flamengo-no-estadio-do-Maracana.webp","type":"image\/jpeg"}],"author":"Let\u00edcia Gerheim","twitter_card":"summary_large_image","twitter_misc":{"Escrito por":"Let\u00edcia Gerheim","Est. tempo de leitura":"1 minuto"},"schema":{"@context":"https:\/\/schema.org","@graph":[{"@type":"NewsArticle","@id":"https:\/\/www.gaveanews.com\/index.php\/2022\/01\/25\/conmebol-emite-comunicado-sobre-numero-de-substituicoes-na-copa-libertadores-e-sul-americana\/#article","isPartOf":{"@id":"https:\/\/www.gaveanews.com\/index.php\/2022\/01\/25\/conmebol-emite-comunicado-sobre-numero-de-substituicoes-na-copa-libertadores-e-sul-americana\/"},"author":{"name":"Let\u00edcia Gerheim","@id":"https:\/\/www.gaveanews.com\/#\/schema\/person\/714c67050b836198af2450ba1c142a67"},"headline":"Conmebol emite comunicado sobre n\u00famero de substitui\u00e7\u00f5es na Copa Libertadores e Sul-Americana","datePublished":"2022-01-25T03:33:28+00:00","dateModified":"2022-01-25T03:33:31+00:00","mainEntityOfPage":{"@id":"https:\/\/www.gaveanews.com\/index.php\/2022\/01\/25\/conmebol-emite-comunicado-sobre-numero-de-substituicoes-na-copa-libertadores-e-sul-americana\/"},"wordCount":234,"commentCount":0,"image":{"@id":"https:\/\/www.gaveanews.com\/index.php\/2022\/01\/25\/conmebol-emite-comunicado-sobre-numero-de-substituicoes-na-copa-libertadores-e-sul-americana\/#primaryimage"},"thumbnailUrl":"https:\/\/www.gaveanews.com\/wp-content\/uploads\/Taca-da-Libertadores-e-bandeira-do-Flamengo-no-estadio-do-Maracana.webp","articleSection":["Flamengo"],"inLanguage":"pt-BR","potentialAction":[{"@type":"CommentAction","name":"Comment","target":["https:\/\/www.gaveanews.com\/index.php\/2022\/01\/25\/conmebol-emite-comunicado-sobre-numero-de-substituicoes-na-copa-libertadores-e-sul-americana\/#respond"]}],"copyrightYear":"2022","copyrightHolder":{"@id":"https:\/\/www.gaveanews.com\/#organization"}},{"@type":"WebPage","@id":"https:\/\/www.gaveanews.com\/index.php\/2022\/01\/25\/conmebol-emite-comunicado-sobre-numero-de-substituicoes-na-copa-libertadores-e-sul-americana\/","url":"https:\/\/www.gaveanews.com\/index.php\/2022\/01\/25\/conmebol-emite-comunicado-sobre-numero-de-substituicoes-na-copa-libertadores-e-sul-americana\/","name":"Conmebol emite comunicado sobre n\u00famero de substitui\u00e7\u00f5es na Copa Libertadores e Sul-Americana","isPartOf":{"@id":"https:\/\/www.gaveanews.com\/#website"},"primaryImageOfPage":{"@id":"https:\/\/www.gaveanews.com\/index.php\/2022\/01\/25\/conmebol-emite-comunicado-sobre-numero-de-substituicoes-na-copa-libertadores-e-sul-americana\/#primaryimage"},"image":{"@id":"https:\/\/www.gaveanews.com\/index.php\/2022\/01\/25\/conmebol-emite-comunicado-sobre-numero-de-substituicoes-na-copa-libertadores-e-sul-americana\/#primaryimage"},"thumbnailUrl":"https:\/\/www.gaveanews.com\/wp-content\/uploads\/Taca-da-Libertadores-e-bandeira-do-Flamengo-no-estadio-do-Maracana.webp","datePublished":"2022-01-25T03:33:28+00:00","dateModified":"2022-01-25T03:33:31+00:00","author":{"@id":"https:\/\/www.gaveanews.com\/#\/schema\/person\/714c67050b836198af2450ba1c142a67"},"breadcrumb":{"@id":"https:\/\/www.gaveanews.com\/index.php\/2022\/01\/25\/conmebol-emite-comunicado-sobre-numero-de-substituicoes-na-copa-libertadores-e-sul-americana\/#breadcrumb"},"inLanguage":"pt-BR","potentialAction":[{"@type":"ReadAction","target":["https:\/\/www.gaveanews.com\/index.php\/2022\/01\/25\/conmebol-emite-comunicado-sobre-numero-de-substituicoes-na-copa-libertadores-e-sul-americana\/"]}]},{"@type":"ImageObject","inLanguage":"pt-BR","@id":"https:\/\/www.gaveanews.com\/index.php\/2022\/01\/25\/conmebol-emite-comunicado-sobre-numero-de-substituicoes-na-copa-libertadores-e-sul-americana\/#primaryimage","url":"https:\/\/www.gaveanews.com\/wp-content\/uploads\/Taca-da-Libertadores-e-bandeira-do-Flamengo-no-estadio-do-Maracana.webp","contentUrl":"https:\/\/www.gaveanews.com\/wp-content\/uploads\/Taca-da-Libertadores-e-bandeira-do-Flamengo-no-estadio-do-Maracana.webp","width":900,"height":1200,"caption":"Ta\u00e7a da Libertadores e bandeira do Flamengo no est\u00e1dio do Maracan\u00e3 (Foto: Reprodu\u00e7\u00e3o\/ Rodrigo Dunshee de Abranches\/Twitter)"},{"@type":"BreadcrumbList","@id":"https:\/\/www.gaveanews.com\/index.php\/2022\/01\/25\/conmebol-emite-comunicado-sobre-numero-de-substituicoes-na-copa-libertadores-e-sul-americana\/#breadcrumb","itemListElement":[{"@type":"ListItem","position":1,"name":"Home","item":"https:\/\/www.gaveanews.com\/"},{"@type":"ListItem","position":2,"name":"Conmebol emite comunicado sobre n\u00famero de substitui\u00e7\u00f5es na Copa Libertadores e Sul-Americana"}]},{"@type":"WebSite","@id":"https:\/\/www.gaveanews.com\/#website","url":"https:\/\/www.gaveanews.com\/","name":"G\u00e1vea News","description":"Veja todas as not\u00edcias sobre o Flamengo: Contrata\u00e7\u00f5es, categorias de base, resultados das partidas, tabela de classifica\u00e7\u00e3o, pr\u00f3ximos jogos!","potentialAction":[{"@type":"SearchAction","target":{"@type":"EntryPoint","urlTemplate":"https:\/\/www.gaveanews.com\/?s={search_term_string}"},"query-input":{"@type":"PropertyValueSpecification","valueRequired":true,"valueName":"search_term_string"}}],"inLanguage":"pt-BR"},{"@type":"Person","@id":"https:\/\/www.gaveanews.com\/#\/schema\/person\/714c67050b836198af2450ba1c142a67","name":"Let\u00edcia Gerheim","image":{"@type":"ImageObject","inLanguage":"pt-BR","@id":"https:\/\/www.gaveanews.com\/#\/schema\/person\/image\/","url":"https:\/\/secure.gravatar.com\/avatar\/60734739c50fcebfbac509e2a826ccd0ff405c019bc73aab9354f19ecad1dcb4?s=96&d=mm&r=g","contentUrl":"https:\/\/secure.gravatar.com\/avatar\/60734739c50fcebfbac509e2a826ccd0ff405c019bc73aab9354f19ecad1dcb4?s=96&d=mm&r=g","caption":"Let\u00edcia Gerheim"}}]}},"_links":{"self":[{"href":"https:\/\/www.gaveanews.com\/index.php\/wp-json\/wp\/v2\/posts\/75375","targetHints":{"allow":["GET"]}}],"collection":[{"href":"https:\/\/www.gaveanews.com\/index.php\/wp-json\/wp\/v2\/posts"}],"about":[{"href":"https:\/\/www.gaveanews.com\/index.php\/wp-json\/wp\/v2\/types\/post"}],"author":[{"embeddable":true,"href":"https:\/\/www.gaveanews.com\/index.php\/wp-json\/wp\/v2\/users\/4"}],"replies":[{"embeddable":true,"href":"https:\/\/www.gaveanews.com\/index.php\/wp-json\/wp\/v2\/comments?post=75375"}],"version-history":[{"count":0,"href":"https:\/\/www.gaveanews.com\/index.php\/wp-json\/wp\/v2\/posts\/75375\/revisions"}],"wp:featuredmedia":[{"embeddable":true,"href":"https:\/\/www.gaveanews.com\/index.php\/wp-json\/wp\/v2\/media\/68615"}],"wp:attachment":[{"href":"https:\/\/www.gaveanews.com\/index.php\/wp-json\/wp\/v2\/media?parent=75375"}],"wp:term":[{"taxonomy":"category","embeddable":true,"href":"https:\/\/www.gaveanews.com\/index.php\/wp-json\/wp\/v2\/categories?post=75375"},{"taxonomy":"post_tag","embeddable":true,"href":"https:\/\/www.gaveanews.com\/index.php\/wp-json\/wp\/v2\/tags?post=75375"}],"curies":[{"name":"wp","href":"https:\/\/api.w.org\/{rel}","templated":true}]}}