{"id":75377,"date":"2022-01-24T18:08:07","date_gmt":"2022-01-24T21:08:07","guid":{"rendered":"https:\/\/www.gaveanews.com\/?p=75377"},"modified":"2022-01-24T18:08:11","modified_gmt":"2022-01-24T21:08:11","slug":"dirigente-do-gremio-nega-clausula-impedindo-douglas-costa-de-jogar-em-outro-time-do-brasil","status":"publish","type":"post","link":"https:\/\/www.gaveanews.com\/index.php\/2022\/01\/24\/dirigente-do-gremio-nega-clausula-impedindo-douglas-costa-de-jogar-em-outro-time-do-brasil\/","title":{"rendered":"Dirigente do Gr\u00eamio nega cl\u00e1usula impedindo Douglas Costa de jogar em outro time do Brasil"},"content":{"rendered":"\n<p>Sem se movimentar publicamente pela contrata\u00e7\u00e3o de refor\u00e7os para a temporada, o Flamengo faz suspense sobre seus passos pelo mercado da bola. Enquanto isso, os torcedores buscam ind\u00edcios dos nomes cotados pelos dirigentes rubro-negros para o time da G\u00e1vea.<\/p>\n\n\n\n<p>Um dos nomes citados nas redes sociais \u00e9 Douglas Costa, atualmente emprestado ao Gr\u00eamio. No entanto, surgiram boatos de que a equipe ga\u00facha teria imposto uma cl\u00e1usula ao atleta para que ele n\u00e3o atuasse em outro time brasileiro, o que atrapalharia poss\u00edveis planos do Flamengo.<\/p>\n\n\n\n<p>No entanto, de acordo com o jornalista Bernardo Ramos, o vice-presidente de futebol tricolor, D\u00eanis Abrah\u00e3o, recha\u00e7ou a possibilidade de ter dificultado para que o atacante defendesse outra equipe no Brasil.<\/p>\n\n\n\n<p><strong><em>\u201cA mensagem que eu mandei foi a seguinte: \u2018Qual \u00e9 o valor dessa multa para ele n\u00e3o jogar em outro clube brasileiro?\u2019. Ele falou: \u2018N\u00e3o existe isso\u2019. Ou seja, n\u00e3o tem multa nenhuma. A rescis\u00e3o foi feita em comum acordo.\u201d<\/em><\/strong><\/p>\n\n\n\n<p>Al\u00e9m disso, vale ressaltar que o pr\u00f3prio presidente do Flamengo tamb\u00e9m se posicionou sobre o assunto, negando qualquer contato com Douglas Costa. Landim, no entanto, contou que gostaria de conhecer o jogador.<\/p>\n\n\n\n<p><strong><em>\u201cNunca conversei com Douglas na minha vida. Mas quero deixar claro ao dizer isso que apenas n\u00e3o falei com ele. Teria enorme prazer em conhec\u00ea-lo, mas isso ainda n\u00e3o aconteceu.\u201d<\/em><\/strong>, garantiu o ao canal <em>\u201cPaparazzo Rubro-Negro\u201d<\/em>.<\/p>\n","protected":false},"excerpt":{"rendered":"<p>Sem se movimentar publicamente pela contrata\u00e7\u00e3o de refor\u00e7os para a temporada, o Flamengo faz suspense sobre seus passos pelo mercado da bola. Enquanto isso, os torcedores buscam ind\u00edcios dos nomes cotados pelos dirigentes rubro-negros para o time da G\u00e1vea. Um dos nomes citados nas redes sociais \u00e9 Douglas Costa, atualmente emprestado ao Gr\u00eamio. No entanto, [&hellip;]<\/p>\n","protected":false},"author":4,"featured_media":73360,"comment_status":"open","ping_status":"closed","sticky":false,"template":"","format":"standard","meta":{"footnotes":""},"categories":[1],"tags":[],"class_list":["post-75377","post","type-post","status-publish","format-standard","has-post-thumbnail","hentry","category-flamengo"],"yoast_head":"<!-- This site is optimized with the Yoast SEO Premium plugin v24.2 (Yoast SEO v26.9) - https:\/\/yoast.com\/product\/yoast-seo-premium-wordpress\/ -->\n<title>Gr\u00eamio nega cl\u00e1usula impedindo Douglas Costa de jogar em time do Brasil<\/title>\n<meta name=\"robots\" content=\"index, follow, max-snippet:-1, max-image-preview:large, max-video-preview:-1\" \/>\n<link rel=\"canonical\" href=\"https:\/\/www.gaveanews.com\/index.php\/2022\/01\/24\/dirigente-do-gremio-nega-clausula-impedindo-douglas-costa-de-jogar-em-outro-time-do-brasil\/\" \/>\n<meta property=\"og:locale\" content=\"pt_BR\" \/>\n<meta property=\"og:type\" content=\"article\" \/>\n<meta property=\"og:title\" content=\"Dirigente do Gr\u00eamio nega cl\u00e1usula impedindo Douglas Costa de jogar em outro time do Brasil\" \/>\n<meta property=\"og:description\" content=\"Sem se movimentar publicamente pela contrata\u00e7\u00e3o de refor\u00e7os para a temporada, o Flamengo faz suspense sobre seus passos pelo mercado da bola. Enquanto isso, os torcedores buscam ind\u00edcios dos nomes cotados pelos dirigentes rubro-negros para o time da G\u00e1vea. Um dos nomes citados nas redes sociais \u00e9 Douglas Costa, atualmente emprestado ao Gr\u00eamio. No entanto, [&hellip;]\" \/>\n<meta property=\"og:url\" content=\"https:\/\/www.gaveanews.com\/index.php\/2022\/01\/24\/dirigente-do-gremio-nega-clausula-impedindo-douglas-costa-de-jogar-em-outro-time-do-brasil\/\" \/>\n<meta property=\"og:site_name\" content=\"G\u00e1vea News\" \/>\n<meta property=\"article:publisher\" content=\"https:\/\/facebook.com\/gaveaNews\/\" \/>\n<meta property=\"article:published_time\" content=\"2022-01-24T21:08:07+00:00\" \/>\n<meta property=\"article:modified_time\" content=\"2022-01-24T21:08:11+00:00\" \/>\n<meta property=\"og:image\" content=\"https:\/\/www.gaveanews.com\/wp-content\/uploads\/Douglas-Costa-em-acao-pelo-Gremio.webp\" \/>\n\t<meta property=\"og:image:width\" content=\"1200\" \/>\n\t<meta property=\"og:image:height\" content=\"675\" \/>\n\t<meta property=\"og:image:type\" content=\"image\/jpeg\" \/>\n<meta name=\"author\" content=\"Let\u00edcia Gerheim\" \/>\n<meta name=\"twitter:card\" content=\"summary_large_image\" \/>\n<meta name=\"twitter:label1\" content=\"Escrito por\" \/>\n\t<meta name=\"twitter:data1\" content=\"Let\u00edcia Gerheim\" \/>\n\t<meta name=\"twitter:label2\" content=\"Est. tempo de leitura\" \/>\n\t<meta name=\"twitter:data2\" content=\"1 minuto\" \/>\n<script type=\"application\/ld+json\" class=\"yoast-schema-graph\">{\"@context\":\"https:\/\/schema.org\",\"@graph\":[{\"@type\":\"NewsArticle\",\"@id\":\"https:\/\/www.gaveanews.com\/index.php\/2022\/01\/24\/dirigente-do-gremio-nega-clausula-impedindo-douglas-costa-de-jogar-em-outro-time-do-brasil\/#article\",\"isPartOf\":{\"@id\":\"https:\/\/www.gaveanews.com\/index.php\/2022\/01\/24\/dirigente-do-gremio-nega-clausula-impedindo-douglas-costa-de-jogar-em-outro-time-do-brasil\/\"},\"author\":{\"name\":\"Let\u00edcia Gerheim\",\"@id\":\"https:\/\/www.gaveanews.com\/#\/schema\/person\/714c67050b836198af2450ba1c142a67\"},\"headline\":\"Dirigente do Gr\u00eamio nega cl\u00e1usula impedindo Douglas Costa de jogar em outro time do Brasil\",\"datePublished\":\"2022-01-24T21:08:07+00:00\",\"dateModified\":\"2022-01-24T21:08:11+00:00\",\"mainEntityOfPage\":{\"@id\":\"https:\/\/www.gaveanews.com\/index.php\/2022\/01\/24\/dirigente-do-gremio-nega-clausula-impedindo-douglas-costa-de-jogar-em-outro-time-do-brasil\/\"},\"wordCount\":260,\"commentCount\":3,\"image\":{\"@id\":\"https:\/\/www.gaveanews.com\/index.php\/2022\/01\/24\/dirigente-do-gremio-nega-clausula-impedindo-douglas-costa-de-jogar-em-outro-time-do-brasil\/#primaryimage\"},\"thumbnailUrl\":\"https:\/\/www.gaveanews.com\/wp-content\/uploads\/Douglas-Costa-em-acao-pelo-Gremio.webp\",\"articleSection\":[\"Flamengo\"],\"inLanguage\":\"pt-BR\",\"potentialAction\":[{\"@type\":\"CommentAction\",\"name\":\"Comment\",\"target\":[\"https:\/\/www.gaveanews.com\/index.php\/2022\/01\/24\/dirigente-do-gremio-nega-clausula-impedindo-douglas-costa-de-jogar-em-outro-time-do-brasil\/#respond\"]}],\"copyrightYear\":\"2022\",\"copyrightHolder\":{\"@id\":\"https:\/\/www.gaveanews.com\/#organization\"}},{\"@type\":\"WebPage\",\"@id\":\"https:\/\/www.gaveanews.com\/index.php\/2022\/01\/24\/dirigente-do-gremio-nega-clausula-impedindo-douglas-costa-de-jogar-em-outro-time-do-brasil\/\",\"url\":\"https:\/\/www.gaveanews.com\/index.php\/2022\/01\/24\/dirigente-do-gremio-nega-clausula-impedindo-douglas-costa-de-jogar-em-outro-time-do-brasil\/\",\"name\":\"Gr\u00eamio nega cl\u00e1usula impedindo Douglas Costa de jogar em time do Brasil\",\"isPartOf\":{\"@id\":\"https:\/\/www.gaveanews.com\/#website\"},\"primaryImageOfPage\":{\"@id\":\"https:\/\/www.gaveanews.com\/index.php\/2022\/01\/24\/dirigente-do-gremio-nega-clausula-impedindo-douglas-costa-de-jogar-em-outro-time-do-brasil\/#primaryimage\"},\"image\":{\"@id\":\"https:\/\/www.gaveanews.com\/index.php\/2022\/01\/24\/dirigente-do-gremio-nega-clausula-impedindo-douglas-costa-de-jogar-em-outro-time-do-brasil\/#primaryimage\"},\"thumbnailUrl\":\"https:\/\/www.gaveanews.com\/wp-content\/uploads\/Douglas-Costa-em-acao-pelo-Gremio.webp\",\"datePublished\":\"2022-01-24T21:08:07+00:00\",\"dateModified\":\"2022-01-24T21:08:11+00:00\",\"author\":{\"@id\":\"https:\/\/www.gaveanews.com\/#\/schema\/person\/714c67050b836198af2450ba1c142a67\"},\"breadcrumb\":{\"@id\":\"https:\/\/www.gaveanews.com\/index.php\/2022\/01\/24\/dirigente-do-gremio-nega-clausula-impedindo-douglas-costa-de-jogar-em-outro-time-do-brasil\/#breadcrumb\"},\"inLanguage\":\"pt-BR\",\"potentialAction\":[{\"@type\":\"ReadAction\",\"target\":[\"https:\/\/www.gaveanews.com\/index.php\/2022\/01\/24\/dirigente-do-gremio-nega-clausula-impedindo-douglas-costa-de-jogar-em-outro-time-do-brasil\/\"]}]},{\"@type\":\"ImageObject\",\"inLanguage\":\"pt-BR\",\"@id\":\"https:\/\/www.gaveanews.com\/index.php\/2022\/01\/24\/dirigente-do-gremio-nega-clausula-impedindo-douglas-costa-de-jogar-em-outro-time-do-brasil\/#primaryimage\",\"url\":\"https:\/\/www.gaveanews.com\/wp-content\/uploads\/Douglas-Costa-em-acao-pelo-Gremio.webp\",\"contentUrl\":\"https:\/\/www.gaveanews.com\/wp-content\/uploads\/Douglas-Costa-em-acao-pelo-Gremio.webp\",\"width\":1200,\"height\":675,\"caption\":\"Douglas Costa em a\u00e7\u00e3o pelo Gr\u00eamio (Foto: Lucas Uebel\/Gr\u00eamio FBPA)\"},{\"@type\":\"BreadcrumbList\",\"@id\":\"https:\/\/www.gaveanews.com\/index.php\/2022\/01\/24\/dirigente-do-gremio-nega-clausula-impedindo-douglas-costa-de-jogar-em-outro-time-do-brasil\/#breadcrumb\",\"itemListElement\":[{\"@type\":\"ListItem\",\"position\":1,\"name\":\"Home\",\"item\":\"https:\/\/www.gaveanews.com\/\"},{\"@type\":\"ListItem\",\"position\":2,\"name\":\"Dirigente do Gr\u00eamio nega cl\u00e1usula impedindo Douglas Costa de jogar em outro time do Brasil\"}]},{\"@type\":\"WebSite\",\"@id\":\"https:\/\/www.gaveanews.com\/#website\",\"url\":\"https:\/\/www.gaveanews.com\/\",\"name\":\"G\u00e1vea News\",\"description\":\"Veja todas as not\u00edcias sobre o Flamengo: Contrata\u00e7\u00f5es, categorias de base, resultados das partidas, tabela de classifica\u00e7\u00e3o, pr\u00f3ximos jogos!\",\"potentialAction\":[{\"@type\":\"SearchAction\",\"target\":{\"@type\":\"EntryPoint\",\"urlTemplate\":\"https:\/\/www.gaveanews.com\/?s={search_term_string}\"},\"query-input\":{\"@type\":\"PropertyValueSpecification\",\"valueRequired\":true,\"valueName\":\"search_term_string\"}}],\"inLanguage\":\"pt-BR\"},{\"@type\":\"Person\",\"@id\":\"https:\/\/www.gaveanews.com\/#\/schema\/person\/714c67050b836198af2450ba1c142a67\",\"name\":\"Let\u00edcia Gerheim\",\"image\":{\"@type\":\"ImageObject\",\"inLanguage\":\"pt-BR\",\"@id\":\"https:\/\/www.gaveanews.com\/#\/schema\/person\/image\/\",\"url\":\"https:\/\/secure.gravatar.com\/avatar\/60734739c50fcebfbac509e2a826ccd0ff405c019bc73aab9354f19ecad1dcb4?s=96&d=mm&r=g\",\"contentUrl\":\"https:\/\/secure.gravatar.com\/avatar\/60734739c50fcebfbac509e2a826ccd0ff405c019bc73aab9354f19ecad1dcb4?s=96&d=mm&r=g\",\"caption\":\"Let\u00edcia Gerheim\"}}]}<\/script>\n<!-- \/ Yoast SEO Premium plugin. -->","yoast_head_json":{"title":"Gr\u00eamio nega cl\u00e1usula impedindo Douglas Costa de jogar em time do Brasil","robots":{"index":"index","follow":"follow","max-snippet":"max-snippet:-1","max-image-preview":"max-image-preview:large","max-video-preview":"max-video-preview:-1"},"canonical":"https:\/\/www.gaveanews.com\/index.php\/2022\/01\/24\/dirigente-do-gremio-nega-clausula-impedindo-douglas-costa-de-jogar-em-outro-time-do-brasil\/","og_locale":"pt_BR","og_type":"article","og_title":"Dirigente do Gr\u00eamio nega cl\u00e1usula impedindo Douglas Costa de jogar em outro time do Brasil","og_description":"Sem se movimentar publicamente pela contrata\u00e7\u00e3o de refor\u00e7os para a temporada, o Flamengo faz suspense sobre seus passos pelo mercado da bola. Enquanto isso, os torcedores buscam ind\u00edcios dos nomes cotados pelos dirigentes rubro-negros para o time da G\u00e1vea. Um dos nomes citados nas redes sociais \u00e9 Douglas Costa, atualmente emprestado ao Gr\u00eamio. No entanto, [&hellip;]","og_url":"https:\/\/www.gaveanews.com\/index.php\/2022\/01\/24\/dirigente-do-gremio-nega-clausula-impedindo-douglas-costa-de-jogar-em-outro-time-do-brasil\/","og_site_name":"G\u00e1vea News","article_publisher":"https:\/\/facebook.com\/gaveaNews\/","article_published_time":"2022-01-24T21:08:07+00:00","article_modified_time":"2022-01-24T21:08:11+00:00","og_image":[{"width":1200,"height":675,"url":"https:\/\/www.gaveanews.com\/wp-content\/uploads\/Douglas-Costa-em-acao-pelo-Gremio.webp","type":"image\/jpeg"}],"author":"Let\u00edcia Gerheim","twitter_card":"summary_large_image","twitter_misc":{"Escrito por":"Let\u00edcia Gerheim","Est. tempo de leitura":"1 minuto"},"schema":{"@context":"https:\/\/schema.org","@graph":[{"@type":"NewsArticle","@id":"https:\/\/www.gaveanews.com\/index.php\/2022\/01\/24\/dirigente-do-gremio-nega-clausula-impedindo-douglas-costa-de-jogar-em-outro-time-do-brasil\/#article","isPartOf":{"@id":"https:\/\/www.gaveanews.com\/index.php\/2022\/01\/24\/dirigente-do-gremio-nega-clausula-impedindo-douglas-costa-de-jogar-em-outro-time-do-brasil\/"},"author":{"name":"Let\u00edcia Gerheim","@id":"https:\/\/www.gaveanews.com\/#\/schema\/person\/714c67050b836198af2450ba1c142a67"},"headline":"Dirigente do Gr\u00eamio nega cl\u00e1usula impedindo Douglas Costa de jogar em outro time do Brasil","datePublished":"2022-01-24T21:08:07+00:00","dateModified":"2022-01-24T21:08:11+00:00","mainEntityOfPage":{"@id":"https:\/\/www.gaveanews.com\/index.php\/2022\/01\/24\/dirigente-do-gremio-nega-clausula-impedindo-douglas-costa-de-jogar-em-outro-time-do-brasil\/"},"wordCount":260,"commentCount":3,"image":{"@id":"https:\/\/www.gaveanews.com\/index.php\/2022\/01\/24\/dirigente-do-gremio-nega-clausula-impedindo-douglas-costa-de-jogar-em-outro-time-do-brasil\/#primaryimage"},"thumbnailUrl":"https:\/\/www.gaveanews.com\/wp-content\/uploads\/Douglas-Costa-em-acao-pelo-Gremio.webp","articleSection":["Flamengo"],"inLanguage":"pt-BR","potentialAction":[{"@type":"CommentAction","name":"Comment","target":["https:\/\/www.gaveanews.com\/index.php\/2022\/01\/24\/dirigente-do-gremio-nega-clausula-impedindo-douglas-costa-de-jogar-em-outro-time-do-brasil\/#respond"]}],"copyrightYear":"2022","copyrightHolder":{"@id":"https:\/\/www.gaveanews.com\/#organization"}},{"@type":"WebPage","@id":"https:\/\/www.gaveanews.com\/index.php\/2022\/01\/24\/dirigente-do-gremio-nega-clausula-impedindo-douglas-costa-de-jogar-em-outro-time-do-brasil\/","url":"https:\/\/www.gaveanews.com\/index.php\/2022\/01\/24\/dirigente-do-gremio-nega-clausula-impedindo-douglas-costa-de-jogar-em-outro-time-do-brasil\/","name":"Gr\u00eamio nega cl\u00e1usula impedindo Douglas Costa de jogar em time do Brasil","isPartOf":{"@id":"https:\/\/www.gaveanews.com\/#website"},"primaryImageOfPage":{"@id":"https:\/\/www.gaveanews.com\/index.php\/2022\/01\/24\/dirigente-do-gremio-nega-clausula-impedindo-douglas-costa-de-jogar-em-outro-time-do-brasil\/#primaryimage"},"image":{"@id":"https:\/\/www.gaveanews.com\/index.php\/2022\/01\/24\/dirigente-do-gremio-nega-clausula-impedindo-douglas-costa-de-jogar-em-outro-time-do-brasil\/#primaryimage"},"thumbnailUrl":"https:\/\/www.gaveanews.com\/wp-content\/uploads\/Douglas-Costa-em-acao-pelo-Gremio.webp","datePublished":"2022-01-24T21:08:07+00:00","dateModified":"2022-01-24T21:08:11+00:00","author":{"@id":"https:\/\/www.gaveanews.com\/#\/schema\/person\/714c67050b836198af2450ba1c142a67"},"breadcrumb":{"@id":"https:\/\/www.gaveanews.com\/index.php\/2022\/01\/24\/dirigente-do-gremio-nega-clausula-impedindo-douglas-costa-de-jogar-em-outro-time-do-brasil\/#breadcrumb"},"inLanguage":"pt-BR","potentialAction":[{"@type":"ReadAction","target":["https:\/\/www.gaveanews.com\/index.php\/2022\/01\/24\/dirigente-do-gremio-nega-clausula-impedindo-douglas-costa-de-jogar-em-outro-time-do-brasil\/"]}]},{"@type":"ImageObject","inLanguage":"pt-BR","@id":"https:\/\/www.gaveanews.com\/index.php\/2022\/01\/24\/dirigente-do-gremio-nega-clausula-impedindo-douglas-costa-de-jogar-em-outro-time-do-brasil\/#primaryimage","url":"https:\/\/www.gaveanews.com\/wp-content\/uploads\/Douglas-Costa-em-acao-pelo-Gremio.webp","contentUrl":"https:\/\/www.gaveanews.com\/wp-content\/uploads\/Douglas-Costa-em-acao-pelo-Gremio.webp","width":1200,"height":675,"caption":"Douglas Costa em a\u00e7\u00e3o pelo Gr\u00eamio (Foto: Lucas Uebel\/Gr\u00eamio FBPA)"},{"@type":"BreadcrumbList","@id":"https:\/\/www.gaveanews.com\/index.php\/2022\/01\/24\/dirigente-do-gremio-nega-clausula-impedindo-douglas-costa-de-jogar-em-outro-time-do-brasil\/#breadcrumb","itemListElement":[{"@type":"ListItem","position":1,"name":"Home","item":"https:\/\/www.gaveanews.com\/"},{"@type":"ListItem","position":2,"name":"Dirigente do Gr\u00eamio nega cl\u00e1usula impedindo Douglas Costa de jogar em outro time do Brasil"}]},{"@type":"WebSite","@id":"https:\/\/www.gaveanews.com\/#website","url":"https:\/\/www.gaveanews.com\/","name":"G\u00e1vea News","description":"Veja todas as not\u00edcias sobre o Flamengo: Contrata\u00e7\u00f5es, categorias de base, resultados das partidas, tabela de classifica\u00e7\u00e3o, pr\u00f3ximos jogos!","potentialAction":[{"@type":"SearchAction","target":{"@type":"EntryPoint","urlTemplate":"https:\/\/www.gaveanews.com\/?s={search_term_string}"},"query-input":{"@type":"PropertyValueSpecification","valueRequired":true,"valueName":"search_term_string"}}],"inLanguage":"pt-BR"},{"@type":"Person","@id":"https:\/\/www.gaveanews.com\/#\/schema\/person\/714c67050b836198af2450ba1c142a67","name":"Let\u00edcia Gerheim","image":{"@type":"ImageObject","inLanguage":"pt-BR","@id":"https:\/\/www.gaveanews.com\/#\/schema\/person\/image\/","url":"https:\/\/secure.gravatar.com\/avatar\/60734739c50fcebfbac509e2a826ccd0ff405c019bc73aab9354f19ecad1dcb4?s=96&d=mm&r=g","contentUrl":"https:\/\/secure.gravatar.com\/avatar\/60734739c50fcebfbac509e2a826ccd0ff405c019bc73aab9354f19ecad1dcb4?s=96&d=mm&r=g","caption":"Let\u00edcia Gerheim"}}]}},"_links":{"self":[{"href":"https:\/\/www.gaveanews.com\/index.php\/wp-json\/wp\/v2\/posts\/75377","targetHints":{"allow":["GET"]}}],"collection":[{"href":"https:\/\/www.gaveanews.com\/index.php\/wp-json\/wp\/v2\/posts"}],"about":[{"href":"https:\/\/www.gaveanews.com\/index.php\/wp-json\/wp\/v2\/types\/post"}],"author":[{"embeddable":true,"href":"https:\/\/www.gaveanews.com\/index.php\/wp-json\/wp\/v2\/users\/4"}],"replies":[{"embeddable":true,"href":"https:\/\/www.gaveanews.com\/index.php\/wp-json\/wp\/v2\/comments?post=75377"}],"version-history":[{"count":0,"href":"https:\/\/www.gaveanews.com\/index.php\/wp-json\/wp\/v2\/posts\/75377\/revisions"}],"wp:featuredmedia":[{"embeddable":true,"href":"https:\/\/www.gaveanews.com\/index.php\/wp-json\/wp\/v2\/media\/73360"}],"wp:attachment":[{"href":"https:\/\/www.gaveanews.com\/index.php\/wp-json\/wp\/v2\/media?parent=75377"}],"wp:term":[{"taxonomy":"category","embeddable":true,"href":"https:\/\/www.gaveanews.com\/index.php\/wp-json\/wp\/v2\/categories?post=75377"},{"taxonomy":"post_tag","embeddable":true,"href":"https:\/\/www.gaveanews.com\/index.php\/wp-json\/wp\/v2\/tags?post=75377"}],"curies":[{"name":"wp","href":"https:\/\/api.w.org\/{rel}","templated":true}]}}