{"id":75404,"date":"2022-01-25T00:45:31","date_gmt":"2022-01-25T03:45:31","guid":{"rendered":"https:\/\/www.gaveanews.com\/?p=75404"},"modified":"2022-01-25T09:44:06","modified_gmt":"2022-01-25T12:44:06","slug":"pedro-pode-viver-dias-decisivos-por-inicio-inedito-pelo-flamengo","status":"publish","type":"post","link":"https:\/\/www.gaveanews.com\/index.php\/2022\/01\/25\/pedro-pode-viver-dias-decisivos-por-inicio-inedito-pelo-flamengo\/","title":{"rendered":"Pedro pode viver dias decisivos por in\u00edcio in\u00e9dito pelo Flamengo"},"content":{"rendered":"\n<p>Se tem um jogador no Flamengo que entra em 2022 com a sensa\u00e7\u00e3o de &#8220;posso contribuir mais&#8221; \u00e9 Pedro, o menor dos culpados por possuir uma minutagem desproporcional ao seu \u00f3timo rendimento pelo clube. E o centroavante pode viver dias decisivos a partir deste domingo, j\u00e1 que Gabigol se apresentar\u00e1 \u00e0 Sele\u00e7\u00e3o Brasileira, onde ter\u00e1 treinos e jogos at\u00e9 o dia 1\u00ba de fevereiro.<\/p>\n\n\n\n<p>Para a semana que est\u00e1 para iniciar, a terceira de Paulo Sousa sob o comando do Flamengo, o plano \u00e9 o treinador esbo\u00e7ar melhor as forma\u00e7\u00f5es que pretende come\u00e7ar a temporada &#8211; cujo foco \u00e9 a Supercopa do Brasil.<\/p>\n\n\n\n<p>E, como o portugu\u00eas tamb\u00e9m n\u00e3o deve contar com Michael, a ser anunciado como refor\u00e7o do Al Hilal nas pr\u00f3ximas horas (ou seja, um atacante a menos no elenco), a tend\u00eancia \u00e9 que Pedro seja a refer\u00eancia ofensiva nos testes iminentes, independente do esquema a ser adotado por Sousa.<\/p>\n\n\n\n<p>Nos treinos t\u00e1ticos e segmentados para atacantes, Pedro tem impressionado a comiss\u00e3o t\u00e9cnica por sua capacidade de finaliza\u00e7\u00e3o com poucos toques na bola e pelo preparo f\u00edsico acima da m\u00e9dia para o per\u00edodo do ano. O site &#8220;Goal&#8221; real\u00e7a que Bruno Henrique \u00e9 outro que tem impressionado no quesito.<\/p>\n\n\n\n<p>Por ora, prestes a tamb\u00e9m n\u00e3o contar com Everton Ribeiro, Arrascaeta e Isla, todos selecion\u00e1veis nesta Data Fifa, o grupo de Paulo Sousa segue sem previs\u00e3o de realizar um jogo-treino. Manter\u00e1 as apostas na alta intensidade em suas atividades t\u00e1ticas e de bola parada, com complemento f\u00edsico.<\/p>\n\n\n\n<p>Pelo Flamengo, dos 100 jogos oficiais, Pedro atuou em menos de 50% deles como titular, condi\u00e7\u00e3o que pode conquistar pela primeira vez &#8211; tendo Gabi \u00e0 disposi\u00e7\u00e3o &#8211; e j\u00e1 para dar o pontap\u00e9 em 2022. E os dias que vir\u00e3o podem ser determinantes para ele enfim cravar um lugar no time, seja ao lado do camisa 9 ou n\u00e3o.<\/p>\n\n\n\n<p>Reteirado de: Lance<\/p>\n","protected":false},"excerpt":{"rendered":"<p>Se tem um jogador no Flamengo que entra em 2022 com a sensa\u00e7\u00e3o de &#8220;posso contribuir mais&#8221; \u00e9 Pedro, o menor dos culpados por possuir uma minutagem desproporcional ao seu \u00f3timo rendimento pelo clube. E o centroavante pode viver dias decisivos a partir deste domingo, j\u00e1 que Gabigol se apresentar\u00e1 \u00e0 Sele\u00e7\u00e3o Brasileira, onde ter\u00e1 [&hellip;]<\/p>\n","protected":false},"author":1,"featured_media":63477,"comment_status":"open","ping_status":"closed","sticky":false,"template":"","format":"standard","meta":{"footnotes":""},"categories":[1],"tags":[],"class_list":["post-75404","post","type-post","status-publish","format-standard","has-post-thumbnail","hentry","category-flamengo"],"yoast_head":"<!-- This site is optimized with the Yoast SEO Premium plugin v24.2 (Yoast SEO v26.9) - https:\/\/yoast.com\/product\/yoast-seo-premium-wordpress\/ -->\n<title>Pedro pode viver dias decisivos por in\u00edcio in\u00e9dito pelo Flamengo<\/title>\n<meta name=\"robots\" content=\"index, follow, max-snippet:-1, max-image-preview:large, max-video-preview:-1\" \/>\n<link rel=\"canonical\" href=\"https:\/\/www.gaveanews.com\/index.php\/2022\/01\/25\/pedro-pode-viver-dias-decisivos-por-inicio-inedito-pelo-flamengo\/\" \/>\n<meta property=\"og:locale\" content=\"pt_BR\" \/>\n<meta property=\"og:type\" content=\"article\" \/>\n<meta property=\"og:title\" content=\"Pedro pode viver dias decisivos por in\u00edcio in\u00e9dito pelo Flamengo\" \/>\n<meta property=\"og:description\" content=\"Se tem um jogador no Flamengo que entra em 2022 com a sensa\u00e7\u00e3o de &#8220;posso contribuir mais&#8221; \u00e9 Pedro, o menor dos culpados por possuir uma minutagem desproporcional ao seu \u00f3timo rendimento pelo clube. E o centroavante pode viver dias decisivos a partir deste domingo, j\u00e1 que Gabigol se apresentar\u00e1 \u00e0 Sele\u00e7\u00e3o Brasileira, onde ter\u00e1 [&hellip;]\" \/>\n<meta property=\"og:url\" content=\"https:\/\/www.gaveanews.com\/index.php\/2022\/01\/25\/pedro-pode-viver-dias-decisivos-por-inicio-inedito-pelo-flamengo\/\" \/>\n<meta property=\"og:site_name\" content=\"G\u00e1vea News\" \/>\n<meta property=\"article:publisher\" content=\"https:\/\/facebook.com\/gaveaNews\/\" \/>\n<meta property=\"article:published_time\" content=\"2022-01-25T03:45:31+00:00\" \/>\n<meta property=\"article:modified_time\" content=\"2022-01-25T12:44:06+00:00\" \/>\n<meta property=\"og:image\" content=\"https:\/\/www.gaveanews.com\/wp-content\/uploads\/Pedro-em-acao-pelo-Flamengo-diante-da-equipe-do-Fortaleza-pelo-Campeonato-Brasileiro-da-temporada-de-2021.webp\" \/>\n\t<meta property=\"og:image:width\" content=\"799\" \/>\n\t<meta property=\"og:image:height\" content=\"533\" \/>\n\t<meta property=\"og:image:type\" content=\"image\/jpeg\" \/>\n<meta name=\"author\" content=\"Equipe G\u00e1vea News\" \/>\n<meta name=\"twitter:card\" content=\"summary_large_image\" \/>\n<meta name=\"twitter:label1\" content=\"Escrito por\" \/>\n\t<meta name=\"twitter:data1\" content=\"Equipe G\u00e1vea News\" \/>\n\t<meta name=\"twitter:label2\" content=\"Est. tempo de leitura\" \/>\n\t<meta name=\"twitter:data2\" content=\"2 minutos\" \/>\n<script type=\"application\/ld+json\" class=\"yoast-schema-graph\">{\"@context\":\"https:\/\/schema.org\",\"@graph\":[{\"@type\":\"NewsArticle\",\"@id\":\"https:\/\/www.gaveanews.com\/index.php\/2022\/01\/25\/pedro-pode-viver-dias-decisivos-por-inicio-inedito-pelo-flamengo\/#article\",\"isPartOf\":{\"@id\":\"https:\/\/www.gaveanews.com\/index.php\/2022\/01\/25\/pedro-pode-viver-dias-decisivos-por-inicio-inedito-pelo-flamengo\/\"},\"author\":{\"name\":\"Equipe G\u00e1vea News\",\"@id\":\"https:\/\/www.gaveanews.com\/#\/schema\/person\/2ec14f73fb96be2caf28f91afb14749d\"},\"headline\":\"Pedro pode viver dias decisivos por in\u00edcio in\u00e9dito pelo Flamengo\",\"datePublished\":\"2022-01-25T03:45:31+00:00\",\"dateModified\":\"2022-01-25T12:44:06+00:00\",\"mainEntityOfPage\":{\"@id\":\"https:\/\/www.gaveanews.com\/index.php\/2022\/01\/25\/pedro-pode-viver-dias-decisivos-por-inicio-inedito-pelo-flamengo\/\"},\"wordCount\":340,\"commentCount\":3,\"image\":{\"@id\":\"https:\/\/www.gaveanews.com\/index.php\/2022\/01\/25\/pedro-pode-viver-dias-decisivos-por-inicio-inedito-pelo-flamengo\/#primaryimage\"},\"thumbnailUrl\":\"https:\/\/www.gaveanews.com\/wp-content\/uploads\/Pedro-em-acao-pelo-Flamengo-diante-da-equipe-do-Fortaleza-pelo-Campeonato-Brasileiro-da-temporada-de-2021.webp\",\"articleSection\":[\"Flamengo\"],\"inLanguage\":\"pt-BR\",\"potentialAction\":[{\"@type\":\"CommentAction\",\"name\":\"Comment\",\"target\":[\"https:\/\/www.gaveanews.com\/index.php\/2022\/01\/25\/pedro-pode-viver-dias-decisivos-por-inicio-inedito-pelo-flamengo\/#respond\"]}],\"copyrightYear\":\"2022\",\"copyrightHolder\":{\"@id\":\"https:\/\/www.gaveanews.com\/#organization\"}},{\"@type\":\"WebPage\",\"@id\":\"https:\/\/www.gaveanews.com\/index.php\/2022\/01\/25\/pedro-pode-viver-dias-decisivos-por-inicio-inedito-pelo-flamengo\/\",\"url\":\"https:\/\/www.gaveanews.com\/index.php\/2022\/01\/25\/pedro-pode-viver-dias-decisivos-por-inicio-inedito-pelo-flamengo\/\",\"name\":\"Pedro pode viver dias decisivos por in\u00edcio in\u00e9dito pelo Flamengo\",\"isPartOf\":{\"@id\":\"https:\/\/www.gaveanews.com\/#website\"},\"primaryImageOfPage\":{\"@id\":\"https:\/\/www.gaveanews.com\/index.php\/2022\/01\/25\/pedro-pode-viver-dias-decisivos-por-inicio-inedito-pelo-flamengo\/#primaryimage\"},\"image\":{\"@id\":\"https:\/\/www.gaveanews.com\/index.php\/2022\/01\/25\/pedro-pode-viver-dias-decisivos-por-inicio-inedito-pelo-flamengo\/#primaryimage\"},\"thumbnailUrl\":\"https:\/\/www.gaveanews.com\/wp-content\/uploads\/Pedro-em-acao-pelo-Flamengo-diante-da-equipe-do-Fortaleza-pelo-Campeonato-Brasileiro-da-temporada-de-2021.webp\",\"datePublished\":\"2022-01-25T03:45:31+00:00\",\"dateModified\":\"2022-01-25T12:44:06+00:00\",\"author\":{\"@id\":\"https:\/\/www.gaveanews.com\/#\/schema\/person\/2ec14f73fb96be2caf28f91afb14749d\"},\"breadcrumb\":{\"@id\":\"https:\/\/www.gaveanews.com\/index.php\/2022\/01\/25\/pedro-pode-viver-dias-decisivos-por-inicio-inedito-pelo-flamengo\/#breadcrumb\"},\"inLanguage\":\"pt-BR\",\"potentialAction\":[{\"@type\":\"ReadAction\",\"target\":[\"https:\/\/www.gaveanews.com\/index.php\/2022\/01\/25\/pedro-pode-viver-dias-decisivos-por-inicio-inedito-pelo-flamengo\/\"]}]},{\"@type\":\"ImageObject\",\"inLanguage\":\"pt-BR\",\"@id\":\"https:\/\/www.gaveanews.com\/index.php\/2022\/01\/25\/pedro-pode-viver-dias-decisivos-por-inicio-inedito-pelo-flamengo\/#primaryimage\",\"url\":\"https:\/\/www.gaveanews.com\/wp-content\/uploads\/Pedro-em-acao-pelo-Flamengo-diante-da-equipe-do-Fortaleza-pelo-Campeonato-Brasileiro-da-temporada-de-2021.webp\",\"contentUrl\":\"https:\/\/www.gaveanews.com\/wp-content\/uploads\/Pedro-em-acao-pelo-Flamengo-diante-da-equipe-do-Fortaleza-pelo-Campeonato-Brasileiro-da-temporada-de-2021.webp\",\"width\":799,\"height\":533,\"caption\":\"Pedro em a\u00e7\u00e3o pelo Flamengo diante da equipe do Fortaleza pelo Campeonato Brasileiro da temporada de 2021 (Foto: Alexandre Vidal\/Flamengo)\"},{\"@type\":\"BreadcrumbList\",\"@id\":\"https:\/\/www.gaveanews.com\/index.php\/2022\/01\/25\/pedro-pode-viver-dias-decisivos-por-inicio-inedito-pelo-flamengo\/#breadcrumb\",\"itemListElement\":[{\"@type\":\"ListItem\",\"position\":1,\"name\":\"Home\",\"item\":\"https:\/\/www.gaveanews.com\/\"},{\"@type\":\"ListItem\",\"position\":2,\"name\":\"Pedro pode viver dias decisivos por in\u00edcio in\u00e9dito pelo Flamengo\"}]},{\"@type\":\"WebSite\",\"@id\":\"https:\/\/www.gaveanews.com\/#website\",\"url\":\"https:\/\/www.gaveanews.com\/\",\"name\":\"G\u00e1vea News\",\"description\":\"Veja todas as not\u00edcias sobre o Flamengo: Contrata\u00e7\u00f5es, categorias de base, resultados das partidas, tabela de classifica\u00e7\u00e3o, pr\u00f3ximos jogos!\",\"potentialAction\":[{\"@type\":\"SearchAction\",\"target\":{\"@type\":\"EntryPoint\",\"urlTemplate\":\"https:\/\/www.gaveanews.com\/?s={search_term_string}\"},\"query-input\":{\"@type\":\"PropertyValueSpecification\",\"valueRequired\":true,\"valueName\":\"search_term_string\"}}],\"inLanguage\":\"pt-BR\"},{\"@type\":\"Person\",\"@id\":\"https:\/\/www.gaveanews.com\/#\/schema\/person\/2ec14f73fb96be2caf28f91afb14749d\",\"name\":\"Equipe G\u00e1vea News\",\"image\":{\"@type\":\"ImageObject\",\"inLanguage\":\"pt-BR\",\"@id\":\"https:\/\/www.gaveanews.com\/#\/schema\/person\/image\/\",\"url\":\"https:\/\/secure.gravatar.com\/avatar\/1e1956f1facbffd3f8fa53a326721950116b3b9dc9bd44939c01180fd4a745a9?s=96&d=mm&r=g\",\"contentUrl\":\"https:\/\/secure.gravatar.com\/avatar\/1e1956f1facbffd3f8fa53a326721950116b3b9dc9bd44939c01180fd4a745a9?s=96&d=mm&r=g\",\"caption\":\"Equipe G\u00e1vea News\"}}]}<\/script>\n<!-- \/ Yoast SEO Premium plugin. -->","yoast_head_json":{"title":"Pedro pode viver dias decisivos por in\u00edcio in\u00e9dito pelo Flamengo","robots":{"index":"index","follow":"follow","max-snippet":"max-snippet:-1","max-image-preview":"max-image-preview:large","max-video-preview":"max-video-preview:-1"},"canonical":"https:\/\/www.gaveanews.com\/index.php\/2022\/01\/25\/pedro-pode-viver-dias-decisivos-por-inicio-inedito-pelo-flamengo\/","og_locale":"pt_BR","og_type":"article","og_title":"Pedro pode viver dias decisivos por in\u00edcio in\u00e9dito pelo Flamengo","og_description":"Se tem um jogador no Flamengo que entra em 2022 com a sensa\u00e7\u00e3o de &#8220;posso contribuir mais&#8221; \u00e9 Pedro, o menor dos culpados por possuir uma minutagem desproporcional ao seu \u00f3timo rendimento pelo clube. E o centroavante pode viver dias decisivos a partir deste domingo, j\u00e1 que Gabigol se apresentar\u00e1 \u00e0 Sele\u00e7\u00e3o Brasileira, onde ter\u00e1 [&hellip;]","og_url":"https:\/\/www.gaveanews.com\/index.php\/2022\/01\/25\/pedro-pode-viver-dias-decisivos-por-inicio-inedito-pelo-flamengo\/","og_site_name":"G\u00e1vea News","article_publisher":"https:\/\/facebook.com\/gaveaNews\/","article_published_time":"2022-01-25T03:45:31+00:00","article_modified_time":"2022-01-25T12:44:06+00:00","og_image":[{"width":799,"height":533,"url":"https:\/\/www.gaveanews.com\/wp-content\/uploads\/Pedro-em-acao-pelo-Flamengo-diante-da-equipe-do-Fortaleza-pelo-Campeonato-Brasileiro-da-temporada-de-2021.webp","type":"image\/jpeg"}],"author":"Equipe G\u00e1vea News","twitter_card":"summary_large_image","twitter_misc":{"Escrito por":"Equipe G\u00e1vea News","Est. tempo de leitura":"2 minutos"},"schema":{"@context":"https:\/\/schema.org","@graph":[{"@type":"NewsArticle","@id":"https:\/\/www.gaveanews.com\/index.php\/2022\/01\/25\/pedro-pode-viver-dias-decisivos-por-inicio-inedito-pelo-flamengo\/#article","isPartOf":{"@id":"https:\/\/www.gaveanews.com\/index.php\/2022\/01\/25\/pedro-pode-viver-dias-decisivos-por-inicio-inedito-pelo-flamengo\/"},"author":{"name":"Equipe G\u00e1vea News","@id":"https:\/\/www.gaveanews.com\/#\/schema\/person\/2ec14f73fb96be2caf28f91afb14749d"},"headline":"Pedro pode viver dias decisivos por in\u00edcio in\u00e9dito pelo Flamengo","datePublished":"2022-01-25T03:45:31+00:00","dateModified":"2022-01-25T12:44:06+00:00","mainEntityOfPage":{"@id":"https:\/\/www.gaveanews.com\/index.php\/2022\/01\/25\/pedro-pode-viver-dias-decisivos-por-inicio-inedito-pelo-flamengo\/"},"wordCount":340,"commentCount":3,"image":{"@id":"https:\/\/www.gaveanews.com\/index.php\/2022\/01\/25\/pedro-pode-viver-dias-decisivos-por-inicio-inedito-pelo-flamengo\/#primaryimage"},"thumbnailUrl":"https:\/\/www.gaveanews.com\/wp-content\/uploads\/Pedro-em-acao-pelo-Flamengo-diante-da-equipe-do-Fortaleza-pelo-Campeonato-Brasileiro-da-temporada-de-2021.webp","articleSection":["Flamengo"],"inLanguage":"pt-BR","potentialAction":[{"@type":"CommentAction","name":"Comment","target":["https:\/\/www.gaveanews.com\/index.php\/2022\/01\/25\/pedro-pode-viver-dias-decisivos-por-inicio-inedito-pelo-flamengo\/#respond"]}],"copyrightYear":"2022","copyrightHolder":{"@id":"https:\/\/www.gaveanews.com\/#organization"}},{"@type":"WebPage","@id":"https:\/\/www.gaveanews.com\/index.php\/2022\/01\/25\/pedro-pode-viver-dias-decisivos-por-inicio-inedito-pelo-flamengo\/","url":"https:\/\/www.gaveanews.com\/index.php\/2022\/01\/25\/pedro-pode-viver-dias-decisivos-por-inicio-inedito-pelo-flamengo\/","name":"Pedro pode viver dias decisivos por in\u00edcio in\u00e9dito pelo Flamengo","isPartOf":{"@id":"https:\/\/www.gaveanews.com\/#website"},"primaryImageOfPage":{"@id":"https:\/\/www.gaveanews.com\/index.php\/2022\/01\/25\/pedro-pode-viver-dias-decisivos-por-inicio-inedito-pelo-flamengo\/#primaryimage"},"image":{"@id":"https:\/\/www.gaveanews.com\/index.php\/2022\/01\/25\/pedro-pode-viver-dias-decisivos-por-inicio-inedito-pelo-flamengo\/#primaryimage"},"thumbnailUrl":"https:\/\/www.gaveanews.com\/wp-content\/uploads\/Pedro-em-acao-pelo-Flamengo-diante-da-equipe-do-Fortaleza-pelo-Campeonato-Brasileiro-da-temporada-de-2021.webp","datePublished":"2022-01-25T03:45:31+00:00","dateModified":"2022-01-25T12:44:06+00:00","author":{"@id":"https:\/\/www.gaveanews.com\/#\/schema\/person\/2ec14f73fb96be2caf28f91afb14749d"},"breadcrumb":{"@id":"https:\/\/www.gaveanews.com\/index.php\/2022\/01\/25\/pedro-pode-viver-dias-decisivos-por-inicio-inedito-pelo-flamengo\/#breadcrumb"},"inLanguage":"pt-BR","potentialAction":[{"@type":"ReadAction","target":["https:\/\/www.gaveanews.com\/index.php\/2022\/01\/25\/pedro-pode-viver-dias-decisivos-por-inicio-inedito-pelo-flamengo\/"]}]},{"@type":"ImageObject","inLanguage":"pt-BR","@id":"https:\/\/www.gaveanews.com\/index.php\/2022\/01\/25\/pedro-pode-viver-dias-decisivos-por-inicio-inedito-pelo-flamengo\/#primaryimage","url":"https:\/\/www.gaveanews.com\/wp-content\/uploads\/Pedro-em-acao-pelo-Flamengo-diante-da-equipe-do-Fortaleza-pelo-Campeonato-Brasileiro-da-temporada-de-2021.webp","contentUrl":"https:\/\/www.gaveanews.com\/wp-content\/uploads\/Pedro-em-acao-pelo-Flamengo-diante-da-equipe-do-Fortaleza-pelo-Campeonato-Brasileiro-da-temporada-de-2021.webp","width":799,"height":533,"caption":"Pedro em a\u00e7\u00e3o pelo Flamengo diante da equipe do Fortaleza pelo Campeonato Brasileiro da temporada de 2021 (Foto: Alexandre Vidal\/Flamengo)"},{"@type":"BreadcrumbList","@id":"https:\/\/www.gaveanews.com\/index.php\/2022\/01\/25\/pedro-pode-viver-dias-decisivos-por-inicio-inedito-pelo-flamengo\/#breadcrumb","itemListElement":[{"@type":"ListItem","position":1,"name":"Home","item":"https:\/\/www.gaveanews.com\/"},{"@type":"ListItem","position":2,"name":"Pedro pode viver dias decisivos por in\u00edcio in\u00e9dito pelo Flamengo"}]},{"@type":"WebSite","@id":"https:\/\/www.gaveanews.com\/#website","url":"https:\/\/www.gaveanews.com\/","name":"G\u00e1vea News","description":"Veja todas as not\u00edcias sobre o Flamengo: Contrata\u00e7\u00f5es, categorias de base, resultados das partidas, tabela de classifica\u00e7\u00e3o, pr\u00f3ximos jogos!","potentialAction":[{"@type":"SearchAction","target":{"@type":"EntryPoint","urlTemplate":"https:\/\/www.gaveanews.com\/?s={search_term_string}"},"query-input":{"@type":"PropertyValueSpecification","valueRequired":true,"valueName":"search_term_string"}}],"inLanguage":"pt-BR"},{"@type":"Person","@id":"https:\/\/www.gaveanews.com\/#\/schema\/person\/2ec14f73fb96be2caf28f91afb14749d","name":"Equipe G\u00e1vea News","image":{"@type":"ImageObject","inLanguage":"pt-BR","@id":"https:\/\/www.gaveanews.com\/#\/schema\/person\/image\/","url":"https:\/\/secure.gravatar.com\/avatar\/1e1956f1facbffd3f8fa53a326721950116b3b9dc9bd44939c01180fd4a745a9?s=96&d=mm&r=g","contentUrl":"https:\/\/secure.gravatar.com\/avatar\/1e1956f1facbffd3f8fa53a326721950116b3b9dc9bd44939c01180fd4a745a9?s=96&d=mm&r=g","caption":"Equipe G\u00e1vea News"}}]}},"_links":{"self":[{"href":"https:\/\/www.gaveanews.com\/index.php\/wp-json\/wp\/v2\/posts\/75404","targetHints":{"allow":["GET"]}}],"collection":[{"href":"https:\/\/www.gaveanews.com\/index.php\/wp-json\/wp\/v2\/posts"}],"about":[{"href":"https:\/\/www.gaveanews.com\/index.php\/wp-json\/wp\/v2\/types\/post"}],"author":[{"embeddable":true,"href":"https:\/\/www.gaveanews.com\/index.php\/wp-json\/wp\/v2\/users\/1"}],"replies":[{"embeddable":true,"href":"https:\/\/www.gaveanews.com\/index.php\/wp-json\/wp\/v2\/comments?post=75404"}],"version-history":[{"count":0,"href":"https:\/\/www.gaveanews.com\/index.php\/wp-json\/wp\/v2\/posts\/75404\/revisions"}],"wp:featuredmedia":[{"embeddable":true,"href":"https:\/\/www.gaveanews.com\/index.php\/wp-json\/wp\/v2\/media\/63477"}],"wp:attachment":[{"href":"https:\/\/www.gaveanews.com\/index.php\/wp-json\/wp\/v2\/media?parent=75404"}],"wp:term":[{"taxonomy":"category","embeddable":true,"href":"https:\/\/www.gaveanews.com\/index.php\/wp-json\/wp\/v2\/categories?post=75404"},{"taxonomy":"post_tag","embeddable":true,"href":"https:\/\/www.gaveanews.com\/index.php\/wp-json\/wp\/v2\/tags?post=75404"}],"curies":[{"name":"wp","href":"https:\/\/api.w.org\/{rel}","templated":true}]}}