{"id":75411,"date":"2022-01-25T09:46:13","date_gmt":"2022-01-25T12:46:13","guid":{"rendered":"https:\/\/www.gaveanews.com\/?p=75411"},"modified":"2022-01-25T09:46:16","modified_gmt":"2022-01-25T12:46:16","slug":"pedro-ganha-forca-no-flamengo-ao-impressionar-antigo-admirador","status":"publish","type":"post","link":"https:\/\/www.gaveanews.com\/index.php\/2022\/01\/25\/pedro-ganha-forca-no-flamengo-ao-impressionar-antigo-admirador\/","title":{"rendered":"Pedro ganha for\u00e7a no Flamengo ao impressionar antigo admirador"},"content":{"rendered":"\n<p>Quis o destino que o encontro entre Paulo Sousa e o atacante Pedro acontecesse no Flamengo. N\u00e3o fosse por uma recusa do Fluminense, a parceria teria sido selada ainda em 2019, quando o portugu\u00eas, ent\u00e3o t\u00e9cnico do Bordeaux (FRA), pediu a contrata\u00e7\u00e3o do atacante.<\/p>\n\n\n\n<p>Na \u00e9poca, o Flu n\u00e3o aceitou a proposta, e a dobradinha foi adiada. Meses depois, o jogador foi vendido para a Fiorentina (ITA). At\u00e9 que em janeiro de 2020 ele partiu rumo \u00e0 G\u00e1vea.<\/p>\n\n\n\n<p>Encantado com o camisa 21 desde que ele vestia tricolor, Sousa precisou de poucos dias para confirmar que sua impress\u00e3o, \u00e0 dist\u00e2ncia, n\u00e3o estava equivocada. Logo neste in\u00edcio de trabalho, o luso tem se animado, para n\u00e3o dizer impressionado com a capacidade t\u00e9cnica do atleta \u2014\u00e9 o que tem confidenciado a pessoas pr\u00f3ximas.<\/p>\n\n\n\n<p>Com a concorr\u00eancia ferrenha de Gabigol, Pedro intensificou os esfor\u00e7os e voltou a mil por hora na pr\u00e9-temporada, estando no grupo dos jogadores que apresentaram os melhores \u00edndices de gordura corporal e massa muscular.<\/p>\n\n\n\n<p>Diante da expectativa criada com a chegada de uma nova comiss\u00e3o t\u00e9cnica, o artilheiro n\u00e3o esconde o \u00e2nimo renovado e aguarda por mais chances do que em temporadas anteriores.<\/p>\n\n\n\n<p>\u2014 <strong><em>N\u00e3o penso que s\u00f3 temos Pedro e Gabigol, temos tr\u00eas atacantes muito fortes. J\u00e1 usei tr\u00eas atacantes e penso em fazer em v\u00e1rios jogos neste in\u00edcio e durante o pr\u00f3prio jogo. Estou falando do Bruno Henrique, que \u00e9 muito forte e tem muita qualidade na \u00e1rea. Sou um treinador que gosto de ver minha equipe criando chance de gol por todos os lados. Quero criar uma din\u00e2mica que nos fa\u00e7a marcar muitos, muitos gols<\/em><\/strong>, disse Sousa.<\/p>\n\n\n\n<p>Animado com a admira\u00e7\u00e3o do comandante, o centroavante sabe que tem o carinho de um outro t\u00e9cnico para l\u00e1 de especial. Tite, no caso. Na \u00faltima convoca\u00e7\u00e3o da sele\u00e7\u00e3o que disputa as Eliminat\u00f3rias, o treinador deixou claro que o passaporte do rubro-negro ainda pode ser carimbado para a Copa do Mundo: &#8220;Temos a expectativa de ter o Pedro com a gente, de ele voltar a ser chamado, com mais rodagem, mais minutos em campo e menos les\u00f5es&#8221;.<\/p>\n\n\n\n<p>Com 41 gols em 100 jogos pelo Flamengo, Pedro inicia a temporada com a corda toda e disposto a fazer de 2022 um ano pintado de vermelho, preto e amarelo.<\/p>\n\n\n\n<p>Retirado de: UOL<\/p>\n","protected":false},"excerpt":{"rendered":"<p>Quis o destino que o encontro entre Paulo Sousa e o atacante Pedro acontecesse no Flamengo. N\u00e3o fosse por uma recusa do Fluminense, a parceria teria sido selada ainda em 2019, quando o portugu\u00eas, ent\u00e3o t\u00e9cnico do Bordeaux (FRA), pediu a contrata\u00e7\u00e3o do atacante. Na \u00e9poca, o Flu n\u00e3o aceitou a proposta, e a dobradinha [&hellip;]<\/p>\n","protected":false},"author":1,"featured_media":74868,"comment_status":"open","ping_status":"closed","sticky":false,"template":"","format":"standard","meta":{"footnotes":""},"categories":[1],"tags":[],"class_list":["post-75411","post","type-post","status-publish","format-standard","has-post-thumbnail","hentry","category-flamengo"],"yoast_head":"<!-- This site is optimized with the Yoast SEO Premium plugin v24.2 (Yoast SEO v26.9) - https:\/\/yoast.com\/product\/yoast-seo-premium-wordpress\/ -->\n<title>Pedro ganha for\u00e7a no Flamengo ao impressionar antigo admirador<\/title>\n<meta name=\"robots\" content=\"index, follow, max-snippet:-1, max-image-preview:large, max-video-preview:-1\" \/>\n<link rel=\"canonical\" href=\"https:\/\/www.gaveanews.com\/index.php\/2022\/01\/25\/pedro-ganha-forca-no-flamengo-ao-impressionar-antigo-admirador\/\" \/>\n<meta property=\"og:locale\" content=\"pt_BR\" \/>\n<meta property=\"og:type\" content=\"article\" \/>\n<meta property=\"og:title\" content=\"Pedro ganha for\u00e7a no Flamengo ao impressionar antigo admirador\" \/>\n<meta property=\"og:description\" content=\"Quis o destino que o encontro entre Paulo Sousa e o atacante Pedro acontecesse no Flamengo. N\u00e3o fosse por uma recusa do Fluminense, a parceria teria sido selada ainda em 2019, quando o portugu\u00eas, ent\u00e3o t\u00e9cnico do Bordeaux (FRA), pediu a contrata\u00e7\u00e3o do atacante. Na \u00e9poca, o Flu n\u00e3o aceitou a proposta, e a dobradinha [&hellip;]\" \/>\n<meta property=\"og:url\" content=\"https:\/\/www.gaveanews.com\/index.php\/2022\/01\/25\/pedro-ganha-forca-no-flamengo-ao-impressionar-antigo-admirador\/\" \/>\n<meta property=\"og:site_name\" content=\"G\u00e1vea News\" \/>\n<meta property=\"article:publisher\" content=\"https:\/\/facebook.com\/gaveaNews\/\" \/>\n<meta property=\"article:published_time\" content=\"2022-01-25T12:46:13+00:00\" \/>\n<meta property=\"article:modified_time\" content=\"2022-01-25T12:46:16+00:00\" \/>\n<meta property=\"og:image\" content=\"https:\/\/www.gaveanews.com\/wp-content\/uploads\/Pedro-em-treinamento-do-Flamengo-no-Ninho-do-Urubu.webp\" \/>\n\t<meta property=\"og:image:width\" content=\"799\" \/>\n\t<meta property=\"og:image:height\" content=\"533\" \/>\n\t<meta property=\"og:image:type\" content=\"image\/jpeg\" \/>\n<meta name=\"author\" content=\"Equipe G\u00e1vea News\" \/>\n<meta name=\"twitter:card\" content=\"summary_large_image\" \/>\n<meta name=\"twitter:label1\" content=\"Escrito por\" \/>\n\t<meta name=\"twitter:data1\" content=\"Equipe G\u00e1vea News\" \/>\n\t<meta name=\"twitter:label2\" content=\"Est. tempo de leitura\" \/>\n\t<meta name=\"twitter:data2\" content=\"2 minutos\" \/>\n<script type=\"application\/ld+json\" class=\"yoast-schema-graph\">{\"@context\":\"https:\/\/schema.org\",\"@graph\":[{\"@type\":\"NewsArticle\",\"@id\":\"https:\/\/www.gaveanews.com\/index.php\/2022\/01\/25\/pedro-ganha-forca-no-flamengo-ao-impressionar-antigo-admirador\/#article\",\"isPartOf\":{\"@id\":\"https:\/\/www.gaveanews.com\/index.php\/2022\/01\/25\/pedro-ganha-forca-no-flamengo-ao-impressionar-antigo-admirador\/\"},\"author\":{\"name\":\"Equipe G\u00e1vea News\",\"@id\":\"https:\/\/www.gaveanews.com\/#\/schema\/person\/2ec14f73fb96be2caf28f91afb14749d\"},\"headline\":\"Pedro ganha for\u00e7a no Flamengo ao impressionar antigo admirador\",\"datePublished\":\"2022-01-25T12:46:13+00:00\",\"dateModified\":\"2022-01-25T12:46:16+00:00\",\"mainEntityOfPage\":{\"@id\":\"https:\/\/www.gaveanews.com\/index.php\/2022\/01\/25\/pedro-ganha-forca-no-flamengo-ao-impressionar-antigo-admirador\/\"},\"wordCount\":414,\"commentCount\":14,\"image\":{\"@id\":\"https:\/\/www.gaveanews.com\/index.php\/2022\/01\/25\/pedro-ganha-forca-no-flamengo-ao-impressionar-antigo-admirador\/#primaryimage\"},\"thumbnailUrl\":\"https:\/\/www.gaveanews.com\/wp-content\/uploads\/Pedro-em-treinamento-do-Flamengo-no-Ninho-do-Urubu.webp\",\"articleSection\":[\"Flamengo\"],\"inLanguage\":\"pt-BR\",\"potentialAction\":[{\"@type\":\"CommentAction\",\"name\":\"Comment\",\"target\":[\"https:\/\/www.gaveanews.com\/index.php\/2022\/01\/25\/pedro-ganha-forca-no-flamengo-ao-impressionar-antigo-admirador\/#respond\"]}],\"copyrightYear\":\"2022\",\"copyrightHolder\":{\"@id\":\"https:\/\/www.gaveanews.com\/#organization\"}},{\"@type\":\"WebPage\",\"@id\":\"https:\/\/www.gaveanews.com\/index.php\/2022\/01\/25\/pedro-ganha-forca-no-flamengo-ao-impressionar-antigo-admirador\/\",\"url\":\"https:\/\/www.gaveanews.com\/index.php\/2022\/01\/25\/pedro-ganha-forca-no-flamengo-ao-impressionar-antigo-admirador\/\",\"name\":\"Pedro ganha for\u00e7a no Flamengo ao impressionar antigo admirador\",\"isPartOf\":{\"@id\":\"https:\/\/www.gaveanews.com\/#website\"},\"primaryImageOfPage\":{\"@id\":\"https:\/\/www.gaveanews.com\/index.php\/2022\/01\/25\/pedro-ganha-forca-no-flamengo-ao-impressionar-antigo-admirador\/#primaryimage\"},\"image\":{\"@id\":\"https:\/\/www.gaveanews.com\/index.php\/2022\/01\/25\/pedro-ganha-forca-no-flamengo-ao-impressionar-antigo-admirador\/#primaryimage\"},\"thumbnailUrl\":\"https:\/\/www.gaveanews.com\/wp-content\/uploads\/Pedro-em-treinamento-do-Flamengo-no-Ninho-do-Urubu.webp\",\"datePublished\":\"2022-01-25T12:46:13+00:00\",\"dateModified\":\"2022-01-25T12:46:16+00:00\",\"author\":{\"@id\":\"https:\/\/www.gaveanews.com\/#\/schema\/person\/2ec14f73fb96be2caf28f91afb14749d\"},\"breadcrumb\":{\"@id\":\"https:\/\/www.gaveanews.com\/index.php\/2022\/01\/25\/pedro-ganha-forca-no-flamengo-ao-impressionar-antigo-admirador\/#breadcrumb\"},\"inLanguage\":\"pt-BR\",\"potentialAction\":[{\"@type\":\"ReadAction\",\"target\":[\"https:\/\/www.gaveanews.com\/index.php\/2022\/01\/25\/pedro-ganha-forca-no-flamengo-ao-impressionar-antigo-admirador\/\"]}]},{\"@type\":\"ImageObject\",\"inLanguage\":\"pt-BR\",\"@id\":\"https:\/\/www.gaveanews.com\/index.php\/2022\/01\/25\/pedro-ganha-forca-no-flamengo-ao-impressionar-antigo-admirador\/#primaryimage\",\"url\":\"https:\/\/www.gaveanews.com\/wp-content\/uploads\/Pedro-em-treinamento-do-Flamengo-no-Ninho-do-Urubu.webp\",\"contentUrl\":\"https:\/\/www.gaveanews.com\/wp-content\/uploads\/Pedro-em-treinamento-do-Flamengo-no-Ninho-do-Urubu.webp\",\"width\":799,\"height\":533,\"caption\":\"Pedro em treinamento do Flamengo no Ninho do Urubu (Foto: Marcelo Cortes\/Flamengo)\"},{\"@type\":\"BreadcrumbList\",\"@id\":\"https:\/\/www.gaveanews.com\/index.php\/2022\/01\/25\/pedro-ganha-forca-no-flamengo-ao-impressionar-antigo-admirador\/#breadcrumb\",\"itemListElement\":[{\"@type\":\"ListItem\",\"position\":1,\"name\":\"Home\",\"item\":\"https:\/\/www.gaveanews.com\/\"},{\"@type\":\"ListItem\",\"position\":2,\"name\":\"Pedro ganha for\u00e7a no Flamengo ao impressionar antigo admirador\"}]},{\"@type\":\"WebSite\",\"@id\":\"https:\/\/www.gaveanews.com\/#website\",\"url\":\"https:\/\/www.gaveanews.com\/\",\"name\":\"G\u00e1vea News\",\"description\":\"Veja todas as not\u00edcias sobre o Flamengo: Contrata\u00e7\u00f5es, categorias de base, resultados das partidas, tabela de classifica\u00e7\u00e3o, pr\u00f3ximos jogos!\",\"potentialAction\":[{\"@type\":\"SearchAction\",\"target\":{\"@type\":\"EntryPoint\",\"urlTemplate\":\"https:\/\/www.gaveanews.com\/?s={search_term_string}\"},\"query-input\":{\"@type\":\"PropertyValueSpecification\",\"valueRequired\":true,\"valueName\":\"search_term_string\"}}],\"inLanguage\":\"pt-BR\"},{\"@type\":\"Person\",\"@id\":\"https:\/\/www.gaveanews.com\/#\/schema\/person\/2ec14f73fb96be2caf28f91afb14749d\",\"name\":\"Equipe G\u00e1vea News\",\"image\":{\"@type\":\"ImageObject\",\"inLanguage\":\"pt-BR\",\"@id\":\"https:\/\/www.gaveanews.com\/#\/schema\/person\/image\/\",\"url\":\"https:\/\/secure.gravatar.com\/avatar\/1e1956f1facbffd3f8fa53a326721950116b3b9dc9bd44939c01180fd4a745a9?s=96&d=mm&r=g\",\"contentUrl\":\"https:\/\/secure.gravatar.com\/avatar\/1e1956f1facbffd3f8fa53a326721950116b3b9dc9bd44939c01180fd4a745a9?s=96&d=mm&r=g\",\"caption\":\"Equipe G\u00e1vea News\"}}]}<\/script>\n<!-- \/ Yoast SEO Premium plugin. -->","yoast_head_json":{"title":"Pedro ganha for\u00e7a no Flamengo ao impressionar antigo admirador","robots":{"index":"index","follow":"follow","max-snippet":"max-snippet:-1","max-image-preview":"max-image-preview:large","max-video-preview":"max-video-preview:-1"},"canonical":"https:\/\/www.gaveanews.com\/index.php\/2022\/01\/25\/pedro-ganha-forca-no-flamengo-ao-impressionar-antigo-admirador\/","og_locale":"pt_BR","og_type":"article","og_title":"Pedro ganha for\u00e7a no Flamengo ao impressionar antigo admirador","og_description":"Quis o destino que o encontro entre Paulo Sousa e o atacante Pedro acontecesse no Flamengo. N\u00e3o fosse por uma recusa do Fluminense, a parceria teria sido selada ainda em 2019, quando o portugu\u00eas, ent\u00e3o t\u00e9cnico do Bordeaux (FRA), pediu a contrata\u00e7\u00e3o do atacante. Na \u00e9poca, o Flu n\u00e3o aceitou a proposta, e a dobradinha [&hellip;]","og_url":"https:\/\/www.gaveanews.com\/index.php\/2022\/01\/25\/pedro-ganha-forca-no-flamengo-ao-impressionar-antigo-admirador\/","og_site_name":"G\u00e1vea News","article_publisher":"https:\/\/facebook.com\/gaveaNews\/","article_published_time":"2022-01-25T12:46:13+00:00","article_modified_time":"2022-01-25T12:46:16+00:00","og_image":[{"width":799,"height":533,"url":"https:\/\/www.gaveanews.com\/wp-content\/uploads\/Pedro-em-treinamento-do-Flamengo-no-Ninho-do-Urubu.webp","type":"image\/jpeg"}],"author":"Equipe G\u00e1vea News","twitter_card":"summary_large_image","twitter_misc":{"Escrito por":"Equipe G\u00e1vea News","Est. tempo de leitura":"2 minutos"},"schema":{"@context":"https:\/\/schema.org","@graph":[{"@type":"NewsArticle","@id":"https:\/\/www.gaveanews.com\/index.php\/2022\/01\/25\/pedro-ganha-forca-no-flamengo-ao-impressionar-antigo-admirador\/#article","isPartOf":{"@id":"https:\/\/www.gaveanews.com\/index.php\/2022\/01\/25\/pedro-ganha-forca-no-flamengo-ao-impressionar-antigo-admirador\/"},"author":{"name":"Equipe G\u00e1vea News","@id":"https:\/\/www.gaveanews.com\/#\/schema\/person\/2ec14f73fb96be2caf28f91afb14749d"},"headline":"Pedro ganha for\u00e7a no Flamengo ao impressionar antigo admirador","datePublished":"2022-01-25T12:46:13+00:00","dateModified":"2022-01-25T12:46:16+00:00","mainEntityOfPage":{"@id":"https:\/\/www.gaveanews.com\/index.php\/2022\/01\/25\/pedro-ganha-forca-no-flamengo-ao-impressionar-antigo-admirador\/"},"wordCount":414,"commentCount":14,"image":{"@id":"https:\/\/www.gaveanews.com\/index.php\/2022\/01\/25\/pedro-ganha-forca-no-flamengo-ao-impressionar-antigo-admirador\/#primaryimage"},"thumbnailUrl":"https:\/\/www.gaveanews.com\/wp-content\/uploads\/Pedro-em-treinamento-do-Flamengo-no-Ninho-do-Urubu.webp","articleSection":["Flamengo"],"inLanguage":"pt-BR","potentialAction":[{"@type":"CommentAction","name":"Comment","target":["https:\/\/www.gaveanews.com\/index.php\/2022\/01\/25\/pedro-ganha-forca-no-flamengo-ao-impressionar-antigo-admirador\/#respond"]}],"copyrightYear":"2022","copyrightHolder":{"@id":"https:\/\/www.gaveanews.com\/#organization"}},{"@type":"WebPage","@id":"https:\/\/www.gaveanews.com\/index.php\/2022\/01\/25\/pedro-ganha-forca-no-flamengo-ao-impressionar-antigo-admirador\/","url":"https:\/\/www.gaveanews.com\/index.php\/2022\/01\/25\/pedro-ganha-forca-no-flamengo-ao-impressionar-antigo-admirador\/","name":"Pedro ganha for\u00e7a no Flamengo ao impressionar antigo admirador","isPartOf":{"@id":"https:\/\/www.gaveanews.com\/#website"},"primaryImageOfPage":{"@id":"https:\/\/www.gaveanews.com\/index.php\/2022\/01\/25\/pedro-ganha-forca-no-flamengo-ao-impressionar-antigo-admirador\/#primaryimage"},"image":{"@id":"https:\/\/www.gaveanews.com\/index.php\/2022\/01\/25\/pedro-ganha-forca-no-flamengo-ao-impressionar-antigo-admirador\/#primaryimage"},"thumbnailUrl":"https:\/\/www.gaveanews.com\/wp-content\/uploads\/Pedro-em-treinamento-do-Flamengo-no-Ninho-do-Urubu.webp","datePublished":"2022-01-25T12:46:13+00:00","dateModified":"2022-01-25T12:46:16+00:00","author":{"@id":"https:\/\/www.gaveanews.com\/#\/schema\/person\/2ec14f73fb96be2caf28f91afb14749d"},"breadcrumb":{"@id":"https:\/\/www.gaveanews.com\/index.php\/2022\/01\/25\/pedro-ganha-forca-no-flamengo-ao-impressionar-antigo-admirador\/#breadcrumb"},"inLanguage":"pt-BR","potentialAction":[{"@type":"ReadAction","target":["https:\/\/www.gaveanews.com\/index.php\/2022\/01\/25\/pedro-ganha-forca-no-flamengo-ao-impressionar-antigo-admirador\/"]}]},{"@type":"ImageObject","inLanguage":"pt-BR","@id":"https:\/\/www.gaveanews.com\/index.php\/2022\/01\/25\/pedro-ganha-forca-no-flamengo-ao-impressionar-antigo-admirador\/#primaryimage","url":"https:\/\/www.gaveanews.com\/wp-content\/uploads\/Pedro-em-treinamento-do-Flamengo-no-Ninho-do-Urubu.webp","contentUrl":"https:\/\/www.gaveanews.com\/wp-content\/uploads\/Pedro-em-treinamento-do-Flamengo-no-Ninho-do-Urubu.webp","width":799,"height":533,"caption":"Pedro em treinamento do Flamengo no Ninho do Urubu (Foto: Marcelo Cortes\/Flamengo)"},{"@type":"BreadcrumbList","@id":"https:\/\/www.gaveanews.com\/index.php\/2022\/01\/25\/pedro-ganha-forca-no-flamengo-ao-impressionar-antigo-admirador\/#breadcrumb","itemListElement":[{"@type":"ListItem","position":1,"name":"Home","item":"https:\/\/www.gaveanews.com\/"},{"@type":"ListItem","position":2,"name":"Pedro ganha for\u00e7a no Flamengo ao impressionar antigo admirador"}]},{"@type":"WebSite","@id":"https:\/\/www.gaveanews.com\/#website","url":"https:\/\/www.gaveanews.com\/","name":"G\u00e1vea News","description":"Veja todas as not\u00edcias sobre o Flamengo: Contrata\u00e7\u00f5es, categorias de base, resultados das partidas, tabela de classifica\u00e7\u00e3o, pr\u00f3ximos jogos!","potentialAction":[{"@type":"SearchAction","target":{"@type":"EntryPoint","urlTemplate":"https:\/\/www.gaveanews.com\/?s={search_term_string}"},"query-input":{"@type":"PropertyValueSpecification","valueRequired":true,"valueName":"search_term_string"}}],"inLanguage":"pt-BR"},{"@type":"Person","@id":"https:\/\/www.gaveanews.com\/#\/schema\/person\/2ec14f73fb96be2caf28f91afb14749d","name":"Equipe G\u00e1vea News","image":{"@type":"ImageObject","inLanguage":"pt-BR","@id":"https:\/\/www.gaveanews.com\/#\/schema\/person\/image\/","url":"https:\/\/secure.gravatar.com\/avatar\/1e1956f1facbffd3f8fa53a326721950116b3b9dc9bd44939c01180fd4a745a9?s=96&d=mm&r=g","contentUrl":"https:\/\/secure.gravatar.com\/avatar\/1e1956f1facbffd3f8fa53a326721950116b3b9dc9bd44939c01180fd4a745a9?s=96&d=mm&r=g","caption":"Equipe G\u00e1vea News"}}]}},"_links":{"self":[{"href":"https:\/\/www.gaveanews.com\/index.php\/wp-json\/wp\/v2\/posts\/75411","targetHints":{"allow":["GET"]}}],"collection":[{"href":"https:\/\/www.gaveanews.com\/index.php\/wp-json\/wp\/v2\/posts"}],"about":[{"href":"https:\/\/www.gaveanews.com\/index.php\/wp-json\/wp\/v2\/types\/post"}],"author":[{"embeddable":true,"href":"https:\/\/www.gaveanews.com\/index.php\/wp-json\/wp\/v2\/users\/1"}],"replies":[{"embeddable":true,"href":"https:\/\/www.gaveanews.com\/index.php\/wp-json\/wp\/v2\/comments?post=75411"}],"version-history":[{"count":0,"href":"https:\/\/www.gaveanews.com\/index.php\/wp-json\/wp\/v2\/posts\/75411\/revisions"}],"wp:featuredmedia":[{"embeddable":true,"href":"https:\/\/www.gaveanews.com\/index.php\/wp-json\/wp\/v2\/media\/74868"}],"wp:attachment":[{"href":"https:\/\/www.gaveanews.com\/index.php\/wp-json\/wp\/v2\/media?parent=75411"}],"wp:term":[{"taxonomy":"category","embeddable":true,"href":"https:\/\/www.gaveanews.com\/index.php\/wp-json\/wp\/v2\/categories?post=75411"},{"taxonomy":"post_tag","embeddable":true,"href":"https:\/\/www.gaveanews.com\/index.php\/wp-json\/wp\/v2\/tags?post=75411"}],"curies":[{"name":"wp","href":"https:\/\/api.w.org\/{rel}","templated":true}]}}