{"id":75420,"date":"2022-01-25T12:45:13","date_gmt":"2022-01-25T15:45:13","guid":{"rendered":"https:\/\/www.gaveanews.com\/?p=75420"},"modified":"2022-01-25T12:45:16","modified_gmt":"2022-01-25T15:45:16","slug":"ao-lado-de-vidal-de-jong-fekir-e-aspas-vinicius-junior-entra-para-selecao-da-rodada-no-campeonato-espanhol","status":"publish","type":"post","link":"https:\/\/www.gaveanews.com\/index.php\/2022\/01\/25\/ao-lado-de-vidal-de-jong-fekir-e-aspas-vinicius-junior-entra-para-selecao-da-rodada-no-campeonato-espanhol\/","title":{"rendered":"Ao lado de Vidal, De Jong, Fekir e Aspas, Vinicius J\u00fanior entra para sele\u00e7\u00e3o da rodada no Campeonato Espanhol"},"content":{"rendered":"\n<p>Voando no Real Madrid, Vinicius Junior est\u00e1 ganhando grande destaque no cen\u00e1rio mundial do futebol. O atacante conquistou seu espa\u00e7o na equipe espanhola e agora traz grandes alegrias aos torcedores.<\/p>\n\n\n\n<p>Entretanto, no \u00faltimo domingo (23), o time merengue n\u00e3o foi muito feliz em sua atua\u00e7\u00e3o e quase foi superado pelo Elche. A salva\u00e7\u00e3o do elenco foi o passe de Vini para Milit\u00e3o no finalzinho do jogo, o que arrancou o empate com o rival por 2 a 2.<\/p>\n\n\n\n<p>Com a partida inexpressiva do Real no fim de semana, a equipe quase ficou sem representantes na sele\u00e7\u00e3o da rodada do Campeonato Espanhol. O \u00fanico atleta que figurou no grupo seleto foi o cria do Flamengo, que contribuiu para que seu time n\u00e3o perdesse em casa.<\/p>\n\n\n\n<p>Desta forma, a sele\u00e7\u00e3o da 22\u00aa rodada da La Liga ficou da seguinte forma:&nbsp;Ledesma (Cadiz); Vidal (Osasuna), Garc\u00eda (Osasuna), Vivian (Athletic Bilbao) e Pedraza (Villarreal); Parejo (Villarreal), De Jong (Barcelona), Carrasco (Atl\u00e9tico de Madrid) e <strong>Vinicius J\u00fanior (Real Madrid)<\/strong>; Fekir (Betis) e Aspas (Celta de Vigo).<\/p>\n\n\n\n<p>Esperando resultados melhores na sequ\u00eancia, Vini treina com sua equipe nos pr\u00f3ximos dias para enfrentar seu pr\u00f3ximo advers\u00e1rio. O Real Madrid voltar\u00e1 a campo na pr\u00f3xima quinta-feira (03) pelas quartas de final da Copa do Rei. A partida contra o Athletic Bilbao acontecer\u00e1 \u00e0s 17h30 (hor\u00e1rio de Bras\u00edlia).<\/p>\n","protected":false},"excerpt":{"rendered":"<p>Voando no Real Madrid, Vinicius Junior est\u00e1 ganhando grande destaque no cen\u00e1rio mundial do futebol. O atacante conquistou seu espa\u00e7o na equipe espanhola e agora traz grandes alegrias aos torcedores. Entretanto, no \u00faltimo domingo (23), o time merengue n\u00e3o foi muito feliz em sua atua\u00e7\u00e3o e quase foi superado pelo Elche. A salva\u00e7\u00e3o do elenco [&hellip;]<\/p>\n","protected":false},"author":4,"featured_media":74860,"comment_status":"open","ping_status":"closed","sticky":false,"template":"","format":"standard","meta":{"footnotes":""},"categories":[1],"tags":[],"class_list":["post-75420","post","type-post","status-publish","format-standard","has-post-thumbnail","hentry","category-flamengo"],"yoast_head":"<!-- This site is optimized with the Yoast SEO Premium plugin v24.2 (Yoast SEO v26.9) - https:\/\/yoast.com\/product\/yoast-seo-premium-wordpress\/ -->\n<title>Ao lado de Vidal, De Jong, Fekir e Aspas, Vinicius J\u00fanior entra para sele\u00e7\u00e3o da rodada no Campeonato Espanhol<\/title>\n<meta name=\"robots\" content=\"index, follow, max-snippet:-1, max-image-preview:large, max-video-preview:-1\" \/>\n<link rel=\"canonical\" href=\"https:\/\/www.gaveanews.com\/index.php\/2022\/01\/25\/ao-lado-de-vidal-de-jong-fekir-e-aspas-vinicius-junior-entra-para-selecao-da-rodada-no-campeonato-espanhol\/\" \/>\n<meta property=\"og:locale\" content=\"pt_BR\" \/>\n<meta property=\"og:type\" content=\"article\" \/>\n<meta property=\"og:title\" content=\"Ao lado de Vidal, De Jong, Fekir e Aspas, Vinicius J\u00fanior entra para sele\u00e7\u00e3o da rodada no Campeonato Espanhol\" \/>\n<meta property=\"og:description\" content=\"Voando no Real Madrid, Vinicius Junior est\u00e1 ganhando grande destaque no cen\u00e1rio mundial do futebol. O atacante conquistou seu espa\u00e7o na equipe espanhola e agora traz grandes alegrias aos torcedores. Entretanto, no \u00faltimo domingo (23), o time merengue n\u00e3o foi muito feliz em sua atua\u00e7\u00e3o e quase foi superado pelo Elche. A salva\u00e7\u00e3o do elenco [&hellip;]\" \/>\n<meta property=\"og:url\" content=\"https:\/\/www.gaveanews.com\/index.php\/2022\/01\/25\/ao-lado-de-vidal-de-jong-fekir-e-aspas-vinicius-junior-entra-para-selecao-da-rodada-no-campeonato-espanhol\/\" \/>\n<meta property=\"og:site_name\" content=\"G\u00e1vea News\" \/>\n<meta property=\"article:publisher\" content=\"https:\/\/facebook.com\/gaveaNews\/\" \/>\n<meta property=\"article:published_time\" content=\"2022-01-25T15:45:13+00:00\" \/>\n<meta property=\"article:modified_time\" content=\"2022-01-25T15:45:16+00:00\" \/>\n<meta property=\"og:image\" content=\"https:\/\/www.gaveanews.com\/wp-content\/uploads\/Vinicius-Junior-em-acao-pelo-Real-Madrid-contra-o-Sheriff-pela-Champions-League.webp\" \/>\n\t<meta property=\"og:image:width\" content=\"1361\" \/>\n\t<meta property=\"og:image:height\" content=\"1020\" \/>\n\t<meta property=\"og:image:type\" content=\"image\/jpeg\" \/>\n<meta name=\"author\" content=\"Let\u00edcia Gerheim\" \/>\n<meta name=\"twitter:card\" content=\"summary_large_image\" \/>\n<meta name=\"twitter:label1\" content=\"Escrito por\" \/>\n\t<meta name=\"twitter:data1\" content=\"Let\u00edcia Gerheim\" \/>\n\t<meta name=\"twitter:label2\" content=\"Est. tempo de leitura\" \/>\n\t<meta name=\"twitter:data2\" content=\"1 minuto\" \/>\n<script type=\"application\/ld+json\" class=\"yoast-schema-graph\">{\"@context\":\"https:\/\/schema.org\",\"@graph\":[{\"@type\":\"NewsArticle\",\"@id\":\"https:\/\/www.gaveanews.com\/index.php\/2022\/01\/25\/ao-lado-de-vidal-de-jong-fekir-e-aspas-vinicius-junior-entra-para-selecao-da-rodada-no-campeonato-espanhol\/#article\",\"isPartOf\":{\"@id\":\"https:\/\/www.gaveanews.com\/index.php\/2022\/01\/25\/ao-lado-de-vidal-de-jong-fekir-e-aspas-vinicius-junior-entra-para-selecao-da-rodada-no-campeonato-espanhol\/\"},\"author\":{\"name\":\"Let\u00edcia Gerheim\",\"@id\":\"https:\/\/www.gaveanews.com\/#\/schema\/person\/714c67050b836198af2450ba1c142a67\"},\"headline\":\"Ao lado de Vidal, De Jong, Fekir e Aspas, Vinicius J\u00fanior entra para sele\u00e7\u00e3o da rodada no Campeonato Espanhol\",\"datePublished\":\"2022-01-25T15:45:13+00:00\",\"dateModified\":\"2022-01-25T15:45:16+00:00\",\"mainEntityOfPage\":{\"@id\":\"https:\/\/www.gaveanews.com\/index.php\/2022\/01\/25\/ao-lado-de-vidal-de-jong-fekir-e-aspas-vinicius-junior-entra-para-selecao-da-rodada-no-campeonato-espanhol\/\"},\"wordCount\":255,\"commentCount\":0,\"image\":{\"@id\":\"https:\/\/www.gaveanews.com\/index.php\/2022\/01\/25\/ao-lado-de-vidal-de-jong-fekir-e-aspas-vinicius-junior-entra-para-selecao-da-rodada-no-campeonato-espanhol\/#primaryimage\"},\"thumbnailUrl\":\"https:\/\/www.gaveanews.com\/wp-content\/uploads\/Vinicius-Junior-em-acao-pelo-Real-Madrid-contra-o-Sheriff-pela-Champions-League.webp\",\"articleSection\":[\"Flamengo\"],\"inLanguage\":\"pt-BR\",\"potentialAction\":[{\"@type\":\"CommentAction\",\"name\":\"Comment\",\"target\":[\"https:\/\/www.gaveanews.com\/index.php\/2022\/01\/25\/ao-lado-de-vidal-de-jong-fekir-e-aspas-vinicius-junior-entra-para-selecao-da-rodada-no-campeonato-espanhol\/#respond\"]}],\"copyrightYear\":\"2022\",\"copyrightHolder\":{\"@id\":\"https:\/\/www.gaveanews.com\/#organization\"}},{\"@type\":\"WebPage\",\"@id\":\"https:\/\/www.gaveanews.com\/index.php\/2022\/01\/25\/ao-lado-de-vidal-de-jong-fekir-e-aspas-vinicius-junior-entra-para-selecao-da-rodada-no-campeonato-espanhol\/\",\"url\":\"https:\/\/www.gaveanews.com\/index.php\/2022\/01\/25\/ao-lado-de-vidal-de-jong-fekir-e-aspas-vinicius-junior-entra-para-selecao-da-rodada-no-campeonato-espanhol\/\",\"name\":\"Ao lado de Vidal, De Jong, Fekir e Aspas, Vinicius J\u00fanior entra para sele\u00e7\u00e3o da rodada no Campeonato Espanhol\",\"isPartOf\":{\"@id\":\"https:\/\/www.gaveanews.com\/#website\"},\"primaryImageOfPage\":{\"@id\":\"https:\/\/www.gaveanews.com\/index.php\/2022\/01\/25\/ao-lado-de-vidal-de-jong-fekir-e-aspas-vinicius-junior-entra-para-selecao-da-rodada-no-campeonato-espanhol\/#primaryimage\"},\"image\":{\"@id\":\"https:\/\/www.gaveanews.com\/index.php\/2022\/01\/25\/ao-lado-de-vidal-de-jong-fekir-e-aspas-vinicius-junior-entra-para-selecao-da-rodada-no-campeonato-espanhol\/#primaryimage\"},\"thumbnailUrl\":\"https:\/\/www.gaveanews.com\/wp-content\/uploads\/Vinicius-Junior-em-acao-pelo-Real-Madrid-contra-o-Sheriff-pela-Champions-League.webp\",\"datePublished\":\"2022-01-25T15:45:13+00:00\",\"dateModified\":\"2022-01-25T15:45:16+00:00\",\"author\":{\"@id\":\"https:\/\/www.gaveanews.com\/#\/schema\/person\/714c67050b836198af2450ba1c142a67\"},\"breadcrumb\":{\"@id\":\"https:\/\/www.gaveanews.com\/index.php\/2022\/01\/25\/ao-lado-de-vidal-de-jong-fekir-e-aspas-vinicius-junior-entra-para-selecao-da-rodada-no-campeonato-espanhol\/#breadcrumb\"},\"inLanguage\":\"pt-BR\",\"potentialAction\":[{\"@type\":\"ReadAction\",\"target\":[\"https:\/\/www.gaveanews.com\/index.php\/2022\/01\/25\/ao-lado-de-vidal-de-jong-fekir-e-aspas-vinicius-junior-entra-para-selecao-da-rodada-no-campeonato-espanhol\/\"]}]},{\"@type\":\"ImageObject\",\"inLanguage\":\"pt-BR\",\"@id\":\"https:\/\/www.gaveanews.com\/index.php\/2022\/01\/25\/ao-lado-de-vidal-de-jong-fekir-e-aspas-vinicius-junior-entra-para-selecao-da-rodada-no-campeonato-espanhol\/#primaryimage\",\"url\":\"https:\/\/www.gaveanews.com\/wp-content\/uploads\/Vinicius-Junior-em-acao-pelo-Real-Madrid-contra-o-Sheriff-pela-Champions-League.webp\",\"contentUrl\":\"https:\/\/www.gaveanews.com\/wp-content\/uploads\/Vinicius-Junior-em-acao-pelo-Real-Madrid-contra-o-Sheriff-pela-Champions-League.webp\",\"width\":1361,\"height\":1020,\"caption\":\"Vin\u00edcius J\u00fanior em a\u00e7\u00e3o pelo Real Madrid contra o Sheriff pela Champions League (Foto: Reuters)\"},{\"@type\":\"BreadcrumbList\",\"@id\":\"https:\/\/www.gaveanews.com\/index.php\/2022\/01\/25\/ao-lado-de-vidal-de-jong-fekir-e-aspas-vinicius-junior-entra-para-selecao-da-rodada-no-campeonato-espanhol\/#breadcrumb\",\"itemListElement\":[{\"@type\":\"ListItem\",\"position\":1,\"name\":\"Home\",\"item\":\"https:\/\/www.gaveanews.com\/\"},{\"@type\":\"ListItem\",\"position\":2,\"name\":\"Ao lado de Vidal, De Jong, Fekir e Aspas, Vinicius J\u00fanior entra para sele\u00e7\u00e3o da rodada no Campeonato Espanhol\"}]},{\"@type\":\"WebSite\",\"@id\":\"https:\/\/www.gaveanews.com\/#website\",\"url\":\"https:\/\/www.gaveanews.com\/\",\"name\":\"G\u00e1vea News\",\"description\":\"Veja todas as not\u00edcias sobre o Flamengo: Contrata\u00e7\u00f5es, categorias de base, resultados das partidas, tabela de classifica\u00e7\u00e3o, pr\u00f3ximos jogos!\",\"potentialAction\":[{\"@type\":\"SearchAction\",\"target\":{\"@type\":\"EntryPoint\",\"urlTemplate\":\"https:\/\/www.gaveanews.com\/?s={search_term_string}\"},\"query-input\":{\"@type\":\"PropertyValueSpecification\",\"valueRequired\":true,\"valueName\":\"search_term_string\"}}],\"inLanguage\":\"pt-BR\"},{\"@type\":\"Person\",\"@id\":\"https:\/\/www.gaveanews.com\/#\/schema\/person\/714c67050b836198af2450ba1c142a67\",\"name\":\"Let\u00edcia Gerheim\",\"image\":{\"@type\":\"ImageObject\",\"inLanguage\":\"pt-BR\",\"@id\":\"https:\/\/www.gaveanews.com\/#\/schema\/person\/image\/\",\"url\":\"https:\/\/secure.gravatar.com\/avatar\/60734739c50fcebfbac509e2a826ccd0ff405c019bc73aab9354f19ecad1dcb4?s=96&d=mm&r=g\",\"contentUrl\":\"https:\/\/secure.gravatar.com\/avatar\/60734739c50fcebfbac509e2a826ccd0ff405c019bc73aab9354f19ecad1dcb4?s=96&d=mm&r=g\",\"caption\":\"Let\u00edcia Gerheim\"}}]}<\/script>\n<!-- \/ Yoast SEO Premium plugin. -->","yoast_head_json":{"title":"Ao lado de Vidal, De Jong, Fekir e Aspas, Vinicius J\u00fanior entra para sele\u00e7\u00e3o da rodada no Campeonato Espanhol","robots":{"index":"index","follow":"follow","max-snippet":"max-snippet:-1","max-image-preview":"max-image-preview:large","max-video-preview":"max-video-preview:-1"},"canonical":"https:\/\/www.gaveanews.com\/index.php\/2022\/01\/25\/ao-lado-de-vidal-de-jong-fekir-e-aspas-vinicius-junior-entra-para-selecao-da-rodada-no-campeonato-espanhol\/","og_locale":"pt_BR","og_type":"article","og_title":"Ao lado de Vidal, De Jong, Fekir e Aspas, Vinicius J\u00fanior entra para sele\u00e7\u00e3o da rodada no Campeonato Espanhol","og_description":"Voando no Real Madrid, Vinicius Junior est\u00e1 ganhando grande destaque no cen\u00e1rio mundial do futebol. O atacante conquistou seu espa\u00e7o na equipe espanhola e agora traz grandes alegrias aos torcedores. Entretanto, no \u00faltimo domingo (23), o time merengue n\u00e3o foi muito feliz em sua atua\u00e7\u00e3o e quase foi superado pelo Elche. A salva\u00e7\u00e3o do elenco [&hellip;]","og_url":"https:\/\/www.gaveanews.com\/index.php\/2022\/01\/25\/ao-lado-de-vidal-de-jong-fekir-e-aspas-vinicius-junior-entra-para-selecao-da-rodada-no-campeonato-espanhol\/","og_site_name":"G\u00e1vea News","article_publisher":"https:\/\/facebook.com\/gaveaNews\/","article_published_time":"2022-01-25T15:45:13+00:00","article_modified_time":"2022-01-25T15:45:16+00:00","og_image":[{"width":1361,"height":1020,"url":"https:\/\/www.gaveanews.com\/wp-content\/uploads\/Vinicius-Junior-em-acao-pelo-Real-Madrid-contra-o-Sheriff-pela-Champions-League.webp","type":"image\/jpeg"}],"author":"Let\u00edcia Gerheim","twitter_card":"summary_large_image","twitter_misc":{"Escrito por":"Let\u00edcia Gerheim","Est. tempo de leitura":"1 minuto"},"schema":{"@context":"https:\/\/schema.org","@graph":[{"@type":"NewsArticle","@id":"https:\/\/www.gaveanews.com\/index.php\/2022\/01\/25\/ao-lado-de-vidal-de-jong-fekir-e-aspas-vinicius-junior-entra-para-selecao-da-rodada-no-campeonato-espanhol\/#article","isPartOf":{"@id":"https:\/\/www.gaveanews.com\/index.php\/2022\/01\/25\/ao-lado-de-vidal-de-jong-fekir-e-aspas-vinicius-junior-entra-para-selecao-da-rodada-no-campeonato-espanhol\/"},"author":{"name":"Let\u00edcia Gerheim","@id":"https:\/\/www.gaveanews.com\/#\/schema\/person\/714c67050b836198af2450ba1c142a67"},"headline":"Ao lado de Vidal, De Jong, Fekir e Aspas, Vinicius J\u00fanior entra para sele\u00e7\u00e3o da rodada no Campeonato Espanhol","datePublished":"2022-01-25T15:45:13+00:00","dateModified":"2022-01-25T15:45:16+00:00","mainEntityOfPage":{"@id":"https:\/\/www.gaveanews.com\/index.php\/2022\/01\/25\/ao-lado-de-vidal-de-jong-fekir-e-aspas-vinicius-junior-entra-para-selecao-da-rodada-no-campeonato-espanhol\/"},"wordCount":255,"commentCount":0,"image":{"@id":"https:\/\/www.gaveanews.com\/index.php\/2022\/01\/25\/ao-lado-de-vidal-de-jong-fekir-e-aspas-vinicius-junior-entra-para-selecao-da-rodada-no-campeonato-espanhol\/#primaryimage"},"thumbnailUrl":"https:\/\/www.gaveanews.com\/wp-content\/uploads\/Vinicius-Junior-em-acao-pelo-Real-Madrid-contra-o-Sheriff-pela-Champions-League.webp","articleSection":["Flamengo"],"inLanguage":"pt-BR","potentialAction":[{"@type":"CommentAction","name":"Comment","target":["https:\/\/www.gaveanews.com\/index.php\/2022\/01\/25\/ao-lado-de-vidal-de-jong-fekir-e-aspas-vinicius-junior-entra-para-selecao-da-rodada-no-campeonato-espanhol\/#respond"]}],"copyrightYear":"2022","copyrightHolder":{"@id":"https:\/\/www.gaveanews.com\/#organization"}},{"@type":"WebPage","@id":"https:\/\/www.gaveanews.com\/index.php\/2022\/01\/25\/ao-lado-de-vidal-de-jong-fekir-e-aspas-vinicius-junior-entra-para-selecao-da-rodada-no-campeonato-espanhol\/","url":"https:\/\/www.gaveanews.com\/index.php\/2022\/01\/25\/ao-lado-de-vidal-de-jong-fekir-e-aspas-vinicius-junior-entra-para-selecao-da-rodada-no-campeonato-espanhol\/","name":"Ao lado de Vidal, De Jong, Fekir e Aspas, Vinicius J\u00fanior entra para sele\u00e7\u00e3o da rodada no Campeonato Espanhol","isPartOf":{"@id":"https:\/\/www.gaveanews.com\/#website"},"primaryImageOfPage":{"@id":"https:\/\/www.gaveanews.com\/index.php\/2022\/01\/25\/ao-lado-de-vidal-de-jong-fekir-e-aspas-vinicius-junior-entra-para-selecao-da-rodada-no-campeonato-espanhol\/#primaryimage"},"image":{"@id":"https:\/\/www.gaveanews.com\/index.php\/2022\/01\/25\/ao-lado-de-vidal-de-jong-fekir-e-aspas-vinicius-junior-entra-para-selecao-da-rodada-no-campeonato-espanhol\/#primaryimage"},"thumbnailUrl":"https:\/\/www.gaveanews.com\/wp-content\/uploads\/Vinicius-Junior-em-acao-pelo-Real-Madrid-contra-o-Sheriff-pela-Champions-League.webp","datePublished":"2022-01-25T15:45:13+00:00","dateModified":"2022-01-25T15:45:16+00:00","author":{"@id":"https:\/\/www.gaveanews.com\/#\/schema\/person\/714c67050b836198af2450ba1c142a67"},"breadcrumb":{"@id":"https:\/\/www.gaveanews.com\/index.php\/2022\/01\/25\/ao-lado-de-vidal-de-jong-fekir-e-aspas-vinicius-junior-entra-para-selecao-da-rodada-no-campeonato-espanhol\/#breadcrumb"},"inLanguage":"pt-BR","potentialAction":[{"@type":"ReadAction","target":["https:\/\/www.gaveanews.com\/index.php\/2022\/01\/25\/ao-lado-de-vidal-de-jong-fekir-e-aspas-vinicius-junior-entra-para-selecao-da-rodada-no-campeonato-espanhol\/"]}]},{"@type":"ImageObject","inLanguage":"pt-BR","@id":"https:\/\/www.gaveanews.com\/index.php\/2022\/01\/25\/ao-lado-de-vidal-de-jong-fekir-e-aspas-vinicius-junior-entra-para-selecao-da-rodada-no-campeonato-espanhol\/#primaryimage","url":"https:\/\/www.gaveanews.com\/wp-content\/uploads\/Vinicius-Junior-em-acao-pelo-Real-Madrid-contra-o-Sheriff-pela-Champions-League.webp","contentUrl":"https:\/\/www.gaveanews.com\/wp-content\/uploads\/Vinicius-Junior-em-acao-pelo-Real-Madrid-contra-o-Sheriff-pela-Champions-League.webp","width":1361,"height":1020,"caption":"Vin\u00edcius J\u00fanior em a\u00e7\u00e3o pelo Real Madrid contra o Sheriff pela Champions League (Foto: Reuters)"},{"@type":"BreadcrumbList","@id":"https:\/\/www.gaveanews.com\/index.php\/2022\/01\/25\/ao-lado-de-vidal-de-jong-fekir-e-aspas-vinicius-junior-entra-para-selecao-da-rodada-no-campeonato-espanhol\/#breadcrumb","itemListElement":[{"@type":"ListItem","position":1,"name":"Home","item":"https:\/\/www.gaveanews.com\/"},{"@type":"ListItem","position":2,"name":"Ao lado de Vidal, De Jong, Fekir e Aspas, Vinicius J\u00fanior entra para sele\u00e7\u00e3o da rodada no Campeonato Espanhol"}]},{"@type":"WebSite","@id":"https:\/\/www.gaveanews.com\/#website","url":"https:\/\/www.gaveanews.com\/","name":"G\u00e1vea News","description":"Veja todas as not\u00edcias sobre o Flamengo: Contrata\u00e7\u00f5es, categorias de base, resultados das partidas, tabela de classifica\u00e7\u00e3o, pr\u00f3ximos jogos!","potentialAction":[{"@type":"SearchAction","target":{"@type":"EntryPoint","urlTemplate":"https:\/\/www.gaveanews.com\/?s={search_term_string}"},"query-input":{"@type":"PropertyValueSpecification","valueRequired":true,"valueName":"search_term_string"}}],"inLanguage":"pt-BR"},{"@type":"Person","@id":"https:\/\/www.gaveanews.com\/#\/schema\/person\/714c67050b836198af2450ba1c142a67","name":"Let\u00edcia Gerheim","image":{"@type":"ImageObject","inLanguage":"pt-BR","@id":"https:\/\/www.gaveanews.com\/#\/schema\/person\/image\/","url":"https:\/\/secure.gravatar.com\/avatar\/60734739c50fcebfbac509e2a826ccd0ff405c019bc73aab9354f19ecad1dcb4?s=96&d=mm&r=g","contentUrl":"https:\/\/secure.gravatar.com\/avatar\/60734739c50fcebfbac509e2a826ccd0ff405c019bc73aab9354f19ecad1dcb4?s=96&d=mm&r=g","caption":"Let\u00edcia Gerheim"}}]}},"_links":{"self":[{"href":"https:\/\/www.gaveanews.com\/index.php\/wp-json\/wp\/v2\/posts\/75420","targetHints":{"allow":["GET"]}}],"collection":[{"href":"https:\/\/www.gaveanews.com\/index.php\/wp-json\/wp\/v2\/posts"}],"about":[{"href":"https:\/\/www.gaveanews.com\/index.php\/wp-json\/wp\/v2\/types\/post"}],"author":[{"embeddable":true,"href":"https:\/\/www.gaveanews.com\/index.php\/wp-json\/wp\/v2\/users\/4"}],"replies":[{"embeddable":true,"href":"https:\/\/www.gaveanews.com\/index.php\/wp-json\/wp\/v2\/comments?post=75420"}],"version-history":[{"count":0,"href":"https:\/\/www.gaveanews.com\/index.php\/wp-json\/wp\/v2\/posts\/75420\/revisions"}],"wp:featuredmedia":[{"embeddable":true,"href":"https:\/\/www.gaveanews.com\/index.php\/wp-json\/wp\/v2\/media\/74860"}],"wp:attachment":[{"href":"https:\/\/www.gaveanews.com\/index.php\/wp-json\/wp\/v2\/media?parent=75420"}],"wp:term":[{"taxonomy":"category","embeddable":true,"href":"https:\/\/www.gaveanews.com\/index.php\/wp-json\/wp\/v2\/categories?post=75420"},{"taxonomy":"post_tag","embeddable":true,"href":"https:\/\/www.gaveanews.com\/index.php\/wp-json\/wp\/v2\/tags?post=75420"}],"curies":[{"name":"wp","href":"https:\/\/api.w.org\/{rel}","templated":true}]}}