{"id":75464,"date":"2022-01-25T23:23:10","date_gmt":"2022-01-26T02:23:10","guid":{"rendered":"https:\/\/www.gaveanews.com\/?p=75464"},"modified":"2022-01-25T23:23:13","modified_gmt":"2022-01-26T02:23:13","slug":"ao-lado-de-alisson-thiago-silva-casemiro-fred-e-coutinho-vinicius-junior-treina-entre-os-titulares-do-brasil","status":"publish","type":"post","link":"https:\/\/www.gaveanews.com\/index.php\/2022\/01\/25\/ao-lado-de-alisson-thiago-silva-casemiro-fred-e-coutinho-vinicius-junior-treina-entre-os-titulares-do-brasil\/","title":{"rendered":"Ao lado de Alisson, Thiago Silva, Casemiro, Fred e Coutinho, Vinicius Junior treina entre os titulares do Brasil"},"content":{"rendered":"\n<p>A sele\u00e7\u00e3o brasileira ter\u00e1 Philippe Coutinho como titular no jogo desta quinta-feira, contra o Equador. A partida \u00e9 v\u00e1lida pela 15\u00aa rodada das Eliminat\u00f3rias e acontece \u00e0s 18h (de Bras\u00edlia), no Est\u00e1dio Rodrigo Paz Delgado, tamb\u00e9m conhecido como Casa Blanca.<\/p>\n\n\n\n<p>Em treino na tarde desta ter\u00e7a-feira, o t\u00e9cnico Tite esbo\u00e7ou a escala\u00e7\u00e3o canarinho com novidades. Sem Danilo, Emerson Royal ser\u00e1 o lateral-direito, deixando Daniel Alves na reserva.<\/p>\n\n\n\n<p>Na zaga, \u00c9der Milit\u00e3o formar\u00e1 dupla com Thiago Silva. Marquinhos, que normalmente \u00e9 titular, dessa vez come\u00e7ar\u00e1 no banco.<\/p>\n\n\n\n<p>No meio, Philippe Coutinho ficar\u00e1 com a vaga de Lucas Paquet\u00e1, que est\u00e1 suspenso. Novo contratado do Aston Villa &#8211; na volta \u00e0 Premier League, ele estreou com gol e assist\u00eancia -, ele vai ser observado por Tite depois de longo tempo sem atuar pela Sele\u00e7\u00e3o. Ele ficou no banco e n\u00e3o entrou nos dois jogos da \u00faltima data Fifa &#8211; vit\u00f3ria sobre a Col\u00f4mbia (1 a 0) e empate sem gols com a Argentina.<\/p>\n\n\n\n<p>J\u00e1 na frente, Vinicius Jr e Matheus Cunha mais uma vez ser\u00e3o titulares, assim como j\u00e1 havia sido no cl\u00e1ssico contra a Argentina, em novembro do ano passado. Vale lembrar que Neymar, machucado, n\u00e3o foi convocado.<\/p>\n\n\n\n<p><strong>Assim, o Brasil deve ir a campo com: Alisson, Emerson, \u00c9der Milit\u00e3o, Thiago Silva e Alex Sandro; Casemiro, Fred e Coutinho; Vini Jr, Raphinha e Matheus Cunha.<\/strong><\/p>\n\n\n\n<p>Esse foi o time que realizou o treinamento t\u00e1tico desta ter\u00e7a. Antes, comiss\u00e3o t\u00e9cnica organizou um trabalho de posse de bola em campo reduzido, sem divis\u00e3o entre reservas e titulares.<\/p>\n\n\n\n<p>O goleiro \u00c9derson foi o \u00fanico a n\u00e3o participar da atividade. Ele ficou no hotel, realizando trabalho regenerativo.<\/p>\n\n\n\n<p>Nesta quarta, Tite comanda o \u00faltimo treino antes do duelo contra o Equador. J\u00e1 classificado para a Copa do Mundo do Catar, o Brasil lidera as Eliminat\u00f3rias de forma invicta, com 35 pontos.<\/p>\n\n\n\n<p>Para o duelo em Quito, a Sele\u00e7\u00e3o n\u00e3o pode contar tamb\u00e9m com o volante Fabinho, suspenso, a exemplo de Paqut\u00e1. Vale lembrar que Neymar, machucado, n\u00e3o foi convocado.<\/p>\n\n\n\n<p>Na ter\u00e7a-feira (dia 2), a Sele\u00e7\u00e3o encara o Paraguai, \u00e0s 21h30, no Mineir\u00e3o<\/p>\n\n\n\n<h2 class=\"wp-block-heading\" id=\"veja-os-convocados-para-as-partidas-contra-equador-e-paraguai\">Veja os convocados para as partidas contra Equador e Paraguai:<\/h2>\n\n\n\n<ul class=\"wp-block-list\"><li>Goleiros: Alisson (Liverpool), Ederson (Manchester City) e Weverton (Palmeiras);<\/li><li>Laterais: Daniel Alves (Barcelona), Emerson Royal (Tottenham), Alex Sandro (Juventus) e Alex Telles (Man United);<\/li><li>Zagueiros: \u00c9der Milit\u00e3o (Real Madrid), Gabriel Magalh\u00e3es (Arsenal), Marquinhos (PSG) e Thiago Silva (Chelsea);<\/li><li>Meio-campistas: Bruno Guimar\u00e3es (Lyon), Casemiro (Real Madrid), Fabinho (Liverpool), Fred (Manchester United), Gerson (Olympique de Marselha), Everton Ribeiro (Flamengo), Lucas Paquet\u00e1 (Lyon) e Philippe Coutinho (Aston Villa);<\/li><li>Atacantes: Antony (Ajax), Vini Jr (Real Madrid), Rodrygo (Real Madrid), Gabriel Jesus (Manchester City), Matheus Cunha (Atl\u00e9tico de Madrid), Raphinha (Leeds) e Gabriel Barbosa (Flamengo)<\/li><\/ul>\n\n\n\n<p>Retirado de: Globo Esporte <\/p>\n","protected":false},"excerpt":{"rendered":"<p>A sele\u00e7\u00e3o brasileira ter\u00e1 Philippe Coutinho como titular no jogo desta quinta-feira, contra o Equador. A partida \u00e9 v\u00e1lida pela 15\u00aa rodada das Eliminat\u00f3rias e acontece \u00e0s 18h (de Bras\u00edlia), no Est\u00e1dio Rodrigo Paz Delgado, tamb\u00e9m conhecido como Casa Blanca. Em treino na tarde desta ter\u00e7a-feira, o t\u00e9cnico Tite esbo\u00e7ou a escala\u00e7\u00e3o canarinho com novidades. [&hellip;]<\/p>\n","protected":false},"author":1,"featured_media":71860,"comment_status":"open","ping_status":"closed","sticky":false,"template":"","format":"standard","meta":{"footnotes":""},"categories":[1],"tags":[],"class_list":["post-75464","post","type-post","status-publish","format-standard","has-post-thumbnail","hentry","category-flamengo"],"yoast_head":"<!-- This site is optimized with the Yoast SEO Premium plugin v24.2 (Yoast SEO v26.9) - https:\/\/yoast.com\/product\/yoast-seo-premium-wordpress\/ -->\n<title>Ao lado de Alisson, Thiago Silva, Casemiro, Fred e Coutinho, Vinicius Junior treina entre os titulares do Brasil<\/title>\n<meta name=\"robots\" content=\"index, follow, max-snippet:-1, max-image-preview:large, max-video-preview:-1\" \/>\n<link rel=\"canonical\" href=\"https:\/\/www.gaveanews.com\/index.php\/2022\/01\/25\/ao-lado-de-alisson-thiago-silva-casemiro-fred-e-coutinho-vinicius-junior-treina-entre-os-titulares-do-brasil\/\" \/>\n<meta property=\"og:locale\" content=\"pt_BR\" \/>\n<meta property=\"og:type\" content=\"article\" \/>\n<meta property=\"og:title\" content=\"Ao lado de Alisson, Thiago Silva, Casemiro, Fred e Coutinho, Vinicius Junior treina entre os titulares do Brasil\" \/>\n<meta property=\"og:description\" content=\"A sele\u00e7\u00e3o brasileira ter\u00e1 Philippe Coutinho como titular no jogo desta quinta-feira, contra o Equador. A partida \u00e9 v\u00e1lida pela 15\u00aa rodada das Eliminat\u00f3rias e acontece \u00e0s 18h (de Bras\u00edlia), no Est\u00e1dio Rodrigo Paz Delgado, tamb\u00e9m conhecido como Casa Blanca. Em treino na tarde desta ter\u00e7a-feira, o t\u00e9cnico Tite esbo\u00e7ou a escala\u00e7\u00e3o canarinho com novidades. [&hellip;]\" \/>\n<meta property=\"og:url\" content=\"https:\/\/www.gaveanews.com\/index.php\/2022\/01\/25\/ao-lado-de-alisson-thiago-silva-casemiro-fred-e-coutinho-vinicius-junior-treina-entre-os-titulares-do-brasil\/\" \/>\n<meta property=\"og:site_name\" content=\"G\u00e1vea News\" \/>\n<meta property=\"article:publisher\" content=\"https:\/\/facebook.com\/gaveaNews\/\" \/>\n<meta property=\"article:published_time\" content=\"2022-01-26T02:23:10+00:00\" \/>\n<meta property=\"article:modified_time\" content=\"2022-01-26T02:23:13+00:00\" \/>\n<meta property=\"og:image\" content=\"https:\/\/www.gaveanews.com\/wp-content\/uploads\/Vinicius-Junior-e-titular-pelo-Brasil-no-jogo-contra-a-Argentina-pelas-Eliminatorias-da-Copa-do-Mundo.webp\" \/>\n\t<meta property=\"og:image:width\" content=\"1008\" \/>\n\t<meta property=\"og:image:height\" content=\"675\" \/>\n\t<meta property=\"og:image:type\" content=\"image\/jpeg\" \/>\n<meta name=\"author\" content=\"Equipe G\u00e1vea News\" \/>\n<meta name=\"twitter:card\" content=\"summary_large_image\" \/>\n<meta name=\"twitter:label1\" content=\"Escrito por\" \/>\n\t<meta name=\"twitter:data1\" content=\"Equipe G\u00e1vea News\" \/>\n\t<meta name=\"twitter:label2\" content=\"Est. tempo de leitura\" \/>\n\t<meta name=\"twitter:data2\" content=\"3 minutos\" \/>\n<script type=\"application\/ld+json\" class=\"yoast-schema-graph\">{\"@context\":\"https:\/\/schema.org\",\"@graph\":[{\"@type\":\"NewsArticle\",\"@id\":\"https:\/\/www.gaveanews.com\/index.php\/2022\/01\/25\/ao-lado-de-alisson-thiago-silva-casemiro-fred-e-coutinho-vinicius-junior-treina-entre-os-titulares-do-brasil\/#article\",\"isPartOf\":{\"@id\":\"https:\/\/www.gaveanews.com\/index.php\/2022\/01\/25\/ao-lado-de-alisson-thiago-silva-casemiro-fred-e-coutinho-vinicius-junior-treina-entre-os-titulares-do-brasil\/\"},\"author\":{\"name\":\"Equipe G\u00e1vea News\",\"@id\":\"https:\/\/www.gaveanews.com\/#\/schema\/person\/2ec14f73fb96be2caf28f91afb14749d\"},\"headline\":\"Ao lado de Alisson, Thiago Silva, Casemiro, Fred e Coutinho, Vinicius Junior treina entre os titulares do Brasil\",\"datePublished\":\"2022-01-26T02:23:10+00:00\",\"dateModified\":\"2022-01-26T02:23:13+00:00\",\"mainEntityOfPage\":{\"@id\":\"https:\/\/www.gaveanews.com\/index.php\/2022\/01\/25\/ao-lado-de-alisson-thiago-silva-casemiro-fred-e-coutinho-vinicius-junior-treina-entre-os-titulares-do-brasil\/\"},\"wordCount\":499,\"commentCount\":2,\"image\":{\"@id\":\"https:\/\/www.gaveanews.com\/index.php\/2022\/01\/25\/ao-lado-de-alisson-thiago-silva-casemiro-fred-e-coutinho-vinicius-junior-treina-entre-os-titulares-do-brasil\/#primaryimage\"},\"thumbnailUrl\":\"https:\/\/www.gaveanews.com\/wp-content\/uploads\/Vinicius-Junior-e-titular-pelo-Brasil-no-jogo-contra-a-Argentina-pelas-Eliminatorias-da-Copa-do-Mundo.webp\",\"articleSection\":[\"Flamengo\"],\"inLanguage\":\"pt-BR\",\"potentialAction\":[{\"@type\":\"CommentAction\",\"name\":\"Comment\",\"target\":[\"https:\/\/www.gaveanews.com\/index.php\/2022\/01\/25\/ao-lado-de-alisson-thiago-silva-casemiro-fred-e-coutinho-vinicius-junior-treina-entre-os-titulares-do-brasil\/#respond\"]}],\"copyrightYear\":\"2022\",\"copyrightHolder\":{\"@id\":\"https:\/\/www.gaveanews.com\/#organization\"}},{\"@type\":\"WebPage\",\"@id\":\"https:\/\/www.gaveanews.com\/index.php\/2022\/01\/25\/ao-lado-de-alisson-thiago-silva-casemiro-fred-e-coutinho-vinicius-junior-treina-entre-os-titulares-do-brasil\/\",\"url\":\"https:\/\/www.gaveanews.com\/index.php\/2022\/01\/25\/ao-lado-de-alisson-thiago-silva-casemiro-fred-e-coutinho-vinicius-junior-treina-entre-os-titulares-do-brasil\/\",\"name\":\"Ao lado de Alisson, Thiago Silva, Casemiro, Fred e Coutinho, Vinicius Junior treina entre os titulares do Brasil\",\"isPartOf\":{\"@id\":\"https:\/\/www.gaveanews.com\/#website\"},\"primaryImageOfPage\":{\"@id\":\"https:\/\/www.gaveanews.com\/index.php\/2022\/01\/25\/ao-lado-de-alisson-thiago-silva-casemiro-fred-e-coutinho-vinicius-junior-treina-entre-os-titulares-do-brasil\/#primaryimage\"},\"image\":{\"@id\":\"https:\/\/www.gaveanews.com\/index.php\/2022\/01\/25\/ao-lado-de-alisson-thiago-silva-casemiro-fred-e-coutinho-vinicius-junior-treina-entre-os-titulares-do-brasil\/#primaryimage\"},\"thumbnailUrl\":\"https:\/\/www.gaveanews.com\/wp-content\/uploads\/Vinicius-Junior-e-titular-pelo-Brasil-no-jogo-contra-a-Argentina-pelas-Eliminatorias-da-Copa-do-Mundo.webp\",\"datePublished\":\"2022-01-26T02:23:10+00:00\",\"dateModified\":\"2022-01-26T02:23:13+00:00\",\"author\":{\"@id\":\"https:\/\/www.gaveanews.com\/#\/schema\/person\/2ec14f73fb96be2caf28f91afb14749d\"},\"breadcrumb\":{\"@id\":\"https:\/\/www.gaveanews.com\/index.php\/2022\/01\/25\/ao-lado-de-alisson-thiago-silva-casemiro-fred-e-coutinho-vinicius-junior-treina-entre-os-titulares-do-brasil\/#breadcrumb\"},\"inLanguage\":\"pt-BR\",\"potentialAction\":[{\"@type\":\"ReadAction\",\"target\":[\"https:\/\/www.gaveanews.com\/index.php\/2022\/01\/25\/ao-lado-de-alisson-thiago-silva-casemiro-fred-e-coutinho-vinicius-junior-treina-entre-os-titulares-do-brasil\/\"]}]},{\"@type\":\"ImageObject\",\"inLanguage\":\"pt-BR\",\"@id\":\"https:\/\/www.gaveanews.com\/index.php\/2022\/01\/25\/ao-lado-de-alisson-thiago-silva-casemiro-fred-e-coutinho-vinicius-junior-treina-entre-os-titulares-do-brasil\/#primaryimage\",\"url\":\"https:\/\/www.gaveanews.com\/wp-content\/uploads\/Vinicius-Junior-e-titular-pelo-Brasil-no-jogo-contra-a-Argentina-pelas-Eliminatorias-da-Copa-do-Mundo.webp\",\"contentUrl\":\"https:\/\/www.gaveanews.com\/wp-content\/uploads\/Vinicius-Junior-e-titular-pelo-Brasil-no-jogo-contra-a-Argentina-pelas-Eliminatorias-da-Copa-do-Mundo.webp\",\"width\":1008,\"height\":675,\"caption\":\"Vin\u00edcius J\u00fanior \u00e9 titular pelo Brasil no jogo contra a Argentina pelas Eliminat\u00f3rias da Copa do Mundo ( Foto: Agustin Marcarian\/Reuters)\"},{\"@type\":\"BreadcrumbList\",\"@id\":\"https:\/\/www.gaveanews.com\/index.php\/2022\/01\/25\/ao-lado-de-alisson-thiago-silva-casemiro-fred-e-coutinho-vinicius-junior-treina-entre-os-titulares-do-brasil\/#breadcrumb\",\"itemListElement\":[{\"@type\":\"ListItem\",\"position\":1,\"name\":\"Home\",\"item\":\"https:\/\/www.gaveanews.com\/\"},{\"@type\":\"ListItem\",\"position\":2,\"name\":\"Ao lado de Alisson, Thiago Silva, Casemiro, Fred e Coutinho, Vinicius Junior treina entre os titulares do Brasil\"}]},{\"@type\":\"WebSite\",\"@id\":\"https:\/\/www.gaveanews.com\/#website\",\"url\":\"https:\/\/www.gaveanews.com\/\",\"name\":\"G\u00e1vea News\",\"description\":\"Veja todas as not\u00edcias sobre o Flamengo: Contrata\u00e7\u00f5es, categorias de base, resultados das partidas, tabela de classifica\u00e7\u00e3o, pr\u00f3ximos jogos!\",\"potentialAction\":[{\"@type\":\"SearchAction\",\"target\":{\"@type\":\"EntryPoint\",\"urlTemplate\":\"https:\/\/www.gaveanews.com\/?s={search_term_string}\"},\"query-input\":{\"@type\":\"PropertyValueSpecification\",\"valueRequired\":true,\"valueName\":\"search_term_string\"}}],\"inLanguage\":\"pt-BR\"},{\"@type\":\"Person\",\"@id\":\"https:\/\/www.gaveanews.com\/#\/schema\/person\/2ec14f73fb96be2caf28f91afb14749d\",\"name\":\"Equipe G\u00e1vea News\",\"image\":{\"@type\":\"ImageObject\",\"inLanguage\":\"pt-BR\",\"@id\":\"https:\/\/www.gaveanews.com\/#\/schema\/person\/image\/\",\"url\":\"https:\/\/secure.gravatar.com\/avatar\/1e1956f1facbffd3f8fa53a326721950116b3b9dc9bd44939c01180fd4a745a9?s=96&d=mm&r=g\",\"contentUrl\":\"https:\/\/secure.gravatar.com\/avatar\/1e1956f1facbffd3f8fa53a326721950116b3b9dc9bd44939c01180fd4a745a9?s=96&d=mm&r=g\",\"caption\":\"Equipe G\u00e1vea News\"}}]}<\/script>\n<!-- \/ Yoast SEO Premium plugin. -->","yoast_head_json":{"title":"Ao lado de Alisson, Thiago Silva, Casemiro, Fred e Coutinho, Vinicius Junior treina entre os titulares do Brasil","robots":{"index":"index","follow":"follow","max-snippet":"max-snippet:-1","max-image-preview":"max-image-preview:large","max-video-preview":"max-video-preview:-1"},"canonical":"https:\/\/www.gaveanews.com\/index.php\/2022\/01\/25\/ao-lado-de-alisson-thiago-silva-casemiro-fred-e-coutinho-vinicius-junior-treina-entre-os-titulares-do-brasil\/","og_locale":"pt_BR","og_type":"article","og_title":"Ao lado de Alisson, Thiago Silva, Casemiro, Fred e Coutinho, Vinicius Junior treina entre os titulares do Brasil","og_description":"A sele\u00e7\u00e3o brasileira ter\u00e1 Philippe Coutinho como titular no jogo desta quinta-feira, contra o Equador. A partida \u00e9 v\u00e1lida pela 15\u00aa rodada das Eliminat\u00f3rias e acontece \u00e0s 18h (de Bras\u00edlia), no Est\u00e1dio Rodrigo Paz Delgado, tamb\u00e9m conhecido como Casa Blanca. Em treino na tarde desta ter\u00e7a-feira, o t\u00e9cnico Tite esbo\u00e7ou a escala\u00e7\u00e3o canarinho com novidades. [&hellip;]","og_url":"https:\/\/www.gaveanews.com\/index.php\/2022\/01\/25\/ao-lado-de-alisson-thiago-silva-casemiro-fred-e-coutinho-vinicius-junior-treina-entre-os-titulares-do-brasil\/","og_site_name":"G\u00e1vea News","article_publisher":"https:\/\/facebook.com\/gaveaNews\/","article_published_time":"2022-01-26T02:23:10+00:00","article_modified_time":"2022-01-26T02:23:13+00:00","og_image":[{"width":1008,"height":675,"url":"https:\/\/www.gaveanews.com\/wp-content\/uploads\/Vinicius-Junior-e-titular-pelo-Brasil-no-jogo-contra-a-Argentina-pelas-Eliminatorias-da-Copa-do-Mundo.webp","type":"image\/jpeg"}],"author":"Equipe G\u00e1vea News","twitter_card":"summary_large_image","twitter_misc":{"Escrito por":"Equipe G\u00e1vea News","Est. tempo de leitura":"3 minutos"},"schema":{"@context":"https:\/\/schema.org","@graph":[{"@type":"NewsArticle","@id":"https:\/\/www.gaveanews.com\/index.php\/2022\/01\/25\/ao-lado-de-alisson-thiago-silva-casemiro-fred-e-coutinho-vinicius-junior-treina-entre-os-titulares-do-brasil\/#article","isPartOf":{"@id":"https:\/\/www.gaveanews.com\/index.php\/2022\/01\/25\/ao-lado-de-alisson-thiago-silva-casemiro-fred-e-coutinho-vinicius-junior-treina-entre-os-titulares-do-brasil\/"},"author":{"name":"Equipe G\u00e1vea News","@id":"https:\/\/www.gaveanews.com\/#\/schema\/person\/2ec14f73fb96be2caf28f91afb14749d"},"headline":"Ao lado de Alisson, Thiago Silva, Casemiro, Fred e Coutinho, Vinicius Junior treina entre os titulares do Brasil","datePublished":"2022-01-26T02:23:10+00:00","dateModified":"2022-01-26T02:23:13+00:00","mainEntityOfPage":{"@id":"https:\/\/www.gaveanews.com\/index.php\/2022\/01\/25\/ao-lado-de-alisson-thiago-silva-casemiro-fred-e-coutinho-vinicius-junior-treina-entre-os-titulares-do-brasil\/"},"wordCount":499,"commentCount":2,"image":{"@id":"https:\/\/www.gaveanews.com\/index.php\/2022\/01\/25\/ao-lado-de-alisson-thiago-silva-casemiro-fred-e-coutinho-vinicius-junior-treina-entre-os-titulares-do-brasil\/#primaryimage"},"thumbnailUrl":"https:\/\/www.gaveanews.com\/wp-content\/uploads\/Vinicius-Junior-e-titular-pelo-Brasil-no-jogo-contra-a-Argentina-pelas-Eliminatorias-da-Copa-do-Mundo.webp","articleSection":["Flamengo"],"inLanguage":"pt-BR","potentialAction":[{"@type":"CommentAction","name":"Comment","target":["https:\/\/www.gaveanews.com\/index.php\/2022\/01\/25\/ao-lado-de-alisson-thiago-silva-casemiro-fred-e-coutinho-vinicius-junior-treina-entre-os-titulares-do-brasil\/#respond"]}],"copyrightYear":"2022","copyrightHolder":{"@id":"https:\/\/www.gaveanews.com\/#organization"}},{"@type":"WebPage","@id":"https:\/\/www.gaveanews.com\/index.php\/2022\/01\/25\/ao-lado-de-alisson-thiago-silva-casemiro-fred-e-coutinho-vinicius-junior-treina-entre-os-titulares-do-brasil\/","url":"https:\/\/www.gaveanews.com\/index.php\/2022\/01\/25\/ao-lado-de-alisson-thiago-silva-casemiro-fred-e-coutinho-vinicius-junior-treina-entre-os-titulares-do-brasil\/","name":"Ao lado de Alisson, Thiago Silva, Casemiro, Fred e Coutinho, Vinicius Junior treina entre os titulares do Brasil","isPartOf":{"@id":"https:\/\/www.gaveanews.com\/#website"},"primaryImageOfPage":{"@id":"https:\/\/www.gaveanews.com\/index.php\/2022\/01\/25\/ao-lado-de-alisson-thiago-silva-casemiro-fred-e-coutinho-vinicius-junior-treina-entre-os-titulares-do-brasil\/#primaryimage"},"image":{"@id":"https:\/\/www.gaveanews.com\/index.php\/2022\/01\/25\/ao-lado-de-alisson-thiago-silva-casemiro-fred-e-coutinho-vinicius-junior-treina-entre-os-titulares-do-brasil\/#primaryimage"},"thumbnailUrl":"https:\/\/www.gaveanews.com\/wp-content\/uploads\/Vinicius-Junior-e-titular-pelo-Brasil-no-jogo-contra-a-Argentina-pelas-Eliminatorias-da-Copa-do-Mundo.webp","datePublished":"2022-01-26T02:23:10+00:00","dateModified":"2022-01-26T02:23:13+00:00","author":{"@id":"https:\/\/www.gaveanews.com\/#\/schema\/person\/2ec14f73fb96be2caf28f91afb14749d"},"breadcrumb":{"@id":"https:\/\/www.gaveanews.com\/index.php\/2022\/01\/25\/ao-lado-de-alisson-thiago-silva-casemiro-fred-e-coutinho-vinicius-junior-treina-entre-os-titulares-do-brasil\/#breadcrumb"},"inLanguage":"pt-BR","potentialAction":[{"@type":"ReadAction","target":["https:\/\/www.gaveanews.com\/index.php\/2022\/01\/25\/ao-lado-de-alisson-thiago-silva-casemiro-fred-e-coutinho-vinicius-junior-treina-entre-os-titulares-do-brasil\/"]}]},{"@type":"ImageObject","inLanguage":"pt-BR","@id":"https:\/\/www.gaveanews.com\/index.php\/2022\/01\/25\/ao-lado-de-alisson-thiago-silva-casemiro-fred-e-coutinho-vinicius-junior-treina-entre-os-titulares-do-brasil\/#primaryimage","url":"https:\/\/www.gaveanews.com\/wp-content\/uploads\/Vinicius-Junior-e-titular-pelo-Brasil-no-jogo-contra-a-Argentina-pelas-Eliminatorias-da-Copa-do-Mundo.webp","contentUrl":"https:\/\/www.gaveanews.com\/wp-content\/uploads\/Vinicius-Junior-e-titular-pelo-Brasil-no-jogo-contra-a-Argentina-pelas-Eliminatorias-da-Copa-do-Mundo.webp","width":1008,"height":675,"caption":"Vin\u00edcius J\u00fanior \u00e9 titular pelo Brasil no jogo contra a Argentina pelas Eliminat\u00f3rias da Copa do Mundo ( Foto: Agustin Marcarian\/Reuters)"},{"@type":"BreadcrumbList","@id":"https:\/\/www.gaveanews.com\/index.php\/2022\/01\/25\/ao-lado-de-alisson-thiago-silva-casemiro-fred-e-coutinho-vinicius-junior-treina-entre-os-titulares-do-brasil\/#breadcrumb","itemListElement":[{"@type":"ListItem","position":1,"name":"Home","item":"https:\/\/www.gaveanews.com\/"},{"@type":"ListItem","position":2,"name":"Ao lado de Alisson, Thiago Silva, Casemiro, Fred e Coutinho, Vinicius Junior treina entre os titulares do Brasil"}]},{"@type":"WebSite","@id":"https:\/\/www.gaveanews.com\/#website","url":"https:\/\/www.gaveanews.com\/","name":"G\u00e1vea News","description":"Veja todas as not\u00edcias sobre o Flamengo: Contrata\u00e7\u00f5es, categorias de base, resultados das partidas, tabela de classifica\u00e7\u00e3o, pr\u00f3ximos jogos!","potentialAction":[{"@type":"SearchAction","target":{"@type":"EntryPoint","urlTemplate":"https:\/\/www.gaveanews.com\/?s={search_term_string}"},"query-input":{"@type":"PropertyValueSpecification","valueRequired":true,"valueName":"search_term_string"}}],"inLanguage":"pt-BR"},{"@type":"Person","@id":"https:\/\/www.gaveanews.com\/#\/schema\/person\/2ec14f73fb96be2caf28f91afb14749d","name":"Equipe G\u00e1vea News","image":{"@type":"ImageObject","inLanguage":"pt-BR","@id":"https:\/\/www.gaveanews.com\/#\/schema\/person\/image\/","url":"https:\/\/secure.gravatar.com\/avatar\/1e1956f1facbffd3f8fa53a326721950116b3b9dc9bd44939c01180fd4a745a9?s=96&d=mm&r=g","contentUrl":"https:\/\/secure.gravatar.com\/avatar\/1e1956f1facbffd3f8fa53a326721950116b3b9dc9bd44939c01180fd4a745a9?s=96&d=mm&r=g","caption":"Equipe G\u00e1vea News"}}]}},"_links":{"self":[{"href":"https:\/\/www.gaveanews.com\/index.php\/wp-json\/wp\/v2\/posts\/75464","targetHints":{"allow":["GET"]}}],"collection":[{"href":"https:\/\/www.gaveanews.com\/index.php\/wp-json\/wp\/v2\/posts"}],"about":[{"href":"https:\/\/www.gaveanews.com\/index.php\/wp-json\/wp\/v2\/types\/post"}],"author":[{"embeddable":true,"href":"https:\/\/www.gaveanews.com\/index.php\/wp-json\/wp\/v2\/users\/1"}],"replies":[{"embeddable":true,"href":"https:\/\/www.gaveanews.com\/index.php\/wp-json\/wp\/v2\/comments?post=75464"}],"version-history":[{"count":0,"href":"https:\/\/www.gaveanews.com\/index.php\/wp-json\/wp\/v2\/posts\/75464\/revisions"}],"wp:featuredmedia":[{"embeddable":true,"href":"https:\/\/www.gaveanews.com\/index.php\/wp-json\/wp\/v2\/media\/71860"}],"wp:attachment":[{"href":"https:\/\/www.gaveanews.com\/index.php\/wp-json\/wp\/v2\/media?parent=75464"}],"wp:term":[{"taxonomy":"category","embeddable":true,"href":"https:\/\/www.gaveanews.com\/index.php\/wp-json\/wp\/v2\/categories?post=75464"},{"taxonomy":"post_tag","embeddable":true,"href":"https:\/\/www.gaveanews.com\/index.php\/wp-json\/wp\/v2\/tags?post=75464"}],"curies":[{"name":"wp","href":"https:\/\/api.w.org\/{rel}","templated":true}]}}