{"id":75530,"date":"2022-01-26T18:54:44","date_gmt":"2022-01-26T21:54:44","guid":{"rendered":"https:\/\/www.gaveanews.com\/?p=75530"},"modified":"2022-01-26T18:54:47","modified_gmt":"2022-01-26T21:54:47","slug":"paulo-sousa-conversa-com-tecnico-interino-e-revela-fator-que-o-preocupa-no-flamengo","status":"publish","type":"post","link":"https:\/\/www.gaveanews.com\/index.php\/2022\/01\/26\/paulo-sousa-conversa-com-tecnico-interino-e-revela-fator-que-o-preocupa-no-flamengo\/","title":{"rendered":"Paulo Sousa conversa com t\u00e9cnico interino e revela fator que o preocupa no Flamengo"},"content":{"rendered":"\n<p>Depois de algumas semanas de prepara\u00e7\u00e3o, o grupo da base do Flamengo entra em a\u00e7\u00e3o nesta quarta-feira (26), no debute do profissional na temporada 2022. Logo mais \u00e0s 21h35 (de Bras\u00edlia), no Luso Brasileiro, a garotada comandada por F\u00e1bio Matias enfrentar\u00e1 a Portuguesa-RJ. Antes do embate, o treinador que ficar\u00e1 \u00e0 frente da equipe nas primeiras rodadas, bateu um papo com o t\u00e9cnico Paulo Sousa.<\/p>\n\n\n\n<p>Em entrevista ao portal \u201cGE\u201d, F\u00e1bio Matias detalhou as conversas que teve com o portugu\u00eas e revelou uma preocupa\u00e7\u00e3o que o treinador possui neste in\u00edcio de trabalho no Fla.<\/p>\n\n\n\n<p><strong><em>\u2014 A gente teve um in\u00edcio, uma reuni\u00e3o e conversas em rela\u00e7\u00e3o a quest\u00f5es de jogo, conceituais e sobre o que ele pensa tamb\u00e9m sobre forma\u00e7\u00e3o, que acho importante isso. Essa experi\u00eancia que ele traz do futebol europeu \u00e9 muito importante para n\u00f3s. Ele trabalhou em processo de base, forma\u00e7\u00e3o e transi\u00e7\u00e3o de base para o profissional<\/em><\/strong>, iniciou Matias.<\/p>\n\n\n\n<p><strong><em>\u2014 Nas conversas, falamos da quest\u00e3o principal do desenvolvimento individual do jogador, que \u00e9 algo que eu, como o treinador, e o Flamengo, como clube, apostamos muito. Desenvolver individualmente o jogador em rela\u00e7\u00e3o a t\u00e1ticas individuais e de grupo, a t\u00e9cnicas de aprimoramento para a partir da\u00ed voc\u00ea pensar nas quest\u00f5es conceituais de jogo mais macro, de jogo coletivo<\/em><\/strong>, emendou o treinador interino do Flamengo.<\/p>\n\n\n\n<p><strong><em>\u2014 Se voc\u00ea n\u00e3o trabalhar as quest\u00f5es de t\u00e1tica individual como ajuste de corpo, posicionamento, leitura e lado cognitivo, automaticamente voc\u00ea n\u00e3o vai conseguir desenvolver um bom coletivo. Basicamente foi essa conversa que tivemos. E isso \u00e9 importante para ajustarmos algumas quest\u00f5es a n\u00edvel de m\u00e9dio e longo prazo em rela\u00e7\u00e3o a processos de transi\u00e7\u00e3o<\/em><\/strong>, completou.<\/p>\n\n\n\n<p>Retirado de: Torcedores<\/p>\n","protected":false},"excerpt":{"rendered":"<p>Depois de algumas semanas de prepara\u00e7\u00e3o, o grupo da base do Flamengo entra em a\u00e7\u00e3o nesta quarta-feira (26), no debute do profissional na temporada 2022. Logo mais \u00e0s 21h35 (de Bras\u00edlia), no Luso Brasileiro, a garotada comandada por F\u00e1bio Matias enfrentar\u00e1 a Portuguesa-RJ. Antes do embate, o treinador que ficar\u00e1 \u00e0 frente da equipe nas [&hellip;]<\/p>\n","protected":false},"author":1,"featured_media":74969,"comment_status":"open","ping_status":"closed","sticky":false,"template":"","format":"standard","meta":{"footnotes":""},"categories":[1],"tags":[],"class_list":["post-75530","post","type-post","status-publish","format-standard","has-post-thumbnail","hentry","category-flamengo"],"yoast_head":"<!-- This site is optimized with the Yoast SEO Premium plugin v24.2 (Yoast SEO v26.9) - https:\/\/yoast.com\/product\/yoast-seo-premium-wordpress\/ -->\n<title>Paulo Sousa conversa com t\u00e9cnico interino e revela fator que o preocupa no Flamengo<\/title>\n<meta name=\"robots\" content=\"index, follow, max-snippet:-1, max-image-preview:large, max-video-preview:-1\" \/>\n<link rel=\"canonical\" href=\"https:\/\/www.gaveanews.com\/index.php\/2022\/01\/26\/paulo-sousa-conversa-com-tecnico-interino-e-revela-fator-que-o-preocupa-no-flamengo\/\" \/>\n<meta property=\"og:locale\" content=\"pt_BR\" \/>\n<meta property=\"og:type\" content=\"article\" \/>\n<meta property=\"og:title\" content=\"Paulo Sousa conversa com t\u00e9cnico interino e revela fator que o preocupa no Flamengo\" \/>\n<meta property=\"og:description\" content=\"Depois de algumas semanas de prepara\u00e7\u00e3o, o grupo da base do Flamengo entra em a\u00e7\u00e3o nesta quarta-feira (26), no debute do profissional na temporada 2022. Logo mais \u00e0s 21h35 (de Bras\u00edlia), no Luso Brasileiro, a garotada comandada por F\u00e1bio Matias enfrentar\u00e1 a Portuguesa-RJ. Antes do embate, o treinador que ficar\u00e1 \u00e0 frente da equipe nas [&hellip;]\" \/>\n<meta property=\"og:url\" content=\"https:\/\/www.gaveanews.com\/index.php\/2022\/01\/26\/paulo-sousa-conversa-com-tecnico-interino-e-revela-fator-que-o-preocupa-no-flamengo\/\" \/>\n<meta property=\"og:site_name\" content=\"G\u00e1vea News\" \/>\n<meta property=\"article:publisher\" content=\"https:\/\/facebook.com\/gaveaNews\/\" \/>\n<meta property=\"article:published_time\" content=\"2022-01-26T21:54:44+00:00\" \/>\n<meta property=\"article:modified_time\" content=\"2022-01-26T21:54:47+00:00\" \/>\n<meta property=\"og:image\" content=\"https:\/\/www.gaveanews.com\/wp-content\/uploads\/Paulo-Sousa-em-treinamento-do-Flamengo-no-Ninho-do-Urubu.webp\" \/>\n\t<meta property=\"og:image:width\" content=\"800\" \/>\n\t<meta property=\"og:image:height\" content=\"533\" \/>\n\t<meta property=\"og:image:type\" content=\"image\/jpeg\" \/>\n<meta name=\"author\" content=\"Equipe G\u00e1vea News\" \/>\n<meta name=\"twitter:card\" content=\"summary_large_image\" \/>\n<meta name=\"twitter:label1\" content=\"Escrito por\" \/>\n\t<meta name=\"twitter:data1\" content=\"Equipe G\u00e1vea News\" \/>\n\t<meta name=\"twitter:label2\" content=\"Est. tempo de leitura\" \/>\n\t<meta name=\"twitter:data2\" content=\"2 minutos\" \/>\n<script type=\"application\/ld+json\" class=\"yoast-schema-graph\">{\"@context\":\"https:\/\/schema.org\",\"@graph\":[{\"@type\":\"NewsArticle\",\"@id\":\"https:\/\/www.gaveanews.com\/index.php\/2022\/01\/26\/paulo-sousa-conversa-com-tecnico-interino-e-revela-fator-que-o-preocupa-no-flamengo\/#article\",\"isPartOf\":{\"@id\":\"https:\/\/www.gaveanews.com\/index.php\/2022\/01\/26\/paulo-sousa-conversa-com-tecnico-interino-e-revela-fator-que-o-preocupa-no-flamengo\/\"},\"author\":{\"name\":\"Equipe G\u00e1vea News\",\"@id\":\"https:\/\/www.gaveanews.com\/#\/schema\/person\/2ec14f73fb96be2caf28f91afb14749d\"},\"headline\":\"Paulo Sousa conversa com t\u00e9cnico interino e revela fator que o preocupa no Flamengo\",\"datePublished\":\"2022-01-26T21:54:44+00:00\",\"dateModified\":\"2022-01-26T21:54:47+00:00\",\"mainEntityOfPage\":{\"@id\":\"https:\/\/www.gaveanews.com\/index.php\/2022\/01\/26\/paulo-sousa-conversa-com-tecnico-interino-e-revela-fator-que-o-preocupa-no-flamengo\/\"},\"wordCount\":316,\"commentCount\":7,\"image\":{\"@id\":\"https:\/\/www.gaveanews.com\/index.php\/2022\/01\/26\/paulo-sousa-conversa-com-tecnico-interino-e-revela-fator-que-o-preocupa-no-flamengo\/#primaryimage\"},\"thumbnailUrl\":\"https:\/\/www.gaveanews.com\/wp-content\/uploads\/Paulo-Sousa-em-treinamento-do-Flamengo-no-Ninho-do-Urubu.webp\",\"articleSection\":[\"Flamengo\"],\"inLanguage\":\"pt-BR\",\"potentialAction\":[{\"@type\":\"CommentAction\",\"name\":\"Comment\",\"target\":[\"https:\/\/www.gaveanews.com\/index.php\/2022\/01\/26\/paulo-sousa-conversa-com-tecnico-interino-e-revela-fator-que-o-preocupa-no-flamengo\/#respond\"]}],\"copyrightYear\":\"2022\",\"copyrightHolder\":{\"@id\":\"https:\/\/www.gaveanews.com\/#organization\"}},{\"@type\":\"WebPage\",\"@id\":\"https:\/\/www.gaveanews.com\/index.php\/2022\/01\/26\/paulo-sousa-conversa-com-tecnico-interino-e-revela-fator-que-o-preocupa-no-flamengo\/\",\"url\":\"https:\/\/www.gaveanews.com\/index.php\/2022\/01\/26\/paulo-sousa-conversa-com-tecnico-interino-e-revela-fator-que-o-preocupa-no-flamengo\/\",\"name\":\"Paulo Sousa conversa com t\u00e9cnico interino e revela fator que o preocupa no Flamengo\",\"isPartOf\":{\"@id\":\"https:\/\/www.gaveanews.com\/#website\"},\"primaryImageOfPage\":{\"@id\":\"https:\/\/www.gaveanews.com\/index.php\/2022\/01\/26\/paulo-sousa-conversa-com-tecnico-interino-e-revela-fator-que-o-preocupa-no-flamengo\/#primaryimage\"},\"image\":{\"@id\":\"https:\/\/www.gaveanews.com\/index.php\/2022\/01\/26\/paulo-sousa-conversa-com-tecnico-interino-e-revela-fator-que-o-preocupa-no-flamengo\/#primaryimage\"},\"thumbnailUrl\":\"https:\/\/www.gaveanews.com\/wp-content\/uploads\/Paulo-Sousa-em-treinamento-do-Flamengo-no-Ninho-do-Urubu.webp\",\"datePublished\":\"2022-01-26T21:54:44+00:00\",\"dateModified\":\"2022-01-26T21:54:47+00:00\",\"author\":{\"@id\":\"https:\/\/www.gaveanews.com\/#\/schema\/person\/2ec14f73fb96be2caf28f91afb14749d\"},\"breadcrumb\":{\"@id\":\"https:\/\/www.gaveanews.com\/index.php\/2022\/01\/26\/paulo-sousa-conversa-com-tecnico-interino-e-revela-fator-que-o-preocupa-no-flamengo\/#breadcrumb\"},\"inLanguage\":\"pt-BR\",\"potentialAction\":[{\"@type\":\"ReadAction\",\"target\":[\"https:\/\/www.gaveanews.com\/index.php\/2022\/01\/26\/paulo-sousa-conversa-com-tecnico-interino-e-revela-fator-que-o-preocupa-no-flamengo\/\"]}]},{\"@type\":\"ImageObject\",\"inLanguage\":\"pt-BR\",\"@id\":\"https:\/\/www.gaveanews.com\/index.php\/2022\/01\/26\/paulo-sousa-conversa-com-tecnico-interino-e-revela-fator-que-o-preocupa-no-flamengo\/#primaryimage\",\"url\":\"https:\/\/www.gaveanews.com\/wp-content\/uploads\/Paulo-Sousa-em-treinamento-do-Flamengo-no-Ninho-do-Urubu.webp\",\"contentUrl\":\"https:\/\/www.gaveanews.com\/wp-content\/uploads\/Paulo-Sousa-em-treinamento-do-Flamengo-no-Ninho-do-Urubu.webp\",\"width\":800,\"height\":533,\"caption\":\"Paulo Sousa em treinamento do Flamengo no Ninho do Urubu (Foto: Marcelo Cortes\/Flamengo)\"},{\"@type\":\"BreadcrumbList\",\"@id\":\"https:\/\/www.gaveanews.com\/index.php\/2022\/01\/26\/paulo-sousa-conversa-com-tecnico-interino-e-revela-fator-que-o-preocupa-no-flamengo\/#breadcrumb\",\"itemListElement\":[{\"@type\":\"ListItem\",\"position\":1,\"name\":\"Home\",\"item\":\"https:\/\/www.gaveanews.com\/\"},{\"@type\":\"ListItem\",\"position\":2,\"name\":\"Paulo Sousa conversa com t\u00e9cnico interino e revela fator que o preocupa no Flamengo\"}]},{\"@type\":\"WebSite\",\"@id\":\"https:\/\/www.gaveanews.com\/#website\",\"url\":\"https:\/\/www.gaveanews.com\/\",\"name\":\"G\u00e1vea News\",\"description\":\"Veja todas as not\u00edcias sobre o Flamengo: Contrata\u00e7\u00f5es, categorias de base, resultados das partidas, tabela de classifica\u00e7\u00e3o, pr\u00f3ximos jogos!\",\"potentialAction\":[{\"@type\":\"SearchAction\",\"target\":{\"@type\":\"EntryPoint\",\"urlTemplate\":\"https:\/\/www.gaveanews.com\/?s={search_term_string}\"},\"query-input\":{\"@type\":\"PropertyValueSpecification\",\"valueRequired\":true,\"valueName\":\"search_term_string\"}}],\"inLanguage\":\"pt-BR\"},{\"@type\":\"Person\",\"@id\":\"https:\/\/www.gaveanews.com\/#\/schema\/person\/2ec14f73fb96be2caf28f91afb14749d\",\"name\":\"Equipe G\u00e1vea News\",\"image\":{\"@type\":\"ImageObject\",\"inLanguage\":\"pt-BR\",\"@id\":\"https:\/\/www.gaveanews.com\/#\/schema\/person\/image\/\",\"url\":\"https:\/\/secure.gravatar.com\/avatar\/1e1956f1facbffd3f8fa53a326721950116b3b9dc9bd44939c01180fd4a745a9?s=96&d=mm&r=g\",\"contentUrl\":\"https:\/\/secure.gravatar.com\/avatar\/1e1956f1facbffd3f8fa53a326721950116b3b9dc9bd44939c01180fd4a745a9?s=96&d=mm&r=g\",\"caption\":\"Equipe G\u00e1vea News\"}}]}<\/script>\n<!-- \/ Yoast SEO Premium plugin. -->","yoast_head_json":{"title":"Paulo Sousa conversa com t\u00e9cnico interino e revela fator que o preocupa no Flamengo","robots":{"index":"index","follow":"follow","max-snippet":"max-snippet:-1","max-image-preview":"max-image-preview:large","max-video-preview":"max-video-preview:-1"},"canonical":"https:\/\/www.gaveanews.com\/index.php\/2022\/01\/26\/paulo-sousa-conversa-com-tecnico-interino-e-revela-fator-que-o-preocupa-no-flamengo\/","og_locale":"pt_BR","og_type":"article","og_title":"Paulo Sousa conversa com t\u00e9cnico interino e revela fator que o preocupa no Flamengo","og_description":"Depois de algumas semanas de prepara\u00e7\u00e3o, o grupo da base do Flamengo entra em a\u00e7\u00e3o nesta quarta-feira (26), no debute do profissional na temporada 2022. Logo mais \u00e0s 21h35 (de Bras\u00edlia), no Luso Brasileiro, a garotada comandada por F\u00e1bio Matias enfrentar\u00e1 a Portuguesa-RJ. Antes do embate, o treinador que ficar\u00e1 \u00e0 frente da equipe nas [&hellip;]","og_url":"https:\/\/www.gaveanews.com\/index.php\/2022\/01\/26\/paulo-sousa-conversa-com-tecnico-interino-e-revela-fator-que-o-preocupa-no-flamengo\/","og_site_name":"G\u00e1vea News","article_publisher":"https:\/\/facebook.com\/gaveaNews\/","article_published_time":"2022-01-26T21:54:44+00:00","article_modified_time":"2022-01-26T21:54:47+00:00","og_image":[{"width":800,"height":533,"url":"https:\/\/www.gaveanews.com\/wp-content\/uploads\/Paulo-Sousa-em-treinamento-do-Flamengo-no-Ninho-do-Urubu.webp","type":"image\/jpeg"}],"author":"Equipe G\u00e1vea News","twitter_card":"summary_large_image","twitter_misc":{"Escrito por":"Equipe G\u00e1vea News","Est. tempo de leitura":"2 minutos"},"schema":{"@context":"https:\/\/schema.org","@graph":[{"@type":"NewsArticle","@id":"https:\/\/www.gaveanews.com\/index.php\/2022\/01\/26\/paulo-sousa-conversa-com-tecnico-interino-e-revela-fator-que-o-preocupa-no-flamengo\/#article","isPartOf":{"@id":"https:\/\/www.gaveanews.com\/index.php\/2022\/01\/26\/paulo-sousa-conversa-com-tecnico-interino-e-revela-fator-que-o-preocupa-no-flamengo\/"},"author":{"name":"Equipe G\u00e1vea News","@id":"https:\/\/www.gaveanews.com\/#\/schema\/person\/2ec14f73fb96be2caf28f91afb14749d"},"headline":"Paulo Sousa conversa com t\u00e9cnico interino e revela fator que o preocupa no Flamengo","datePublished":"2022-01-26T21:54:44+00:00","dateModified":"2022-01-26T21:54:47+00:00","mainEntityOfPage":{"@id":"https:\/\/www.gaveanews.com\/index.php\/2022\/01\/26\/paulo-sousa-conversa-com-tecnico-interino-e-revela-fator-que-o-preocupa-no-flamengo\/"},"wordCount":316,"commentCount":7,"image":{"@id":"https:\/\/www.gaveanews.com\/index.php\/2022\/01\/26\/paulo-sousa-conversa-com-tecnico-interino-e-revela-fator-que-o-preocupa-no-flamengo\/#primaryimage"},"thumbnailUrl":"https:\/\/www.gaveanews.com\/wp-content\/uploads\/Paulo-Sousa-em-treinamento-do-Flamengo-no-Ninho-do-Urubu.webp","articleSection":["Flamengo"],"inLanguage":"pt-BR","potentialAction":[{"@type":"CommentAction","name":"Comment","target":["https:\/\/www.gaveanews.com\/index.php\/2022\/01\/26\/paulo-sousa-conversa-com-tecnico-interino-e-revela-fator-que-o-preocupa-no-flamengo\/#respond"]}],"copyrightYear":"2022","copyrightHolder":{"@id":"https:\/\/www.gaveanews.com\/#organization"}},{"@type":"WebPage","@id":"https:\/\/www.gaveanews.com\/index.php\/2022\/01\/26\/paulo-sousa-conversa-com-tecnico-interino-e-revela-fator-que-o-preocupa-no-flamengo\/","url":"https:\/\/www.gaveanews.com\/index.php\/2022\/01\/26\/paulo-sousa-conversa-com-tecnico-interino-e-revela-fator-que-o-preocupa-no-flamengo\/","name":"Paulo Sousa conversa com t\u00e9cnico interino e revela fator que o preocupa no Flamengo","isPartOf":{"@id":"https:\/\/www.gaveanews.com\/#website"},"primaryImageOfPage":{"@id":"https:\/\/www.gaveanews.com\/index.php\/2022\/01\/26\/paulo-sousa-conversa-com-tecnico-interino-e-revela-fator-que-o-preocupa-no-flamengo\/#primaryimage"},"image":{"@id":"https:\/\/www.gaveanews.com\/index.php\/2022\/01\/26\/paulo-sousa-conversa-com-tecnico-interino-e-revela-fator-que-o-preocupa-no-flamengo\/#primaryimage"},"thumbnailUrl":"https:\/\/www.gaveanews.com\/wp-content\/uploads\/Paulo-Sousa-em-treinamento-do-Flamengo-no-Ninho-do-Urubu.webp","datePublished":"2022-01-26T21:54:44+00:00","dateModified":"2022-01-26T21:54:47+00:00","author":{"@id":"https:\/\/www.gaveanews.com\/#\/schema\/person\/2ec14f73fb96be2caf28f91afb14749d"},"breadcrumb":{"@id":"https:\/\/www.gaveanews.com\/index.php\/2022\/01\/26\/paulo-sousa-conversa-com-tecnico-interino-e-revela-fator-que-o-preocupa-no-flamengo\/#breadcrumb"},"inLanguage":"pt-BR","potentialAction":[{"@type":"ReadAction","target":["https:\/\/www.gaveanews.com\/index.php\/2022\/01\/26\/paulo-sousa-conversa-com-tecnico-interino-e-revela-fator-que-o-preocupa-no-flamengo\/"]}]},{"@type":"ImageObject","inLanguage":"pt-BR","@id":"https:\/\/www.gaveanews.com\/index.php\/2022\/01\/26\/paulo-sousa-conversa-com-tecnico-interino-e-revela-fator-que-o-preocupa-no-flamengo\/#primaryimage","url":"https:\/\/www.gaveanews.com\/wp-content\/uploads\/Paulo-Sousa-em-treinamento-do-Flamengo-no-Ninho-do-Urubu.webp","contentUrl":"https:\/\/www.gaveanews.com\/wp-content\/uploads\/Paulo-Sousa-em-treinamento-do-Flamengo-no-Ninho-do-Urubu.webp","width":800,"height":533,"caption":"Paulo Sousa em treinamento do Flamengo no Ninho do Urubu (Foto: Marcelo Cortes\/Flamengo)"},{"@type":"BreadcrumbList","@id":"https:\/\/www.gaveanews.com\/index.php\/2022\/01\/26\/paulo-sousa-conversa-com-tecnico-interino-e-revela-fator-que-o-preocupa-no-flamengo\/#breadcrumb","itemListElement":[{"@type":"ListItem","position":1,"name":"Home","item":"https:\/\/www.gaveanews.com\/"},{"@type":"ListItem","position":2,"name":"Paulo Sousa conversa com t\u00e9cnico interino e revela fator que o preocupa no Flamengo"}]},{"@type":"WebSite","@id":"https:\/\/www.gaveanews.com\/#website","url":"https:\/\/www.gaveanews.com\/","name":"G\u00e1vea News","description":"Veja todas as not\u00edcias sobre o Flamengo: Contrata\u00e7\u00f5es, categorias de base, resultados das partidas, tabela de classifica\u00e7\u00e3o, pr\u00f3ximos jogos!","potentialAction":[{"@type":"SearchAction","target":{"@type":"EntryPoint","urlTemplate":"https:\/\/www.gaveanews.com\/?s={search_term_string}"},"query-input":{"@type":"PropertyValueSpecification","valueRequired":true,"valueName":"search_term_string"}}],"inLanguage":"pt-BR"},{"@type":"Person","@id":"https:\/\/www.gaveanews.com\/#\/schema\/person\/2ec14f73fb96be2caf28f91afb14749d","name":"Equipe G\u00e1vea News","image":{"@type":"ImageObject","inLanguage":"pt-BR","@id":"https:\/\/www.gaveanews.com\/#\/schema\/person\/image\/","url":"https:\/\/secure.gravatar.com\/avatar\/1e1956f1facbffd3f8fa53a326721950116b3b9dc9bd44939c01180fd4a745a9?s=96&d=mm&r=g","contentUrl":"https:\/\/secure.gravatar.com\/avatar\/1e1956f1facbffd3f8fa53a326721950116b3b9dc9bd44939c01180fd4a745a9?s=96&d=mm&r=g","caption":"Equipe G\u00e1vea News"}}]}},"_links":{"self":[{"href":"https:\/\/www.gaveanews.com\/index.php\/wp-json\/wp\/v2\/posts\/75530","targetHints":{"allow":["GET"]}}],"collection":[{"href":"https:\/\/www.gaveanews.com\/index.php\/wp-json\/wp\/v2\/posts"}],"about":[{"href":"https:\/\/www.gaveanews.com\/index.php\/wp-json\/wp\/v2\/types\/post"}],"author":[{"embeddable":true,"href":"https:\/\/www.gaveanews.com\/index.php\/wp-json\/wp\/v2\/users\/1"}],"replies":[{"embeddable":true,"href":"https:\/\/www.gaveanews.com\/index.php\/wp-json\/wp\/v2\/comments?post=75530"}],"version-history":[{"count":0,"href":"https:\/\/www.gaveanews.com\/index.php\/wp-json\/wp\/v2\/posts\/75530\/revisions"}],"wp:featuredmedia":[{"embeddable":true,"href":"https:\/\/www.gaveanews.com\/index.php\/wp-json\/wp\/v2\/media\/74969"}],"wp:attachment":[{"href":"https:\/\/www.gaveanews.com\/index.php\/wp-json\/wp\/v2\/media?parent=75530"}],"wp:term":[{"taxonomy":"category","embeddable":true,"href":"https:\/\/www.gaveanews.com\/index.php\/wp-json\/wp\/v2\/categories?post=75530"},{"taxonomy":"post_tag","embeddable":true,"href":"https:\/\/www.gaveanews.com\/index.php\/wp-json\/wp\/v2\/tags?post=75530"}],"curies":[{"name":"wp","href":"https:\/\/api.w.org\/{rel}","templated":true}]}}