{"id":75670,"date":"2022-01-28T12:45:29","date_gmt":"2022-01-28T15:45:29","guid":{"rendered":"https:\/\/www.gaveanews.com\/?p=75670"},"modified":"2022-01-28T12:45:32","modified_gmt":"2022-01-28T15:45:32","slug":"video-anunciado-pelo-flamengo-marinho-faz-seu-primeiro-treino-no-ninho-do-urubu","status":"publish","type":"post","link":"https:\/\/www.gaveanews.com\/index.php\/2022\/01\/28\/video-anunciado-pelo-flamengo-marinho-faz-seu-primeiro-treino-no-ninho-do-urubu\/","title":{"rendered":"V\u00eddeo: Anunciado pelo Flamengo, Marinho faz seu primeiro treino no Ninho do Urubu"},"content":{"rendered":"\n<p>O Flamengo anunciou seu primeiro refor\u00e7o para a temporada na manh\u00e3 desta sexta-feira (28). Negociado junto ao Santos, Marinho chega na equipe da G\u00e1vea com contrato firmado por dois anos.<\/p>\n\n\n\n<p>Por ter participado da pr\u00e9-temporada do Santos, o atacante apresentou boas condi\u00e7\u00f5es nos exames pelos quais foi submetido e foi liberado para participar do treino desta manh\u00e3 no Ninho do Urubu.<\/p>\n\n\n\n<p>Por l\u00e1, o jogador conheceu Paulo Sousa, bem como o restante da comiss\u00e3o t\u00e9cnica, e teve o primeiro contato como atleta do Fla com o restante do elenco. O Mais Querido disponibilizou registros desta manh\u00e3 em suas redes sociais.<\/p>\n\n\n\n<figure class=\"wp-block-image size-full\"><img loading=\"lazy\" decoding=\"async\" width=\"799\" height=\"533\" src=\"https:\/\/www.gaveanews.com\/wp-content\/uploads\/Paulo-Sousa-conhece-Marinho-nesta-sexta-feira.webp\" alt=\"\" class=\"wp-image-75673\" srcset=\"https:\/\/www.gaveanews.com\/wp-content\/uploads\/Paulo-Sousa-conhece-Marinho-nesta-sexta-feira.webp 799w, https:\/\/www.gaveanews.com\/wp-content\/uploads\/Paulo-Sousa-conhece-Marinho-nesta-sexta-feira-300x200.webp 300w, https:\/\/www.gaveanews.com\/wp-content\/uploads\/Paulo-Sousa-conhece-Marinho-nesta-sexta-feira-768x512.webp 768w, https:\/\/www.gaveanews.com\/wp-content\/uploads\/Paulo-Sousa-conhece-Marinho-nesta-sexta-feira-630x420.webp 630w, https:\/\/www.gaveanews.com\/wp-content\/uploads\/Paulo-Sousa-conhece-Marinho-nesta-sexta-feira-640x427.webp 640w, https:\/\/www.gaveanews.com\/wp-content\/uploads\/Paulo-Sousa-conhece-Marinho-nesta-sexta-feira-681x454.webp 681w, https:\/\/www.gaveanews.com\/wp-content\/uploads\/Paulo-Sousa-conhece-Marinho-nesta-sexta-feira-100x67.webp 100w\" sizes=\"auto, (max-width: 799px) 100vw, 799px\" \/><figcaption>Paulo Sousa conhece Marinho nesta sexta-feira (Foto: Gilvan de Souza\/Flamengo)<\/figcaption><\/figure>\n\n\n\n<h2 class=\"wp-block-heading\" id=\"h-veja-um-trecho-do-primeiro-treino-de-marinho-no-flamengo\">Veja um trecho do primeiro treino de Marinho no Flamengo:<\/h2>\n\n\n\n<figure class=\"wp-block-embed is-type-rich is-provider-twitter wp-block-embed-twitter\"><div class=\"wp-block-embed__wrapper\">\n<blockquote class=\"twitter-tweet\" data-width=\"550\" data-dnt=\"true\"><p lang=\"pt\" dir=\"ltr\">\u26bd\ufe0f\ud83d\ude80 Marinho j\u00e1 iniciou os treinamentos com o elenco rubro-negro! <a href=\"https:\/\/twitter.com\/hashtag\/MarinhoNoMeng%C3%A3o?src=hash&amp;ref_src=twsrc%5Etfw\">#MarinhoNoMeng\u00e3o<\/a> <a href=\"https:\/\/twitter.com\/hashtag\/VamosFlamengo?src=hash&amp;ref_src=twsrc%5Etfw\">#VamosFlamengo<\/a> <a href=\"https:\/\/t.co\/7dmOHbZlXD\">pic.twitter.com\/7dmOHbZlXD<\/a><\/p>&mdash; Flamengo (@Flamengo) <a href=\"https:\/\/twitter.com\/Flamengo\/status\/1487052753423716357?ref_src=twsrc%5Etfw\">January 28, 2022<\/a><\/blockquote><script async src=\"https:\/\/platform.twitter.com\/widgets.js\" charset=\"utf-8\"><\/script>\n<\/div><\/figure>\n","protected":false},"excerpt":{"rendered":"<p>O Flamengo anunciou seu primeiro refor\u00e7o para a temporada na manh\u00e3 desta sexta-feira (28). Negociado junto ao Santos, Marinho chega na equipe da G\u00e1vea com contrato firmado por dois anos. Por ter participado da pr\u00e9-temporada do Santos, o atacante apresentou boas condi\u00e7\u00f5es nos exames pelos quais foi submetido e foi liberado para participar do treino [&hellip;]<\/p>\n","protected":false},"author":4,"featured_media":75671,"comment_status":"open","ping_status":"closed","sticky":false,"template":"","format":"standard","meta":{"footnotes":""},"categories":[40],"tags":[],"class_list":["post-75670","post","type-post","status-publish","format-standard","has-post-thumbnail","hentry","category-video"],"yoast_head":"<!-- This site is optimized with the Yoast SEO Premium plugin v24.2 (Yoast SEO v26.9) - https:\/\/yoast.com\/product\/yoast-seo-premium-wordpress\/ -->\n<title>V\u00eddeo: Marinho faz seu primeiro treino no CT do Flamengo<\/title>\n<meta name=\"robots\" content=\"index, follow, max-snippet:-1, max-image-preview:large, max-video-preview:-1\" \/>\n<link rel=\"canonical\" href=\"https:\/\/www.gaveanews.com\/index.php\/2022\/01\/28\/video-anunciado-pelo-flamengo-marinho-faz-seu-primeiro-treino-no-ninho-do-urubu\/\" \/>\n<meta property=\"og:locale\" content=\"pt_BR\" \/>\n<meta property=\"og:type\" content=\"article\" \/>\n<meta property=\"og:title\" content=\"V\u00eddeo: Anunciado pelo Flamengo, Marinho faz seu primeiro treino no Ninho do Urubu\" \/>\n<meta property=\"og:description\" content=\"O Flamengo anunciou seu primeiro refor\u00e7o para a temporada na manh\u00e3 desta sexta-feira (28). Negociado junto ao Santos, Marinho chega na equipe da G\u00e1vea com contrato firmado por dois anos. Por ter participado da pr\u00e9-temporada do Santos, o atacante apresentou boas condi\u00e7\u00f5es nos exames pelos quais foi submetido e foi liberado para participar do treino [&hellip;]\" \/>\n<meta property=\"og:url\" content=\"https:\/\/www.gaveanews.com\/index.php\/2022\/01\/28\/video-anunciado-pelo-flamengo-marinho-faz-seu-primeiro-treino-no-ninho-do-urubu\/\" \/>\n<meta property=\"og:site_name\" content=\"G\u00e1vea News\" \/>\n<meta property=\"article:publisher\" content=\"https:\/\/facebook.com\/gaveaNews\/\" \/>\n<meta property=\"article:published_time\" content=\"2022-01-28T15:45:29+00:00\" \/>\n<meta property=\"article:modified_time\" content=\"2022-01-28T15:45:32+00:00\" \/>\n<meta property=\"og:image\" content=\"https:\/\/www.gaveanews.com\/wp-content\/uploads\/Marinho-tem-primeiro-contato-com-Paulo-Sousa-no-CT-do-Flamengo.webp\" \/>\n\t<meta property=\"og:image:width\" content=\"799\" \/>\n\t<meta property=\"og:image:height\" content=\"533\" \/>\n\t<meta property=\"og:image:type\" content=\"image\/jpeg\" \/>\n<meta name=\"author\" content=\"Let\u00edcia Gerheim\" \/>\n<meta name=\"twitter:card\" content=\"summary_large_image\" \/>\n<meta name=\"twitter:label1\" content=\"Escrito por\" \/>\n\t<meta name=\"twitter:data1\" content=\"Let\u00edcia Gerheim\" \/>\n\t<meta name=\"twitter:label2\" content=\"Est. tempo de leitura\" \/>\n\t<meta name=\"twitter:data2\" content=\"1 minuto\" \/>\n<script type=\"application\/ld+json\" class=\"yoast-schema-graph\">{\"@context\":\"https:\/\/schema.org\",\"@graph\":[{\"@type\":\"NewsArticle\",\"@id\":\"https:\/\/www.gaveanews.com\/index.php\/2022\/01\/28\/video-anunciado-pelo-flamengo-marinho-faz-seu-primeiro-treino-no-ninho-do-urubu\/#article\",\"isPartOf\":{\"@id\":\"https:\/\/www.gaveanews.com\/index.php\/2022\/01\/28\/video-anunciado-pelo-flamengo-marinho-faz-seu-primeiro-treino-no-ninho-do-urubu\/\"},\"author\":{\"name\":\"Let\u00edcia Gerheim\",\"@id\":\"https:\/\/www.gaveanews.com\/#\/schema\/person\/714c67050b836198af2450ba1c142a67\"},\"headline\":\"V\u00eddeo: Anunciado pelo Flamengo, Marinho faz seu primeiro treino no Ninho do Urubu\",\"datePublished\":\"2022-01-28T15:45:29+00:00\",\"dateModified\":\"2022-01-28T15:45:32+00:00\",\"mainEntityOfPage\":{\"@id\":\"https:\/\/www.gaveanews.com\/index.php\/2022\/01\/28\/video-anunciado-pelo-flamengo-marinho-faz-seu-primeiro-treino-no-ninho-do-urubu\/\"},\"wordCount\":145,\"commentCount\":12,\"image\":{\"@id\":\"https:\/\/www.gaveanews.com\/index.php\/2022\/01\/28\/video-anunciado-pelo-flamengo-marinho-faz-seu-primeiro-treino-no-ninho-do-urubu\/#primaryimage\"},\"thumbnailUrl\":\"https:\/\/www.gaveanews.com\/wp-content\/uploads\/Marinho-tem-primeiro-contato-com-Paulo-Sousa-no-CT-do-Flamengo.webp\",\"articleSection\":[\"V\u00eddeos\"],\"inLanguage\":\"pt-BR\",\"potentialAction\":[{\"@type\":\"CommentAction\",\"name\":\"Comment\",\"target\":[\"https:\/\/www.gaveanews.com\/index.php\/2022\/01\/28\/video-anunciado-pelo-flamengo-marinho-faz-seu-primeiro-treino-no-ninho-do-urubu\/#respond\"]}],\"copyrightYear\":\"2022\",\"copyrightHolder\":{\"@id\":\"https:\/\/www.gaveanews.com\/#organization\"}},{\"@type\":\"WebPage\",\"@id\":\"https:\/\/www.gaveanews.com\/index.php\/2022\/01\/28\/video-anunciado-pelo-flamengo-marinho-faz-seu-primeiro-treino-no-ninho-do-urubu\/\",\"url\":\"https:\/\/www.gaveanews.com\/index.php\/2022\/01\/28\/video-anunciado-pelo-flamengo-marinho-faz-seu-primeiro-treino-no-ninho-do-urubu\/\",\"name\":\"V\u00eddeo: Marinho faz seu primeiro treino no CT do Flamengo\",\"isPartOf\":{\"@id\":\"https:\/\/www.gaveanews.com\/#website\"},\"primaryImageOfPage\":{\"@id\":\"https:\/\/www.gaveanews.com\/index.php\/2022\/01\/28\/video-anunciado-pelo-flamengo-marinho-faz-seu-primeiro-treino-no-ninho-do-urubu\/#primaryimage\"},\"image\":{\"@id\":\"https:\/\/www.gaveanews.com\/index.php\/2022\/01\/28\/video-anunciado-pelo-flamengo-marinho-faz-seu-primeiro-treino-no-ninho-do-urubu\/#primaryimage\"},\"thumbnailUrl\":\"https:\/\/www.gaveanews.com\/wp-content\/uploads\/Marinho-tem-primeiro-contato-com-Paulo-Sousa-no-CT-do-Flamengo.webp\",\"datePublished\":\"2022-01-28T15:45:29+00:00\",\"dateModified\":\"2022-01-28T15:45:32+00:00\",\"author\":{\"@id\":\"https:\/\/www.gaveanews.com\/#\/schema\/person\/714c67050b836198af2450ba1c142a67\"},\"breadcrumb\":{\"@id\":\"https:\/\/www.gaveanews.com\/index.php\/2022\/01\/28\/video-anunciado-pelo-flamengo-marinho-faz-seu-primeiro-treino-no-ninho-do-urubu\/#breadcrumb\"},\"inLanguage\":\"pt-BR\",\"potentialAction\":[{\"@type\":\"ReadAction\",\"target\":[\"https:\/\/www.gaveanews.com\/index.php\/2022\/01\/28\/video-anunciado-pelo-flamengo-marinho-faz-seu-primeiro-treino-no-ninho-do-urubu\/\"]}]},{\"@type\":\"ImageObject\",\"inLanguage\":\"pt-BR\",\"@id\":\"https:\/\/www.gaveanews.com\/index.php\/2022\/01\/28\/video-anunciado-pelo-flamengo-marinho-faz-seu-primeiro-treino-no-ninho-do-urubu\/#primaryimage\",\"url\":\"https:\/\/www.gaveanews.com\/wp-content\/uploads\/Marinho-tem-primeiro-contato-com-Paulo-Sousa-no-CT-do-Flamengo.webp\",\"contentUrl\":\"https:\/\/www.gaveanews.com\/wp-content\/uploads\/Marinho-tem-primeiro-contato-com-Paulo-Sousa-no-CT-do-Flamengo.webp\",\"width\":799,\"height\":533,\"caption\":\"Marinho tem primeiro contato com Paulo Sousa no CT do Flamengo (Foto: Gilvan de Souza\/Flamego)\"},{\"@type\":\"BreadcrumbList\",\"@id\":\"https:\/\/www.gaveanews.com\/index.php\/2022\/01\/28\/video-anunciado-pelo-flamengo-marinho-faz-seu-primeiro-treino-no-ninho-do-urubu\/#breadcrumb\",\"itemListElement\":[{\"@type\":\"ListItem\",\"position\":1,\"name\":\"Home\",\"item\":\"https:\/\/www.gaveanews.com\/\"},{\"@type\":\"ListItem\",\"position\":2,\"name\":\"V\u00eddeo: Anunciado pelo Flamengo, Marinho faz seu primeiro treino no Ninho do Urubu\"}]},{\"@type\":\"WebSite\",\"@id\":\"https:\/\/www.gaveanews.com\/#website\",\"url\":\"https:\/\/www.gaveanews.com\/\",\"name\":\"G\u00e1vea News\",\"description\":\"Veja todas as not\u00edcias sobre o Flamengo: Contrata\u00e7\u00f5es, categorias de base, resultados das partidas, tabela de classifica\u00e7\u00e3o, pr\u00f3ximos jogos!\",\"potentialAction\":[{\"@type\":\"SearchAction\",\"target\":{\"@type\":\"EntryPoint\",\"urlTemplate\":\"https:\/\/www.gaveanews.com\/?s={search_term_string}\"},\"query-input\":{\"@type\":\"PropertyValueSpecification\",\"valueRequired\":true,\"valueName\":\"search_term_string\"}}],\"inLanguage\":\"pt-BR\"},{\"@type\":\"Person\",\"@id\":\"https:\/\/www.gaveanews.com\/#\/schema\/person\/714c67050b836198af2450ba1c142a67\",\"name\":\"Let\u00edcia Gerheim\",\"image\":{\"@type\":\"ImageObject\",\"inLanguage\":\"pt-BR\",\"@id\":\"https:\/\/www.gaveanews.com\/#\/schema\/person\/image\/\",\"url\":\"https:\/\/secure.gravatar.com\/avatar\/60734739c50fcebfbac509e2a826ccd0ff405c019bc73aab9354f19ecad1dcb4?s=96&d=mm&r=g\",\"contentUrl\":\"https:\/\/secure.gravatar.com\/avatar\/60734739c50fcebfbac509e2a826ccd0ff405c019bc73aab9354f19ecad1dcb4?s=96&d=mm&r=g\",\"caption\":\"Let\u00edcia Gerheim\"}}]}<\/script>\n<!-- \/ Yoast SEO Premium plugin. -->","yoast_head_json":{"title":"V\u00eddeo: Marinho faz seu primeiro treino no CT do Flamengo","robots":{"index":"index","follow":"follow","max-snippet":"max-snippet:-1","max-image-preview":"max-image-preview:large","max-video-preview":"max-video-preview:-1"},"canonical":"https:\/\/www.gaveanews.com\/index.php\/2022\/01\/28\/video-anunciado-pelo-flamengo-marinho-faz-seu-primeiro-treino-no-ninho-do-urubu\/","og_locale":"pt_BR","og_type":"article","og_title":"V\u00eddeo: Anunciado pelo Flamengo, Marinho faz seu primeiro treino no Ninho do Urubu","og_description":"O Flamengo anunciou seu primeiro refor\u00e7o para a temporada na manh\u00e3 desta sexta-feira (28). Negociado junto ao Santos, Marinho chega na equipe da G\u00e1vea com contrato firmado por dois anos. Por ter participado da pr\u00e9-temporada do Santos, o atacante apresentou boas condi\u00e7\u00f5es nos exames pelos quais foi submetido e foi liberado para participar do treino [&hellip;]","og_url":"https:\/\/www.gaveanews.com\/index.php\/2022\/01\/28\/video-anunciado-pelo-flamengo-marinho-faz-seu-primeiro-treino-no-ninho-do-urubu\/","og_site_name":"G\u00e1vea News","article_publisher":"https:\/\/facebook.com\/gaveaNews\/","article_published_time":"2022-01-28T15:45:29+00:00","article_modified_time":"2022-01-28T15:45:32+00:00","og_image":[{"width":799,"height":533,"url":"https:\/\/www.gaveanews.com\/wp-content\/uploads\/Marinho-tem-primeiro-contato-com-Paulo-Sousa-no-CT-do-Flamengo.webp","type":"image\/jpeg"}],"author":"Let\u00edcia Gerheim","twitter_card":"summary_large_image","twitter_misc":{"Escrito por":"Let\u00edcia Gerheim","Est. tempo de leitura":"1 minuto"},"schema":{"@context":"https:\/\/schema.org","@graph":[{"@type":"NewsArticle","@id":"https:\/\/www.gaveanews.com\/index.php\/2022\/01\/28\/video-anunciado-pelo-flamengo-marinho-faz-seu-primeiro-treino-no-ninho-do-urubu\/#article","isPartOf":{"@id":"https:\/\/www.gaveanews.com\/index.php\/2022\/01\/28\/video-anunciado-pelo-flamengo-marinho-faz-seu-primeiro-treino-no-ninho-do-urubu\/"},"author":{"name":"Let\u00edcia Gerheim","@id":"https:\/\/www.gaveanews.com\/#\/schema\/person\/714c67050b836198af2450ba1c142a67"},"headline":"V\u00eddeo: Anunciado pelo Flamengo, Marinho faz seu primeiro treino no Ninho do Urubu","datePublished":"2022-01-28T15:45:29+00:00","dateModified":"2022-01-28T15:45:32+00:00","mainEntityOfPage":{"@id":"https:\/\/www.gaveanews.com\/index.php\/2022\/01\/28\/video-anunciado-pelo-flamengo-marinho-faz-seu-primeiro-treino-no-ninho-do-urubu\/"},"wordCount":145,"commentCount":12,"image":{"@id":"https:\/\/www.gaveanews.com\/index.php\/2022\/01\/28\/video-anunciado-pelo-flamengo-marinho-faz-seu-primeiro-treino-no-ninho-do-urubu\/#primaryimage"},"thumbnailUrl":"https:\/\/www.gaveanews.com\/wp-content\/uploads\/Marinho-tem-primeiro-contato-com-Paulo-Sousa-no-CT-do-Flamengo.webp","articleSection":["V\u00eddeos"],"inLanguage":"pt-BR","potentialAction":[{"@type":"CommentAction","name":"Comment","target":["https:\/\/www.gaveanews.com\/index.php\/2022\/01\/28\/video-anunciado-pelo-flamengo-marinho-faz-seu-primeiro-treino-no-ninho-do-urubu\/#respond"]}],"copyrightYear":"2022","copyrightHolder":{"@id":"https:\/\/www.gaveanews.com\/#organization"}},{"@type":"WebPage","@id":"https:\/\/www.gaveanews.com\/index.php\/2022\/01\/28\/video-anunciado-pelo-flamengo-marinho-faz-seu-primeiro-treino-no-ninho-do-urubu\/","url":"https:\/\/www.gaveanews.com\/index.php\/2022\/01\/28\/video-anunciado-pelo-flamengo-marinho-faz-seu-primeiro-treino-no-ninho-do-urubu\/","name":"V\u00eddeo: Marinho faz seu primeiro treino no CT do Flamengo","isPartOf":{"@id":"https:\/\/www.gaveanews.com\/#website"},"primaryImageOfPage":{"@id":"https:\/\/www.gaveanews.com\/index.php\/2022\/01\/28\/video-anunciado-pelo-flamengo-marinho-faz-seu-primeiro-treino-no-ninho-do-urubu\/#primaryimage"},"image":{"@id":"https:\/\/www.gaveanews.com\/index.php\/2022\/01\/28\/video-anunciado-pelo-flamengo-marinho-faz-seu-primeiro-treino-no-ninho-do-urubu\/#primaryimage"},"thumbnailUrl":"https:\/\/www.gaveanews.com\/wp-content\/uploads\/Marinho-tem-primeiro-contato-com-Paulo-Sousa-no-CT-do-Flamengo.webp","datePublished":"2022-01-28T15:45:29+00:00","dateModified":"2022-01-28T15:45:32+00:00","author":{"@id":"https:\/\/www.gaveanews.com\/#\/schema\/person\/714c67050b836198af2450ba1c142a67"},"breadcrumb":{"@id":"https:\/\/www.gaveanews.com\/index.php\/2022\/01\/28\/video-anunciado-pelo-flamengo-marinho-faz-seu-primeiro-treino-no-ninho-do-urubu\/#breadcrumb"},"inLanguage":"pt-BR","potentialAction":[{"@type":"ReadAction","target":["https:\/\/www.gaveanews.com\/index.php\/2022\/01\/28\/video-anunciado-pelo-flamengo-marinho-faz-seu-primeiro-treino-no-ninho-do-urubu\/"]}]},{"@type":"ImageObject","inLanguage":"pt-BR","@id":"https:\/\/www.gaveanews.com\/index.php\/2022\/01\/28\/video-anunciado-pelo-flamengo-marinho-faz-seu-primeiro-treino-no-ninho-do-urubu\/#primaryimage","url":"https:\/\/www.gaveanews.com\/wp-content\/uploads\/Marinho-tem-primeiro-contato-com-Paulo-Sousa-no-CT-do-Flamengo.webp","contentUrl":"https:\/\/www.gaveanews.com\/wp-content\/uploads\/Marinho-tem-primeiro-contato-com-Paulo-Sousa-no-CT-do-Flamengo.webp","width":799,"height":533,"caption":"Marinho tem primeiro contato com Paulo Sousa no CT do Flamengo (Foto: Gilvan de Souza\/Flamego)"},{"@type":"BreadcrumbList","@id":"https:\/\/www.gaveanews.com\/index.php\/2022\/01\/28\/video-anunciado-pelo-flamengo-marinho-faz-seu-primeiro-treino-no-ninho-do-urubu\/#breadcrumb","itemListElement":[{"@type":"ListItem","position":1,"name":"Home","item":"https:\/\/www.gaveanews.com\/"},{"@type":"ListItem","position":2,"name":"V\u00eddeo: Anunciado pelo Flamengo, Marinho faz seu primeiro treino no Ninho do Urubu"}]},{"@type":"WebSite","@id":"https:\/\/www.gaveanews.com\/#website","url":"https:\/\/www.gaveanews.com\/","name":"G\u00e1vea News","description":"Veja todas as not\u00edcias sobre o Flamengo: Contrata\u00e7\u00f5es, categorias de base, resultados das partidas, tabela de classifica\u00e7\u00e3o, pr\u00f3ximos jogos!","potentialAction":[{"@type":"SearchAction","target":{"@type":"EntryPoint","urlTemplate":"https:\/\/www.gaveanews.com\/?s={search_term_string}"},"query-input":{"@type":"PropertyValueSpecification","valueRequired":true,"valueName":"search_term_string"}}],"inLanguage":"pt-BR"},{"@type":"Person","@id":"https:\/\/www.gaveanews.com\/#\/schema\/person\/714c67050b836198af2450ba1c142a67","name":"Let\u00edcia Gerheim","image":{"@type":"ImageObject","inLanguage":"pt-BR","@id":"https:\/\/www.gaveanews.com\/#\/schema\/person\/image\/","url":"https:\/\/secure.gravatar.com\/avatar\/60734739c50fcebfbac509e2a826ccd0ff405c019bc73aab9354f19ecad1dcb4?s=96&d=mm&r=g","contentUrl":"https:\/\/secure.gravatar.com\/avatar\/60734739c50fcebfbac509e2a826ccd0ff405c019bc73aab9354f19ecad1dcb4?s=96&d=mm&r=g","caption":"Let\u00edcia Gerheim"}}]}},"_links":{"self":[{"href":"https:\/\/www.gaveanews.com\/index.php\/wp-json\/wp\/v2\/posts\/75670","targetHints":{"allow":["GET"]}}],"collection":[{"href":"https:\/\/www.gaveanews.com\/index.php\/wp-json\/wp\/v2\/posts"}],"about":[{"href":"https:\/\/www.gaveanews.com\/index.php\/wp-json\/wp\/v2\/types\/post"}],"author":[{"embeddable":true,"href":"https:\/\/www.gaveanews.com\/index.php\/wp-json\/wp\/v2\/users\/4"}],"replies":[{"embeddable":true,"href":"https:\/\/www.gaveanews.com\/index.php\/wp-json\/wp\/v2\/comments?post=75670"}],"version-history":[{"count":0,"href":"https:\/\/www.gaveanews.com\/index.php\/wp-json\/wp\/v2\/posts\/75670\/revisions"}],"wp:featuredmedia":[{"embeddable":true,"href":"https:\/\/www.gaveanews.com\/index.php\/wp-json\/wp\/v2\/media\/75671"}],"wp:attachment":[{"href":"https:\/\/www.gaveanews.com\/index.php\/wp-json\/wp\/v2\/media?parent=75670"}],"wp:term":[{"taxonomy":"category","embeddable":true,"href":"https:\/\/www.gaveanews.com\/index.php\/wp-json\/wp\/v2\/categories?post=75670"},{"taxonomy":"post_tag","embeddable":true,"href":"https:\/\/www.gaveanews.com\/index.php\/wp-json\/wp\/v2\/tags?post=75670"}],"curies":[{"name":"wp","href":"https:\/\/api.w.org\/{rel}","templated":true}]}}